{"id":292543,"date":"2023-06-20T12:33:14","date_gmt":"2023-06-20T10:33:14","guid":{"rendered":"https:\/\/www.intoscana.it\/it\/?p=292543"},"modified":"2023-06-20T12:35:16","modified_gmt":"2023-06-20T10:35:16","slug":"restauro-lucernario-tribuna-david","status":"publish","type":"post","link":"https:\/\/www.intoscana.it\/it\/restauro-lucernario-tribuna-david\/","title":{"rendered":"Restauri: conclusi i lavori al lucernario della Tribuna del David"},"content":{"rendered":"<p>Sono appena terminati, alla<strong> Galleria dell\u2019Accademia di Firenze<\/strong>, i lavori di consolidamento strutturale che a partire dallo scorso 16 aprile hanno interessato il grande lucernario della <strong>Tribuna del David.<\/strong><\/p>\n<h3>Sei settimane di lavori<\/h3>\n<p><mark>Il cantiere si \u00e8 svolto per circa sette settimane, nei giorni di chiusura al pubblico del museo, e ha visto all\u2019opera due ditte specializzate che si sono alternate nella realizzazione dei lavori.<\/mark> La prima, ogni domenica sera, nel momento in cui la Galleria chiude le porte e le sue sale si svuotano, si \u00e8 adoperata per montare una <strong>grande rete<\/strong> destinata a proteggere la scultura del David sottostante; l\u2019altra, ogni luned\u00ec, \u00e8 salita sul lucernario per consolidarne la struttura, lavorando in piena sicurezza grazie all&#8217;installazione di un\u2019apposita linea vita.<\/p>\n<p>Prima della riapertura al pubblico il marted\u00ec, la rete \u00e8 stata ogni volta parzialmente smontata, per consentire la piena visibilit\u00e0 del capolavoro di Michelangelo senza la struttura invasiva, che tuttavia \u00e8 stata sicuramente notata dai visitatori in questi ultimi due mesi.<\/p>\n<p>I lavori sono stati l\u2019occasione anche per effettuare una<strong> pulizia approfondita<\/strong> del lucernario, che adesso, pi\u00f9 di prima, filtra in maniera eccellente la luce naturale che illumina il David, permettendo di coglierne tutti i dettagli e regalando alla Tribuna un\u2019atmosfera ancora pi\u00f9 suggestiva, diversa col passare delle ore e nei vari momenti della giornata.<\/p>\n<p><em>\u201cEra un intervento necessario<\/em> &#8211; precisa la direttrice della Galleria dell\u2019Accademia di Firenze,<strong> Cecilie Hollberg<\/strong> &#8211;<em> che si inserisce nel piano di interventi che abbiamo messo in campo per rendere il museo sempre pi\u00f9 accogliente e sicuro. Miglioriamo cos\u00ec la fruizione dei nostri capolavori, valorizzandoli realmente ma senza dimenticarne la tutela\u201d.<\/em><\/p>\n","protected":false},"excerpt":{"rendered":"<p>Sono terminati alla Galleria dell&#8217;Accademia di Firenze i lavori di consolidamento strutturale al grande lucernario che si trova proprio sopra il capolavoro di Michelangelo<\/p>\n","protected":false},"author":525,"featured_media":292545,"comment_status":"open","ping_status":"open","sticky":false,"template":"","format":"standard","meta":{"_acf_changed":false,"footnotes":""},"categories":[494],"tags":[202,226,6623],"class_list":["post-292543","post","type-post","status-publish","format-standard","has-post-thumbnail","hentry","category-attualita","tag-firenze","tag-musei","tag-restauri"],"acf":[],"yoast_head":"<!-- This site is optimized with the Yoast SEO Premium plugin v24.2 (Yoast SEO v25.6) - https:\/\/yoast.com\/wordpress\/plugins\/seo\/ -->\n<title>Restauri: conclusi i lavori al lucernario della Tribuna del David - intoscana<\/title>\n<meta name=\"robots\" content=\"index, follow, max-snippet:-1, max-image-preview:large, max-video-preview:-1\" \/>\n<link rel=\"canonical\" href=\"https:\/\/www.intoscana.it\/it\/restauro-lucernario-tribuna-david\/\" \/>\n<meta property=\"og:locale\" content=\"it_IT\" \/>\n<meta property=\"og:type\" content=\"article\" \/>\n<meta property=\"og:title\" content=\"Restauri: conclusi i lavori al lucernario della Tribuna del David\" \/>\n<meta property=\"og:description\" content=\"Sono terminati alla Galleria dell&#039;Accademia di Firenze i lavori di consolidamento strutturale al grande lucernario che si trova proprio sopra il capolavoro di Michelangelo\" \/>\n<meta property=\"og:url\" content=\"https:\/\/www.intoscana.it\/it\/restauro-lucernario-tribuna-david\/\" \/>\n<meta property=\"og:site_name\" content=\"intoscana\" \/>\n<meta property=\"article:publisher\" content=\"https:\/\/www.facebook.com\/intoscana.it\" \/>\n<meta property=\"article:published_time\" content=\"2023-06-20T10:33:14+00:00\" \/>\n<meta property=\"article:modified_time\" content=\"2023-06-20T10:35:16+00:00\" \/>\n<meta property=\"og:image\" content=\"https:\/\/www.intoscana.it\/wp-content\/uploads\/Galleria-dellAccademia-di-Firenze-Lavori-al-Lucernario-foto-Guido-Cozzi-381037.jpg\" \/>\n\t<meta property=\"og:image:width\" content=\"934\" \/>\n\t<meta property=\"og:image:height\" content=\"1500\" \/>\n\t<meta property=\"og:image:type\" content=\"image\/jpeg\" \/>\n<meta name=\"author\" content=\"Redazione\" \/>\n<meta name=\"twitter:card\" content=\"summary_large_image\" \/>\n<meta name=\"twitter:creator\" content=\"@intoscana\" \/>\n<meta name=\"twitter:site\" content=\"@intoscana\" \/>\n<meta name=\"twitter:label1\" content=\"Written by\" \/>\n\t<meta name=\"twitter:data1\" content=\"Redazione\" \/>\n\t<meta name=\"twitter:label2\" content=\"Est. reading time\" \/>\n\t<meta name=\"twitter:data2\" content=\"1 minuto\" \/>\n<script type=\"application\/ld+json\" class=\"yoast-schema-graph\">{\"@context\":\"https:\/\/schema.org\",\"@graph\":[{\"@type\":\"WebPage\",\"@id\":\"https:\/\/www.intoscana.it\/it\/restauro-lucernario-tribuna-david\/\",\"url\":\"https:\/\/www.intoscana.it\/it\/restauro-lucernario-tribuna-david\/\",\"name\":\"Restauri: conclusi i lavori al lucernario della Tribuna del David - intoscana\",\"isPartOf\":{\"@id\":\"https:\/\/www.intoscana.it\/it\/#website\"},\"primaryImageOfPage\":{\"@id\":\"https:\/\/www.intoscana.it\/it\/restauro-lucernario-tribuna-david\/#primaryimage\"},\"image\":{\"@id\":\"https:\/\/www.intoscana.it\/it\/restauro-lucernario-tribuna-david\/#primaryimage\"},\"thumbnailUrl\":\"https:\/\/www.intoscana.it\/wp-content\/uploads\/Galleria-dellAccademia-di-Firenze-Lavori-al-Lucernario-foto-Guido-Cozzi-381037.jpg\",\"datePublished\":\"2023-06-20T10:33:14+00:00\",\"dateModified\":\"2023-06-20T10:35:16+00:00\",\"author\":{\"@id\":\"https:\/\/www.intoscana.it\/it\/#\/schema\/person\/9223810753230f20bd670fdd322661f8\"},\"breadcrumb\":{\"@id\":\"https:\/\/www.intoscana.it\/it\/restauro-lucernario-tribuna-david\/#breadcrumb\"},\"inLanguage\":\"it-IT\",\"potentialAction\":[{\"@type\":\"ReadAction\",\"target\":[\"https:\/\/www.intoscana.it\/it\/restauro-lucernario-tribuna-david\/\"]}]},{\"@type\":\"ImageObject\",\"inLanguage\":\"it-IT\",\"@id\":\"https:\/\/www.intoscana.it\/it\/restauro-lucernario-tribuna-david\/#primaryimage\",\"url\":\"https:\/\/www.intoscana.it\/wp-content\/uploads\/Galleria-dellAccademia-di-Firenze-Lavori-al-Lucernario-foto-Guido-Cozzi-381037.jpg\",\"contentUrl\":\"https:\/\/www.intoscana.it\/wp-content\/uploads\/Galleria-dellAccademia-di-Firenze-Lavori-al-Lucernario-foto-Guido-Cozzi-381037.jpg\",\"width\":934,\"height\":1500,\"caption\":\"Lavori al Lucernaio del David alla Galleria dell'Accademia di Firenze\"},{\"@type\":\"BreadcrumbList\",\"@id\":\"https:\/\/www.intoscana.it\/it\/restauro-lucernario-tribuna-david\/#breadcrumb\",\"itemListElement\":[{\"@type\":\"ListItem\",\"position\":1,\"name\":\"Home\",\"item\":\"https:\/\/www.intoscana.it\/it\/\"},{\"@type\":\"ListItem\",\"position\":2,\"name\":\"Restauri: conclusi i lavori al lucernario della Tribuna del David\"}]},{\"@type\":\"WebSite\",\"@id\":\"https:\/\/www.intoscana.it\/it\/#website\",\"url\":\"https:\/\/www.intoscana.it\/it\/\",\"name\":\"intoscana\",\"description\":\"\",\"potentialAction\":[{\"@type\":\"SearchAction\",\"target\":{\"@type\":\"EntryPoint\",\"urlTemplate\":\"https:\/\/www.intoscana.it\/it\/?s={search_term_string}\"},\"query-input\":{\"@type\":\"PropertyValueSpecification\",\"valueRequired\":true,\"valueName\":\"search_term_string\"}}],\"inLanguage\":\"it-IT\"},{\"@type\":\"Person\",\"@id\":\"https:\/\/www.intoscana.it\/it\/#\/schema\/person\/9223810753230f20bd670fdd322661f8\",\"name\":\"Redazione\",\"url\":\"https:\/\/www.intoscana.it\/it\/author\/redazione\/\"}]}<\/script>\n<!-- \/ Yoast SEO Premium plugin. -->","yoast_head_json":{"title":"Restauri: conclusi i lavori al lucernario della Tribuna del David - intoscana","robots":{"index":"index","follow":"follow","max-snippet":"max-snippet:-1","max-image-preview":"max-image-preview:large","max-video-preview":"max-video-preview:-1"},"canonical":"https:\/\/www.intoscana.it\/it\/restauro-lucernario-tribuna-david\/","og_locale":"it_IT","og_type":"article","og_title":"Restauri: conclusi i lavori al lucernario della Tribuna del David","og_description":"Sono terminati alla Galleria dell'Accademia di Firenze i lavori di consolidamento strutturale al grande lucernario che si trova proprio sopra il capolavoro di Michelangelo","og_url":"https:\/\/www.intoscana.it\/it\/restauro-lucernario-tribuna-david\/","og_site_name":"intoscana","article_publisher":"https:\/\/www.facebook.com\/intoscana.it","article_published_time":"2023-06-20T10:33:14+00:00","article_modified_time":"2023-06-20T10:35:16+00:00","og_image":[{"width":934,"height":1500,"url":"https:\/\/www.intoscana.it\/wp-content\/uploads\/Galleria-dellAccademia-di-Firenze-Lavori-al-Lucernario-foto-Guido-Cozzi-381037.jpg","type":"image\/jpeg"}],"author":"Redazione","twitter_card":"summary_large_image","twitter_creator":"@intoscana","twitter_site":"@intoscana","twitter_misc":{"Written by":"Redazione","Est. reading time":"1 minuto"},"schema":{"@context":"https:\/\/schema.org","@graph":[{"@type":"WebPage","@id":"https:\/\/www.intoscana.it\/it\/restauro-lucernario-tribuna-david\/","url":"https:\/\/www.intoscana.it\/it\/restauro-lucernario-tribuna-david\/","name":"Restauri: conclusi i lavori al lucernario della Tribuna del David - intoscana","isPartOf":{"@id":"https:\/\/www.intoscana.it\/it\/#website"},"primaryImageOfPage":{"@id":"https:\/\/www.intoscana.it\/it\/restauro-lucernario-tribuna-david\/#primaryimage"},"image":{"@id":"https:\/\/www.intoscana.it\/it\/restauro-lucernario-tribuna-david\/#primaryimage"},"thumbnailUrl":"https:\/\/www.intoscana.it\/wp-content\/uploads\/Galleria-dellAccademia-di-Firenze-Lavori-al-Lucernario-foto-Guido-Cozzi-381037.jpg","datePublished":"2023-06-20T10:33:14+00:00","dateModified":"2023-06-20T10:35:16+00:00","author":{"@id":"https:\/\/www.intoscana.it\/it\/#\/schema\/person\/9223810753230f20bd670fdd322661f8"},"breadcrumb":{"@id":"https:\/\/www.intoscana.it\/it\/restauro-lucernario-tribuna-david\/#breadcrumb"},"inLanguage":"it-IT","potentialAction":[{"@type":"ReadAction","target":["https:\/\/www.intoscana.it\/it\/restauro-lucernario-tribuna-david\/"]}]},{"@type":"ImageObject","inLanguage":"it-IT","@id":"https:\/\/www.intoscana.it\/it\/restauro-lucernario-tribuna-david\/#primaryimage","url":"https:\/\/www.intoscana.it\/wp-content\/uploads\/Galleria-dellAccademia-di-Firenze-Lavori-al-Lucernario-foto-Guido-Cozzi-381037.jpg","contentUrl":"https:\/\/www.intoscana.it\/wp-content\/uploads\/Galleria-dellAccademia-di-Firenze-Lavori-al-Lucernario-foto-Guido-Cozzi-381037.jpg","width":934,"height":1500,"caption":"Lavori al Lucernaio del David alla Galleria dell'Accademia di Firenze"},{"@type":"BreadcrumbList","@id":"https:\/\/www.intoscana.it\/it\/restauro-lucernario-tribuna-david\/#breadcrumb","itemListElement":[{"@type":"ListItem","position":1,"name":"Home","item":"https:\/\/www.intoscana.it\/it\/"},{"@type":"ListItem","position":2,"name":"Restauri: conclusi i lavori al lucernario della Tribuna del David"}]},{"@type":"WebSite","@id":"https:\/\/www.intoscana.it\/it\/#website","url":"https:\/\/www.intoscana.it\/it\/","name":"intoscana","description":"","potentialAction":[{"@type":"SearchAction","target":{"@type":"EntryPoint","urlTemplate":"https:\/\/www.intoscana.it\/it\/?s={search_term_string}"},"query-input":{"@type":"PropertyValueSpecification","valueRequired":true,"valueName":"search_term_string"}}],"inLanguage":"it-IT"},{"@type":"Person","@id":"https:\/\/www.intoscana.it\/it\/#\/schema\/person\/9223810753230f20bd670fdd322661f8","name":"Redazione","url":"https:\/\/www.intoscana.it\/it\/author\/redazione\/"}]}},"_links":{"self":[{"href":"https:\/\/www.intoscana.it\/it\/wp-json\/wp\/v2\/posts\/292543","targetHints":{"allow":["GET"]}}],"collection":[{"href":"https:\/\/www.intoscana.it\/it\/wp-json\/wp\/v2\/posts"}],"about":[{"href":"https:\/\/www.intoscana.it\/it\/wp-json\/wp\/v2\/types\/post"}],"author":[{"embeddable":true,"href":"https:\/\/www.intoscana.it\/it\/wp-json\/wp\/v2\/users\/525"}],"replies":[{"embeddable":true,"href":"https:\/\/www.intoscana.it\/it\/wp-json\/wp\/v2\/comments?post=292543"}],"version-history":[{"count":0,"href":"https:\/\/www.intoscana.it\/it\/wp-json\/wp\/v2\/posts\/292543\/revisions"}],"wp:featuredmedia":[{"embeddable":true,"href":"https:\/\/www.intoscana.it\/it\/wp-json\/wp\/v2\/media\/292545"}],"wp:attachment":[{"href":"https:\/\/www.intoscana.it\/it\/wp-json\/wp\/v2\/media?parent=292543"}],"wp:term":[{"taxonomy":"category","embeddable":true,"href":"https:\/\/www.intoscana.it\/it\/wp-json\/wp\/v2\/categories?post=292543"},{"taxonomy":"post_tag","embeddable":true,"href":"https:\/\/www.intoscana.it\/it\/wp-json\/wp\/v2\/tags?post=292543"}],"curies":[{"name":"wp","href":"https:\/\/api.w.org\/{rel}","templated":true}]}}