{"id":292706,"date":"2023-06-22T09:00:57","date_gmt":"2023-06-22T07:00:57","guid":{"rendered":"https:\/\/www.intoscana.it\/it\/?p=292706"},"modified":"2023-06-22T17:04:29","modified_gmt":"2023-06-22T15:04:29","slug":"conferenza-regionale-agricoltura","status":"publish","type":"post","link":"https:\/\/www.intoscana.it\/it\/conferenza-regionale-agricoltura\/","title":{"rendered":"Seminare sostenibilit\u00e0, seconda giornata della conferenza regionale dell&#8217;agricoltura"},"content":{"rendered":"<p>Quello attuale \u00e8 un momento chiave per <strong>l&#8217;agricoltura<\/strong> e lo sviluppo <strong>rurale<\/strong> e forestale del territorio, per questo per due giorni, oggi mercoled\u00ec 21 e domani gioved\u00ec 22 giugno, si terr\u00e0 la quarta edizione della &#8220;Conferenza regionale dell&#8217;agricoltura e dello sviluppo rurale&#8221; presso la Camera di Commercio Industria Artigianato e Agricoltura\u00a0 a Firenze.<\/p>\n<p><strong>&#8220;Seminare sostenibilit\u00e0&#8221;<\/strong> il titolo scelto per questo evento che si configura anche come evento annuale del Psr-Feasr 2014-2022 e che consentir\u00e0 di fare il punto su ci\u00f2 che \u00e8 stato fatto negli ultimi 6 anni, a partire dalla precedente edizione della Conferenza (Obiettivo terra &#8211; 2017), nei settori agricolo, agroalimentare, forestale e dello sviluppo rurale, e porr\u00e0 l&#8217;attenzione su ci\u00f2 che ancora deve essere fatto, alla luce dei cambiamenti in atto e nell&#8217;ottica di delineare alcune linee strategiche per la futura programmazione (PSP e CSR 2023-2027) in partenza e che metter\u00e0 a disposizione oostegni previsti dal Fondo europeo agricolo di sviluppo rurale\u00a0 cui si aggiungono i fondi nazionali e quelli regionali, per un totale di <strong>749 milioni<\/strong> di euro cos\u00ec suddivisi:<\/p>\n<ul>\n<li>17,79% di fondi regionali<\/li>\n<li>41,51% di fondi nazionali<\/li>\n<li>40,70% di fondi europei e, nello specifico, del Fondo europeo agricolo di sviluppo rurale (Feasr).<\/li>\n<\/ul>\n<h3>Il <a href=\"https:\/\/www.regione.toscana.it\/documents\/10180\/889492\/PROGRAMMA_AVENTO+AGRICOLTURA+200623.pdf\/65458412-baab-425e-b1e0-c57ca54ebcc2?t=1687254214317\" target=\"_blank\" rel=\"noopener\">programma della Conferenza<\/a><\/h3>\n<p>Le autorit\u00e0 europee, nazionali e regionali, cos\u00ec come gli attori regionali in rappresentanza del mondo agricolo e dello sviluppo rurale, si riuniranno per discutere sugli scenari futuri e sulle tematiche di maggiore rilevanza per il mondo agricolo.<\/p>\n<p>Apriranno la conferenza il presidente della Regione <strong>Eugenio Giani<\/strong>, la vicepresidente e assessora all\u2019Agroalimentare <strong>Stefania Saccardi,<\/strong> il presidente della Camera di Commercio di Firenze Leonardo Bassilichi. Nella giornata di gioved\u00ec 22 giugno \u00e8 prevista anche la partecipazione del ministro dell\u2019Agricoltura, della sovranit\u00e0 alimentare e delle foreste <strong>Francesco Lollobrigida<\/strong>.<\/p>\n<h3>La diretta integrale dell&#8217;evento su Intoscana<\/h3>\n<p>Sar\u00e0 possibile seguire la diretta dell&#8217;evento sul nostro canale YouTube<\/p>\n<p><iframe loading=\"lazy\" title=\"YouTube video player\" src=\"https:\/\/www.youtube.com\/embed\/tnRDwu6lRxI\" width=\"560\" height=\"315\" frameborder=\"0\" allowfullscreen=\"allowfullscreen\"><\/iframe><\/p>\n<p><iframe loading=\"lazy\" title=\"YouTube video player\" src=\"https:\/\/www.youtube.com\/embed\/7Ui4Wdt835s\" width=\"560\" height=\"315\" frameborder=\"0\" allowfullscreen=\"allowfullscreen\"><\/iframe><\/p>\n<h3><em>Rivedi la prima giornata<\/em><\/h3>\n<p><iframe loading=\"lazy\" title=\"YouTube video player\" src=\"https:\/\/www.youtube.com\/embed\/QASlDI7Fut0\" width=\"560\" height=\"315\" frameborder=\"0\" allowfullscreen=\"allowfullscreen\"><\/iframe><\/p>\n<p>&nbsp;<\/p>\n","protected":false},"excerpt":{"rendered":"<p>Si apre la quarta edizione della &#8220;Conferenza regionale dell&#8217;agricoltura e dello sviluppo rurale&#8221; presso la Camera di Commercio Industria Artigianato e Agricoltura a Firenze<\/p>\n","protected":false},"author":503,"featured_media":69619,"comment_status":"open","ping_status":"open","sticky":false,"template":"","format":"standard","meta":{"_acf_changed":false,"footnotes":""},"categories":[8],"tags":[363,282,5929,371],"class_list":["post-292706","post","type-post","status-publish","format-standard","has-post-thumbnail","hentry","category-enogastronomia","tag-agricoltura","tag-agroalimentare","tag-foreste","tag-sostenibilita"],"acf":[],"yoast_head":"<!-- This site is optimized with the Yoast SEO Premium plugin v24.2 (Yoast SEO v25.6) - https:\/\/yoast.com\/wordpress\/plugins\/seo\/ -->\n<title>Seminare sostenibilit\u00e0, seconda giornata della conferenza regionale dell&#039;agricoltura - intoscana<\/title>\n<meta name=\"description\" content=\"Si apre la quarta edizione della &quot;Conferenza regionale dell&#039;agricoltura e dello sviluppo rurale&quot;. Segui la diretta su Intoscana\" \/>\n<meta name=\"robots\" content=\"index, follow, max-snippet:-1, max-image-preview:large, max-video-preview:-1\" \/>\n<link rel=\"canonical\" href=\"https:\/\/www.intoscana.it\/it\/conferenza-regionale-agricoltura\/\" \/>\n<meta property=\"og:locale\" content=\"it_IT\" \/>\n<meta property=\"og:type\" content=\"article\" \/>\n<meta property=\"og:title\" content=\"Seminare sostenibilit\u00e0, seconda giornata della conferenza regionale dell&#039;agricoltura\" \/>\n<meta property=\"og:description\" content=\"Si apre la quarta edizione della &quot;Conferenza regionale dell&#039;agricoltura e dello sviluppo rurale&quot;. Segui la diretta su Intoscana\" \/>\n<meta property=\"og:url\" content=\"https:\/\/www.intoscana.it\/it\/conferenza-regionale-agricoltura\/\" \/>\n<meta property=\"og:site_name\" content=\"intoscana\" \/>\n<meta property=\"article:publisher\" content=\"https:\/\/www.facebook.com\/intoscana.it\" \/>\n<meta property=\"article:published_time\" content=\"2023-06-22T07:00:57+00:00\" \/>\n<meta property=\"article:modified_time\" content=\"2023-06-22T15:04:29+00:00\" \/>\n<meta property=\"og:image\" content=\"https:\/\/www.intoscana.it\/wp-content\/uploads\/agricoltura-sociale.jpg\" \/>\n\t<meta property=\"og:image:width\" content=\"800\" \/>\n\t<meta property=\"og:image:height\" content=\"640\" \/>\n\t<meta property=\"og:image:type\" content=\"image\/jpeg\" \/>\n<meta name=\"author\" content=\"Giulia Rafanelli\" \/>\n<meta name=\"twitter:card\" content=\"summary_large_image\" \/>\n<meta name=\"twitter:creator\" content=\"@intoscana\" \/>\n<meta name=\"twitter:site\" content=\"@intoscana\" \/>\n<meta name=\"twitter:label1\" content=\"Written by\" \/>\n\t<meta name=\"twitter:data1\" content=\"Giulia Rafanelli\" \/>\n\t<meta name=\"twitter:label2\" content=\"Est. reading time\" \/>\n\t<meta name=\"twitter:data2\" content=\"1 minuto\" \/>\n<script type=\"application\/ld+json\" class=\"yoast-schema-graph\">{\"@context\":\"https:\/\/schema.org\",\"@graph\":[{\"@type\":\"WebPage\",\"@id\":\"https:\/\/www.intoscana.it\/it\/conferenza-regionale-agricoltura\/\",\"url\":\"https:\/\/www.intoscana.it\/it\/conferenza-regionale-agricoltura\/\",\"name\":\"Seminare sostenibilit\u00e0, seconda giornata della conferenza regionale dell'agricoltura - intoscana\",\"isPartOf\":{\"@id\":\"https:\/\/www.intoscana.it\/it\/#website\"},\"primaryImageOfPage\":{\"@id\":\"https:\/\/www.intoscana.it\/it\/conferenza-regionale-agricoltura\/#primaryimage\"},\"image\":{\"@id\":\"https:\/\/www.intoscana.it\/it\/conferenza-regionale-agricoltura\/#primaryimage\"},\"thumbnailUrl\":\"https:\/\/www.intoscana.it\/wp-content\/uploads\/agricoltura-sociale.jpg\",\"datePublished\":\"2023-06-22T07:00:57+00:00\",\"dateModified\":\"2023-06-22T15:04:29+00:00\",\"author\":{\"@id\":\"https:\/\/www.intoscana.it\/it\/#\/schema\/person\/333569b367b301e30262defcea56c939\"},\"description\":\"Si apre la quarta edizione della \\\"Conferenza regionale dell'agricoltura e dello sviluppo rurale\\\". Segui la diretta su Intoscana\",\"breadcrumb\":{\"@id\":\"https:\/\/www.intoscana.it\/it\/conferenza-regionale-agricoltura\/#breadcrumb\"},\"inLanguage\":\"it-IT\",\"potentialAction\":[{\"@type\":\"ReadAction\",\"target\":[\"https:\/\/www.intoscana.it\/it\/conferenza-regionale-agricoltura\/\"]}]},{\"@type\":\"ImageObject\",\"inLanguage\":\"it-IT\",\"@id\":\"https:\/\/www.intoscana.it\/it\/conferenza-regionale-agricoltura\/#primaryimage\",\"url\":\"https:\/\/www.intoscana.it\/wp-content\/uploads\/agricoltura-sociale.jpg\",\"contentUrl\":\"https:\/\/www.intoscana.it\/wp-content\/uploads\/agricoltura-sociale.jpg\",\"width\":800,\"height\":640},{\"@type\":\"BreadcrumbList\",\"@id\":\"https:\/\/www.intoscana.it\/it\/conferenza-regionale-agricoltura\/#breadcrumb\",\"itemListElement\":[{\"@type\":\"ListItem\",\"position\":1,\"name\":\"Home\",\"item\":\"https:\/\/www.intoscana.it\/it\/\"},{\"@type\":\"ListItem\",\"position\":2,\"name\":\"Seminare sostenibilit\u00e0, seconda giornata della conferenza regionale dell&#8217;agricoltura\"}]},{\"@type\":\"WebSite\",\"@id\":\"https:\/\/www.intoscana.it\/it\/#website\",\"url\":\"https:\/\/www.intoscana.it\/it\/\",\"name\":\"intoscana\",\"description\":\"\",\"potentialAction\":[{\"@type\":\"SearchAction\",\"target\":{\"@type\":\"EntryPoint\",\"urlTemplate\":\"https:\/\/www.intoscana.it\/it\/?s={search_term_string}\"},\"query-input\":{\"@type\":\"PropertyValueSpecification\",\"valueRequired\":true,\"valueName\":\"search_term_string\"}}],\"inLanguage\":\"it-IT\"},{\"@type\":\"Person\",\"@id\":\"https:\/\/www.intoscana.it\/it\/#\/schema\/person\/333569b367b301e30262defcea56c939\",\"name\":\"Giulia Rafanelli\",\"url\":\"https:\/\/www.intoscana.it\/it\/author\/giulia-rafanelli\/\"}]}<\/script>\n<!-- \/ Yoast SEO Premium plugin. -->","yoast_head_json":{"title":"Seminare sostenibilit\u00e0, seconda giornata della conferenza regionale dell'agricoltura - intoscana","description":"Si apre la quarta edizione della \"Conferenza regionale dell'agricoltura e dello sviluppo rurale\". Segui la diretta su Intoscana","robots":{"index":"index","follow":"follow","max-snippet":"max-snippet:-1","max-image-preview":"max-image-preview:large","max-video-preview":"max-video-preview:-1"},"canonical":"https:\/\/www.intoscana.it\/it\/conferenza-regionale-agricoltura\/","og_locale":"it_IT","og_type":"article","og_title":"Seminare sostenibilit\u00e0, seconda giornata della conferenza regionale dell'agricoltura","og_description":"Si apre la quarta edizione della \"Conferenza regionale dell'agricoltura e dello sviluppo rurale\". Segui la diretta su Intoscana","og_url":"https:\/\/www.intoscana.it\/it\/conferenza-regionale-agricoltura\/","og_site_name":"intoscana","article_publisher":"https:\/\/www.facebook.com\/intoscana.it","article_published_time":"2023-06-22T07:00:57+00:00","article_modified_time":"2023-06-22T15:04:29+00:00","og_image":[{"width":800,"height":640,"url":"https:\/\/www.intoscana.it\/wp-content\/uploads\/agricoltura-sociale.jpg","type":"image\/jpeg"}],"author":"Giulia Rafanelli","twitter_card":"summary_large_image","twitter_creator":"@intoscana","twitter_site":"@intoscana","twitter_misc":{"Written by":"Giulia Rafanelli","Est. reading time":"1 minuto"},"schema":{"@context":"https:\/\/schema.org","@graph":[{"@type":"WebPage","@id":"https:\/\/www.intoscana.it\/it\/conferenza-regionale-agricoltura\/","url":"https:\/\/www.intoscana.it\/it\/conferenza-regionale-agricoltura\/","name":"Seminare sostenibilit\u00e0, seconda giornata della conferenza regionale dell'agricoltura - intoscana","isPartOf":{"@id":"https:\/\/www.intoscana.it\/it\/#website"},"primaryImageOfPage":{"@id":"https:\/\/www.intoscana.it\/it\/conferenza-regionale-agricoltura\/#primaryimage"},"image":{"@id":"https:\/\/www.intoscana.it\/it\/conferenza-regionale-agricoltura\/#primaryimage"},"thumbnailUrl":"https:\/\/www.intoscana.it\/wp-content\/uploads\/agricoltura-sociale.jpg","datePublished":"2023-06-22T07:00:57+00:00","dateModified":"2023-06-22T15:04:29+00:00","author":{"@id":"https:\/\/www.intoscana.it\/it\/#\/schema\/person\/333569b367b301e30262defcea56c939"},"description":"Si apre la quarta edizione della \"Conferenza regionale dell'agricoltura e dello sviluppo rurale\". Segui la diretta su Intoscana","breadcrumb":{"@id":"https:\/\/www.intoscana.it\/it\/conferenza-regionale-agricoltura\/#breadcrumb"},"inLanguage":"it-IT","potentialAction":[{"@type":"ReadAction","target":["https:\/\/www.intoscana.it\/it\/conferenza-regionale-agricoltura\/"]}]},{"@type":"ImageObject","inLanguage":"it-IT","@id":"https:\/\/www.intoscana.it\/it\/conferenza-regionale-agricoltura\/#primaryimage","url":"https:\/\/www.intoscana.it\/wp-content\/uploads\/agricoltura-sociale.jpg","contentUrl":"https:\/\/www.intoscana.it\/wp-content\/uploads\/agricoltura-sociale.jpg","width":800,"height":640},{"@type":"BreadcrumbList","@id":"https:\/\/www.intoscana.it\/it\/conferenza-regionale-agricoltura\/#breadcrumb","itemListElement":[{"@type":"ListItem","position":1,"name":"Home","item":"https:\/\/www.intoscana.it\/it\/"},{"@type":"ListItem","position":2,"name":"Seminare sostenibilit\u00e0, seconda giornata della conferenza regionale dell&#8217;agricoltura"}]},{"@type":"WebSite","@id":"https:\/\/www.intoscana.it\/it\/#website","url":"https:\/\/www.intoscana.it\/it\/","name":"intoscana","description":"","potentialAction":[{"@type":"SearchAction","target":{"@type":"EntryPoint","urlTemplate":"https:\/\/www.intoscana.it\/it\/?s={search_term_string}"},"query-input":{"@type":"PropertyValueSpecification","valueRequired":true,"valueName":"search_term_string"}}],"inLanguage":"it-IT"},{"@type":"Person","@id":"https:\/\/www.intoscana.it\/it\/#\/schema\/person\/333569b367b301e30262defcea56c939","name":"Giulia Rafanelli","url":"https:\/\/www.intoscana.it\/it\/author\/giulia-rafanelli\/"}]}},"_links":{"self":[{"href":"https:\/\/www.intoscana.it\/it\/wp-json\/wp\/v2\/posts\/292706","targetHints":{"allow":["GET"]}}],"collection":[{"href":"https:\/\/www.intoscana.it\/it\/wp-json\/wp\/v2\/posts"}],"about":[{"href":"https:\/\/www.intoscana.it\/it\/wp-json\/wp\/v2\/types\/post"}],"author":[{"embeddable":true,"href":"https:\/\/www.intoscana.it\/it\/wp-json\/wp\/v2\/users\/503"}],"replies":[{"embeddable":true,"href":"https:\/\/www.intoscana.it\/it\/wp-json\/wp\/v2\/comments?post=292706"}],"version-history":[{"count":0,"href":"https:\/\/www.intoscana.it\/it\/wp-json\/wp\/v2\/posts\/292706\/revisions"}],"wp:featuredmedia":[{"embeddable":true,"href":"https:\/\/www.intoscana.it\/it\/wp-json\/wp\/v2\/media\/69619"}],"wp:attachment":[{"href":"https:\/\/www.intoscana.it\/it\/wp-json\/wp\/v2\/media?parent=292706"}],"wp:term":[{"taxonomy":"category","embeddable":true,"href":"https:\/\/www.intoscana.it\/it\/wp-json\/wp\/v2\/categories?post=292706"},{"taxonomy":"post_tag","embeddable":true,"href":"https:\/\/www.intoscana.it\/it\/wp-json\/wp\/v2\/tags?post=292706"}],"curies":[{"name":"wp","href":"https:\/\/api.w.org\/{rel}","templated":true}]}}