{"id":292947,"date":"2023-06-22T17:55:03","date_gmt":"2023-06-22T15:55:03","guid":{"rendered":"https:\/\/www.intoscana.it\/it\/?p=292947"},"modified":"2023-06-23T17:12:16","modified_gmt":"2023-06-23T15:12:16","slug":"agricoltura-lollobrigida-alleuropa-si-concentri-sugli-investimenti","status":"publish","type":"post","link":"https:\/\/www.intoscana.it\/it\/agricoltura-lollobrigida-alleuropa-si-concentri-sugli-investimenti\/","title":{"rendered":"Agricoltura, Lollobrigida all&#8217;Europa: &#8220;Si concentri sugli investimenti&#8221;"},"content":{"rendered":"<p>&#8220;<em>Bisogna che l&#8217;Europa si concentri sugli investimenti, rimetta al centro l&#8217;attenzione per l&#8217;agricoltura, per l&#8217;allevamento, per la pesca, con meno ideologie e pi\u00f9 pragmatismo<\/em>&#8221; cos\u00ec ha esordito <strong>Francesco Lollobrigida<\/strong>, ministro dell&#8217;Agricoltura della Sovranit\u00e0 Alimentare e delle Foreste, parlando a margine della &#8220;<em>Conferenza regionale dell&#8217;agricoltura e dello sviluppo rurale<\/em>&#8221; presso la Camera di Commercio di Firenze.<\/p>\n<h3>Sostenibilit\u00e0 ambientale e produzione<\/h3>\n<p>Per il ministro <strong>sostenibilit\u00e0 ambientale e produttivit\u00e0<\/strong> devono andare di pari passo &#8220;<em>altrimenti sortiremmo l&#8217;effetto inverso, cio\u00e8 diminuire le nostre produzioni ed essere costretti a comprare da nazioni che non rispettano n\u00e9 i diritti dei lavoratori, n\u00e9 i diritti dell&#8217;ambiente, con un effetto esattamente inverso rispetto a quello che ci si pone in termini enunciativi<\/em>&#8220;.<\/p>\n<p>Dunque, secondo Lollobrigida, l&#8217;Europa &#8220;s<em>i deve riappropriare del ruolo che i padri fondatori dell&#8217;Unione europea avevano in testa, cio\u00e8 avere la capacit\u00e0 di garantire all&#8217;Europa delle produzioni che le permettano intanto di fronteggiare eventi contingenti come le pandemie e le guerre che pensavamo probabilmente non colpissero pi\u00f9 i nostri territori, e invece sono entrate o sono alle porte della nostra nazione<\/em>&#8220;.<\/p>\n<h3>Agricoltori e tutela dei territori<\/h3>\n<p>Nel corso del suo intervento <strong>Lollobrigida<\/strong> ha affrontato anche il tema dei territori e della loro salvaguardia. In Italia \u00e8 necessario &#8220;<em>rimettere al centro anche l&#8217;agricoltura nella manutenzione del territorio, rompendo quello schema dicotomico che ha visto immaginare gli agricoltori nemici dell&#8217;ambiente: invece sono realt\u00e0 che si integrano, e dove manca l&#8217;agricoltura i fenomeni di criticit\u00e0 idrogeologiche aumentano&#8221;<\/em>.<\/p>\n<p>Il ministro ha aggiunto che si sta &#8220;<em>lavorando da questo punto di vista su pi\u00f9 piani per arrivare a investire bene e fare strategia per ovviare alle criticit\u00e0 di oggi, e predisporci anche a un rischio di aggravamento per il futuro di queste problematiche&#8221;. I<\/em>n tema di siccit\u00e0 ha ricordato che &#8220;<em>abbiamo affidato al commissario Nicola Dell&#8217;Acqua una pianificazione che permetta di utilizzare appieno gli invasi, di fare ordine in un quadro che purtroppo vede la sovrapposizione di troppi livelli istituzionali e grande confusione, e una mancanza oggettiva di strategia negli anni<\/em>&#8220;.<\/p>\n<h3>Manodopera, immigrati s\u00ec ma&#8230;<\/h3>\n<p>Nel suo lungo intervento ha toccato anche il tema della manodopera. &#8220;<em>Noi non siamo per le barriere: le nostre aziende hanno bisogno di immigrazione, perch\u00e9 noi non riusciamo con la forza lavoro interna a garantire la produzione<\/em>&#8221; ha assicurato. &#8220;<em>L&#8217;immigrazione va organizzata<\/em> &#8211; ha detto -,<em> lo stiamo facendo coi flussi triennali, lo stiamo facendo con gli accordi bilaterali con le nazioni di provenienza dei lavoratori immigrati che vogliono entrare in Italia senza passare per gli scafisti. Lo abbiamo fatto con il Bangladesh in questi giorni, lo stiamo formalizzando: sono ottimi lavoratori, di grande volont\u00e0<\/em>&#8220;.<\/p>\n<p>Lollobrigida ha spiegato che &#8220;<em>siamo disposti a farlo con tutti, utilizzando anche nell&#8217;ambito del decreto Cutro gli extra-flussi, cio\u00e8 dando la premialit\u00e0<\/em>&#8220;, ossia &#8220;<em>se tu rimpatri 100 di quelli che hanno commesso crimini in Italia o sono entrati illegalmente, ne puoi far entrare 150, magari anche gli stessi entrati illegalmente, dopo la formazione, in maniera che si abbia un flusso legale, questa bella parola che tutti richiamano e che poi applicano a corrente alternata a seconda dei settori, con una pianificazione triennale, accordi bilaterali e multilaterali&#8221;<\/em>.<\/p>\n<h3>L&#8217;emergenza peste suina<\/h3>\n<p>Non sono mancati poi temi d&#8217;attualit\u00e0, vere e proprie emergenze per il comparto. &#8220;<em>La peste suina africana \u00e8 una criticit\u00e0 che va affrontata senza perdere un&#8217;ora, non solo a livello nazionale, anche a livello internazionale&#8221;<\/em> ha affermato spiegando che &#8220;<em>nei prossimi giorni faremo un tavolo con la Francia, anche l\u00ec nell&#8217;ottica della solidariet\u00e0 Europea, visto che non \u00e8 un problema solo italiano: anche la Francia si sta svegliando da questo punto di vista per ragionare insieme<\/em>&#8220;.<\/p>\n<p>Lollobrigida ha detto che &#8220;a<em>desso stiamo affrontando la peste suina con una tempistica che rimette in moto un meccanismo. Siamo partiti dalla possibilit\u00e0 di abbattere i cinghiali: se la scienza dice che gli ungulati in Italia sostenibili sono un milione, tu non ne puoi avere due e mezzo, perch\u00e9 significa cancellare la possibilit\u00e0 di fare gli agricoltori. Allora da questo punto di vista insieme alle Regioni attraverso un lungo percorso siamo arrivati adesso a mettere in condizione<\/em> <em>di pianificare, avere un commissario per la Psa, abbiamo messo anche a disposizione l&#8217;esercito, abbiamo chiesto di darci la possibilit\u00e0 almeno di rimuovere le carcasse&#8221;.<\/em><\/p>\n<figure id=\"post-292952 media-292952\" class=\"align-none\"><img decoding=\"async\" src=\"https:\/\/www.intoscana.it\/wp-content\/uploads\/Le-conclusioni-della-vice-presidente-Saccardi.jpeg\" alt=\"\" \/><\/figure>\n<div class=\"titleimg\">Le conclusioni della vice presidente Saccardi<\/div>\n<h3>Il bilancio finale della conferenza<\/h3>\n<p>Grande partecipazione, dialogo e confronto. La IV Conferenza regionale dell\u2019agricoltura chiude i battenti con un bilancio positivo. Nel secondo e ultimo giorno della manifestazione, si sono raccolte le fila alla luce dei contributi e dei confronti tra i soggetti che hanno partecipato.<\/p>\n<p>\u201c<em>Due giorni intensi<\/em> \u2013 ha detto la vicepresidente e assessora all\u2019agroalimentare<strong> Stefania Saccardi<\/strong> &#8211;<em> utili per raccogliere stimoli e mettere a fuoco l\u2019orizzonte che ha davanti l\u2019agricoltura toscana&#8221;. <\/em>Con gli uffici &#8220;<em>l\u2019impegno \u00e8 a riesaminare e approfondire gli atti e i documenti e le proposte emerse per continuare, insieme, a cercare soluzioni e nuove iniziative a favore di questo importante settore e delle aree rurali della nostra regione per \u201cseminare sostenibilit\u00e0\u201d e costruire un futuro migliore<\/em>\u201d.<\/p>\n<p>\u201c<em>Abbiamo avuto l\u2019onore e il piacere di avere con noi il ministro<\/em> &#8211; ha proseguito Saccardi \u2013 <em>che ha risposto a tutte le sollecitazioni emerse. Ma questi due giorni ci hanno portato interventi tutti di grande livello, che ci hanno dato la prova che abbiamo davanti una bella realt\u00e0 alla quale continueremo a dare il nostro contributo: dobbiamo accelerare le pratiche e le procedure, per esempio, una delle criticit\u00e0 emerse, ma sono fermamente convinta che l\u2019importante sia avere l\u2019umilt\u00e0 di avvicinarsi ai problemi con la consapevolezza che si pu\u00f2 anche sbagliare, e che dalle difficolt\u00e0 si esce insieme, come diceva don Milani. Ma nel contempo dobbiamo mantenere la vitalit\u00e0, la voglia di innovare e di fare la nostra parte per far crescere l\u2019economia toscana e quindi quella del paese. Ascolteremo tutti, ci confronteremo ma poi &#8211; <\/em>ha concluso<em> &#8211; non avremo timore di assumerci le responsabilit\u00e0 delle decisioni, come giustamente la politica richied<\/em>e\u201d.<\/p>\n","protected":false},"excerpt":{"rendered":"<p>L&#8217;intervento del ministro alla conferenza regionale con l&#8217;invito &#8220;meno ideologia e pi\u00f9 pragmatismo&#8221;. Saccardi: &#8220;Pronti ad accelerare per affrontare le priorit\u00e0 emerse&#8221;<\/p>\n","protected":false},"author":525,"featured_media":292728,"comment_status":"open","ping_status":"open","sticky":false,"template":"","format":"standard","meta":{"_acf_changed":false,"footnotes":""},"categories":[494],"tags":[363,4769],"class_list":["post-292947","post","type-post","status-publish","format-standard","has-post-thumbnail","hentry","category-attualita","tag-agricoltura","tag-stefania-saccardi"],"acf":[],"yoast_head":"<!-- This site is optimized with the Yoast SEO Premium plugin v24.2 (Yoast SEO v25.6) - https:\/\/yoast.com\/wordpress\/plugins\/seo\/ -->\n<title>Agricoltura, Lollobrigida all&#039;Europa: &quot;Si concentri sugli investimenti&quot; - intoscana<\/title>\n<meta name=\"description\" content=\"L&#039;intervento del ministro alla conferenza regionale. Saccardi: &quot;Pronti ad accelerare per affrontare le priorit\u00e0 emerse&quot;\" \/>\n<meta name=\"robots\" content=\"index, follow, max-snippet:-1, max-image-preview:large, max-video-preview:-1\" \/>\n<link rel=\"canonical\" href=\"https:\/\/www.intoscana.it\/it\/agricoltura-lollobrigida-alleuropa-si-concentri-sugli-investimenti\/\" \/>\n<meta property=\"og:locale\" content=\"it_IT\" \/>\n<meta property=\"og:type\" content=\"article\" \/>\n<meta property=\"og:title\" content=\"Agricoltura, Lollobrigida all&#039;Europa: &quot;Si concentri sugli investimenti&quot;\" \/>\n<meta property=\"og:description\" content=\"L&#039;intervento del ministro alla conferenza regionale. Saccardi: &quot;Pronti ad accelerare per affrontare le priorit\u00e0 emerse&quot;\" \/>\n<meta property=\"og:url\" content=\"https:\/\/www.intoscana.it\/it\/agricoltura-lollobrigida-alleuropa-si-concentri-sugli-investimenti\/\" \/>\n<meta property=\"og:site_name\" content=\"intoscana\" \/>\n<meta property=\"article:publisher\" content=\"https:\/\/www.facebook.com\/intoscana.it\" \/>\n<meta property=\"article:published_time\" content=\"2023-06-22T15:55:03+00:00\" \/>\n<meta property=\"article:modified_time\" content=\"2023-06-23T15:12:16+00:00\" \/>\n<meta property=\"og:image\" content=\"https:\/\/www.intoscana.it\/wp-content\/uploads\/IMG_3089-scaled.jpg\" \/>\n\t<meta property=\"og:image:width\" content=\"2048\" \/>\n\t<meta property=\"og:image:height\" content=\"1536\" \/>\n\t<meta property=\"og:image:type\" content=\"image\/jpeg\" \/>\n<meta name=\"author\" content=\"Redazione\" \/>\n<meta name=\"twitter:card\" content=\"summary_large_image\" \/>\n<meta name=\"twitter:creator\" content=\"@intoscana\" \/>\n<meta name=\"twitter:site\" content=\"@intoscana\" \/>\n<meta name=\"twitter:label1\" content=\"Written by\" \/>\n\t<meta name=\"twitter:data1\" content=\"Redazione\" \/>\n\t<meta name=\"twitter:label2\" content=\"Est. reading time\" \/>\n\t<meta name=\"twitter:data2\" content=\"5 minuti\" \/>\n<script type=\"application\/ld+json\" class=\"yoast-schema-graph\">{\"@context\":\"https:\/\/schema.org\",\"@graph\":[{\"@type\":\"WebPage\",\"@id\":\"https:\/\/www.intoscana.it\/it\/agricoltura-lollobrigida-alleuropa-si-concentri-sugli-investimenti\/\",\"url\":\"https:\/\/www.intoscana.it\/it\/agricoltura-lollobrigida-alleuropa-si-concentri-sugli-investimenti\/\",\"name\":\"Agricoltura, Lollobrigida all'Europa: \\\"Si concentri sugli investimenti\\\" - intoscana\",\"isPartOf\":{\"@id\":\"https:\/\/www.intoscana.it\/it\/#website\"},\"primaryImageOfPage\":{\"@id\":\"https:\/\/www.intoscana.it\/it\/agricoltura-lollobrigida-alleuropa-si-concentri-sugli-investimenti\/#primaryimage\"},\"image\":{\"@id\":\"https:\/\/www.intoscana.it\/it\/agricoltura-lollobrigida-alleuropa-si-concentri-sugli-investimenti\/#primaryimage\"},\"thumbnailUrl\":\"https:\/\/www.intoscana.it\/wp-content\/uploads\/IMG_3089-scaled.jpg\",\"datePublished\":\"2023-06-22T15:55:03+00:00\",\"dateModified\":\"2023-06-23T15:12:16+00:00\",\"author\":{\"@id\":\"https:\/\/www.intoscana.it\/it\/#\/schema\/person\/9223810753230f20bd670fdd322661f8\"},\"description\":\"L'intervento del ministro alla conferenza regionale. Saccardi: \\\"Pronti ad accelerare per affrontare le priorit\u00e0 emerse\\\"\",\"breadcrumb\":{\"@id\":\"https:\/\/www.intoscana.it\/it\/agricoltura-lollobrigida-alleuropa-si-concentri-sugli-investimenti\/#breadcrumb\"},\"inLanguage\":\"it-IT\",\"potentialAction\":[{\"@type\":\"ReadAction\",\"target\":[\"https:\/\/www.intoscana.it\/it\/agricoltura-lollobrigida-alleuropa-si-concentri-sugli-investimenti\/\"]}]},{\"@type\":\"ImageObject\",\"inLanguage\":\"it-IT\",\"@id\":\"https:\/\/www.intoscana.it\/it\/agricoltura-lollobrigida-alleuropa-si-concentri-sugli-investimenti\/#primaryimage\",\"url\":\"https:\/\/www.intoscana.it\/wp-content\/uploads\/IMG_3089-scaled.jpg\",\"contentUrl\":\"https:\/\/www.intoscana.it\/wp-content\/uploads\/IMG_3089-scaled.jpg\",\"width\":2048,\"height\":1536},{\"@type\":\"BreadcrumbList\",\"@id\":\"https:\/\/www.intoscana.it\/it\/agricoltura-lollobrigida-alleuropa-si-concentri-sugli-investimenti\/#breadcrumb\",\"itemListElement\":[{\"@type\":\"ListItem\",\"position\":1,\"name\":\"Home\",\"item\":\"https:\/\/www.intoscana.it\/it\/\"},{\"@type\":\"ListItem\",\"position\":2,\"name\":\"Agricoltura, Lollobrigida all&#8217;Europa: &#8220;Si concentri sugli investimenti&#8221;\"}]},{\"@type\":\"WebSite\",\"@id\":\"https:\/\/www.intoscana.it\/it\/#website\",\"url\":\"https:\/\/www.intoscana.it\/it\/\",\"name\":\"intoscana\",\"description\":\"\",\"potentialAction\":[{\"@type\":\"SearchAction\",\"target\":{\"@type\":\"EntryPoint\",\"urlTemplate\":\"https:\/\/www.intoscana.it\/it\/?s={search_term_string}\"},\"query-input\":{\"@type\":\"PropertyValueSpecification\",\"valueRequired\":true,\"valueName\":\"search_term_string\"}}],\"inLanguage\":\"it-IT\"},{\"@type\":\"Person\",\"@id\":\"https:\/\/www.intoscana.it\/it\/#\/schema\/person\/9223810753230f20bd670fdd322661f8\",\"name\":\"Redazione\",\"url\":\"https:\/\/www.intoscana.it\/it\/author\/redazione\/\"}]}<\/script>\n<!-- \/ Yoast SEO Premium plugin. -->","yoast_head_json":{"title":"Agricoltura, Lollobrigida all'Europa: \"Si concentri sugli investimenti\" - intoscana","description":"L'intervento del ministro alla conferenza regionale. Saccardi: \"Pronti ad accelerare per affrontare le priorit\u00e0 emerse\"","robots":{"index":"index","follow":"follow","max-snippet":"max-snippet:-1","max-image-preview":"max-image-preview:large","max-video-preview":"max-video-preview:-1"},"canonical":"https:\/\/www.intoscana.it\/it\/agricoltura-lollobrigida-alleuropa-si-concentri-sugli-investimenti\/","og_locale":"it_IT","og_type":"article","og_title":"Agricoltura, Lollobrigida all'Europa: \"Si concentri sugli investimenti\"","og_description":"L'intervento del ministro alla conferenza regionale. Saccardi: \"Pronti ad accelerare per affrontare le priorit\u00e0 emerse\"","og_url":"https:\/\/www.intoscana.it\/it\/agricoltura-lollobrigida-alleuropa-si-concentri-sugli-investimenti\/","og_site_name":"intoscana","article_publisher":"https:\/\/www.facebook.com\/intoscana.it","article_published_time":"2023-06-22T15:55:03+00:00","article_modified_time":"2023-06-23T15:12:16+00:00","og_image":[{"width":2048,"height":1536,"url":"https:\/\/www.intoscana.it\/wp-content\/uploads\/IMG_3089-scaled.jpg","type":"image\/jpeg"}],"author":"Redazione","twitter_card":"summary_large_image","twitter_creator":"@intoscana","twitter_site":"@intoscana","twitter_misc":{"Written by":"Redazione","Est. reading time":"5 minuti"},"schema":{"@context":"https:\/\/schema.org","@graph":[{"@type":"WebPage","@id":"https:\/\/www.intoscana.it\/it\/agricoltura-lollobrigida-alleuropa-si-concentri-sugli-investimenti\/","url":"https:\/\/www.intoscana.it\/it\/agricoltura-lollobrigida-alleuropa-si-concentri-sugli-investimenti\/","name":"Agricoltura, Lollobrigida all'Europa: \"Si concentri sugli investimenti\" - intoscana","isPartOf":{"@id":"https:\/\/www.intoscana.it\/it\/#website"},"primaryImageOfPage":{"@id":"https:\/\/www.intoscana.it\/it\/agricoltura-lollobrigida-alleuropa-si-concentri-sugli-investimenti\/#primaryimage"},"image":{"@id":"https:\/\/www.intoscana.it\/it\/agricoltura-lollobrigida-alleuropa-si-concentri-sugli-investimenti\/#primaryimage"},"thumbnailUrl":"https:\/\/www.intoscana.it\/wp-content\/uploads\/IMG_3089-scaled.jpg","datePublished":"2023-06-22T15:55:03+00:00","dateModified":"2023-06-23T15:12:16+00:00","author":{"@id":"https:\/\/www.intoscana.it\/it\/#\/schema\/person\/9223810753230f20bd670fdd322661f8"},"description":"L'intervento del ministro alla conferenza regionale. Saccardi: \"Pronti ad accelerare per affrontare le priorit\u00e0 emerse\"","breadcrumb":{"@id":"https:\/\/www.intoscana.it\/it\/agricoltura-lollobrigida-alleuropa-si-concentri-sugli-investimenti\/#breadcrumb"},"inLanguage":"it-IT","potentialAction":[{"@type":"ReadAction","target":["https:\/\/www.intoscana.it\/it\/agricoltura-lollobrigida-alleuropa-si-concentri-sugli-investimenti\/"]}]},{"@type":"ImageObject","inLanguage":"it-IT","@id":"https:\/\/www.intoscana.it\/it\/agricoltura-lollobrigida-alleuropa-si-concentri-sugli-investimenti\/#primaryimage","url":"https:\/\/www.intoscana.it\/wp-content\/uploads\/IMG_3089-scaled.jpg","contentUrl":"https:\/\/www.intoscana.it\/wp-content\/uploads\/IMG_3089-scaled.jpg","width":2048,"height":1536},{"@type":"BreadcrumbList","@id":"https:\/\/www.intoscana.it\/it\/agricoltura-lollobrigida-alleuropa-si-concentri-sugli-investimenti\/#breadcrumb","itemListElement":[{"@type":"ListItem","position":1,"name":"Home","item":"https:\/\/www.intoscana.it\/it\/"},{"@type":"ListItem","position":2,"name":"Agricoltura, Lollobrigida all&#8217;Europa: &#8220;Si concentri sugli investimenti&#8221;"}]},{"@type":"WebSite","@id":"https:\/\/www.intoscana.it\/it\/#website","url":"https:\/\/www.intoscana.it\/it\/","name":"intoscana","description":"","potentialAction":[{"@type":"SearchAction","target":{"@type":"EntryPoint","urlTemplate":"https:\/\/www.intoscana.it\/it\/?s={search_term_string}"},"query-input":{"@type":"PropertyValueSpecification","valueRequired":true,"valueName":"search_term_string"}}],"inLanguage":"it-IT"},{"@type":"Person","@id":"https:\/\/www.intoscana.it\/it\/#\/schema\/person\/9223810753230f20bd670fdd322661f8","name":"Redazione","url":"https:\/\/www.intoscana.it\/it\/author\/redazione\/"}]}},"_links":{"self":[{"href":"https:\/\/www.intoscana.it\/it\/wp-json\/wp\/v2\/posts\/292947","targetHints":{"allow":["GET"]}}],"collection":[{"href":"https:\/\/www.intoscana.it\/it\/wp-json\/wp\/v2\/posts"}],"about":[{"href":"https:\/\/www.intoscana.it\/it\/wp-json\/wp\/v2\/types\/post"}],"author":[{"embeddable":true,"href":"https:\/\/www.intoscana.it\/it\/wp-json\/wp\/v2\/users\/525"}],"replies":[{"embeddable":true,"href":"https:\/\/www.intoscana.it\/it\/wp-json\/wp\/v2\/comments?post=292947"}],"version-history":[{"count":0,"href":"https:\/\/www.intoscana.it\/it\/wp-json\/wp\/v2\/posts\/292947\/revisions"}],"wp:featuredmedia":[{"embeddable":true,"href":"https:\/\/www.intoscana.it\/it\/wp-json\/wp\/v2\/media\/292728"}],"wp:attachment":[{"href":"https:\/\/www.intoscana.it\/it\/wp-json\/wp\/v2\/media?parent=292947"}],"wp:term":[{"taxonomy":"category","embeddable":true,"href":"https:\/\/www.intoscana.it\/it\/wp-json\/wp\/v2\/categories?post=292947"},{"taxonomy":"post_tag","embeddable":true,"href":"https:\/\/www.intoscana.it\/it\/wp-json\/wp\/v2\/tags?post=292947"}],"curies":[{"name":"wp","href":"https:\/\/api.w.org\/{rel}","templated":true}]}}