{"id":293252,"date":"2023-06-26T11:40:23","date_gmt":"2023-06-26T09:40:23","guid":{"rendered":"https:\/\/www.intoscana.it\/it\/?p=293252"},"modified":"2023-06-27T12:22:12","modified_gmt":"2023-06-27T10:22:12","slug":"dai-fondi-europei-500-milioni-per-le-imprese-toscane-marras-spinta-per-competitivita-e-innovazione","status":"publish","type":"post","link":"https:\/\/www.intoscana.it\/it\/dai-fondi-europei-500-milioni-per-le-imprese-toscane-marras-spinta-per-competitivita-e-innovazione\/","title":{"rendered":"Dai fondi europei 500 milioni per le imprese toscane, Marras: &#8220;Spinta per competitivit\u00e0 e innovazione&#8221;"},"content":{"rendered":"<p>Transizione ecologica e digitale del sistema produttivo toscano, e ancora: ricerca, innovazione e competitivit\u00e0. Questi sono i punti chiave su cui convergono le misure cofinanziate dalla <strong>Regione Toscana<\/strong> ed inserite nel nuovo settennato 2021-2027 del Fondo europeo di sviluppo regionale destinate alle <strong>imprese toscane<\/strong>. In cifre: <mark>a disposizione della Toscana ci sono oltre 500 milioni di euro, quasi 100 in pi\u00f9 rispetto alla programmazione precedente che ha consentito di attivare quasi 1,2 miliardi di investimenti. Secondo le stime, con il nuovo ciclo si arriverebbe ad attivarne oltre 2,7 miliardi.<\/mark><\/p>\n<p>Tutte le misure sono state presentate luned\u00ec 26 giugno anche a <strong>Siena<\/strong>,\u00a0 alla Camera di Commercio, dall\u2019assessore regionale all\u2019economia e turismo <strong>Leonardo Marras<\/strong>. Un tour che tocca tutte le province toscane e che prevede incontri con le categorie in ogni capoluogo. Con lui, nella tappa senese, erano presenti: il presidente della Provincia di Siena <strong>David Bussagli<\/strong> e il presidente della Camera di Commercio di Arezzo e Siena, <strong>Massimo Guasconi<\/strong>.<\/p>\n<figure id=\"post-293256 media-293256\" class=\"align-none\"><img decoding=\"async\" src=\"https:\/\/www.intoscana.it\/wp-content\/uploads\/bussagli_guasconi_marras.jpg\" alt=\"\" \/><\/figure>\n<div class=\"titleimg\">Da sinistra, David Bussagli, Massimo Guasconi e Leonardo Marras<\/div>\n<p>Siena, come ha ricordato Bussagli,\u00a0 &#8220;ha tra le sue eccellenze settori quali ricerca e farmaceutico, ma anche il terziario e grazie a queste misure che la regione toscana coordina, avremo un sensibile impulso per il nostro settore economico&#8221;. Le misure prenderanno il via nelle prossime settimane &#8220;e poi di seguito fino a dicembre, saranno una grande spinta allo sviluppo: <mark>per aumentare la competitivit\u00e0 sui mercati nazionali ed internazionali, per sviluppare innovazioni e nuove applicazioni delle tecnologie, per incrementare la ricerca.<\/mark> Sono certo che il territorio senese, con la sua variet\u00e0 di imprese dalle piccole e medie aziende, alle realt\u00e0 produttive di primo piano nel sistema economico regionale, sapr\u00e0 sfruttarle al meglio\u201d, ha commentato l&#8217;assessore regionale Marras.<\/p>\n<p>Pi\u00f9 nel dettaglio, sono 517 milioni di euro che saranno messi a disposizione delle imprese.<\/p>\n<h3><em>Ricerca e innovazione<\/em><\/h3>\n<p>Nell\u2019ambito dell\u2019obiettivo che punta a sviluppare e rafforzare le capacit\u00e0 di ricerca e di innovazione e l&#8217;introduzione di tecnologie avanzate sono previste tre azioni, per un totale di <strong>240 milioni<\/strong>.<\/p>\n<p>Sostegno per l\u2019acquisto di servizi innovativi per la transizione digitale delle imprese. <mark>I 73 milioni di euro previsti permetteranno a micro, piccole e medie imprese di fare investimenti in innovazione<\/mark> (di processo, di prodotto e organizzativa) attraverso l\u2019acquisto di servizi qualificati, e di carattere strategico o sperimentale su specifici ambiti tecnologici, filiere produttive, aree territoriali e per obiettivi di sostenibilit\u00e0 (economica, sociale e ambientale).<\/p>\n<p>Sostegno agli investimenti in ricerca, sviluppo e innovazione. E\u2019 l\u2019azione che assorbe quasi la met\u00e0 del totale delle risorse a disposizione , con l\u2019obiettivo di rafforzare gli investimenti in ricerca e sviluppo delle imprese attraverso l\u2019introduzione di <strong>tecnologie<\/strong> avanzate anche per favorire la transizione ecologica e sostenendo la cooperazione tra MPMI e grandi imprese e tra imprese e organismi di ricerca, anche in forma aggregata.<\/p>\n<p>Sostegno per la creazione ed il consolidamento di <strong>start-up<\/strong> innovative. Per questa azione ci sono <mark>a disposizione 22,8 milioni che serviranno per dare una mano a realt\u00e0 caratterizzate da alto rischio operativo, scarsit\u00e0 di beni da costituire in garanzia, assenza di storia aziendale e bassa qualit\u00e0 dei dati contabili.<\/mark> Il supporto a queste categorie di imprese sar\u00e0 concentrato nella fase di costituzione e di primo sviluppo nel mercato per consentire loro di avere un accesso pi\u00f9 agevole a canali di finanziamento.<\/p>\n<h3><em>Crescita e competitivit\u00e0<\/em><\/h3>\n<p>Per quanto riguarda l\u2019obiettivo teso a rafforzare la crescita e la competitivit\u00e0 delle piccole e medie imprese ci sono due azioni.<\/p>\n<p>Sostegno all\u2019internazionalizzazione del sistema produttivo. <mark>I 50 milioni resi disponibili potranno essere destinati alle micro, piccole e medie imprese operanti nei settori manifatturiero, turismo e commercio per l\u2019acquisto di servizi di internazionalizzazione<\/mark>: supporto specialistico all\u2019internazionalizzazione; partecipazione a fiere e saloni internazionali; consulenza e promozione attraverso l\u2019utilizzo di uffici o sale espositive all\u2019estero; promozione; supporto all\u2019innovazione commerciale per la fattibilit\u00e0 di presidio su nuovi mercati.<\/p>\n<p>Sostegno agli investimenti produttivi. Ci sono altri 132 milioni per varie iniziative tutte destinate a supportare le micro, piccole e medie imprese nelle fasi di nascita e crescita. Gli incentivi saranno rivolti a favorire <mark>investimenti produttivi (materiali e immateriali), in capitale circolante, in creazione di impresa (con attenzione particolare alle micro e piccole imprese femminili e giovanili) e al rafforzamento patrimoniale.<\/mark> Lo scopo \u00e8 aiutarle a superare i fattori di debolezza strutturale, facilitarne l\u2019accesso al credito o a forme di finanziamento alternative, favorire il consolidamento del sistema produttivo, incentivare processi di transizione tecnologica e digitale, l\u2019adattamento delle produzioni alle caratteristiche dell\u2019economia digitale e la transizione verso un\u2019economia circolare.<\/p>\n","protected":false},"excerpt":{"rendered":"<p>Presentate anche a Siena le misure attivate grazie al nuovo ciclo del Fondo europeo di sviluppo regionale. L&#8217;assessore regionale all&#8217;Economia incontra le categorie<\/p>\n","protected":false},"author":525,"featured_media":73553,"comment_status":"open","ping_status":"open","sticky":false,"template":"","format":"standard","meta":{"_acf_changed":false,"footnotes":""},"categories":[9],"tags":[4482,5008,164],"class_list":["post-293252","post","type-post","status-publish","format-standard","has-post-thumbnail","hentry","category-made-in-toscana","tag-fondi-europei","tag-leonardo-marras","tag-siena"],"acf":[],"yoast_head":"<!-- This site is optimized with the Yoast SEO Premium plugin v24.2 (Yoast SEO v25.6) - https:\/\/yoast.com\/wordpress\/plugins\/seo\/ -->\n<title>Dai fondi europei 500 milioni per le imprese toscane, Marras: &quot;Spinta per competitivit\u00e0 e innovazione&quot; - intoscana<\/title>\n<meta name=\"description\" content=\"Presentate anche a Siena le misure attivate grazie al nuovo ciclo del Fondo europeo di sviluppo regionale. L&#039;assessore regionale all&#039;Economia incontra le categorie\" \/>\n<meta name=\"robots\" content=\"index, follow, max-snippet:-1, max-image-preview:large, max-video-preview:-1\" \/>\n<link rel=\"canonical\" href=\"https:\/\/www.intoscana.it\/it\/dai-fondi-europei-500-milioni-per-le-imprese-toscane-marras-spinta-per-competitivita-e-innovazione\/\" \/>\n<meta property=\"og:locale\" content=\"it_IT\" \/>\n<meta property=\"og:type\" content=\"article\" \/>\n<meta property=\"og:title\" content=\"Dai fondi europei 500 milioni per le imprese toscane, Marras: &quot;Spinta per competitivit\u00e0 e innovazione&quot;\" \/>\n<meta property=\"og:description\" content=\"Presentate anche a Siena le misure attivate grazie al nuovo ciclo del Fondo europeo di sviluppo regionale. L&#039;assessore regionale all&#039;Economia incontra le categorie\" \/>\n<meta property=\"og:url\" content=\"https:\/\/www.intoscana.it\/it\/dai-fondi-europei-500-milioni-per-le-imprese-toscane-marras-spinta-per-competitivita-e-innovazione\/\" \/>\n<meta property=\"og:site_name\" content=\"intoscana\" \/>\n<meta property=\"article:publisher\" content=\"https:\/\/www.facebook.com\/intoscana.it\" \/>\n<meta property=\"article:published_time\" content=\"2023-06-26T09:40:23+00:00\" \/>\n<meta property=\"article:modified_time\" content=\"2023-06-27T10:22:12+00:00\" \/>\n<meta property=\"og:image\" content=\"https:\/\/www.intoscana.it\/wp-content\/uploads\/creazione-impresa-consulenza-societaria-1.png\" \/>\n\t<meta property=\"og:image:width\" content=\"1000\" \/>\n\t<meta property=\"og:image:height\" content=\"417\" \/>\n\t<meta property=\"og:image:type\" content=\"image\/png\" \/>\n<meta name=\"author\" content=\"Redazione\" \/>\n<meta name=\"twitter:card\" content=\"summary_large_image\" \/>\n<meta name=\"twitter:creator\" content=\"@intoscana\" \/>\n<meta name=\"twitter:site\" content=\"@intoscana\" \/>\n<meta name=\"twitter:label1\" content=\"Written by\" \/>\n\t<meta name=\"twitter:data1\" content=\"Redazione\" \/>\n\t<meta name=\"twitter:label2\" content=\"Est. reading time\" \/>\n\t<meta name=\"twitter:data2\" content=\"4 minuti\" \/>\n<script type=\"application\/ld+json\" class=\"yoast-schema-graph\">{\"@context\":\"https:\/\/schema.org\",\"@graph\":[{\"@type\":\"WebPage\",\"@id\":\"https:\/\/www.intoscana.it\/it\/dai-fondi-europei-500-milioni-per-le-imprese-toscane-marras-spinta-per-competitivita-e-innovazione\/\",\"url\":\"https:\/\/www.intoscana.it\/it\/dai-fondi-europei-500-milioni-per-le-imprese-toscane-marras-spinta-per-competitivita-e-innovazione\/\",\"name\":\"Dai fondi europei 500 milioni per le imprese toscane, Marras: \\\"Spinta per competitivit\u00e0 e innovazione\\\" - intoscana\",\"isPartOf\":{\"@id\":\"https:\/\/www.intoscana.it\/it\/#website\"},\"primaryImageOfPage\":{\"@id\":\"https:\/\/www.intoscana.it\/it\/dai-fondi-europei-500-milioni-per-le-imprese-toscane-marras-spinta-per-competitivita-e-innovazione\/#primaryimage\"},\"image\":{\"@id\":\"https:\/\/www.intoscana.it\/it\/dai-fondi-europei-500-milioni-per-le-imprese-toscane-marras-spinta-per-competitivita-e-innovazione\/#primaryimage\"},\"thumbnailUrl\":\"https:\/\/www.intoscana.it\/wp-content\/uploads\/creazione-impresa-consulenza-societaria-1.png\",\"datePublished\":\"2023-06-26T09:40:23+00:00\",\"dateModified\":\"2023-06-27T10:22:12+00:00\",\"author\":{\"@id\":\"https:\/\/www.intoscana.it\/it\/#\/schema\/person\/9223810753230f20bd670fdd322661f8\"},\"description\":\"Presentate anche a Siena le misure attivate grazie al nuovo ciclo del Fondo europeo di sviluppo regionale. L'assessore regionale all'Economia incontra le categorie\",\"breadcrumb\":{\"@id\":\"https:\/\/www.intoscana.it\/it\/dai-fondi-europei-500-milioni-per-le-imprese-toscane-marras-spinta-per-competitivita-e-innovazione\/#breadcrumb\"},\"inLanguage\":\"it-IT\",\"potentialAction\":[{\"@type\":\"ReadAction\",\"target\":[\"https:\/\/www.intoscana.it\/it\/dai-fondi-europei-500-milioni-per-le-imprese-toscane-marras-spinta-per-competitivita-e-innovazione\/\"]}]},{\"@type\":\"ImageObject\",\"inLanguage\":\"it-IT\",\"@id\":\"https:\/\/www.intoscana.it\/it\/dai-fondi-europei-500-milioni-per-le-imprese-toscane-marras-spinta-per-competitivita-e-innovazione\/#primaryimage\",\"url\":\"https:\/\/www.intoscana.it\/wp-content\/uploads\/creazione-impresa-consulenza-societaria-1.png\",\"contentUrl\":\"https:\/\/www.intoscana.it\/wp-content\/uploads\/creazione-impresa-consulenza-societaria-1.png\",\"width\":1000,\"height\":417},{\"@type\":\"BreadcrumbList\",\"@id\":\"https:\/\/www.intoscana.it\/it\/dai-fondi-europei-500-milioni-per-le-imprese-toscane-marras-spinta-per-competitivita-e-innovazione\/#breadcrumb\",\"itemListElement\":[{\"@type\":\"ListItem\",\"position\":1,\"name\":\"Home\",\"item\":\"https:\/\/www.intoscana.it\/it\/\"},{\"@type\":\"ListItem\",\"position\":2,\"name\":\"Dai fondi europei 500 milioni per le imprese toscane, Marras: &#8220;Spinta per competitivit\u00e0 e innovazione&#8221;\"}]},{\"@type\":\"WebSite\",\"@id\":\"https:\/\/www.intoscana.it\/it\/#website\",\"url\":\"https:\/\/www.intoscana.it\/it\/\",\"name\":\"intoscana\",\"description\":\"\",\"potentialAction\":[{\"@type\":\"SearchAction\",\"target\":{\"@type\":\"EntryPoint\",\"urlTemplate\":\"https:\/\/www.intoscana.it\/it\/?s={search_term_string}\"},\"query-input\":{\"@type\":\"PropertyValueSpecification\",\"valueRequired\":true,\"valueName\":\"search_term_string\"}}],\"inLanguage\":\"it-IT\"},{\"@type\":\"Person\",\"@id\":\"https:\/\/www.intoscana.it\/it\/#\/schema\/person\/9223810753230f20bd670fdd322661f8\",\"name\":\"Redazione\",\"url\":\"https:\/\/www.intoscana.it\/it\/author\/redazione\/\"}]}<\/script>\n<!-- \/ Yoast SEO Premium plugin. -->","yoast_head_json":{"title":"Dai fondi europei 500 milioni per le imprese toscane, Marras: \"Spinta per competitivit\u00e0 e innovazione\" - intoscana","description":"Presentate anche a Siena le misure attivate grazie al nuovo ciclo del Fondo europeo di sviluppo regionale. L'assessore regionale all'Economia incontra le categorie","robots":{"index":"index","follow":"follow","max-snippet":"max-snippet:-1","max-image-preview":"max-image-preview:large","max-video-preview":"max-video-preview:-1"},"canonical":"https:\/\/www.intoscana.it\/it\/dai-fondi-europei-500-milioni-per-le-imprese-toscane-marras-spinta-per-competitivita-e-innovazione\/","og_locale":"it_IT","og_type":"article","og_title":"Dai fondi europei 500 milioni per le imprese toscane, Marras: \"Spinta per competitivit\u00e0 e innovazione\"","og_description":"Presentate anche a Siena le misure attivate grazie al nuovo ciclo del Fondo europeo di sviluppo regionale. L'assessore regionale all'Economia incontra le categorie","og_url":"https:\/\/www.intoscana.it\/it\/dai-fondi-europei-500-milioni-per-le-imprese-toscane-marras-spinta-per-competitivita-e-innovazione\/","og_site_name":"intoscana","article_publisher":"https:\/\/www.facebook.com\/intoscana.it","article_published_time":"2023-06-26T09:40:23+00:00","article_modified_time":"2023-06-27T10:22:12+00:00","og_image":[{"width":1000,"height":417,"url":"https:\/\/www.intoscana.it\/wp-content\/uploads\/creazione-impresa-consulenza-societaria-1.png","type":"image\/png"}],"author":"Redazione","twitter_card":"summary_large_image","twitter_creator":"@intoscana","twitter_site":"@intoscana","twitter_misc":{"Written by":"Redazione","Est. reading time":"4 minuti"},"schema":{"@context":"https:\/\/schema.org","@graph":[{"@type":"WebPage","@id":"https:\/\/www.intoscana.it\/it\/dai-fondi-europei-500-milioni-per-le-imprese-toscane-marras-spinta-per-competitivita-e-innovazione\/","url":"https:\/\/www.intoscana.it\/it\/dai-fondi-europei-500-milioni-per-le-imprese-toscane-marras-spinta-per-competitivita-e-innovazione\/","name":"Dai fondi europei 500 milioni per le imprese toscane, Marras: \"Spinta per competitivit\u00e0 e innovazione\" - intoscana","isPartOf":{"@id":"https:\/\/www.intoscana.it\/it\/#website"},"primaryImageOfPage":{"@id":"https:\/\/www.intoscana.it\/it\/dai-fondi-europei-500-milioni-per-le-imprese-toscane-marras-spinta-per-competitivita-e-innovazione\/#primaryimage"},"image":{"@id":"https:\/\/www.intoscana.it\/it\/dai-fondi-europei-500-milioni-per-le-imprese-toscane-marras-spinta-per-competitivita-e-innovazione\/#primaryimage"},"thumbnailUrl":"https:\/\/www.intoscana.it\/wp-content\/uploads\/creazione-impresa-consulenza-societaria-1.png","datePublished":"2023-06-26T09:40:23+00:00","dateModified":"2023-06-27T10:22:12+00:00","author":{"@id":"https:\/\/www.intoscana.it\/it\/#\/schema\/person\/9223810753230f20bd670fdd322661f8"},"description":"Presentate anche a Siena le misure attivate grazie al nuovo ciclo del Fondo europeo di sviluppo regionale. L'assessore regionale all'Economia incontra le categorie","breadcrumb":{"@id":"https:\/\/www.intoscana.it\/it\/dai-fondi-europei-500-milioni-per-le-imprese-toscane-marras-spinta-per-competitivita-e-innovazione\/#breadcrumb"},"inLanguage":"it-IT","potentialAction":[{"@type":"ReadAction","target":["https:\/\/www.intoscana.it\/it\/dai-fondi-europei-500-milioni-per-le-imprese-toscane-marras-spinta-per-competitivita-e-innovazione\/"]}]},{"@type":"ImageObject","inLanguage":"it-IT","@id":"https:\/\/www.intoscana.it\/it\/dai-fondi-europei-500-milioni-per-le-imprese-toscane-marras-spinta-per-competitivita-e-innovazione\/#primaryimage","url":"https:\/\/www.intoscana.it\/wp-content\/uploads\/creazione-impresa-consulenza-societaria-1.png","contentUrl":"https:\/\/www.intoscana.it\/wp-content\/uploads\/creazione-impresa-consulenza-societaria-1.png","width":1000,"height":417},{"@type":"BreadcrumbList","@id":"https:\/\/www.intoscana.it\/it\/dai-fondi-europei-500-milioni-per-le-imprese-toscane-marras-spinta-per-competitivita-e-innovazione\/#breadcrumb","itemListElement":[{"@type":"ListItem","position":1,"name":"Home","item":"https:\/\/www.intoscana.it\/it\/"},{"@type":"ListItem","position":2,"name":"Dai fondi europei 500 milioni per le imprese toscane, Marras: &#8220;Spinta per competitivit\u00e0 e innovazione&#8221;"}]},{"@type":"WebSite","@id":"https:\/\/www.intoscana.it\/it\/#website","url":"https:\/\/www.intoscana.it\/it\/","name":"intoscana","description":"","potentialAction":[{"@type":"SearchAction","target":{"@type":"EntryPoint","urlTemplate":"https:\/\/www.intoscana.it\/it\/?s={search_term_string}"},"query-input":{"@type":"PropertyValueSpecification","valueRequired":true,"valueName":"search_term_string"}}],"inLanguage":"it-IT"},{"@type":"Person","@id":"https:\/\/www.intoscana.it\/it\/#\/schema\/person\/9223810753230f20bd670fdd322661f8","name":"Redazione","url":"https:\/\/www.intoscana.it\/it\/author\/redazione\/"}]}},"_links":{"self":[{"href":"https:\/\/www.intoscana.it\/it\/wp-json\/wp\/v2\/posts\/293252","targetHints":{"allow":["GET"]}}],"collection":[{"href":"https:\/\/www.intoscana.it\/it\/wp-json\/wp\/v2\/posts"}],"about":[{"href":"https:\/\/www.intoscana.it\/it\/wp-json\/wp\/v2\/types\/post"}],"author":[{"embeddable":true,"href":"https:\/\/www.intoscana.it\/it\/wp-json\/wp\/v2\/users\/525"}],"replies":[{"embeddable":true,"href":"https:\/\/www.intoscana.it\/it\/wp-json\/wp\/v2\/comments?post=293252"}],"version-history":[{"count":0,"href":"https:\/\/www.intoscana.it\/it\/wp-json\/wp\/v2\/posts\/293252\/revisions"}],"wp:featuredmedia":[{"embeddable":true,"href":"https:\/\/www.intoscana.it\/it\/wp-json\/wp\/v2\/media\/73553"}],"wp:attachment":[{"href":"https:\/\/www.intoscana.it\/it\/wp-json\/wp\/v2\/media?parent=293252"}],"wp:term":[{"taxonomy":"category","embeddable":true,"href":"https:\/\/www.intoscana.it\/it\/wp-json\/wp\/v2\/categories?post=293252"},{"taxonomy":"post_tag","embeddable":true,"href":"https:\/\/www.intoscana.it\/it\/wp-json\/wp\/v2\/tags?post=293252"}],"curies":[{"name":"wp","href":"https:\/\/api.w.org\/{rel}","templated":true}]}}