{"id":293321,"date":"2023-06-26T15:41:10","date_gmt":"2023-06-26T13:41:10","guid":{"rendered":"https:\/\/www.intoscana.it\/it\/?p=293321"},"modified":"2023-06-26T15:44:26","modified_gmt":"2023-06-26T13:44:26","slug":"a-certaldo-nasce-vocabo-il-primo-vocabolario-digitale-della-lingua-di-boccaccio","status":"publish","type":"post","link":"https:\/\/www.intoscana.it\/it\/a-certaldo-nasce-vocabo-il-primo-vocabolario-digitale-della-lingua-di-boccaccio\/","title":{"rendered":"A Certaldo nasce &#8220;VocaBO&#8221; il primo vocabolario digitale della lingua di Boccaccio"},"content":{"rendered":"<p><strong>Oltre 6500 parole classificate una ad una<\/strong>\u00a0sono questi i numeri di un&#8217;operazione mai fatta prima: lo studio di tutte le parole contenute nel <em><strong>Decameron<\/strong><\/em> l&#8217;opera pi\u00f9 importante di<strong> Giovanni Boccaccio.\u00a0<\/strong><\/p>\n<p>Questo \u00e8 lo scopo del<em><strong> &#8220;VocaBO&#8221;<\/strong><\/em>\u00a0il primo vocabolario online che analizzer\u00e0 la lingua del grande autore del Trecento, padre della lingua e della letteratura italiana insieme a <strong>Dante e Petrarca <\/strong>che sar\u00e0 svelato per la prima volta nel 2025,\u00a0un modo importante di celebrare il <strong>650\u00b0 anniversario della morte di Boccaccio.<\/strong><\/p>\n<p>L&#8217;impresa \u00e8 promossa dall&#8217;<strong>Ente Nazionale Giovanni Boccaccio insieme all&#8217;Universit\u00e0 per Stranieri di Siena<\/strong> in collaborazione con l&#8217;<strong>Istituto di Linguistica Computazionale del CNR &#8211; ILC &#8220;Antonio Zampolli&#8221; di Pisa<\/strong>\u00a0e l&#8217;<strong>Accademia della Crusca.<\/strong><\/p>\n<p>Il progetto, iniziato alla fine del 2022, \u00e8 diretto dalla <strong>presidente dell&#8217;Ente Boccaccio Giovanna Frosini,<\/strong>\u00a0la caporedattrice \u00e8 <strong>Veronica Ricotta<\/strong>, mentre le ricercatrici sono al momento<strong> Claudia Palmieri<\/strong>, assegnista, ed <strong>Ester Baldi,<\/strong> dottoranda; referente per il CNR-ILC \u00e8 <strong>Cosimo Burgassi.<\/strong><\/p>\n<p>Un grande impegno, che si spera possa incrementarsi con nuovi ricercatori e nuove risorse, e che \u00e8 rivolto a tutti: <strong>studenti, ricercatori, professori, insegnanti oppure semplici appassionati.<\/strong><\/p>\n<p><em>\u201cSiamo di fronte ad un padre della lingua italiana \u2013<\/em><strong> ha detto il presidente Eugenio Giani <\/strong><em>&#8211; il primo nella storia della letteratura che si \u00e8 cimentato con un testo organico in prosa. Grazie all\u2019iniziativa meritoria dell\u2019Ente Nazionale Giovanni Boccaccio con la creazione del Vocabolario digitale, per la prima volta avremo la lingua del Decameron digitalizzata e valorizzata. Si tratta di un progetto tale che vedr\u00e0 un riconoscimento anche in Senato, dove sar\u00e0 presentato fra pochi giorni grazie al senatore Dario Parrini, un risultato che d\u00e0 la giusta importanza alla lungimiranza e all\u2019impegno dell\u2019Ente nazionale Boccaccio, degli studiosi e dei ricercatori che hanno lavorato strenuamente, e al nostro autore di cui nel 2025 cadranno i 650 anni dalla morte, anniversario che la Toscana sta gi\u00e0 scaldando i motori per celebrare\u201d.<\/em><\/p>\n<figure id=\"post-293347 media-293347\" class=\"align-none\"><img decoding=\"async\" src=\"https:\/\/www.intoscana.it\/wp-content\/uploads\/417.jpg\" alt=\"\" \/><\/figure>\n<div class=\"titleimg\">Casa Boccaccio<\/div>\n<h3>L&#8217;Ente Nazionale Giovanni Boccaccio<\/h3>\n<p>Ormai da tanti anni l&#8217;<a href=\"https:\/\/www.enteboccaccio.it\/s\/ente-boccaccio\/page\/home\" target=\"_blank\" rel=\"noopener\"><strong>Ente Nazionale Giovanni Boccaccio<\/strong><\/a> porta avanti <strong>un&#8217;intensa attivit\u00e0 di ricerca scientifica,<\/strong> in collaborazione con Universit\u00e0 e Istituzioni italiane ed estere, come la <strong>Scuola estiva e il Seminario internazionale per giovani ricercatori<\/strong>, nonch\u00e9 il <strong>Premio Tesi per tesi di Laurea e di Dottorato.<\/strong><\/p>\n<p>Rientra nelle finalit\u00e0 dell&#8217;Ente anche una<strong> importante attivit\u00e0 didattica con le scuole del territorio<\/strong>, per divulgare la figura di Boccaccio attraverso molteplici iniziative. Tra queste, merita anticipare il progetto per la realizzazione di una audioguida <em><strong>&#8220;Casa Boccaccio 2.0&#8221;<\/strong><\/em> da parte delle classi II della scuola media di Certaldo, che sar\u00e0 presentato in autunno.<\/p>\n<p>Un programma molto nutrito, dunque, che ha al suo centro<strong> Casa Boccaccio a Certaldo,<\/strong> che ospita non solo <strong>mostre, convegni, lezioni e seminari,<\/strong>\u00a0<strong>laboratori e visite guidate<\/strong> ma anche la <strong>lettura pubblica delle Novelle del Boccaccio<\/strong>\u00a0un&#8217;attivit\u00e0 che ha compiuto 18 anni e che si concluder\u00e0 a dicembre con l&#8217;evento di commemorazione dell&#8217;anniversario della morte di Giovanni Boccaccio (21 dicembre 1375).<\/p>\n<p><strong>Da marted\u00ec 27 giugno fino a venerd\u00ec 30 giugno<\/strong> torna anche la \u00a0<strong>&#8220;Scuola estiva&#8221; rivolta a giovani studiosi e dedicata all&#8217;opera di Boccaccio<\/strong>, tra le pi\u00f9 accreditate a livello nazionale ed internazionale, che vede la partecipazione, tra i candidati ammessi, di uno studioso americano proveniente dall&#8217;<strong>Universit\u00e0 di Harvard, Cambridge (Massachusetts),<\/strong> e di una studiosa giapponese dell&#8217;<strong>Universit\u00e0 di Kyoto.\u00a0<\/strong><\/p>\n<p><em>\u201cIl progetto del VocaBO &#8211; <\/em><strong>ha sottolineato la presidente dell\u2019Ente Boccaccio Giovanna Frosini <\/strong><em>&#8211; si qualifica come un progetto strategico dell&#8217;Ente Nazionale Giovanni Boccaccio verso il centenario del 2025, e altri lo accompagneranno. Iniziato ancora sotto la presidenza di Stefano Zamponi, che lungamente ha guidato l&#8217;Ente con determinazione ed efficacia, si propone di potenziare il fronte della ricerca digitale, e di sostenere i giovani studiosi. Il \u201cVocaBO\u201d riconosce in Boccaccio il padre della prosa italiana, modello per tutta l&#8217;Europa, e ne indaga per la prima volta in modo sistematico il lessico e la lingua, inoltre pu\u00f2 tenere conto della parte autografa del poeta, qualificando il \u201cVocaBO\u201d come un vero e proprio vocabolario d\u2019autore\u201d.<\/em><\/p>\n","protected":false},"excerpt":{"rendered":"<p>Nel 2025 in occasione del 650esimo anniversario della morte di Giovanni Boccaccio sar\u00e0 presentata la prima classificazione al mondo di tutte le parole usate dal grande scrittore toscano nel Decameron<\/p>\n","protected":false},"author":518,"featured_media":143612,"comment_status":"open","ping_status":"open","sticky":false,"template":"","format":"standard","meta":{"_acf_changed":false,"footnotes":""},"categories":[493],"tags":[210,5262,151],"class_list":["post-293321","post","type-post","status-publish","format-standard","has-post-thumbnail","hentry","category-cultura","tag-libri","tag-nuove-tecnologie","tag-regione-toscana"],"acf":[],"yoast_head":"<!-- This site is optimized with the Yoast SEO Premium plugin v24.2 (Yoast SEO v25.6) - https:\/\/yoast.com\/wordpress\/plugins\/seo\/ -->\n<title>A Certaldo nasce &quot;VocaBO&quot; il primo vocabolario digitale della lingua di Boccaccio - intoscana<\/title>\n<meta name=\"description\" content=\"Nel 2025 in occasione del 650esimo anniversario della morte di Giovanni Boccaccio sar\u00e0 presentata la prima classificazione\" \/>\n<meta name=\"robots\" content=\"index, follow, max-snippet:-1, max-image-preview:large, max-video-preview:-1\" \/>\n<link rel=\"canonical\" href=\"https:\/\/www.intoscana.it\/it\/a-certaldo-nasce-vocabo-il-primo-vocabolario-digitale-della-lingua-di-boccaccio\/\" \/>\n<meta property=\"og:locale\" content=\"it_IT\" \/>\n<meta property=\"og:type\" content=\"article\" \/>\n<meta property=\"og:title\" content=\"A Certaldo nasce &quot;VocaBO&quot; il primo vocabolario digitale della lingua di Boccaccio\" \/>\n<meta property=\"og:description\" content=\"Nel 2025 in occasione del 650esimo anniversario della morte di Giovanni Boccaccio sar\u00e0 presentata la prima classificazione\" \/>\n<meta property=\"og:url\" content=\"https:\/\/www.intoscana.it\/it\/a-certaldo-nasce-vocabo-il-primo-vocabolario-digitale-della-lingua-di-boccaccio\/\" \/>\n<meta property=\"og:site_name\" content=\"intoscana\" \/>\n<meta property=\"article:publisher\" content=\"https:\/\/www.facebook.com\/intoscana.it\" \/>\n<meta property=\"article:published_time\" content=\"2023-06-26T13:41:10+00:00\" \/>\n<meta property=\"article:modified_time\" content=\"2023-06-26T13:44:26+00:00\" \/>\n<meta property=\"og:image\" content=\"https:\/\/www.intoscana.it\/wp-content\/uploads\/decameron-1.jpg\" \/>\n\t<meta property=\"og:image:width\" content=\"1000\" \/>\n\t<meta property=\"og:image:height\" content=\"630\" \/>\n\t<meta property=\"og:image:type\" content=\"image\/jpeg\" \/>\n<meta name=\"author\" content=\"Costanza Baldini\" \/>\n<meta name=\"twitter:card\" content=\"summary_large_image\" \/>\n<meta name=\"twitter:creator\" content=\"@intoscana\" \/>\n<meta name=\"twitter:site\" content=\"@intoscana\" \/>\n<meta name=\"twitter:label1\" content=\"Written by\" \/>\n\t<meta name=\"twitter:data1\" content=\"Costanza Baldini\" \/>\n\t<meta name=\"twitter:label2\" content=\"Est. reading time\" \/>\n\t<meta name=\"twitter:data2\" content=\"3 minuti\" \/>\n<script type=\"application\/ld+json\" class=\"yoast-schema-graph\">{\"@context\":\"https:\/\/schema.org\",\"@graph\":[{\"@type\":\"WebPage\",\"@id\":\"https:\/\/www.intoscana.it\/it\/a-certaldo-nasce-vocabo-il-primo-vocabolario-digitale-della-lingua-di-boccaccio\/\",\"url\":\"https:\/\/www.intoscana.it\/it\/a-certaldo-nasce-vocabo-il-primo-vocabolario-digitale-della-lingua-di-boccaccio\/\",\"name\":\"A Certaldo nasce \\\"VocaBO\\\" il primo vocabolario digitale della lingua di Boccaccio - intoscana\",\"isPartOf\":{\"@id\":\"https:\/\/www.intoscana.it\/it\/#website\"},\"primaryImageOfPage\":{\"@id\":\"https:\/\/www.intoscana.it\/it\/a-certaldo-nasce-vocabo-il-primo-vocabolario-digitale-della-lingua-di-boccaccio\/#primaryimage\"},\"image\":{\"@id\":\"https:\/\/www.intoscana.it\/it\/a-certaldo-nasce-vocabo-il-primo-vocabolario-digitale-della-lingua-di-boccaccio\/#primaryimage\"},\"thumbnailUrl\":\"https:\/\/www.intoscana.it\/wp-content\/uploads\/decameron-1.jpg\",\"datePublished\":\"2023-06-26T13:41:10+00:00\",\"dateModified\":\"2023-06-26T13:44:26+00:00\",\"author\":{\"@id\":\"https:\/\/www.intoscana.it\/it\/#\/schema\/person\/d469f35f09739bdf00bf5dd3f0647a82\"},\"description\":\"Nel 2025 in occasione del 650esimo anniversario della morte di Giovanni Boccaccio sar\u00e0 presentata la prima classificazione\",\"breadcrumb\":{\"@id\":\"https:\/\/www.intoscana.it\/it\/a-certaldo-nasce-vocabo-il-primo-vocabolario-digitale-della-lingua-di-boccaccio\/#breadcrumb\"},\"inLanguage\":\"it-IT\",\"potentialAction\":[{\"@type\":\"ReadAction\",\"target\":[\"https:\/\/www.intoscana.it\/it\/a-certaldo-nasce-vocabo-il-primo-vocabolario-digitale-della-lingua-di-boccaccio\/\"]}]},{\"@type\":\"ImageObject\",\"inLanguage\":\"it-IT\",\"@id\":\"https:\/\/www.intoscana.it\/it\/a-certaldo-nasce-vocabo-il-primo-vocabolario-digitale-della-lingua-di-boccaccio\/#primaryimage\",\"url\":\"https:\/\/www.intoscana.it\/wp-content\/uploads\/decameron-1.jpg\",\"contentUrl\":\"https:\/\/www.intoscana.it\/wp-content\/uploads\/decameron-1.jpg\",\"width\":1000,\"height\":630,\"caption\":\"Decameron, Boccaccio\"},{\"@type\":\"BreadcrumbList\",\"@id\":\"https:\/\/www.intoscana.it\/it\/a-certaldo-nasce-vocabo-il-primo-vocabolario-digitale-della-lingua-di-boccaccio\/#breadcrumb\",\"itemListElement\":[{\"@type\":\"ListItem\",\"position\":1,\"name\":\"Home\",\"item\":\"https:\/\/www.intoscana.it\/it\/\"},{\"@type\":\"ListItem\",\"position\":2,\"name\":\"A Certaldo nasce &#8220;VocaBO&#8221; il primo vocabolario digitale della lingua di Boccaccio\"}]},{\"@type\":\"WebSite\",\"@id\":\"https:\/\/www.intoscana.it\/it\/#website\",\"url\":\"https:\/\/www.intoscana.it\/it\/\",\"name\":\"intoscana\",\"description\":\"\",\"potentialAction\":[{\"@type\":\"SearchAction\",\"target\":{\"@type\":\"EntryPoint\",\"urlTemplate\":\"https:\/\/www.intoscana.it\/it\/?s={search_term_string}\"},\"query-input\":{\"@type\":\"PropertyValueSpecification\",\"valueRequired\":true,\"valueName\":\"search_term_string\"}}],\"inLanguage\":\"it-IT\"},{\"@type\":\"Person\",\"@id\":\"https:\/\/www.intoscana.it\/it\/#\/schema\/person\/d469f35f09739bdf00bf5dd3f0647a82\",\"name\":\"Costanza Baldini\",\"url\":\"https:\/\/www.intoscana.it\/it\/author\/costanza-baldini\/\"}]}<\/script>\n<!-- \/ Yoast SEO Premium plugin. -->","yoast_head_json":{"title":"A Certaldo nasce \"VocaBO\" il primo vocabolario digitale della lingua di Boccaccio - intoscana","description":"Nel 2025 in occasione del 650esimo anniversario della morte di Giovanni Boccaccio sar\u00e0 presentata la prima classificazione","robots":{"index":"index","follow":"follow","max-snippet":"max-snippet:-1","max-image-preview":"max-image-preview:large","max-video-preview":"max-video-preview:-1"},"canonical":"https:\/\/www.intoscana.it\/it\/a-certaldo-nasce-vocabo-il-primo-vocabolario-digitale-della-lingua-di-boccaccio\/","og_locale":"it_IT","og_type":"article","og_title":"A Certaldo nasce \"VocaBO\" il primo vocabolario digitale della lingua di Boccaccio","og_description":"Nel 2025 in occasione del 650esimo anniversario della morte di Giovanni Boccaccio sar\u00e0 presentata la prima classificazione","og_url":"https:\/\/www.intoscana.it\/it\/a-certaldo-nasce-vocabo-il-primo-vocabolario-digitale-della-lingua-di-boccaccio\/","og_site_name":"intoscana","article_publisher":"https:\/\/www.facebook.com\/intoscana.it","article_published_time":"2023-06-26T13:41:10+00:00","article_modified_time":"2023-06-26T13:44:26+00:00","og_image":[{"width":1000,"height":630,"url":"https:\/\/www.intoscana.it\/wp-content\/uploads\/decameron-1.jpg","type":"image\/jpeg"}],"author":"Costanza Baldini","twitter_card":"summary_large_image","twitter_creator":"@intoscana","twitter_site":"@intoscana","twitter_misc":{"Written by":"Costanza Baldini","Est. reading time":"3 minuti"},"schema":{"@context":"https:\/\/schema.org","@graph":[{"@type":"WebPage","@id":"https:\/\/www.intoscana.it\/it\/a-certaldo-nasce-vocabo-il-primo-vocabolario-digitale-della-lingua-di-boccaccio\/","url":"https:\/\/www.intoscana.it\/it\/a-certaldo-nasce-vocabo-il-primo-vocabolario-digitale-della-lingua-di-boccaccio\/","name":"A Certaldo nasce \"VocaBO\" il primo vocabolario digitale della lingua di Boccaccio - intoscana","isPartOf":{"@id":"https:\/\/www.intoscana.it\/it\/#website"},"primaryImageOfPage":{"@id":"https:\/\/www.intoscana.it\/it\/a-certaldo-nasce-vocabo-il-primo-vocabolario-digitale-della-lingua-di-boccaccio\/#primaryimage"},"image":{"@id":"https:\/\/www.intoscana.it\/it\/a-certaldo-nasce-vocabo-il-primo-vocabolario-digitale-della-lingua-di-boccaccio\/#primaryimage"},"thumbnailUrl":"https:\/\/www.intoscana.it\/wp-content\/uploads\/decameron-1.jpg","datePublished":"2023-06-26T13:41:10+00:00","dateModified":"2023-06-26T13:44:26+00:00","author":{"@id":"https:\/\/www.intoscana.it\/it\/#\/schema\/person\/d469f35f09739bdf00bf5dd3f0647a82"},"description":"Nel 2025 in occasione del 650esimo anniversario della morte di Giovanni Boccaccio sar\u00e0 presentata la prima classificazione","breadcrumb":{"@id":"https:\/\/www.intoscana.it\/it\/a-certaldo-nasce-vocabo-il-primo-vocabolario-digitale-della-lingua-di-boccaccio\/#breadcrumb"},"inLanguage":"it-IT","potentialAction":[{"@type":"ReadAction","target":["https:\/\/www.intoscana.it\/it\/a-certaldo-nasce-vocabo-il-primo-vocabolario-digitale-della-lingua-di-boccaccio\/"]}]},{"@type":"ImageObject","inLanguage":"it-IT","@id":"https:\/\/www.intoscana.it\/it\/a-certaldo-nasce-vocabo-il-primo-vocabolario-digitale-della-lingua-di-boccaccio\/#primaryimage","url":"https:\/\/www.intoscana.it\/wp-content\/uploads\/decameron-1.jpg","contentUrl":"https:\/\/www.intoscana.it\/wp-content\/uploads\/decameron-1.jpg","width":1000,"height":630,"caption":"Decameron, Boccaccio"},{"@type":"BreadcrumbList","@id":"https:\/\/www.intoscana.it\/it\/a-certaldo-nasce-vocabo-il-primo-vocabolario-digitale-della-lingua-di-boccaccio\/#breadcrumb","itemListElement":[{"@type":"ListItem","position":1,"name":"Home","item":"https:\/\/www.intoscana.it\/it\/"},{"@type":"ListItem","position":2,"name":"A Certaldo nasce &#8220;VocaBO&#8221; il primo vocabolario digitale della lingua di Boccaccio"}]},{"@type":"WebSite","@id":"https:\/\/www.intoscana.it\/it\/#website","url":"https:\/\/www.intoscana.it\/it\/","name":"intoscana","description":"","potentialAction":[{"@type":"SearchAction","target":{"@type":"EntryPoint","urlTemplate":"https:\/\/www.intoscana.it\/it\/?s={search_term_string}"},"query-input":{"@type":"PropertyValueSpecification","valueRequired":true,"valueName":"search_term_string"}}],"inLanguage":"it-IT"},{"@type":"Person","@id":"https:\/\/www.intoscana.it\/it\/#\/schema\/person\/d469f35f09739bdf00bf5dd3f0647a82","name":"Costanza Baldini","url":"https:\/\/www.intoscana.it\/it\/author\/costanza-baldini\/"}]}},"_links":{"self":[{"href":"https:\/\/www.intoscana.it\/it\/wp-json\/wp\/v2\/posts\/293321","targetHints":{"allow":["GET"]}}],"collection":[{"href":"https:\/\/www.intoscana.it\/it\/wp-json\/wp\/v2\/posts"}],"about":[{"href":"https:\/\/www.intoscana.it\/it\/wp-json\/wp\/v2\/types\/post"}],"author":[{"embeddable":true,"href":"https:\/\/www.intoscana.it\/it\/wp-json\/wp\/v2\/users\/518"}],"replies":[{"embeddable":true,"href":"https:\/\/www.intoscana.it\/it\/wp-json\/wp\/v2\/comments?post=293321"}],"version-history":[{"count":0,"href":"https:\/\/www.intoscana.it\/it\/wp-json\/wp\/v2\/posts\/293321\/revisions"}],"wp:featuredmedia":[{"embeddable":true,"href":"https:\/\/www.intoscana.it\/it\/wp-json\/wp\/v2\/media\/143612"}],"wp:attachment":[{"href":"https:\/\/www.intoscana.it\/it\/wp-json\/wp\/v2\/media?parent=293321"}],"wp:term":[{"taxonomy":"category","embeddable":true,"href":"https:\/\/www.intoscana.it\/it\/wp-json\/wp\/v2\/categories?post=293321"},{"taxonomy":"post_tag","embeddable":true,"href":"https:\/\/www.intoscana.it\/it\/wp-json\/wp\/v2\/tags?post=293321"}],"curies":[{"name":"wp","href":"https:\/\/api.w.org\/{rel}","templated":true}]}}