{"id":293325,"date":"2023-06-26T17:33:55","date_gmt":"2023-06-26T15:33:55","guid":{"rendered":"https:\/\/www.intoscana.it\/it\/?p=293325"},"modified":"2023-06-26T17:33:55","modified_gmt":"2023-06-26T15:33:55","slug":"red-montalcino-il-rosso-conquista-la-fortezza-per-le-degustazioni","status":"publish","type":"post","link":"https:\/\/www.intoscana.it\/it\/red-montalcino-il-rosso-conquista-la-fortezza-per-le-degustazioni\/","title":{"rendered":"Red Montalcino, il Rosso conquista la Fortezza per le degustazioni"},"content":{"rendered":"<p style=\"font-weight: 400;\">Una festa per i wine lovers pronti a conquistare la <strong>Fortezza di Montalcino<\/strong> per l&#8217;evento del Consorzio interamente dedicata al <strong>Rosso<\/strong> della denominazione. <strong>Sabato 15 luglio<\/strong> l&#8217;appuntamento \u00e8 con <strong>Red Montalcino<\/strong>. Dal tardo pomeriggio degustazioni, specialit\u00e0 gastronomiche e a tarda sera mixology.<\/p>\n<p style=\"font-weight: 400;\">\u201c<em>Abbiamo pensato<\/em> \u2013 ha detto il presidente del Consorzio del vino Brunello di Montalcino, <strong>Fabrizio Bindocci<\/strong> \u2013 <em>a un evento inclusivo anche per i winelover in grado di evidenziare l\u2019anima versatile e identitaria di un prodotto che sta raggiungendo la piena maturit\u00e0 qualitativa. E i risultati sono evidenti. Red Montalcino sar\u00e0 ospitato per la prima volta nella Fortezza simbolo della Rocca senese, e qui il racconto sar\u00e0 affidato direttamente ai produttori e ai loro vini<\/em>\u201d.<\/p>\n<h3>Il programma del 15 luglio<\/h3>\n<p style=\"font-weight: 400;\">L\u2019apertura della seconda edizione di \u201c<em>Red Montalcino<\/em>\u201d \u00e8 affidata a un <strong>walk around tasting<\/strong> con 70 produttori (ore 18), seguito dall\u2019apertura dei <strong>food corner<\/strong> con specialit\u00e0 gastronomiche regionali, vegan e fusion (ore 20). Dalle 21.00, sar\u00e0 attiva <strong>l\u2019enoteca collettiva<\/strong> con servizio sommelier, mentre <strong>la mixology<\/strong> sar\u00e0 la protagonista notturna (dalle 22).<\/p>\n<p style=\"font-weight: 400;\">Ad animare il format sotto le stelle di <strong>Red Montalcino<\/strong>, anche un <strong>palinsesto musicale<\/strong> (dalle 19 alle 24) che vedr\u00e0 la partecipazione di \u201c<em>Unconventional Singers\u201d<\/em>, \u201c<em>Matteo Addabbo Organ Trio<\/em>\u201d, \u201c<em>A tra poco band<\/em>\u201d e \u201c<em>Greta Tedeschi dj set<\/em>\u201d.<\/p>\n<figure id=\"post-197377 media-197377\" class=\"align-none\"><img decoding=\"async\" src=\"https:\/\/www.intoscana.it\/wp-content\/uploads\/Una-veduta-dallalto-di-Montalcino-2.jpeg\" alt=\"\" \/><\/figure>\n<div class=\"titleimg\">Una veduta dall\u2019alto di Montalcino &#8211; \u00a9 Consorzio Brunello di Montalcino<\/div>\n<h3>Tutti i numeri del Rosso<\/h3>\n<p style=\"font-weight: 400;\">Nel 2022, secondo l\u2019Osservatorio Prezzi del Consorzio, il <strong>Rosso di Montalcino<\/strong> ha registrato una <strong>crescita in valore del 19%<\/strong> rispetto all\u2019anno precedente, con una variazione positiva anche nei <strong>volumi commercializzati dell\u201911%.<\/strong> Secondo il panel monitorato, che rappresenta il 28% della capacit\u00e0 produttiva della Doc, cresce sensibilmente a valore il mercato interno che incide per oltre la met\u00e0 delle vendite (+23%) mentre tra le piazze estere si distingue il balzo della <strong>domanda statunitense<\/strong> (+47%).<\/p>\n<p style=\"font-weight: 400;\">La <strong>Doc Rosso di Montalcino<\/strong> conta su <strong>510 ettari vitati<\/strong> e una produzione che si aggira in media su <strong>4-4,5 milioni di bottiglie<\/strong> l\u2019anno. I principali mercati di riferimento sono <mark>l\u2019Italia, gli Stati Uniti, il Canada, la Svezia e la Germania<\/mark>.<\/p>\n","protected":false},"excerpt":{"rendered":"<p>Sabato 15 luglio apertura della II edizione affidata a un walk around tasting con 70 produttori, food corner, enoteca collettiva e mixology<\/p>\n","protected":false},"author":525,"featured_media":103779,"comment_status":"open","ping_status":"open","sticky":false,"template":"","format":"standard","meta":{"_acf_changed":false,"footnotes":""},"categories":[8],"tags":[5630],"class_list":["post-293325","post","type-post","status-publish","format-standard","has-post-thumbnail","hentry","category-enogastronomia","tag-montalcino"],"acf":[],"yoast_head":"<!-- This site is optimized with the Yoast SEO Premium plugin v24.2 (Yoast SEO v25.6) - https:\/\/yoast.com\/wordpress\/plugins\/seo\/ -->\n<title>Red Montalcino, il Rosso in Fortezza per le degustazioni - intoscana<\/title>\n<meta name=\"description\" content=\"Sabato 15 luglio apertura della II edizione affidata a un walk around tasting con 70 produttori, food corner, enoteca collettiva e mixology\" \/>\n<meta name=\"robots\" content=\"index, follow, max-snippet:-1, max-image-preview:large, max-video-preview:-1\" \/>\n<link rel=\"canonical\" href=\"https:\/\/www.intoscana.it\/it\/red-montalcino-il-rosso-conquista-la-fortezza-per-le-degustazioni\/\" \/>\n<meta property=\"og:locale\" content=\"it_IT\" \/>\n<meta property=\"og:type\" content=\"article\" \/>\n<meta property=\"og:title\" content=\"Red Montalcino, il Rosso conquista la Fortezza per le degustazioni\" \/>\n<meta property=\"og:description\" content=\"Sabato 15 luglio apertura della II edizione affidata a un walk around tasting con 70 produttori, food corner, enoteca collettiva e mixology\" \/>\n<meta property=\"og:url\" content=\"https:\/\/www.intoscana.it\/it\/red-montalcino-il-rosso-conquista-la-fortezza-per-le-degustazioni\/\" \/>\n<meta property=\"og:site_name\" content=\"intoscana\" \/>\n<meta property=\"article:publisher\" content=\"https:\/\/www.facebook.com\/intoscana.it\" \/>\n<meta property=\"article:published_time\" content=\"2023-06-26T15:33:55+00:00\" \/>\n<meta property=\"og:image\" content=\"https:\/\/www.intoscana.it\/wp-content\/uploads\/9b16df1be404d1bcd29cb61ae2abc889-5.jpg\" \/>\n\t<meta property=\"og:image:width\" content=\"1000\" \/>\n\t<meta property=\"og:image:height\" content=\"682\" \/>\n\t<meta property=\"og:image:type\" content=\"image\/jpeg\" \/>\n<meta name=\"author\" content=\"Redazione\" \/>\n<meta name=\"twitter:card\" content=\"summary_large_image\" \/>\n<meta name=\"twitter:creator\" content=\"@intoscana\" \/>\n<meta name=\"twitter:site\" content=\"@intoscana\" \/>\n<meta name=\"twitter:label1\" content=\"Written by\" \/>\n\t<meta name=\"twitter:data1\" content=\"Redazione\" \/>\n\t<meta name=\"twitter:label2\" content=\"Est. reading time\" \/>\n\t<meta name=\"twitter:data2\" content=\"2 minuti\" \/>\n<script type=\"application\/ld+json\" class=\"yoast-schema-graph\">{\"@context\":\"https:\/\/schema.org\",\"@graph\":[{\"@type\":\"WebPage\",\"@id\":\"https:\/\/www.intoscana.it\/it\/red-montalcino-il-rosso-conquista-la-fortezza-per-le-degustazioni\/\",\"url\":\"https:\/\/www.intoscana.it\/it\/red-montalcino-il-rosso-conquista-la-fortezza-per-le-degustazioni\/\",\"name\":\"Red Montalcino, il Rosso in Fortezza per le degustazioni - intoscana\",\"isPartOf\":{\"@id\":\"https:\/\/www.intoscana.it\/it\/#website\"},\"primaryImageOfPage\":{\"@id\":\"https:\/\/www.intoscana.it\/it\/red-montalcino-il-rosso-conquista-la-fortezza-per-le-degustazioni\/#primaryimage\"},\"image\":{\"@id\":\"https:\/\/www.intoscana.it\/it\/red-montalcino-il-rosso-conquista-la-fortezza-per-le-degustazioni\/#primaryimage\"},\"thumbnailUrl\":\"https:\/\/www.intoscana.it\/wp-content\/uploads\/9b16df1be404d1bcd29cb61ae2abc889-5.jpg\",\"datePublished\":\"2023-06-26T15:33:55+00:00\",\"author\":{\"@id\":\"https:\/\/www.intoscana.it\/it\/#\/schema\/person\/9223810753230f20bd670fdd322661f8\"},\"description\":\"Sabato 15 luglio apertura della II edizione affidata a un walk around tasting con 70 produttori, food corner, enoteca collettiva e mixology\",\"breadcrumb\":{\"@id\":\"https:\/\/www.intoscana.it\/it\/red-montalcino-il-rosso-conquista-la-fortezza-per-le-degustazioni\/#breadcrumb\"},\"inLanguage\":\"it-IT\",\"potentialAction\":[{\"@type\":\"ReadAction\",\"target\":[\"https:\/\/www.intoscana.it\/it\/red-montalcino-il-rosso-conquista-la-fortezza-per-le-degustazioni\/\"]}]},{\"@type\":\"ImageObject\",\"inLanguage\":\"it-IT\",\"@id\":\"https:\/\/www.intoscana.it\/it\/red-montalcino-il-rosso-conquista-la-fortezza-per-le-degustazioni\/#primaryimage\",\"url\":\"https:\/\/www.intoscana.it\/wp-content\/uploads\/9b16df1be404d1bcd29cb61ae2abc889-5.jpg\",\"contentUrl\":\"https:\/\/www.intoscana.it\/wp-content\/uploads\/9b16df1be404d1bcd29cb61ae2abc889-5.jpg\",\"width\":1000,\"height\":682,\"caption\":\"Montalcino\"},{\"@type\":\"BreadcrumbList\",\"@id\":\"https:\/\/www.intoscana.it\/it\/red-montalcino-il-rosso-conquista-la-fortezza-per-le-degustazioni\/#breadcrumb\",\"itemListElement\":[{\"@type\":\"ListItem\",\"position\":1,\"name\":\"Home\",\"item\":\"https:\/\/www.intoscana.it\/it\/\"},{\"@type\":\"ListItem\",\"position\":2,\"name\":\"Red Montalcino, il Rosso conquista la Fortezza per le degustazioni\"}]},{\"@type\":\"WebSite\",\"@id\":\"https:\/\/www.intoscana.it\/it\/#website\",\"url\":\"https:\/\/www.intoscana.it\/it\/\",\"name\":\"intoscana\",\"description\":\"\",\"potentialAction\":[{\"@type\":\"SearchAction\",\"target\":{\"@type\":\"EntryPoint\",\"urlTemplate\":\"https:\/\/www.intoscana.it\/it\/?s={search_term_string}\"},\"query-input\":{\"@type\":\"PropertyValueSpecification\",\"valueRequired\":true,\"valueName\":\"search_term_string\"}}],\"inLanguage\":\"it-IT\"},{\"@type\":\"Person\",\"@id\":\"https:\/\/www.intoscana.it\/it\/#\/schema\/person\/9223810753230f20bd670fdd322661f8\",\"name\":\"Redazione\",\"url\":\"https:\/\/www.intoscana.it\/it\/author\/redazione\/\"}]}<\/script>\n<!-- \/ Yoast SEO Premium plugin. -->","yoast_head_json":{"title":"Red Montalcino, il Rosso in Fortezza per le degustazioni - intoscana","description":"Sabato 15 luglio apertura della II edizione affidata a un walk around tasting con 70 produttori, food corner, enoteca collettiva e mixology","robots":{"index":"index","follow":"follow","max-snippet":"max-snippet:-1","max-image-preview":"max-image-preview:large","max-video-preview":"max-video-preview:-1"},"canonical":"https:\/\/www.intoscana.it\/it\/red-montalcino-il-rosso-conquista-la-fortezza-per-le-degustazioni\/","og_locale":"it_IT","og_type":"article","og_title":"Red Montalcino, il Rosso conquista la Fortezza per le degustazioni","og_description":"Sabato 15 luglio apertura della II edizione affidata a un walk around tasting con 70 produttori, food corner, enoteca collettiva e mixology","og_url":"https:\/\/www.intoscana.it\/it\/red-montalcino-il-rosso-conquista-la-fortezza-per-le-degustazioni\/","og_site_name":"intoscana","article_publisher":"https:\/\/www.facebook.com\/intoscana.it","article_published_time":"2023-06-26T15:33:55+00:00","og_image":[{"width":1000,"height":682,"url":"https:\/\/www.intoscana.it\/wp-content\/uploads\/9b16df1be404d1bcd29cb61ae2abc889-5.jpg","type":"image\/jpeg"}],"author":"Redazione","twitter_card":"summary_large_image","twitter_creator":"@intoscana","twitter_site":"@intoscana","twitter_misc":{"Written by":"Redazione","Est. reading time":"2 minuti"},"schema":{"@context":"https:\/\/schema.org","@graph":[{"@type":"WebPage","@id":"https:\/\/www.intoscana.it\/it\/red-montalcino-il-rosso-conquista-la-fortezza-per-le-degustazioni\/","url":"https:\/\/www.intoscana.it\/it\/red-montalcino-il-rosso-conquista-la-fortezza-per-le-degustazioni\/","name":"Red Montalcino, il Rosso in Fortezza per le degustazioni - intoscana","isPartOf":{"@id":"https:\/\/www.intoscana.it\/it\/#website"},"primaryImageOfPage":{"@id":"https:\/\/www.intoscana.it\/it\/red-montalcino-il-rosso-conquista-la-fortezza-per-le-degustazioni\/#primaryimage"},"image":{"@id":"https:\/\/www.intoscana.it\/it\/red-montalcino-il-rosso-conquista-la-fortezza-per-le-degustazioni\/#primaryimage"},"thumbnailUrl":"https:\/\/www.intoscana.it\/wp-content\/uploads\/9b16df1be404d1bcd29cb61ae2abc889-5.jpg","datePublished":"2023-06-26T15:33:55+00:00","author":{"@id":"https:\/\/www.intoscana.it\/it\/#\/schema\/person\/9223810753230f20bd670fdd322661f8"},"description":"Sabato 15 luglio apertura della II edizione affidata a un walk around tasting con 70 produttori, food corner, enoteca collettiva e mixology","breadcrumb":{"@id":"https:\/\/www.intoscana.it\/it\/red-montalcino-il-rosso-conquista-la-fortezza-per-le-degustazioni\/#breadcrumb"},"inLanguage":"it-IT","potentialAction":[{"@type":"ReadAction","target":["https:\/\/www.intoscana.it\/it\/red-montalcino-il-rosso-conquista-la-fortezza-per-le-degustazioni\/"]}]},{"@type":"ImageObject","inLanguage":"it-IT","@id":"https:\/\/www.intoscana.it\/it\/red-montalcino-il-rosso-conquista-la-fortezza-per-le-degustazioni\/#primaryimage","url":"https:\/\/www.intoscana.it\/wp-content\/uploads\/9b16df1be404d1bcd29cb61ae2abc889-5.jpg","contentUrl":"https:\/\/www.intoscana.it\/wp-content\/uploads\/9b16df1be404d1bcd29cb61ae2abc889-5.jpg","width":1000,"height":682,"caption":"Montalcino"},{"@type":"BreadcrumbList","@id":"https:\/\/www.intoscana.it\/it\/red-montalcino-il-rosso-conquista-la-fortezza-per-le-degustazioni\/#breadcrumb","itemListElement":[{"@type":"ListItem","position":1,"name":"Home","item":"https:\/\/www.intoscana.it\/it\/"},{"@type":"ListItem","position":2,"name":"Red Montalcino, il Rosso conquista la Fortezza per le degustazioni"}]},{"@type":"WebSite","@id":"https:\/\/www.intoscana.it\/it\/#website","url":"https:\/\/www.intoscana.it\/it\/","name":"intoscana","description":"","potentialAction":[{"@type":"SearchAction","target":{"@type":"EntryPoint","urlTemplate":"https:\/\/www.intoscana.it\/it\/?s={search_term_string}"},"query-input":{"@type":"PropertyValueSpecification","valueRequired":true,"valueName":"search_term_string"}}],"inLanguage":"it-IT"},{"@type":"Person","@id":"https:\/\/www.intoscana.it\/it\/#\/schema\/person\/9223810753230f20bd670fdd322661f8","name":"Redazione","url":"https:\/\/www.intoscana.it\/it\/author\/redazione\/"}]}},"_links":{"self":[{"href":"https:\/\/www.intoscana.it\/it\/wp-json\/wp\/v2\/posts\/293325","targetHints":{"allow":["GET"]}}],"collection":[{"href":"https:\/\/www.intoscana.it\/it\/wp-json\/wp\/v2\/posts"}],"about":[{"href":"https:\/\/www.intoscana.it\/it\/wp-json\/wp\/v2\/types\/post"}],"author":[{"embeddable":true,"href":"https:\/\/www.intoscana.it\/it\/wp-json\/wp\/v2\/users\/525"}],"replies":[{"embeddable":true,"href":"https:\/\/www.intoscana.it\/it\/wp-json\/wp\/v2\/comments?post=293325"}],"version-history":[{"count":0,"href":"https:\/\/www.intoscana.it\/it\/wp-json\/wp\/v2\/posts\/293325\/revisions"}],"wp:featuredmedia":[{"embeddable":true,"href":"https:\/\/www.intoscana.it\/it\/wp-json\/wp\/v2\/media\/103779"}],"wp:attachment":[{"href":"https:\/\/www.intoscana.it\/it\/wp-json\/wp\/v2\/media?parent=293325"}],"wp:term":[{"taxonomy":"category","embeddable":true,"href":"https:\/\/www.intoscana.it\/it\/wp-json\/wp\/v2\/categories?post=293325"},{"taxonomy":"post_tag","embeddable":true,"href":"https:\/\/www.intoscana.it\/it\/wp-json\/wp\/v2\/tags?post=293325"}],"curies":[{"name":"wp","href":"https:\/\/api.w.org\/{rel}","templated":true}]}}