{"id":293364,"date":"2023-06-26T16:41:08","date_gmt":"2023-06-26T14:41:08","guid":{"rendered":"https:\/\/www.intoscana.it\/it\/?p=293364"},"modified":"2023-06-26T16:47:59","modified_gmt":"2023-06-26T14:47:59","slug":"firenze-le-piazze-dei-libri","status":"publish","type":"post","link":"https:\/\/www.intoscana.it\/it\/firenze-le-piazze-dei-libri\/","title":{"rendered":"A Firenze torna Le Piazze dei Libri: 50 eventi e 100 autori in tutti i quartieri della citt\u00e0"},"content":{"rendered":"<p>Fare cultura diffusa in tutti i quartieri di Firenze. \u00c8 questo lo spirito de \u201c<strong>Le Piazze dei Libri\u201d,<\/strong> la rassegna estiva promossa da Confartigianato e finanziata dal Comune che torna per la<a href=\"https:\/\/www.intoscana.it\/it\/articolo\/piazze-dei-libri-firenze-si-trasforma-in-un-salotto-letterario\/\" target=\"_blank\" rel=\"noopener\"> sua seconda edizione<\/a> <mark>dal 27 giugno al 2 luglio: coinvolger\u00e0 12 librerie, 11 piazze, 30 case editrici e oltre cento tra autori e moderatori, per oltre 50 eventi in programma. <\/mark><\/p>\n<p><em>\u201cPrende il via uno degli eventi speciali dell\u2019Estate Fiorentina 2023, gi\u00e0 presente in programma l\u2019anno scorso ma che quest\u2019anno esce dal centro storico e sbarca nelle piazze di tutta la citt\u00e0, nel segno di quella cultura diffusa e di prossimit\u00e0 a cui crediamo molto e che \u00e8 cifra portante della nostra programmazione<\/em>.\u2013 sottolinea la vicesindaca e assessora alla cultura di Firenze,<strong> Alessia Bettini<\/strong> \u2013<em> portiamo la lettura praticamente ovunque, con tantissimi eventi, la possibilit\u00e0 di acquistare libri e ascoltare gli autori in prima persona. Un\u2019iniziativa che dimostra ancora una volta una visione ecosistema in cui realt\u00e0 piccole e grandi collaborano assieme con un fine collettivo, quello di \u2018fare\u2019 e \u2018portare\u2019 cultura\u201d.<\/em><\/p>\n<p>Alla manifestazione aderiranno <strong>le librerie<\/strong> Feltrinelli, Libraccio, Alfani, Farollo e Falpal\u00e0, Florida, Gioberti, La Gioberti, Jane e Edward, Leggermente, Malaparte, Niccolini e Salvemini. La creativit\u00e0 del progetto \u00e8 stata sviluppata dagli studenti di IED, Istituto Europeo di Design, di Firenze.<\/p>\n<h3 id=\"xtp\">Il programma in 11 piazze della citt\u00e0<\/h3>\n<div class=\"field field--name-field-contenuto field--type-text-long field--label-hidden field__item editor-text\">\n<p>Marted\u00ec 27 giugno tra gli eventi in programma anche Tommaso Giartosio alle 19 in piazza Santa Maria Novella con \u201cTutto quello che non abbiamo visto: un viaggio in Eritrea\u201d (Einaudi), seguito alle 21 da <strong>Francesco Recami<\/strong> che presenta \u201cColpo grosso ai Frigoriferi Milanesi\u201d, (Sellerio), mentre in via dei Cerretani <strong>Tomaso Montanari<\/strong> presenta &#8220;Se amore guarda&#8221; (Einaudi).<br \/>\nTanti gli eventi anche fuori dal centro: al Parco dell&#8217;Anconella alle 21 Leonardo Gori presenta \u201cLa libraia di Stalino\u201d (Tea), mentre in piazza Dalmazia alle 20 si terr\u00e0 un <strong>laboratorio per bambini<\/strong> per imparare a realizzare e personalizzare un segnalibro.<\/p>\n<p>Mercoled\u00ec 28 giugno tra gli ospiti c&#8217;\u00e8 alle 19 <strong>Mattia Insolia<\/strong> al Parco di Villa Strozzi al Boschetto con \u201cCieli in fiamme\u201d (Mondadori), seguito alle 21 da <strong>Filippo Nicosia<\/strong> con \u201cGli eroi si baciano\u201d (Mondadori), mentre alla stessa ora in via dei Cerretani Vera Gheno presenta \u201cParole d\u2019altro genere\u201d (Rizzoli) e in piazza della Repubblica <strong>Emanuela Fontana<\/strong> presenta in collaborazione con il Gabinetto Vieusseux &#8220;La correttrice&#8221; (Mondandori)<\/p>\n<p>Gioved\u00ec 29 giugno le presentazioni in totale saranno ben undici, tra cui in piazza della Vittoria <strong>Simona Baldanzi<\/strong> (\u201cSe tornano le rane\u201d, Edizioni Alegre), in via dei Cerretani \u201cL\u2019anno del fuoco segreto \u2013 il novo sconcertante italico\u201d a cura di <strong>Edoardo Rialti<\/strong> e Dario Valentini (Bompiani) e in piazza della Repubblica la traduttrice <strong>Ilide Carmignani<\/strong> con un reading su Roberto Bola\u00f1o.<\/p>\n<p>Undici gli appuntamenti in programma anche venerd\u00ec 30 giugno. In piazza della Repubblica<strong> Sabina Guzzanti<\/strong> presenta \u201cANonniMus. Vecchi rivoluzionari contro giovani robot\u201d (Harper Collins), mentre in piazza Santa Maria Novella <strong>Jennifer Guerra<\/strong> presenta \u201cUn\u2019altra donna\u201d (Utet) e in via Cerretani <strong>Giampaolo Simi<\/strong> \u201cSar\u00e0 assente l\u2019autore\u201d (Sellerio).<br \/>\nIn piazza delle Cure invece Aldo Bozzolini e Alessandro Santi parleranno di <strong>Don Milani<\/strong> (\u201cSentieri di futuro (in)seguendo don Milani Libreria, Editrice Fiorentina), mentre in piazza dell\u2019Isolotto, con Farollo e Falpal\u00e0, si terranno \u00f2etture animate e illustrazioni di Arianna Pisani e un laboratorio per famiglie con Manuel Baglieri.<\/p>\n<p>Sabato 1\u00b0 luglio tra gli ospiti di Le Piazze dei Libri ci sono <strong>Giuseppe Culicchia<\/strong> con \u201cLa bambina che non doveva piangere\u201d (Mondadori) e <strong>Riccardo Nencini<\/strong> con \u201cSolo\u201d (Mondadori) entrambi in via Cerretani, mentre Dario Ferrari presenta \u201cLa ricreazione \u00e8 finita\u201d (Sellerio) in piazza Santa Maria Novella e Luca Sommi tiene una lectio a partire dal suo libro \u201cLa bellezza. Istruzioni per l\u2019uso\u201d (Baldini + Castoldi) in piazza della Repubblica.<\/p>\n<p>Domenica 2 luglio alle 21 si terr\u00e0 l\u2019evento conclusivo in Piazza Santa Maria Novella.<\/p>\n<p>&nbsp;<\/p>\n<\/div>\n","protected":false},"excerpt":{"rendered":"<p>Dal 27 giugno al 2 luglio la seconda edizione della rassegna estiva coinvolger\u00e0 dodici librerie e undici piazze cittadine. Tra gli ospiti Sabina Guzzanti, Giampaolo Simi, Jennifer Guerra e Riccardo Nencini<\/p>\n","protected":false},"author":502,"featured_media":293371,"comment_status":"open","ping_status":"open","sticky":false,"template":"","format":"standard","meta":{"_acf_changed":false,"footnotes":""},"categories":[493],"tags":[4474,202,210],"class_list":["post-293364","post","type-post","status-publish","format-standard","has-post-thumbnail","hentry","category-cultura","tag-eventi","tag-firenze","tag-libri"],"acf":[],"yoast_head":"<!-- This site is optimized with the Yoast SEO Premium plugin v24.2 (Yoast SEO v25.6) - https:\/\/yoast.com\/wordpress\/plugins\/seo\/ -->\n<title>A Firenze torna Le Piazze dei Libri: 50 eventi e 100 autori in tutti i quartieri della citt\u00e0 - intoscana<\/title>\n<meta name=\"description\" content=\"Dal 27 giugno al 2 luglio a Firenze torna Le Piazze dei Libri: 50 presentazioni ed eventi in undici piazze della citt\u00e0.\" \/>\n<meta name=\"robots\" content=\"index, follow, max-snippet:-1, max-image-preview:large, max-video-preview:-1\" \/>\n<link rel=\"canonical\" href=\"https:\/\/www.intoscana.it\/it\/firenze-le-piazze-dei-libri\/\" \/>\n<meta property=\"og:locale\" content=\"it_IT\" \/>\n<meta property=\"og:type\" content=\"article\" \/>\n<meta property=\"og:title\" content=\"A Firenze torna Le Piazze dei Libri: 50 eventi e 100 autori in tutti i quartieri della citt\u00e0\" \/>\n<meta property=\"og:description\" content=\"Dal 27 giugno al 2 luglio a Firenze torna Le Piazze dei Libri: 50 presentazioni ed eventi in undici piazze della citt\u00e0.\" \/>\n<meta property=\"og:url\" content=\"https:\/\/www.intoscana.it\/it\/firenze-le-piazze-dei-libri\/\" \/>\n<meta property=\"og:site_name\" content=\"intoscana\" \/>\n<meta property=\"article:publisher\" content=\"https:\/\/www.facebook.com\/intoscana.it\" \/>\n<meta property=\"article:published_time\" content=\"2023-06-26T14:41:08+00:00\" \/>\n<meta property=\"article:modified_time\" content=\"2023-06-26T14:47:59+00:00\" \/>\n<meta property=\"og:image\" content=\"https:\/\/www.intoscana.it\/wp-content\/uploads\/piazze-dei-libri.png\" \/>\n\t<meta property=\"og:image:width\" content=\"1200\" \/>\n\t<meta property=\"og:image:height\" content=\"800\" \/>\n\t<meta property=\"og:image:type\" content=\"image\/png\" \/>\n<meta name=\"author\" content=\"Ilaria Giannini\" \/>\n<meta name=\"twitter:card\" content=\"summary_large_image\" \/>\n<meta name=\"twitter:creator\" content=\"@i.giannini@fst.it\" \/>\n<meta name=\"twitter:site\" content=\"@intoscana\" \/>\n<meta name=\"twitter:label1\" content=\"Written by\" \/>\n\t<meta name=\"twitter:data1\" content=\"Ilaria Giannini\" \/>\n\t<meta name=\"twitter:label2\" content=\"Est. reading time\" \/>\n\t<meta name=\"twitter:data2\" content=\"3 minuti\" \/>\n<script type=\"application\/ld+json\" class=\"yoast-schema-graph\">{\"@context\":\"https:\/\/schema.org\",\"@graph\":[{\"@type\":\"WebPage\",\"@id\":\"https:\/\/www.intoscana.it\/it\/firenze-le-piazze-dei-libri\/\",\"url\":\"https:\/\/www.intoscana.it\/it\/firenze-le-piazze-dei-libri\/\",\"name\":\"A Firenze torna Le Piazze dei Libri: 50 eventi e 100 autori in tutti i quartieri della citt\u00e0 - intoscana\",\"isPartOf\":{\"@id\":\"https:\/\/www.intoscana.it\/it\/#website\"},\"primaryImageOfPage\":{\"@id\":\"https:\/\/www.intoscana.it\/it\/firenze-le-piazze-dei-libri\/#primaryimage\"},\"image\":{\"@id\":\"https:\/\/www.intoscana.it\/it\/firenze-le-piazze-dei-libri\/#primaryimage\"},\"thumbnailUrl\":\"https:\/\/www.intoscana.it\/wp-content\/uploads\/piazze-dei-libri.png\",\"datePublished\":\"2023-06-26T14:41:08+00:00\",\"dateModified\":\"2023-06-26T14:47:59+00:00\",\"author\":{\"@id\":\"https:\/\/www.intoscana.it\/it\/#\/schema\/person\/de95e1ed2c1c8c30a6922bbba3a90185\"},\"description\":\"Dal 27 giugno al 2 luglio a Firenze torna Le Piazze dei Libri: 50 presentazioni ed eventi in undici piazze della citt\u00e0.\",\"breadcrumb\":{\"@id\":\"https:\/\/www.intoscana.it\/it\/firenze-le-piazze-dei-libri\/#breadcrumb\"},\"inLanguage\":\"it-IT\",\"potentialAction\":[{\"@type\":\"ReadAction\",\"target\":[\"https:\/\/www.intoscana.it\/it\/firenze-le-piazze-dei-libri\/\"]}]},{\"@type\":\"ImageObject\",\"inLanguage\":\"it-IT\",\"@id\":\"https:\/\/www.intoscana.it\/it\/firenze-le-piazze-dei-libri\/#primaryimage\",\"url\":\"https:\/\/www.intoscana.it\/wp-content\/uploads\/piazze-dei-libri.png\",\"contentUrl\":\"https:\/\/www.intoscana.it\/wp-content\/uploads\/piazze-dei-libri.png\",\"width\":1200,\"height\":800,\"caption\":\"Le Piazze dei Libri\"},{\"@type\":\"BreadcrumbList\",\"@id\":\"https:\/\/www.intoscana.it\/it\/firenze-le-piazze-dei-libri\/#breadcrumb\",\"itemListElement\":[{\"@type\":\"ListItem\",\"position\":1,\"name\":\"Home\",\"item\":\"https:\/\/www.intoscana.it\/it\/\"},{\"@type\":\"ListItem\",\"position\":2,\"name\":\"A Firenze torna Le Piazze dei Libri: 50 eventi e 100 autori in tutti i quartieri della citt\u00e0\"}]},{\"@type\":\"WebSite\",\"@id\":\"https:\/\/www.intoscana.it\/it\/#website\",\"url\":\"https:\/\/www.intoscana.it\/it\/\",\"name\":\"intoscana\",\"description\":\"\",\"potentialAction\":[{\"@type\":\"SearchAction\",\"target\":{\"@type\":\"EntryPoint\",\"urlTemplate\":\"https:\/\/www.intoscana.it\/it\/?s={search_term_string}\"},\"query-input\":{\"@type\":\"PropertyValueSpecification\",\"valueRequired\":true,\"valueName\":\"search_term_string\"}}],\"inLanguage\":\"it-IT\"},{\"@type\":\"Person\",\"@id\":\"https:\/\/www.intoscana.it\/it\/#\/schema\/person\/de95e1ed2c1c8c30a6922bbba3a90185\",\"name\":\"Ilaria Giannini\",\"sameAs\":[\"https:\/\/x.com\/i.giannini@fst.it\"],\"url\":\"https:\/\/www.intoscana.it\/it\/author\/ilaria-giannini\/\"}]}<\/script>\n<!-- \/ Yoast SEO Premium plugin. -->","yoast_head_json":{"title":"A Firenze torna Le Piazze dei Libri: 50 eventi e 100 autori in tutti i quartieri della citt\u00e0 - intoscana","description":"Dal 27 giugno al 2 luglio a Firenze torna Le Piazze dei Libri: 50 presentazioni ed eventi in undici piazze della citt\u00e0.","robots":{"index":"index","follow":"follow","max-snippet":"max-snippet:-1","max-image-preview":"max-image-preview:large","max-video-preview":"max-video-preview:-1"},"canonical":"https:\/\/www.intoscana.it\/it\/firenze-le-piazze-dei-libri\/","og_locale":"it_IT","og_type":"article","og_title":"A Firenze torna Le Piazze dei Libri: 50 eventi e 100 autori in tutti i quartieri della citt\u00e0","og_description":"Dal 27 giugno al 2 luglio a Firenze torna Le Piazze dei Libri: 50 presentazioni ed eventi in undici piazze della citt\u00e0.","og_url":"https:\/\/www.intoscana.it\/it\/firenze-le-piazze-dei-libri\/","og_site_name":"intoscana","article_publisher":"https:\/\/www.facebook.com\/intoscana.it","article_published_time":"2023-06-26T14:41:08+00:00","article_modified_time":"2023-06-26T14:47:59+00:00","og_image":[{"width":1200,"height":800,"url":"https:\/\/www.intoscana.it\/wp-content\/uploads\/piazze-dei-libri.png","type":"image\/png"}],"author":"Ilaria Giannini","twitter_card":"summary_large_image","twitter_creator":"@i.giannini@fst.it","twitter_site":"@intoscana","twitter_misc":{"Written by":"Ilaria Giannini","Est. reading time":"3 minuti"},"schema":{"@context":"https:\/\/schema.org","@graph":[{"@type":"WebPage","@id":"https:\/\/www.intoscana.it\/it\/firenze-le-piazze-dei-libri\/","url":"https:\/\/www.intoscana.it\/it\/firenze-le-piazze-dei-libri\/","name":"A Firenze torna Le Piazze dei Libri: 50 eventi e 100 autori in tutti i quartieri della citt\u00e0 - intoscana","isPartOf":{"@id":"https:\/\/www.intoscana.it\/it\/#website"},"primaryImageOfPage":{"@id":"https:\/\/www.intoscana.it\/it\/firenze-le-piazze-dei-libri\/#primaryimage"},"image":{"@id":"https:\/\/www.intoscana.it\/it\/firenze-le-piazze-dei-libri\/#primaryimage"},"thumbnailUrl":"https:\/\/www.intoscana.it\/wp-content\/uploads\/piazze-dei-libri.png","datePublished":"2023-06-26T14:41:08+00:00","dateModified":"2023-06-26T14:47:59+00:00","author":{"@id":"https:\/\/www.intoscana.it\/it\/#\/schema\/person\/de95e1ed2c1c8c30a6922bbba3a90185"},"description":"Dal 27 giugno al 2 luglio a Firenze torna Le Piazze dei Libri: 50 presentazioni ed eventi in undici piazze della citt\u00e0.","breadcrumb":{"@id":"https:\/\/www.intoscana.it\/it\/firenze-le-piazze-dei-libri\/#breadcrumb"},"inLanguage":"it-IT","potentialAction":[{"@type":"ReadAction","target":["https:\/\/www.intoscana.it\/it\/firenze-le-piazze-dei-libri\/"]}]},{"@type":"ImageObject","inLanguage":"it-IT","@id":"https:\/\/www.intoscana.it\/it\/firenze-le-piazze-dei-libri\/#primaryimage","url":"https:\/\/www.intoscana.it\/wp-content\/uploads\/piazze-dei-libri.png","contentUrl":"https:\/\/www.intoscana.it\/wp-content\/uploads\/piazze-dei-libri.png","width":1200,"height":800,"caption":"Le Piazze dei Libri"},{"@type":"BreadcrumbList","@id":"https:\/\/www.intoscana.it\/it\/firenze-le-piazze-dei-libri\/#breadcrumb","itemListElement":[{"@type":"ListItem","position":1,"name":"Home","item":"https:\/\/www.intoscana.it\/it\/"},{"@type":"ListItem","position":2,"name":"A Firenze torna Le Piazze dei Libri: 50 eventi e 100 autori in tutti i quartieri della citt\u00e0"}]},{"@type":"WebSite","@id":"https:\/\/www.intoscana.it\/it\/#website","url":"https:\/\/www.intoscana.it\/it\/","name":"intoscana","description":"","potentialAction":[{"@type":"SearchAction","target":{"@type":"EntryPoint","urlTemplate":"https:\/\/www.intoscana.it\/it\/?s={search_term_string}"},"query-input":{"@type":"PropertyValueSpecification","valueRequired":true,"valueName":"search_term_string"}}],"inLanguage":"it-IT"},{"@type":"Person","@id":"https:\/\/www.intoscana.it\/it\/#\/schema\/person\/de95e1ed2c1c8c30a6922bbba3a90185","name":"Ilaria Giannini","sameAs":["https:\/\/x.com\/i.giannini@fst.it"],"url":"https:\/\/www.intoscana.it\/it\/author\/ilaria-giannini\/"}]}},"_links":{"self":[{"href":"https:\/\/www.intoscana.it\/it\/wp-json\/wp\/v2\/posts\/293364","targetHints":{"allow":["GET"]}}],"collection":[{"href":"https:\/\/www.intoscana.it\/it\/wp-json\/wp\/v2\/posts"}],"about":[{"href":"https:\/\/www.intoscana.it\/it\/wp-json\/wp\/v2\/types\/post"}],"author":[{"embeddable":true,"href":"https:\/\/www.intoscana.it\/it\/wp-json\/wp\/v2\/users\/502"}],"replies":[{"embeddable":true,"href":"https:\/\/www.intoscana.it\/it\/wp-json\/wp\/v2\/comments?post=293364"}],"version-history":[{"count":0,"href":"https:\/\/www.intoscana.it\/it\/wp-json\/wp\/v2\/posts\/293364\/revisions"}],"wp:featuredmedia":[{"embeddable":true,"href":"https:\/\/www.intoscana.it\/it\/wp-json\/wp\/v2\/media\/293371"}],"wp:attachment":[{"href":"https:\/\/www.intoscana.it\/it\/wp-json\/wp\/v2\/media?parent=293364"}],"wp:term":[{"taxonomy":"category","embeddable":true,"href":"https:\/\/www.intoscana.it\/it\/wp-json\/wp\/v2\/categories?post=293364"},{"taxonomy":"post_tag","embeddable":true,"href":"https:\/\/www.intoscana.it\/it\/wp-json\/wp\/v2\/tags?post=293364"}],"curies":[{"name":"wp","href":"https:\/\/api.w.org\/{rel}","templated":true}]}}