{"id":293455,"date":"2023-06-27T11:07:20","date_gmt":"2023-06-27T09:07:20","guid":{"rendered":"https:\/\/www.intoscana.it\/it\/?p=293455"},"modified":"2023-06-27T11:18:52","modified_gmt":"2023-06-27T09:18:52","slug":"palio-marinaro-livorno-luglio-2023","status":"publish","type":"post","link":"https:\/\/www.intoscana.it\/it\/palio-marinaro-livorno-luglio-2023\/","title":{"rendered":"Sport, passione, amicizia: sabato primo luglio a Livorno torna il Palio Marinaro"},"content":{"rendered":"<p>Grande attesa a Livorno per il <strong>Palio Marinaro,<\/strong> l&#8217;ultima sfida che concluder\u00e0 la<a href=\"https:\/\/www.gareremierelivorno.it\/\" target=\"_blank\" rel=\"noopener\"><strong> stagione remiera <\/strong><\/a>e che si corre <strong>nello specchio di mare di fronte alla <a href=\"https:\/\/www.intoscana.it\/it\/articolo\/la-tempesta-perfetta-alla-terrazza-mascagni-nelle-foto-spettacolari-di-andrea-dani\/\" target=\"_blank\" rel=\"noopener\">Terrazza Mascagni<\/a>.<\/strong><\/p>\n<p>Il Palio \u00e8 la pi\u00f9 classica delle gare remiere: \u00e8<strong> una spettacolare festa in mare<\/strong> che esprime meglio di ogni altra manifestazione l\u2019anima pi\u00f9 vera della citt\u00e0, tra <strong>storia, tradizione e spirito identitario.<\/strong><\/p>\n<p>Si tratta di una sfida all\u2019ultima remata in cui si fondono<strong> sudore e salmastro, voglia di vincere e sana competizione, entusiasmo e tanta fatica.<\/strong><\/p>\n<p><strong>Al Palio partecipano otto rioni<\/strong> che gareggiano sui gozzi,<strong> imbarcazioni a dieci remi formate da un equipaggio di dieci robusti vogatori<\/strong> pi\u00f9 un timoniere che si distingue dal resto della ciurma per la posizione a poppa, il fisico pi\u00f9 esile e il ruolo di \u201cdirettore d\u2019orchestra\u201d, con il compito di coordinare, manovrare, guidare, dare il ritmo e incitare a pi\u00f9 non posso la sua squadra.<\/p>\n<p>Il via \u00e8 fissato per <strong>sabato 1 luglio,<\/strong> quando le <strong>otto imbarcazioni a 10 remi dei rioni cittadini<\/strong> (prima del clou in acqua scenderanno anche i Juniores e femminili) si contenderanno il palio su<strong> un percorso di gara di 2mila metri che prevede tre giri di boa.<\/strong><\/p>\n<p><strong>Per le categorie juniores e femminile,<\/strong> il percorso si limita invece a <strong>mille metri con un solo giro di boa.<\/strong><\/p>\n<p><em>&#8220;Siamo arrivati all&#8217;epilogo, all&#8217;ultimo passaggio &#8211;<\/em><strong> ha detto il sindaco Luca Salvetti <\/strong><em>&#8211; e farlo bene significa portare a casa una stagione perfetta, iniziata con la Coppa Liberazione, seguita dalla straordinaria Risi&#8217;atori e dalla suggestiva Barontini. Tutto questo anche grazie al nuovo modo ormai strutturato e di qualit\u00e0 di presentare le gare remiere. Ora chiudiamo con la manifestazione pi\u00f9 storica e tradizionale, che \u00e8 il simbolo delle gare remiere&#8221;.<\/em><\/p>\n<p><em>&#8220;Sullo sfondo del campo gara quest&#8217;anno non sar\u00e0 presente la nave scuola Amerigo Vespucc<\/em>i &#8211;<strong> ha aggiunto<\/strong> <em>-, impegnata in un&#8217;operazione di sbarco e imbarco in un&#8217;altra citt\u00e0, ma ci saranno i rimorchiatori Neri, che un tempo facevano da corollario alla manifestazione, con tanto di suono delle sirene alla partenza. Sar\u00e0 una bella gara senza ombra di dubbio. Siamo concentrati per finire bene e consegnare ai posteri una stagione impeccabile&#8221;.<\/em><\/p>\n<p>Come per le precedenti competizioni remiere anche il Palio sar\u00e0 coperto mediaticamente grazie all&#8217;impegno di <strong>Fondazione Lem &#8211; Livorno Euro Mediterranea.<\/strong><\/p>\n<p>Per la prima volta sar\u00e0 effettuata<strong>\u00a0una ripresa realizzata da una pattuglia di droni e sar\u00e0 mandata in onda in diretta su maxischermo<\/strong>, <strong>Granducato Tv e in streaming su Gare Remiere Livorno, Visit Livorno, Fondazione Lem e Comune di Livorno.<\/strong><\/p>\n<p><iframe loading=\"lazy\" title=\"YouTube video player\" src=\"https:\/\/www.youtube.com\/embed\/j-JYw0hGZds\" width=\"800\" height=\"500\" frameborder=\"0\" allowfullscreen=\"allowfullscreen\"><span data-mce-type=\"bookmark\" style=\"display: inline-block; width: 0px; overflow: hidden; line-height: 0;\" class=\"mce_SELRES_start\">\ufeff<\/span><\/iframe><\/p>\n","protected":false},"excerpt":{"rendered":"<p>Per la prima volta sar\u00e0 effettuata una ripresa realizzata da una pattuglia di droni e sar\u00e0 mandata in onda in diretta su maxischermo, Granducato Tv e in streaming su Gare Remiere Livorno, Visit Livorno, Fondazione Lem e Comune di Livorno<\/p>\n","protected":false},"author":525,"featured_media":293464,"comment_status":"open","ping_status":"open","sticky":false,"template":"","format":"standard","meta":{"_acf_changed":false,"footnotes":""},"categories":[6],"tags":[4655,235,6495,273],"class_list":["post-293455","post","type-post","status-publish","format-standard","has-post-thumbnail","hentry","category-viaggi","tag-costa-toscana","tag-estate","tag-folklore","tag-livorno"],"acf":[],"yoast_head":"<!-- This site is optimized with the Yoast SEO Premium plugin v24.2 (Yoast SEO v25.6) - https:\/\/yoast.com\/wordpress\/plugins\/seo\/ -->\n<title>Sport, passione, amicizia: sabato primo luglio a Livorno torna il Palio Marinaro - intoscana<\/title>\n<meta name=\"description\" content=\"Il via \u00e8 fissato per sabato 1 luglio, quando le otto imbarcazioni dei rioni cittadini si contenderanno il palio su un percorso di 2mila metri\" \/>\n<meta name=\"robots\" content=\"index, follow, max-snippet:-1, max-image-preview:large, max-video-preview:-1\" \/>\n<link rel=\"canonical\" href=\"https:\/\/www.intoscana.it\/it\/palio-marinaro-livorno-luglio-2023\/\" \/>\n<meta property=\"og:locale\" content=\"it_IT\" \/>\n<meta property=\"og:type\" content=\"article\" \/>\n<meta property=\"og:title\" content=\"Sport, passione, amicizia: sabato primo luglio a Livorno torna il Palio Marinaro\" \/>\n<meta property=\"og:description\" content=\"Il via \u00e8 fissato per sabato 1 luglio, quando le otto imbarcazioni dei rioni cittadini si contenderanno il palio su un percorso di 2mila metri\" \/>\n<meta property=\"og:url\" content=\"https:\/\/www.intoscana.it\/it\/palio-marinaro-livorno-luglio-2023\/\" \/>\n<meta property=\"og:site_name\" content=\"intoscana\" \/>\n<meta property=\"article:publisher\" content=\"https:\/\/www.facebook.com\/intoscana.it\" \/>\n<meta property=\"article:published_time\" content=\"2023-06-27T09:07:20+00:00\" \/>\n<meta property=\"article:modified_time\" content=\"2023-06-27T09:18:52+00:00\" \/>\n<meta property=\"og:image\" content=\"https:\/\/www.intoscana.it\/wp-content\/uploads\/Palio-Marinaro-Livorno-Filippelli8-1.jpg\" \/>\n\t<meta property=\"og:image:width\" content=\"1000\" \/>\n\t<meta property=\"og:image:height\" content=\"651\" \/>\n\t<meta property=\"og:image:type\" content=\"image\/jpeg\" \/>\n<meta name=\"author\" content=\"Redazione\" \/>\n<meta name=\"twitter:card\" content=\"summary_large_image\" \/>\n<meta name=\"twitter:creator\" content=\"@intoscana\" \/>\n<meta name=\"twitter:site\" content=\"@intoscana\" \/>\n<meta name=\"twitter:label1\" content=\"Written by\" \/>\n\t<meta name=\"twitter:data1\" content=\"Redazione\" \/>\n\t<meta name=\"twitter:label2\" content=\"Est. reading time\" \/>\n\t<meta name=\"twitter:data2\" content=\"2 minuti\" \/>\n<script type=\"application\/ld+json\" class=\"yoast-schema-graph\">{\"@context\":\"https:\/\/schema.org\",\"@graph\":[{\"@type\":\"WebPage\",\"@id\":\"https:\/\/www.intoscana.it\/it\/palio-marinaro-livorno-luglio-2023\/\",\"url\":\"https:\/\/www.intoscana.it\/it\/palio-marinaro-livorno-luglio-2023\/\",\"name\":\"Sport, passione, amicizia: sabato primo luglio a Livorno torna il Palio Marinaro - intoscana\",\"isPartOf\":{\"@id\":\"https:\/\/www.intoscana.it\/it\/#website\"},\"primaryImageOfPage\":{\"@id\":\"https:\/\/www.intoscana.it\/it\/palio-marinaro-livorno-luglio-2023\/#primaryimage\"},\"image\":{\"@id\":\"https:\/\/www.intoscana.it\/it\/palio-marinaro-livorno-luglio-2023\/#primaryimage\"},\"thumbnailUrl\":\"https:\/\/www.intoscana.it\/wp-content\/uploads\/Palio-Marinaro-Livorno-Filippelli8-1.jpg\",\"datePublished\":\"2023-06-27T09:07:20+00:00\",\"dateModified\":\"2023-06-27T09:18:52+00:00\",\"author\":{\"@id\":\"https:\/\/www.intoscana.it\/it\/#\/schema\/person\/9223810753230f20bd670fdd322661f8\"},\"description\":\"Il via \u00e8 fissato per sabato 1 luglio, quando le otto imbarcazioni dei rioni cittadini si contenderanno il palio su un percorso di 2mila metri\",\"breadcrumb\":{\"@id\":\"https:\/\/www.intoscana.it\/it\/palio-marinaro-livorno-luglio-2023\/#breadcrumb\"},\"inLanguage\":\"it-IT\",\"potentialAction\":[{\"@type\":\"ReadAction\",\"target\":[\"https:\/\/www.intoscana.it\/it\/palio-marinaro-livorno-luglio-2023\/\"]}]},{\"@type\":\"ImageObject\",\"inLanguage\":\"it-IT\",\"@id\":\"https:\/\/www.intoscana.it\/it\/palio-marinaro-livorno-luglio-2023\/#primaryimage\",\"url\":\"https:\/\/www.intoscana.it\/wp-content\/uploads\/Palio-Marinaro-Livorno-Filippelli8-1.jpg\",\"contentUrl\":\"https:\/\/www.intoscana.it\/wp-content\/uploads\/Palio-Marinaro-Livorno-Filippelli8-1.jpg\",\"width\":1000,\"height\":651,\"caption\":\"Palio Marinaro Livorno\"},{\"@type\":\"BreadcrumbList\",\"@id\":\"https:\/\/www.intoscana.it\/it\/palio-marinaro-livorno-luglio-2023\/#breadcrumb\",\"itemListElement\":[{\"@type\":\"ListItem\",\"position\":1,\"name\":\"Home\",\"item\":\"https:\/\/www.intoscana.it\/it\/\"},{\"@type\":\"ListItem\",\"position\":2,\"name\":\"Sport, passione, amicizia: sabato primo luglio a Livorno torna il Palio Marinaro\"}]},{\"@type\":\"WebSite\",\"@id\":\"https:\/\/www.intoscana.it\/it\/#website\",\"url\":\"https:\/\/www.intoscana.it\/it\/\",\"name\":\"intoscana\",\"description\":\"\",\"potentialAction\":[{\"@type\":\"SearchAction\",\"target\":{\"@type\":\"EntryPoint\",\"urlTemplate\":\"https:\/\/www.intoscana.it\/it\/?s={search_term_string}\"},\"query-input\":{\"@type\":\"PropertyValueSpecification\",\"valueRequired\":true,\"valueName\":\"search_term_string\"}}],\"inLanguage\":\"it-IT\"},{\"@type\":\"Person\",\"@id\":\"https:\/\/www.intoscana.it\/it\/#\/schema\/person\/9223810753230f20bd670fdd322661f8\",\"name\":\"Redazione\",\"url\":\"https:\/\/www.intoscana.it\/it\/author\/redazione\/\"}]}<\/script>\n<!-- \/ Yoast SEO Premium plugin. -->","yoast_head_json":{"title":"Sport, passione, amicizia: sabato primo luglio a Livorno torna il Palio Marinaro - intoscana","description":"Il via \u00e8 fissato per sabato 1 luglio, quando le otto imbarcazioni dei rioni cittadini si contenderanno il palio su un percorso di 2mila metri","robots":{"index":"index","follow":"follow","max-snippet":"max-snippet:-1","max-image-preview":"max-image-preview:large","max-video-preview":"max-video-preview:-1"},"canonical":"https:\/\/www.intoscana.it\/it\/palio-marinaro-livorno-luglio-2023\/","og_locale":"it_IT","og_type":"article","og_title":"Sport, passione, amicizia: sabato primo luglio a Livorno torna il Palio Marinaro","og_description":"Il via \u00e8 fissato per sabato 1 luglio, quando le otto imbarcazioni dei rioni cittadini si contenderanno il palio su un percorso di 2mila metri","og_url":"https:\/\/www.intoscana.it\/it\/palio-marinaro-livorno-luglio-2023\/","og_site_name":"intoscana","article_publisher":"https:\/\/www.facebook.com\/intoscana.it","article_published_time":"2023-06-27T09:07:20+00:00","article_modified_time":"2023-06-27T09:18:52+00:00","og_image":[{"width":1000,"height":651,"url":"https:\/\/www.intoscana.it\/wp-content\/uploads\/Palio-Marinaro-Livorno-Filippelli8-1.jpg","type":"image\/jpeg"}],"author":"Redazione","twitter_card":"summary_large_image","twitter_creator":"@intoscana","twitter_site":"@intoscana","twitter_misc":{"Written by":"Redazione","Est. reading time":"2 minuti"},"schema":{"@context":"https:\/\/schema.org","@graph":[{"@type":"WebPage","@id":"https:\/\/www.intoscana.it\/it\/palio-marinaro-livorno-luglio-2023\/","url":"https:\/\/www.intoscana.it\/it\/palio-marinaro-livorno-luglio-2023\/","name":"Sport, passione, amicizia: sabato primo luglio a Livorno torna il Palio Marinaro - intoscana","isPartOf":{"@id":"https:\/\/www.intoscana.it\/it\/#website"},"primaryImageOfPage":{"@id":"https:\/\/www.intoscana.it\/it\/palio-marinaro-livorno-luglio-2023\/#primaryimage"},"image":{"@id":"https:\/\/www.intoscana.it\/it\/palio-marinaro-livorno-luglio-2023\/#primaryimage"},"thumbnailUrl":"https:\/\/www.intoscana.it\/wp-content\/uploads\/Palio-Marinaro-Livorno-Filippelli8-1.jpg","datePublished":"2023-06-27T09:07:20+00:00","dateModified":"2023-06-27T09:18:52+00:00","author":{"@id":"https:\/\/www.intoscana.it\/it\/#\/schema\/person\/9223810753230f20bd670fdd322661f8"},"description":"Il via \u00e8 fissato per sabato 1 luglio, quando le otto imbarcazioni dei rioni cittadini si contenderanno il palio su un percorso di 2mila metri","breadcrumb":{"@id":"https:\/\/www.intoscana.it\/it\/palio-marinaro-livorno-luglio-2023\/#breadcrumb"},"inLanguage":"it-IT","potentialAction":[{"@type":"ReadAction","target":["https:\/\/www.intoscana.it\/it\/palio-marinaro-livorno-luglio-2023\/"]}]},{"@type":"ImageObject","inLanguage":"it-IT","@id":"https:\/\/www.intoscana.it\/it\/palio-marinaro-livorno-luglio-2023\/#primaryimage","url":"https:\/\/www.intoscana.it\/wp-content\/uploads\/Palio-Marinaro-Livorno-Filippelli8-1.jpg","contentUrl":"https:\/\/www.intoscana.it\/wp-content\/uploads\/Palio-Marinaro-Livorno-Filippelli8-1.jpg","width":1000,"height":651,"caption":"Palio Marinaro Livorno"},{"@type":"BreadcrumbList","@id":"https:\/\/www.intoscana.it\/it\/palio-marinaro-livorno-luglio-2023\/#breadcrumb","itemListElement":[{"@type":"ListItem","position":1,"name":"Home","item":"https:\/\/www.intoscana.it\/it\/"},{"@type":"ListItem","position":2,"name":"Sport, passione, amicizia: sabato primo luglio a Livorno torna il Palio Marinaro"}]},{"@type":"WebSite","@id":"https:\/\/www.intoscana.it\/it\/#website","url":"https:\/\/www.intoscana.it\/it\/","name":"intoscana","description":"","potentialAction":[{"@type":"SearchAction","target":{"@type":"EntryPoint","urlTemplate":"https:\/\/www.intoscana.it\/it\/?s={search_term_string}"},"query-input":{"@type":"PropertyValueSpecification","valueRequired":true,"valueName":"search_term_string"}}],"inLanguage":"it-IT"},{"@type":"Person","@id":"https:\/\/www.intoscana.it\/it\/#\/schema\/person\/9223810753230f20bd670fdd322661f8","name":"Redazione","url":"https:\/\/www.intoscana.it\/it\/author\/redazione\/"}]}},"_links":{"self":[{"href":"https:\/\/www.intoscana.it\/it\/wp-json\/wp\/v2\/posts\/293455","targetHints":{"allow":["GET"]}}],"collection":[{"href":"https:\/\/www.intoscana.it\/it\/wp-json\/wp\/v2\/posts"}],"about":[{"href":"https:\/\/www.intoscana.it\/it\/wp-json\/wp\/v2\/types\/post"}],"author":[{"embeddable":true,"href":"https:\/\/www.intoscana.it\/it\/wp-json\/wp\/v2\/users\/525"}],"replies":[{"embeddable":true,"href":"https:\/\/www.intoscana.it\/it\/wp-json\/wp\/v2\/comments?post=293455"}],"version-history":[{"count":0,"href":"https:\/\/www.intoscana.it\/it\/wp-json\/wp\/v2\/posts\/293455\/revisions"}],"wp:featuredmedia":[{"embeddable":true,"href":"https:\/\/www.intoscana.it\/it\/wp-json\/wp\/v2\/media\/293464"}],"wp:attachment":[{"href":"https:\/\/www.intoscana.it\/it\/wp-json\/wp\/v2\/media?parent=293455"}],"wp:term":[{"taxonomy":"category","embeddable":true,"href":"https:\/\/www.intoscana.it\/it\/wp-json\/wp\/v2\/categories?post=293455"},{"taxonomy":"post_tag","embeddable":true,"href":"https:\/\/www.intoscana.it\/it\/wp-json\/wp\/v2\/tags?post=293455"}],"curies":[{"name":"wp","href":"https:\/\/api.w.org\/{rel}","templated":true}]}}