{"id":293608,"date":"2023-06-27T14:14:11","date_gmt":"2023-06-27T12:14:11","guid":{"rendered":"https:\/\/www.intoscana.it\/it\/?p=293608"},"modified":"2023-06-27T16:55:11","modified_gmt":"2023-06-27T14:55:11","slug":"un-pianoforte-per-allietare-lattesa-dei-viaggiatori-in-partenza-dallaeroporto-di-pisa","status":"publish","type":"post","link":"https:\/\/www.intoscana.it\/it\/un-pianoforte-per-allietare-lattesa-dei-viaggiatori-in-partenza-dallaeroporto-di-pisa\/","title":{"rendered":"Un pianoforte per allietare l&#8217;attesa dei viaggiatori in partenza dall&#8217;aeroporto di Pisa"},"content":{"rendered":"<p>L&#8217;attesa di salire a bordo del volo che ci porter\u00e0 verso la prossima meta estiva non sar\u00e0 cos\u00ec noiosa. All&#8217;<strong>aeroporto di Pisa<\/strong> \u00e8 stato posizionato un <strong>pianoforte<\/strong> pensato proprio per allietare il <strong>tempo di attesa<\/strong> di visitatori e turisti che transiteranno dal Galilei. Si tratta del progetto\u00a0\u201c<strong>No(te) Fly Zone<\/strong>\u201d, promosso da Confcommercio Pisa,\u00a0Toscana Aeroporti\u00a0ed\u00a0Elledibook Edizioni, in collaborazione con\u00a0Menicagli Pianoforti\u00a0e\u00a0Generali Assicurazioni, e con la compartecipazione della\u00a0Camera di Commercio Toscana Nord-Ovest Terre di Pisa, dei partners\u00a0Scuola di Danza \u201cElsa Ghezzi\u201d,\u00a0Fondazione Arpa\u00a0e\u00a0Radio Coltano Marconi Web Television.<\/p>\n<p><em>\u201cSiamo molto contenti di aver preso parte a questa iniziativa, perch\u00e9 l\u2019esperienza nell\u2019aeroporto Galilei possa trasformarsi in un momento speciale di condivisione e armonia. L\u2019obiettivo, infatti \u00e8 quello di creare un\u2019atmosfera accogliente, accessibile e coinvolgente che faccia compagnia ai viaggiatori nell\u2019attesa di partire. Auspichiamo che il pianoforte diventi un punto di incontro e di piacevole svago per chi transita nell&#8217;aeroporto&#8221;,<\/em> ha commentato<strong>\u00a0Toscana Aeroporti<\/strong>.<\/p>\n<p style=\"font-weight: 400;\">A partire da giornata di oggi sar\u00e0 cos\u00ec possibile <strong>fare musica<\/strong> in un luogo dove ogni giorno si incrociano le vite di passeggeri con lingue, culture e storie differenti tra loro, creando un legame unico sullo sfondo della citt\u00e0 di Pisa. Inoltre, questa iniziativa permetter\u00e0 di organizzare esibizioni musicali, artistiche e culturali che vedranno protagoniste le principali scuole di musica e ballo del territorio pisano.<\/p>\n<figure id=\"post-293612 media-293612\" class=\"align-none\"><img decoding=\"async\" src=\"https:\/\/www.intoscana.it\/wp-content\/uploads\/Note-fly-zone-1.jpeg\" alt=\"\" \/><\/figure>\n<p style=\"font-weight: 400;\">Ad inaugurare il pianoforte si sono esibiti il musicista Doady Giugliano, accompagnato dalla voce di Manu Ley, che ha interpretato le colonne sonore di alcuni grandi della musica italiana e internazionale (come Ennio Morricone, Nino Rota e Nicola Piovani). Entrambi gli artisti, inoltre, sono testimonial della Fondazione Arpa nata nel 1992 per volere del Prof. Franco Mosca e sempre in piena attivit\u00e0 nel promuovere la ricerca e la formazione nei vari campi della sanit\u00e0. A seguire si sono esibite le allieve della Scuola di Danza \u201cElsa Ghezzi\u201d con performance di danza guidate dalla direttrice Stefania Zucchelli. Un gruppo di piccole allieve della scuola E. Ghezzi insieme alla loro maestra Eva Pepe ha illustrato con tempere e pennarelli l\u2019area che ospiter\u00e0 il pianoforte rendendo cos\u00ec giocoso e colorato uno spazio nato per dare vita all\u2019arte. A chiudere i piccoli allievi della Scuola primaria Collodi dell&#8217;Istituto comprensivo Tongiorgi di Pisa, hanno suonato e cantato diretti delle maestre Regina Casula e Rosalba Marradi.<\/p>\n<p style=\"font-weight: 400;\">I prossimi eventi avranno come protagonisti anche la Scuola di Musica della Societ\u00e0 Filarmonica Pisana, diretta dal Maestro Carlo Franceschi, e della Scuola di Musica del Litoralepisano, sotto la guida della direttrice Alessandra Cavallini.<\/p>\n","protected":false},"excerpt":{"rendered":"<p>Grazie al progetto \u201cNo(te) Fly Zone\u201d, il pianoforte sar\u00e0 a disposizione di visitatori e turistici a cui si aggiungeranno le esibizioni delle scuole di musica e ballo del territorio pisano<\/p>\n","protected":false},"author":525,"featured_media":293613,"comment_status":"open","ping_status":"open","sticky":false,"template":"","format":"standard","meta":{"_acf_changed":false,"footnotes":""},"categories":[494],"tags":[5969,1577,203],"class_list":["post-293608","post","type-post","status-publish","format-standard","has-post-thumbnail","hentry","category-attualita","tag-aeroporto-di-pisa","tag-muoversi-in-toscana","tag-pisa"],"acf":[],"yoast_head":"<!-- This site is optimized with the Yoast SEO Premium plugin v24.2 (Yoast SEO v25.6) - https:\/\/yoast.com\/wordpress\/plugins\/seo\/ -->\n<title>Un pianoforte per allietare l&#039;attesa dei viaggiatori in partenza dall&#039;aeroporto di Pisa - intoscana<\/title>\n<meta name=\"robots\" content=\"index, follow, max-snippet:-1, max-image-preview:large, max-video-preview:-1\" \/>\n<link rel=\"canonical\" href=\"https:\/\/www.intoscana.it\/it\/un-pianoforte-per-allietare-lattesa-dei-viaggiatori-in-partenza-dallaeroporto-di-pisa\/\" \/>\n<meta property=\"og:locale\" content=\"it_IT\" \/>\n<meta property=\"og:type\" content=\"article\" \/>\n<meta property=\"og:title\" content=\"Un pianoforte per allietare l&#039;attesa dei viaggiatori in partenza dall&#039;aeroporto di Pisa\" \/>\n<meta property=\"og:description\" content=\"Grazie al progetto \u201cNo(te) Fly Zone\u201d, il pianoforte sar\u00e0 a disposizione di visitatori e turistici a cui si aggiungeranno le esibizioni delle scuole di musica e ballo del territorio pisano\" \/>\n<meta property=\"og:url\" content=\"https:\/\/www.intoscana.it\/it\/un-pianoforte-per-allietare-lattesa-dei-viaggiatori-in-partenza-dallaeroporto-di-pisa\/\" \/>\n<meta property=\"og:site_name\" content=\"intoscana\" \/>\n<meta property=\"article:publisher\" content=\"https:\/\/www.facebook.com\/intoscana.it\" \/>\n<meta property=\"article:published_time\" content=\"2023-06-27T12:14:11+00:00\" \/>\n<meta property=\"article:modified_time\" content=\"2023-06-27T14:55:11+00:00\" \/>\n<meta property=\"og:image\" content=\"https:\/\/www.intoscana.it\/wp-content\/uploads\/Note-fly-zone-2.jpeg\" \/>\n\t<meta property=\"og:image:width\" content=\"1600\" \/>\n\t<meta property=\"og:image:height\" content=\"1201\" \/>\n\t<meta property=\"og:image:type\" content=\"image\/jpeg\" \/>\n<meta name=\"author\" content=\"Redazione\" \/>\n<meta name=\"twitter:card\" content=\"summary_large_image\" \/>\n<meta name=\"twitter:creator\" content=\"@intoscana\" \/>\n<meta name=\"twitter:site\" content=\"@intoscana\" \/>\n<meta name=\"twitter:label1\" content=\"Written by\" \/>\n\t<meta name=\"twitter:data1\" content=\"Redazione\" \/>\n\t<meta name=\"twitter:label2\" content=\"Est. reading time\" \/>\n\t<meta name=\"twitter:data2\" content=\"2 minuti\" \/>\n<script type=\"application\/ld+json\" class=\"yoast-schema-graph\">{\"@context\":\"https:\/\/schema.org\",\"@graph\":[{\"@type\":\"WebPage\",\"@id\":\"https:\/\/www.intoscana.it\/it\/un-pianoforte-per-allietare-lattesa-dei-viaggiatori-in-partenza-dallaeroporto-di-pisa\/\",\"url\":\"https:\/\/www.intoscana.it\/it\/un-pianoforte-per-allietare-lattesa-dei-viaggiatori-in-partenza-dallaeroporto-di-pisa\/\",\"name\":\"Un pianoforte per allietare l'attesa dei viaggiatori in partenza dall'aeroporto di Pisa - intoscana\",\"isPartOf\":{\"@id\":\"https:\/\/www.intoscana.it\/it\/#website\"},\"primaryImageOfPage\":{\"@id\":\"https:\/\/www.intoscana.it\/it\/un-pianoforte-per-allietare-lattesa-dei-viaggiatori-in-partenza-dallaeroporto-di-pisa\/#primaryimage\"},\"image\":{\"@id\":\"https:\/\/www.intoscana.it\/it\/un-pianoforte-per-allietare-lattesa-dei-viaggiatori-in-partenza-dallaeroporto-di-pisa\/#primaryimage\"},\"thumbnailUrl\":\"https:\/\/www.intoscana.it\/wp-content\/uploads\/Note-fly-zone-2.jpeg\",\"datePublished\":\"2023-06-27T12:14:11+00:00\",\"dateModified\":\"2023-06-27T14:55:11+00:00\",\"author\":{\"@id\":\"https:\/\/www.intoscana.it\/it\/#\/schema\/person\/9223810753230f20bd670fdd322661f8\"},\"breadcrumb\":{\"@id\":\"https:\/\/www.intoscana.it\/it\/un-pianoforte-per-allietare-lattesa-dei-viaggiatori-in-partenza-dallaeroporto-di-pisa\/#breadcrumb\"},\"inLanguage\":\"it-IT\",\"potentialAction\":[{\"@type\":\"ReadAction\",\"target\":[\"https:\/\/www.intoscana.it\/it\/un-pianoforte-per-allietare-lattesa-dei-viaggiatori-in-partenza-dallaeroporto-di-pisa\/\"]}]},{\"@type\":\"ImageObject\",\"inLanguage\":\"it-IT\",\"@id\":\"https:\/\/www.intoscana.it\/it\/un-pianoforte-per-allietare-lattesa-dei-viaggiatori-in-partenza-dallaeroporto-di-pisa\/#primaryimage\",\"url\":\"https:\/\/www.intoscana.it\/wp-content\/uploads\/Note-fly-zone-2.jpeg\",\"contentUrl\":\"https:\/\/www.intoscana.it\/wp-content\/uploads\/Note-fly-zone-2.jpeg\",\"width\":1600,\"height\":1201},{\"@type\":\"BreadcrumbList\",\"@id\":\"https:\/\/www.intoscana.it\/it\/un-pianoforte-per-allietare-lattesa-dei-viaggiatori-in-partenza-dallaeroporto-di-pisa\/#breadcrumb\",\"itemListElement\":[{\"@type\":\"ListItem\",\"position\":1,\"name\":\"Home\",\"item\":\"https:\/\/www.intoscana.it\/it\/\"},{\"@type\":\"ListItem\",\"position\":2,\"name\":\"Un pianoforte per allietare l&#8217;attesa dei viaggiatori in partenza dall&#8217;aeroporto di Pisa\"}]},{\"@type\":\"WebSite\",\"@id\":\"https:\/\/www.intoscana.it\/it\/#website\",\"url\":\"https:\/\/www.intoscana.it\/it\/\",\"name\":\"intoscana\",\"description\":\"\",\"potentialAction\":[{\"@type\":\"SearchAction\",\"target\":{\"@type\":\"EntryPoint\",\"urlTemplate\":\"https:\/\/www.intoscana.it\/it\/?s={search_term_string}\"},\"query-input\":{\"@type\":\"PropertyValueSpecification\",\"valueRequired\":true,\"valueName\":\"search_term_string\"}}],\"inLanguage\":\"it-IT\"},{\"@type\":\"Person\",\"@id\":\"https:\/\/www.intoscana.it\/it\/#\/schema\/person\/9223810753230f20bd670fdd322661f8\",\"name\":\"Redazione\",\"url\":\"https:\/\/www.intoscana.it\/it\/author\/redazione\/\"}]}<\/script>\n<!-- \/ Yoast SEO Premium plugin. -->","yoast_head_json":{"title":"Un pianoforte per allietare l'attesa dei viaggiatori in partenza dall'aeroporto di Pisa - intoscana","robots":{"index":"index","follow":"follow","max-snippet":"max-snippet:-1","max-image-preview":"max-image-preview:large","max-video-preview":"max-video-preview:-1"},"canonical":"https:\/\/www.intoscana.it\/it\/un-pianoforte-per-allietare-lattesa-dei-viaggiatori-in-partenza-dallaeroporto-di-pisa\/","og_locale":"it_IT","og_type":"article","og_title":"Un pianoforte per allietare l'attesa dei viaggiatori in partenza dall'aeroporto di Pisa","og_description":"Grazie al progetto \u201cNo(te) Fly Zone\u201d, il pianoforte sar\u00e0 a disposizione di visitatori e turistici a cui si aggiungeranno le esibizioni delle scuole di musica e ballo del territorio pisano","og_url":"https:\/\/www.intoscana.it\/it\/un-pianoforte-per-allietare-lattesa-dei-viaggiatori-in-partenza-dallaeroporto-di-pisa\/","og_site_name":"intoscana","article_publisher":"https:\/\/www.facebook.com\/intoscana.it","article_published_time":"2023-06-27T12:14:11+00:00","article_modified_time":"2023-06-27T14:55:11+00:00","og_image":[{"width":1600,"height":1201,"url":"https:\/\/www.intoscana.it\/wp-content\/uploads\/Note-fly-zone-2.jpeg","type":"image\/jpeg"}],"author":"Redazione","twitter_card":"summary_large_image","twitter_creator":"@intoscana","twitter_site":"@intoscana","twitter_misc":{"Written by":"Redazione","Est. reading time":"2 minuti"},"schema":{"@context":"https:\/\/schema.org","@graph":[{"@type":"WebPage","@id":"https:\/\/www.intoscana.it\/it\/un-pianoforte-per-allietare-lattesa-dei-viaggiatori-in-partenza-dallaeroporto-di-pisa\/","url":"https:\/\/www.intoscana.it\/it\/un-pianoforte-per-allietare-lattesa-dei-viaggiatori-in-partenza-dallaeroporto-di-pisa\/","name":"Un pianoforte per allietare l'attesa dei viaggiatori in partenza dall'aeroporto di Pisa - intoscana","isPartOf":{"@id":"https:\/\/www.intoscana.it\/it\/#website"},"primaryImageOfPage":{"@id":"https:\/\/www.intoscana.it\/it\/un-pianoforte-per-allietare-lattesa-dei-viaggiatori-in-partenza-dallaeroporto-di-pisa\/#primaryimage"},"image":{"@id":"https:\/\/www.intoscana.it\/it\/un-pianoforte-per-allietare-lattesa-dei-viaggiatori-in-partenza-dallaeroporto-di-pisa\/#primaryimage"},"thumbnailUrl":"https:\/\/www.intoscana.it\/wp-content\/uploads\/Note-fly-zone-2.jpeg","datePublished":"2023-06-27T12:14:11+00:00","dateModified":"2023-06-27T14:55:11+00:00","author":{"@id":"https:\/\/www.intoscana.it\/it\/#\/schema\/person\/9223810753230f20bd670fdd322661f8"},"breadcrumb":{"@id":"https:\/\/www.intoscana.it\/it\/un-pianoforte-per-allietare-lattesa-dei-viaggiatori-in-partenza-dallaeroporto-di-pisa\/#breadcrumb"},"inLanguage":"it-IT","potentialAction":[{"@type":"ReadAction","target":["https:\/\/www.intoscana.it\/it\/un-pianoforte-per-allietare-lattesa-dei-viaggiatori-in-partenza-dallaeroporto-di-pisa\/"]}]},{"@type":"ImageObject","inLanguage":"it-IT","@id":"https:\/\/www.intoscana.it\/it\/un-pianoforte-per-allietare-lattesa-dei-viaggiatori-in-partenza-dallaeroporto-di-pisa\/#primaryimage","url":"https:\/\/www.intoscana.it\/wp-content\/uploads\/Note-fly-zone-2.jpeg","contentUrl":"https:\/\/www.intoscana.it\/wp-content\/uploads\/Note-fly-zone-2.jpeg","width":1600,"height":1201},{"@type":"BreadcrumbList","@id":"https:\/\/www.intoscana.it\/it\/un-pianoforte-per-allietare-lattesa-dei-viaggiatori-in-partenza-dallaeroporto-di-pisa\/#breadcrumb","itemListElement":[{"@type":"ListItem","position":1,"name":"Home","item":"https:\/\/www.intoscana.it\/it\/"},{"@type":"ListItem","position":2,"name":"Un pianoforte per allietare l&#8217;attesa dei viaggiatori in partenza dall&#8217;aeroporto di Pisa"}]},{"@type":"WebSite","@id":"https:\/\/www.intoscana.it\/it\/#website","url":"https:\/\/www.intoscana.it\/it\/","name":"intoscana","description":"","potentialAction":[{"@type":"SearchAction","target":{"@type":"EntryPoint","urlTemplate":"https:\/\/www.intoscana.it\/it\/?s={search_term_string}"},"query-input":{"@type":"PropertyValueSpecification","valueRequired":true,"valueName":"search_term_string"}}],"inLanguage":"it-IT"},{"@type":"Person","@id":"https:\/\/www.intoscana.it\/it\/#\/schema\/person\/9223810753230f20bd670fdd322661f8","name":"Redazione","url":"https:\/\/www.intoscana.it\/it\/author\/redazione\/"}]}},"_links":{"self":[{"href":"https:\/\/www.intoscana.it\/it\/wp-json\/wp\/v2\/posts\/293608","targetHints":{"allow":["GET"]}}],"collection":[{"href":"https:\/\/www.intoscana.it\/it\/wp-json\/wp\/v2\/posts"}],"about":[{"href":"https:\/\/www.intoscana.it\/it\/wp-json\/wp\/v2\/types\/post"}],"author":[{"embeddable":true,"href":"https:\/\/www.intoscana.it\/it\/wp-json\/wp\/v2\/users\/525"}],"replies":[{"embeddable":true,"href":"https:\/\/www.intoscana.it\/it\/wp-json\/wp\/v2\/comments?post=293608"}],"version-history":[{"count":0,"href":"https:\/\/www.intoscana.it\/it\/wp-json\/wp\/v2\/posts\/293608\/revisions"}],"wp:featuredmedia":[{"embeddable":true,"href":"https:\/\/www.intoscana.it\/it\/wp-json\/wp\/v2\/media\/293613"}],"wp:attachment":[{"href":"https:\/\/www.intoscana.it\/it\/wp-json\/wp\/v2\/media?parent=293608"}],"wp:term":[{"taxonomy":"category","embeddable":true,"href":"https:\/\/www.intoscana.it\/it\/wp-json\/wp\/v2\/categories?post=293608"},{"taxonomy":"post_tag","embeddable":true,"href":"https:\/\/www.intoscana.it\/it\/wp-json\/wp\/v2\/tags?post=293608"}],"curies":[{"name":"wp","href":"https:\/\/api.w.org\/{rel}","templated":true}]}}