{"id":293887,"date":"2023-06-28T16:13:36","date_gmt":"2023-06-28T14:13:36","guid":{"rendered":"https:\/\/www.intoscana.it\/it\/?p=293887"},"modified":"2023-06-28T16:13:36","modified_gmt":"2023-06-28T14:13:36","slug":"agricoltura-bando-siena-food-lab","status":"publish","type":"post","link":"https:\/\/www.intoscana.it\/it\/agricoltura-bando-siena-food-lab\/","title":{"rendered":"Agricoltura e innovazione: al via il bando per le imprese senesi di Siena Food Lab"},"content":{"rendered":"<p>Aiutare le <strong>imprese agricole senesi<\/strong> a innovarsi. \u00c8 questo l&#8217;obiettivo del nuovo bando lanciato dalla <strong>Fondazione Siena Food Lab<\/strong>, online <strong>fino al 25 luglio<\/strong>, che recluter\u00e0 fino ad un massimo di cento imprese agricole del territorio senese interessate ad intraprendere un <mark>percorso di innovazione e formazione qualificata e a ricevere strumenti, assistenza e formazione gratuita sui temi e le pratiche di agricoltura di precisione, sostenibilit\u00e0 e tracciabilit\u00e0.<\/mark><\/p>\n<h3>Tecnologia a servizio dell&#8217;agroalimentare<\/h3>\n<p><a href=\"https:\/\/www.intoscana.it\/it\/articolo\/agricoltura-nasce-la-fondazione-siena-food-lab-per-linnovazione\/\" target=\"_blank\" rel=\"noopener\">La Fondazione Siena Food Lab<\/a> infatti, promossa da <strong>Santa Chiara Lab &#8211; Universit\u00e0 di Siena<\/strong> e la <strong>Fondazione Monte dei Paschi di Siena,<\/strong> ha l\u2019obiettivo di supportare lo sviluppo economico locale nel settore agroalimentare del territorio senese, attraverso la promozione di soluzioni gestionali e operative coerenti con i principi della sostenibilit\u00e0 sociale, ambientale ed economica, la formazione di idonee figure professionali e la creazione di opportunit\u00e0 d\u2019impiego per le nuove generazioni.<\/p>\n<p>Un obiettivo che la fondazione vuole perseguire mettendo in relazione al meglio la <strong>ricerca scientifica,<\/strong> l&#8217;innovazione tecnologica e l&#8217;imprenditorialit\u00e0 agricola locale e sviluppando connessioni tra imprese, innovatori, istituzioni, centri di ricerca e studenti capaci di generare impatti concreti e positivi per il benessere e la sostenibilit\u00e0 del territorio.<\/p>\n<h3>Un team di esperti per le imprese agricole<\/h3>\n<p>Le imprese agricole che aderiranno al percorso di innovazione avranno a disposizione <mark>un team di esperti che, a partire dalle criticit\u00e0 e dai bisogni delle aziende, fornir\u00e0 consulenza e soluzioni offerte dal mondo dell\u2019innovazione e della ricerca,<\/mark>.<\/p>\n<p>Inoltre le aziende scopriranno i principi e gli strumenti innovativi dell&#8217;<strong>agricoltura di precisione<\/strong>, della tracciabilit\u00e0 dei processi e delle soluzioni e la misurazione della sostenibilit\u00e0, tutti elementi decisivi per assicurare la <strong>competitivit\u00e0<\/strong> e la redditivit\u00e0 delle imprese agricole, e per promuovere anche uso sostenibile delle risorse naturali in agricoltura.<strong><u>\u00a0<\/u><\/strong><\/p>\n","protected":false},"excerpt":{"rendered":"<p>Fino a 100 aziende agricole potranno partecipare al percorso di formazione e consulenza sull&#8217;agricoltura di precisione, la sostenibilit\u00e0 ambientale e sociale e la tracciabilit\u00e0 delle produzioni<\/p>\n","protected":false},"author":525,"featured_media":293890,"comment_status":"open","ping_status":"open","sticky":false,"template":"","format":"standard","meta":{"_acf_changed":false,"footnotes":""},"categories":[475],"tags":[363,164],"class_list":["post-293887","post","type-post","status-publish","format-standard","has-post-thumbnail","hentry","category-innovazione","tag-agricoltura","tag-siena"],"acf":[],"yoast_head":"<!-- This site is optimized with the Yoast SEO Premium plugin v24.2 (Yoast SEO v25.6) - https:\/\/yoast.com\/wordpress\/plugins\/seo\/ -->\n<title>Agricoltura e innovazione: al via il bando per le imprese senesi di Siena Food Lab - intoscana<\/title>\n<meta name=\"description\" content=\"Al via il bando di Siena Food Lab per offrire alle imprese agricole del territorio senese un percorso di formazione innovativo.\" \/>\n<meta name=\"robots\" content=\"index, follow, max-snippet:-1, max-image-preview:large, max-video-preview:-1\" \/>\n<link rel=\"canonical\" href=\"https:\/\/www.intoscana.it\/it\/agricoltura-bando-siena-food-lab\/\" \/>\n<meta property=\"og:locale\" content=\"it_IT\" \/>\n<meta property=\"og:type\" content=\"article\" \/>\n<meta property=\"og:title\" content=\"Agricoltura e innovazione: al via il bando per le imprese senesi di Siena Food Lab\" \/>\n<meta property=\"og:description\" content=\"Al via il bando di Siena Food Lab per offrire alle imprese agricole del territorio senese un percorso di formazione innovativo.\" \/>\n<meta property=\"og:url\" content=\"https:\/\/www.intoscana.it\/it\/agricoltura-bando-siena-food-lab\/\" \/>\n<meta property=\"og:site_name\" content=\"intoscana\" \/>\n<meta property=\"article:publisher\" content=\"https:\/\/www.facebook.com\/intoscana.it\" \/>\n<meta property=\"article:published_time\" content=\"2023-06-28T14:13:36+00:00\" \/>\n<meta property=\"og:image\" content=\"https:\/\/www.intoscana.it\/wp-content\/uploads\/FSFL-2-scaled.jpg\" \/>\n\t<meta property=\"og:image:width\" content=\"2048\" \/>\n\t<meta property=\"og:image:height\" content=\"1368\" \/>\n\t<meta property=\"og:image:type\" content=\"image\/jpeg\" \/>\n<meta name=\"author\" content=\"Redazione\" \/>\n<meta name=\"twitter:card\" content=\"summary_large_image\" \/>\n<meta name=\"twitter:creator\" content=\"@intoscana\" \/>\n<meta name=\"twitter:site\" content=\"@intoscana\" \/>\n<meta name=\"twitter:label1\" content=\"Written by\" \/>\n\t<meta name=\"twitter:data1\" content=\"Redazione\" \/>\n\t<meta name=\"twitter:label2\" content=\"Est. reading time\" \/>\n\t<meta name=\"twitter:data2\" content=\"1 minuto\" \/>\n<script type=\"application\/ld+json\" class=\"yoast-schema-graph\">{\"@context\":\"https:\/\/schema.org\",\"@graph\":[{\"@type\":\"WebPage\",\"@id\":\"https:\/\/www.intoscana.it\/it\/agricoltura-bando-siena-food-lab\/\",\"url\":\"https:\/\/www.intoscana.it\/it\/agricoltura-bando-siena-food-lab\/\",\"name\":\"Agricoltura e innovazione: al via il bando per le imprese senesi di Siena Food Lab - intoscana\",\"isPartOf\":{\"@id\":\"https:\/\/www.intoscana.it\/it\/#website\"},\"primaryImageOfPage\":{\"@id\":\"https:\/\/www.intoscana.it\/it\/agricoltura-bando-siena-food-lab\/#primaryimage\"},\"image\":{\"@id\":\"https:\/\/www.intoscana.it\/it\/agricoltura-bando-siena-food-lab\/#primaryimage\"},\"thumbnailUrl\":\"https:\/\/www.intoscana.it\/wp-content\/uploads\/FSFL-2-scaled.jpg\",\"datePublished\":\"2023-06-28T14:13:36+00:00\",\"author\":{\"@id\":\"https:\/\/www.intoscana.it\/it\/#\/schema\/person\/9223810753230f20bd670fdd322661f8\"},\"description\":\"Al via il bando di Siena Food Lab per offrire alle imprese agricole del territorio senese un percorso di formazione innovativo.\",\"breadcrumb\":{\"@id\":\"https:\/\/www.intoscana.it\/it\/agricoltura-bando-siena-food-lab\/#breadcrumb\"},\"inLanguage\":\"it-IT\",\"potentialAction\":[{\"@type\":\"ReadAction\",\"target\":[\"https:\/\/www.intoscana.it\/it\/agricoltura-bando-siena-food-lab\/\"]}]},{\"@type\":\"ImageObject\",\"inLanguage\":\"it-IT\",\"@id\":\"https:\/\/www.intoscana.it\/it\/agricoltura-bando-siena-food-lab\/#primaryimage\",\"url\":\"https:\/\/www.intoscana.it\/wp-content\/uploads\/FSFL-2-scaled.jpg\",\"contentUrl\":\"https:\/\/www.intoscana.it\/wp-content\/uploads\/FSFL-2-scaled.jpg\",\"width\":2048,\"height\":1368,\"caption\":\"Agricoltura a Siena\"},{\"@type\":\"BreadcrumbList\",\"@id\":\"https:\/\/www.intoscana.it\/it\/agricoltura-bando-siena-food-lab\/#breadcrumb\",\"itemListElement\":[{\"@type\":\"ListItem\",\"position\":1,\"name\":\"Home\",\"item\":\"https:\/\/www.intoscana.it\/it\/\"},{\"@type\":\"ListItem\",\"position\":2,\"name\":\"Agricoltura e innovazione: al via il bando per le imprese senesi di Siena Food Lab\"}]},{\"@type\":\"WebSite\",\"@id\":\"https:\/\/www.intoscana.it\/it\/#website\",\"url\":\"https:\/\/www.intoscana.it\/it\/\",\"name\":\"intoscana\",\"description\":\"\",\"potentialAction\":[{\"@type\":\"SearchAction\",\"target\":{\"@type\":\"EntryPoint\",\"urlTemplate\":\"https:\/\/www.intoscana.it\/it\/?s={search_term_string}\"},\"query-input\":{\"@type\":\"PropertyValueSpecification\",\"valueRequired\":true,\"valueName\":\"search_term_string\"}}],\"inLanguage\":\"it-IT\"},{\"@type\":\"Person\",\"@id\":\"https:\/\/www.intoscana.it\/it\/#\/schema\/person\/9223810753230f20bd670fdd322661f8\",\"name\":\"Redazione\",\"url\":\"https:\/\/www.intoscana.it\/it\/author\/redazione\/\"}]}<\/script>\n<!-- \/ Yoast SEO Premium plugin. -->","yoast_head_json":{"title":"Agricoltura e innovazione: al via il bando per le imprese senesi di Siena Food Lab - intoscana","description":"Al via il bando di Siena Food Lab per offrire alle imprese agricole del territorio senese un percorso di formazione innovativo.","robots":{"index":"index","follow":"follow","max-snippet":"max-snippet:-1","max-image-preview":"max-image-preview:large","max-video-preview":"max-video-preview:-1"},"canonical":"https:\/\/www.intoscana.it\/it\/agricoltura-bando-siena-food-lab\/","og_locale":"it_IT","og_type":"article","og_title":"Agricoltura e innovazione: al via il bando per le imprese senesi di Siena Food Lab","og_description":"Al via il bando di Siena Food Lab per offrire alle imprese agricole del territorio senese un percorso di formazione innovativo.","og_url":"https:\/\/www.intoscana.it\/it\/agricoltura-bando-siena-food-lab\/","og_site_name":"intoscana","article_publisher":"https:\/\/www.facebook.com\/intoscana.it","article_published_time":"2023-06-28T14:13:36+00:00","og_image":[{"width":2048,"height":1368,"url":"https:\/\/www.intoscana.it\/wp-content\/uploads\/FSFL-2-scaled.jpg","type":"image\/jpeg"}],"author":"Redazione","twitter_card":"summary_large_image","twitter_creator":"@intoscana","twitter_site":"@intoscana","twitter_misc":{"Written by":"Redazione","Est. reading time":"1 minuto"},"schema":{"@context":"https:\/\/schema.org","@graph":[{"@type":"WebPage","@id":"https:\/\/www.intoscana.it\/it\/agricoltura-bando-siena-food-lab\/","url":"https:\/\/www.intoscana.it\/it\/agricoltura-bando-siena-food-lab\/","name":"Agricoltura e innovazione: al via il bando per le imprese senesi di Siena Food Lab - intoscana","isPartOf":{"@id":"https:\/\/www.intoscana.it\/it\/#website"},"primaryImageOfPage":{"@id":"https:\/\/www.intoscana.it\/it\/agricoltura-bando-siena-food-lab\/#primaryimage"},"image":{"@id":"https:\/\/www.intoscana.it\/it\/agricoltura-bando-siena-food-lab\/#primaryimage"},"thumbnailUrl":"https:\/\/www.intoscana.it\/wp-content\/uploads\/FSFL-2-scaled.jpg","datePublished":"2023-06-28T14:13:36+00:00","author":{"@id":"https:\/\/www.intoscana.it\/it\/#\/schema\/person\/9223810753230f20bd670fdd322661f8"},"description":"Al via il bando di Siena Food Lab per offrire alle imprese agricole del territorio senese un percorso di formazione innovativo.","breadcrumb":{"@id":"https:\/\/www.intoscana.it\/it\/agricoltura-bando-siena-food-lab\/#breadcrumb"},"inLanguage":"it-IT","potentialAction":[{"@type":"ReadAction","target":["https:\/\/www.intoscana.it\/it\/agricoltura-bando-siena-food-lab\/"]}]},{"@type":"ImageObject","inLanguage":"it-IT","@id":"https:\/\/www.intoscana.it\/it\/agricoltura-bando-siena-food-lab\/#primaryimage","url":"https:\/\/www.intoscana.it\/wp-content\/uploads\/FSFL-2-scaled.jpg","contentUrl":"https:\/\/www.intoscana.it\/wp-content\/uploads\/FSFL-2-scaled.jpg","width":2048,"height":1368,"caption":"Agricoltura a Siena"},{"@type":"BreadcrumbList","@id":"https:\/\/www.intoscana.it\/it\/agricoltura-bando-siena-food-lab\/#breadcrumb","itemListElement":[{"@type":"ListItem","position":1,"name":"Home","item":"https:\/\/www.intoscana.it\/it\/"},{"@type":"ListItem","position":2,"name":"Agricoltura e innovazione: al via il bando per le imprese senesi di Siena Food Lab"}]},{"@type":"WebSite","@id":"https:\/\/www.intoscana.it\/it\/#website","url":"https:\/\/www.intoscana.it\/it\/","name":"intoscana","description":"","potentialAction":[{"@type":"SearchAction","target":{"@type":"EntryPoint","urlTemplate":"https:\/\/www.intoscana.it\/it\/?s={search_term_string}"},"query-input":{"@type":"PropertyValueSpecification","valueRequired":true,"valueName":"search_term_string"}}],"inLanguage":"it-IT"},{"@type":"Person","@id":"https:\/\/www.intoscana.it\/it\/#\/schema\/person\/9223810753230f20bd670fdd322661f8","name":"Redazione","url":"https:\/\/www.intoscana.it\/it\/author\/redazione\/"}]}},"_links":{"self":[{"href":"https:\/\/www.intoscana.it\/it\/wp-json\/wp\/v2\/posts\/293887","targetHints":{"allow":["GET"]}}],"collection":[{"href":"https:\/\/www.intoscana.it\/it\/wp-json\/wp\/v2\/posts"}],"about":[{"href":"https:\/\/www.intoscana.it\/it\/wp-json\/wp\/v2\/types\/post"}],"author":[{"embeddable":true,"href":"https:\/\/www.intoscana.it\/it\/wp-json\/wp\/v2\/users\/525"}],"replies":[{"embeddable":true,"href":"https:\/\/www.intoscana.it\/it\/wp-json\/wp\/v2\/comments?post=293887"}],"version-history":[{"count":0,"href":"https:\/\/www.intoscana.it\/it\/wp-json\/wp\/v2\/posts\/293887\/revisions"}],"wp:featuredmedia":[{"embeddable":true,"href":"https:\/\/www.intoscana.it\/it\/wp-json\/wp\/v2\/media\/293890"}],"wp:attachment":[{"href":"https:\/\/www.intoscana.it\/it\/wp-json\/wp\/v2\/media?parent=293887"}],"wp:term":[{"taxonomy":"category","embeddable":true,"href":"https:\/\/www.intoscana.it\/it\/wp-json\/wp\/v2\/categories?post=293887"},{"taxonomy":"post_tag","embeddable":true,"href":"https:\/\/www.intoscana.it\/it\/wp-json\/wp\/v2\/tags?post=293887"}],"curies":[{"name":"wp","href":"https:\/\/api.w.org\/{rel}","templated":true}]}}