{"id":293894,"date":"2023-06-28T16:33:38","date_gmt":"2023-06-28T14:33:38","guid":{"rendered":"https:\/\/www.intoscana.it\/it\/?p=293894"},"modified":"2023-06-28T16:33:55","modified_gmt":"2023-06-28T14:33:55","slug":"mostra-tommaso-panichi","status":"publish","type":"post","link":"https:\/\/www.intoscana.it\/it\/mostra-tommaso-panichi\/","title":{"rendered":"Questa \u00e8 la mia parola: le opere di Tommaso Panichi in mostra a Firenze"},"content":{"rendered":"<p>\u00c8 stata inaugurata questa mattina allo <strong>Spazio espositivo Carlo Azeglio Ciampi<\/strong>, al Palazzo del Pegaso a Firenze, la mostra <strong>&#8220;Questa \u00e8 la mia parola&#8221; di Tommaso Panichi<\/strong> con i saluti di Antonio Mazzeo, presidente del Consiglio regionale della Toscana e Serena Spinelli, assessors regionale alle politiche sociali.<\/p>\n<h3>L&#8217;arte di Tommaso Panichi: una scelta di libert\u00e0<\/h3>\n<p>Tommaso Panichi, milanese di nascita e <strong>versiliese d\u2019adozione<\/strong>, fin da bambino \u00e8 stato condotto dalla sua sensibilit\u00e0 a un\u2019attenta ricerca della bellezza, e verso il desiderio di sperimentare e applicarsi in campo artistico, Ha frequentato il liceo artistico Stagio Stagi di Pietrasanta, che gli ha permesso di crescere artisticamente e di iniziare un percorso d\u2019arte secondo le sue convinzioni e necessit\u00e0. <mark>Tommaso \u00e8 autistico, la sua sensibilit\u00e0 agita i suoi pensieri e le sue emozioni che si esprimono e ricompongono nella sua arte; si pu\u00f2 dire che, per lui, fare arte non sia stato una scelta, ma la sola opzione possibile.<\/mark><br \/>\nOggi Tommaso \u00e8 un giovane pittore emergente, frequenta le lezioni di pittura all\u2019<strong>Accademia di Belle Arti di Carrara<\/strong> e al suo attivo diverse mostre personali in citt\u00e0 come Milano, Pietrasanta e Seravezza.<\/p>\n<p><em>\u201cUna mostra che fa emozionare e quindi significa che l\u2019artista Tommaso Panichi ha colto perfettamente nel segno<\/em> &#8211; ha detto <strong>Antonio Mazzeo<\/strong> &#8211;<em> ed \u00e8 una delle iniziative pi\u00f9 belle che abbiamo ospitato in questi mesi nel nostro prestigioso spazio. La libert\u00e0 \u00e8 la cifra essenziale dell\u2019arte di Tommaso, una libert\u00e0 assoluta, senza pregiudizi, senza stereotipi, del tutto spontanea e la sua arte scaturisce dalla radice profonda della sua persona dandole una carica espressiva straordinariamente potente. <strong>Una scelta di libert\u00e0<\/strong>. Una scelta per dare voce al suo mondo interiore di emozioni, pensieri, sentimenti. La \u2018parola\u2019 di Tommy \u00e8 infatti il suo segno, il graffito, il colore. E un segno che dice, che parla, che comunica fuori dalle ovviet\u00e0 e che dunque richiede ricerca in chi lo guarda. L\u2019arte di Tommaso \u00e8 potente, espressiva, assolutamente contemporanea. Grazie Tommaso per tutta la bellezza che ci fai scoprire e per l\u2019armonia con cui riesci a illuminare i nostri cuori\u201d.<\/em><\/p>\n<p><em>&#8220;\u00c8 un grande piacere oggi prendere parte all&#8217;inaugurazione della mostra personale di Tommaso Panichi e ringrazio il Consiglio regionale della Toscana per averla voluta accogliere<\/em> \u2013 ha aggiunto Serena Spinelli \u2013 <em>e a farci incontrare, con lui e la sua famiglia, \u00e8 stato il <strong>progetto regionale \u2018In Aut\u2019,<\/strong> che sta dentro alla cornice di \u2018GiovaniS\u00ec\u2019 ed ha l&#8217;obiettivo di favorire l&#8217;autonomia delle persone con disabilit\u00e0, proprio tramite percorsi che sviluppino le capacit\u00e0 e le potenzialit\u00e0 di ciascuno.&#8221;<\/em><\/p>\n<h3>La mostra aperta fino all&#8217;8 luglio<\/h3>\n<p>Sono seguiti gli interventi dei curatori della mostra Lorenzo Belli e Estefania Nativo, di Paolo Gacci presidente della Fondazione i Medici F3. Era presente, evidentemente emozionato, l\u2019artista Tommaso Panichi.<\/p>\n<p><em>\u201cSono riunite nell\u2019esposizione di Palazzo del Pegaso a Firenze una serie di opere di Panichi che costituiscono &#8211; <\/em>ha detto il <strong>curatore Lorenzo Belli<\/strong> <em>&#8211; un\u2019antologica della sua produzione che inizia dagli anni del liceo artistico fino agli ultimi approcci verso la materia e la tridimensionalit\u00e0. Le sue opere, intrise di gesto e azione, sono costellazioni pittoriche realizzate con acquerello, olio, cera su vari supporti fra cui carta, tela, marmo e ceramica. Osservando il suo lavoro ci immergiamo nel suo mondo, nel suo isolato modo di esprimersi che rende il gesto un compromesso tra tensione di espressione e libert\u00e0. \u00c8 proprio questa ricerca che rende unico il percorso artistico di Panichi che si sposa con la sua storia personale, i suoi sentimenti ed il suo particolare modo di esprimerl<\/em><\/p>\n<p>&nbsp;<\/p>\n<p>&nbsp;<\/p>\n","protected":false},"excerpt":{"rendered":"<p>L\u2019esposizione allo Spazio Carlo Azeglio Ciampi \u00e8 stata inaugurata dal presidente del Consiglio regionale Antonio Mazzeo e dall&#8217;assessora regionale alle politiche sociali Serena Spinelli<\/p>\n","protected":false},"author":525,"featured_media":293898,"comment_status":"open","ping_status":"open","sticky":false,"template":"","format":"standard","meta":{"_acf_changed":false,"footnotes":""},"categories":[493],"tags":[4753,202,222],"class_list":["post-293894","post","type-post","status-publish","format-standard","has-post-thumbnail","hentry","category-cultura","tag-consiglio-regionale-della-toscana","tag-firenze","tag-mostre"],"acf":[],"yoast_head":"<!-- This site is optimized with the Yoast SEO Premium plugin v24.2 (Yoast SEO v25.6) - https:\/\/yoast.com\/wordpress\/plugins\/seo\/ -->\n<title>Questa \u00e8 la mia parola: le opere di Tommaso Panichi in mostra a Firenze - intoscana<\/title>\n<meta name=\"robots\" content=\"index, follow, max-snippet:-1, max-image-preview:large, max-video-preview:-1\" \/>\n<link rel=\"canonical\" href=\"https:\/\/www.intoscana.it\/it\/mostra-tommaso-panichi\/\" \/>\n<meta property=\"og:locale\" content=\"it_IT\" \/>\n<meta property=\"og:type\" content=\"article\" \/>\n<meta property=\"og:title\" content=\"Questa \u00e8 la mia parola: le opere di Tommaso Panichi in mostra a Firenze\" \/>\n<meta property=\"og:description\" content=\"L\u2019esposizione allo Spazio Carlo Azeglio Ciampi \u00e8 stata inaugurata dal presidente del Consiglio regionale Antonio Mazzeo e dall&#039;assessora regionale alle politiche sociali Serena Spinelli\" \/>\n<meta property=\"og:url\" content=\"https:\/\/www.intoscana.it\/it\/mostra-tommaso-panichi\/\" \/>\n<meta property=\"og:site_name\" content=\"intoscana\" \/>\n<meta property=\"article:publisher\" content=\"https:\/\/www.facebook.com\/intoscana.it\" \/>\n<meta property=\"article:published_time\" content=\"2023-06-28T14:33:38+00:00\" \/>\n<meta property=\"article:modified_time\" content=\"2023-06-28T14:33:55+00:00\" \/>\n<meta property=\"og:image\" content=\"https:\/\/www.intoscana.it\/wp-content\/uploads\/Mostra-Tommaso-Panichi.jpeg\" \/>\n\t<meta property=\"og:image:width\" content=\"2000\" \/>\n\t<meta property=\"og:image:height\" content=\"1500\" \/>\n\t<meta property=\"og:image:type\" content=\"image\/jpeg\" \/>\n<meta name=\"author\" content=\"Redazione\" \/>\n<meta name=\"twitter:card\" content=\"summary_large_image\" \/>\n<meta name=\"twitter:creator\" content=\"@intoscana\" \/>\n<meta name=\"twitter:site\" content=\"@intoscana\" \/>\n<meta name=\"twitter:label1\" content=\"Written by\" \/>\n\t<meta name=\"twitter:data1\" content=\"Redazione\" \/>\n\t<meta name=\"twitter:label2\" content=\"Est. reading time\" \/>\n\t<meta name=\"twitter:data2\" content=\"3 minuti\" \/>\n<script type=\"application\/ld+json\" class=\"yoast-schema-graph\">{\"@context\":\"https:\/\/schema.org\",\"@graph\":[{\"@type\":\"WebPage\",\"@id\":\"https:\/\/www.intoscana.it\/it\/mostra-tommaso-panichi\/\",\"url\":\"https:\/\/www.intoscana.it\/it\/mostra-tommaso-panichi\/\",\"name\":\"Questa \u00e8 la mia parola: le opere di Tommaso Panichi in mostra a Firenze - intoscana\",\"isPartOf\":{\"@id\":\"https:\/\/www.intoscana.it\/it\/#website\"},\"primaryImageOfPage\":{\"@id\":\"https:\/\/www.intoscana.it\/it\/mostra-tommaso-panichi\/#primaryimage\"},\"image\":{\"@id\":\"https:\/\/www.intoscana.it\/it\/mostra-tommaso-panichi\/#primaryimage\"},\"thumbnailUrl\":\"https:\/\/www.intoscana.it\/wp-content\/uploads\/Mostra-Tommaso-Panichi.jpeg\",\"datePublished\":\"2023-06-28T14:33:38+00:00\",\"dateModified\":\"2023-06-28T14:33:55+00:00\",\"author\":{\"@id\":\"https:\/\/www.intoscana.it\/it\/#\/schema\/person\/9223810753230f20bd670fdd322661f8\"},\"breadcrumb\":{\"@id\":\"https:\/\/www.intoscana.it\/it\/mostra-tommaso-panichi\/#breadcrumb\"},\"inLanguage\":\"it-IT\",\"potentialAction\":[{\"@type\":\"ReadAction\",\"target\":[\"https:\/\/www.intoscana.it\/it\/mostra-tommaso-panichi\/\"]}]},{\"@type\":\"ImageObject\",\"inLanguage\":\"it-IT\",\"@id\":\"https:\/\/www.intoscana.it\/it\/mostra-tommaso-panichi\/#primaryimage\",\"url\":\"https:\/\/www.intoscana.it\/wp-content\/uploads\/Mostra-Tommaso-Panichi.jpeg\",\"contentUrl\":\"https:\/\/www.intoscana.it\/wp-content\/uploads\/Mostra-Tommaso-Panichi.jpeg\",\"width\":2000,\"height\":1500,\"caption\":\"L'inaugurazione della mostra di Tommaso Panichi\"},{\"@type\":\"BreadcrumbList\",\"@id\":\"https:\/\/www.intoscana.it\/it\/mostra-tommaso-panichi\/#breadcrumb\",\"itemListElement\":[{\"@type\":\"ListItem\",\"position\":1,\"name\":\"Home\",\"item\":\"https:\/\/www.intoscana.it\/it\/\"},{\"@type\":\"ListItem\",\"position\":2,\"name\":\"Questa \u00e8 la mia parola: le opere di Tommaso Panichi in mostra a Firenze\"}]},{\"@type\":\"WebSite\",\"@id\":\"https:\/\/www.intoscana.it\/it\/#website\",\"url\":\"https:\/\/www.intoscana.it\/it\/\",\"name\":\"intoscana\",\"description\":\"\",\"potentialAction\":[{\"@type\":\"SearchAction\",\"target\":{\"@type\":\"EntryPoint\",\"urlTemplate\":\"https:\/\/www.intoscana.it\/it\/?s={search_term_string}\"},\"query-input\":{\"@type\":\"PropertyValueSpecification\",\"valueRequired\":true,\"valueName\":\"search_term_string\"}}],\"inLanguage\":\"it-IT\"},{\"@type\":\"Person\",\"@id\":\"https:\/\/www.intoscana.it\/it\/#\/schema\/person\/9223810753230f20bd670fdd322661f8\",\"name\":\"Redazione\",\"url\":\"https:\/\/www.intoscana.it\/it\/author\/redazione\/\"}]}<\/script>\n<!-- \/ Yoast SEO Premium plugin. -->","yoast_head_json":{"title":"Questa \u00e8 la mia parola: le opere di Tommaso Panichi in mostra a Firenze - intoscana","robots":{"index":"index","follow":"follow","max-snippet":"max-snippet:-1","max-image-preview":"max-image-preview:large","max-video-preview":"max-video-preview:-1"},"canonical":"https:\/\/www.intoscana.it\/it\/mostra-tommaso-panichi\/","og_locale":"it_IT","og_type":"article","og_title":"Questa \u00e8 la mia parola: le opere di Tommaso Panichi in mostra a Firenze","og_description":"L\u2019esposizione allo Spazio Carlo Azeglio Ciampi \u00e8 stata inaugurata dal presidente del Consiglio regionale Antonio Mazzeo e dall'assessora regionale alle politiche sociali Serena Spinelli","og_url":"https:\/\/www.intoscana.it\/it\/mostra-tommaso-panichi\/","og_site_name":"intoscana","article_publisher":"https:\/\/www.facebook.com\/intoscana.it","article_published_time":"2023-06-28T14:33:38+00:00","article_modified_time":"2023-06-28T14:33:55+00:00","og_image":[{"width":2000,"height":1500,"url":"https:\/\/www.intoscana.it\/wp-content\/uploads\/Mostra-Tommaso-Panichi.jpeg","type":"image\/jpeg"}],"author":"Redazione","twitter_card":"summary_large_image","twitter_creator":"@intoscana","twitter_site":"@intoscana","twitter_misc":{"Written by":"Redazione","Est. reading time":"3 minuti"},"schema":{"@context":"https:\/\/schema.org","@graph":[{"@type":"WebPage","@id":"https:\/\/www.intoscana.it\/it\/mostra-tommaso-panichi\/","url":"https:\/\/www.intoscana.it\/it\/mostra-tommaso-panichi\/","name":"Questa \u00e8 la mia parola: le opere di Tommaso Panichi in mostra a Firenze - intoscana","isPartOf":{"@id":"https:\/\/www.intoscana.it\/it\/#website"},"primaryImageOfPage":{"@id":"https:\/\/www.intoscana.it\/it\/mostra-tommaso-panichi\/#primaryimage"},"image":{"@id":"https:\/\/www.intoscana.it\/it\/mostra-tommaso-panichi\/#primaryimage"},"thumbnailUrl":"https:\/\/www.intoscana.it\/wp-content\/uploads\/Mostra-Tommaso-Panichi.jpeg","datePublished":"2023-06-28T14:33:38+00:00","dateModified":"2023-06-28T14:33:55+00:00","author":{"@id":"https:\/\/www.intoscana.it\/it\/#\/schema\/person\/9223810753230f20bd670fdd322661f8"},"breadcrumb":{"@id":"https:\/\/www.intoscana.it\/it\/mostra-tommaso-panichi\/#breadcrumb"},"inLanguage":"it-IT","potentialAction":[{"@type":"ReadAction","target":["https:\/\/www.intoscana.it\/it\/mostra-tommaso-panichi\/"]}]},{"@type":"ImageObject","inLanguage":"it-IT","@id":"https:\/\/www.intoscana.it\/it\/mostra-tommaso-panichi\/#primaryimage","url":"https:\/\/www.intoscana.it\/wp-content\/uploads\/Mostra-Tommaso-Panichi.jpeg","contentUrl":"https:\/\/www.intoscana.it\/wp-content\/uploads\/Mostra-Tommaso-Panichi.jpeg","width":2000,"height":1500,"caption":"L'inaugurazione della mostra di Tommaso Panichi"},{"@type":"BreadcrumbList","@id":"https:\/\/www.intoscana.it\/it\/mostra-tommaso-panichi\/#breadcrumb","itemListElement":[{"@type":"ListItem","position":1,"name":"Home","item":"https:\/\/www.intoscana.it\/it\/"},{"@type":"ListItem","position":2,"name":"Questa \u00e8 la mia parola: le opere di Tommaso Panichi in mostra a Firenze"}]},{"@type":"WebSite","@id":"https:\/\/www.intoscana.it\/it\/#website","url":"https:\/\/www.intoscana.it\/it\/","name":"intoscana","description":"","potentialAction":[{"@type":"SearchAction","target":{"@type":"EntryPoint","urlTemplate":"https:\/\/www.intoscana.it\/it\/?s={search_term_string}"},"query-input":{"@type":"PropertyValueSpecification","valueRequired":true,"valueName":"search_term_string"}}],"inLanguage":"it-IT"},{"@type":"Person","@id":"https:\/\/www.intoscana.it\/it\/#\/schema\/person\/9223810753230f20bd670fdd322661f8","name":"Redazione","url":"https:\/\/www.intoscana.it\/it\/author\/redazione\/"}]}},"_links":{"self":[{"href":"https:\/\/www.intoscana.it\/it\/wp-json\/wp\/v2\/posts\/293894","targetHints":{"allow":["GET"]}}],"collection":[{"href":"https:\/\/www.intoscana.it\/it\/wp-json\/wp\/v2\/posts"}],"about":[{"href":"https:\/\/www.intoscana.it\/it\/wp-json\/wp\/v2\/types\/post"}],"author":[{"embeddable":true,"href":"https:\/\/www.intoscana.it\/it\/wp-json\/wp\/v2\/users\/525"}],"replies":[{"embeddable":true,"href":"https:\/\/www.intoscana.it\/it\/wp-json\/wp\/v2\/comments?post=293894"}],"version-history":[{"count":0,"href":"https:\/\/www.intoscana.it\/it\/wp-json\/wp\/v2\/posts\/293894\/revisions"}],"wp:featuredmedia":[{"embeddable":true,"href":"https:\/\/www.intoscana.it\/it\/wp-json\/wp\/v2\/media\/293898"}],"wp:attachment":[{"href":"https:\/\/www.intoscana.it\/it\/wp-json\/wp\/v2\/media?parent=293894"}],"wp:term":[{"taxonomy":"category","embeddable":true,"href":"https:\/\/www.intoscana.it\/it\/wp-json\/wp\/v2\/categories?post=293894"},{"taxonomy":"post_tag","embeddable":true,"href":"https:\/\/www.intoscana.it\/it\/wp-json\/wp\/v2\/tags?post=293894"}],"curies":[{"name":"wp","href":"https:\/\/api.w.org\/{rel}","templated":true}]}}