{"id":294009,"date":"2023-06-29T13:09:56","date_gmt":"2023-06-29T11:09:56","guid":{"rendered":"https:\/\/www.intoscana.it\/it\/?p=294009"},"modified":"2023-06-30T09:39:24","modified_gmt":"2023-06-30T07:39:24","slug":"una-lettera-di-vasari-rubata-nel-2001-e-stata-ritrovata-e-riconsegnata","status":"publish","type":"post","link":"https:\/\/www.intoscana.it\/it\/una-lettera-di-vasari-rubata-nel-2001-e-stata-ritrovata-e-riconsegnata\/","title":{"rendered":"Una lettera di Vasari rubata ad Arezzo nel 2001 \u00e8 stata ritrovata e riconsegnata"},"content":{"rendered":"<p>Una<strong> lettera di Giorgio Vasari<\/strong>, datata <strong>18 marzo 1566<\/strong> e trafugata nel 2001 dall&#8217;<strong>archivio della Fraternita dei laici di Arezzo<\/strong>, \u00e8 stata restituita dal <strong>comandante del Nucleo carabinieri per la tutela del patrimonio culturale di Firenze<\/strong> alla stessa Fraternita.<\/p>\n<p>Il valore della missiva &#8211; inviata da Vasari ai rettori della Fraternit\u00e0 per parlare dell&#8217;artista<strong> Giovanni Stradaro<\/strong> &#8211; \u00e8 stimato intorno ai <strong>20mila euro,<\/strong> l&#8217;opera \u00e8 stata<strong> recuperata a Londra. <\/strong>Nella lettera si evidenziano anche legami di natura economica, come cifre e compensi su lavori e relazioni sullo stato di alcune opere.<\/p>\n<p><em>&#8220;Il furto \u00e8 stato denunciato presso l&#8217;Arma dei carabinieri di Arezzo nel 2008<\/em> &#8211; <strong>ha spiegato il comandante Claudio Mauti nel corso di una conferenza stampa<\/strong> -. <em>Una studiosa stava consultando il faldone che avrebbe dovuto contenere la lettera e disse ai responsabili che mancava quel documento. Si presume sia stato asportato prima del 2001. Da l\u00ec sono partite le indagini e <strong>il manoscritto \u00e8 tornato alla ribalta nel 2020:<\/strong> la <strong>casa d&#8217;aste Sotheby&#8217;s&#8221; di Londra e Bruxelles<\/strong> &#8220;ha avuto mandato dagli eredi di un noto collezionista&#8221; di avviare un&#8217;asta per vendere il bene &#8220;non conoscendone la provenienza&#8221;.<\/em><\/p>\n<figure id=\"post-294146 media-294146\" class=\"align-none\"><img decoding=\"async\" src=\"https:\/\/www.intoscana.it\/wp-content\/uploads\/image00007-3-scaled.jpeg\" alt=\"\" \/><\/figure>\n<p><strong>Mauti ha spiegato ancora che<\/strong> <em>&#8220;Sotheby&#8217;s si era interessata presso la Fraternita dei Laici per vedere la legalit\u00e0 o meno della lettera. Chi voleva mettere in vendita il bene, una volta scoperta l&#8217;origine, ha accettato di restituirlo&#8221;. <\/em><\/p>\n<p>Per il <strong>comandante del nucleo Tpc<\/strong> di Firenze <strong>non \u00e8 possibile sapere chi abbia trafugato l&#8217;opera.<\/strong><\/p>\n<p><strong>Il direttore degli Uffizi Eike Schmidt<\/strong> ha celebrato<em> &#8220;il lavoro del comando Tpc dei carabinieri che ha sede a Palazzo Pitti: c&#8217;\u00e8 una collaborazione continua non solo per il recupero delle opere nostre o di altre istituzioni nazionali, ma anche per il recupero di beni librari archivistici e culturali nel senso pi\u00f9 largo&#8221;.<\/em><\/p>\n<p><strong>Marianna Lora di Sotheby&#8217;s<\/strong> ha sottolineato che &#8220;<em>c&#8217;\u00e8 stata una bella collaborazione perch\u00e9 la lettera \u00e8 stata consegnata al nostro ufficio per una eventuale asta e, facendo delle ricerche, abbiamo scoperto che il documento era stato trafugato&#8221;.\u00a0<\/em><\/p>\n<figure id=\"post-294147 media-294147\" class=\"align-none\"><img decoding=\"async\" src=\"https:\/\/www.intoscana.it\/wp-content\/uploads\/image00013-scaled.jpeg\" alt=\"\" \/><\/figure>\n<div class=\"titleimg\"><\/div>\n","protected":false},"excerpt":{"rendered":"<p>Oggi la cerimonia di riconsegna alle Gallerie degli Uffizi a Firenze alla presenza del direttore Eike Schmidt e dei rappresentanti della Casa d&#8217;aste londinese Sotheby&#8217;s<\/p>\n","protected":false},"author":525,"featured_media":84855,"comment_status":"open","ping_status":"open","sticky":false,"template":"","format":"standard","meta":{"_acf_changed":false,"footnotes":""},"categories":[493],"tags":[207],"class_list":["post-294009","post","type-post","status-publish","format-standard","has-post-thumbnail","hentry","category-cultura","tag-uffizi"],"acf":[],"yoast_head":"<!-- This site is optimized with the Yoast SEO Premium plugin v24.2 (Yoast SEO v25.6) - https:\/\/yoast.com\/wordpress\/plugins\/seo\/ -->\n<title>Una lettera di Vasari rubata ad Arezzo nel 2001 \u00e8 stata ritrovata e riconsegnata - intoscana<\/title>\n<meta name=\"description\" content=\"Oggi la cerimonia di riconsegna alle Gallerie degli Uffizi a Firenze alla presenza del direttore Eike Schmidt e dei rappresentanti di Sotheby&#039;s\" \/>\n<meta name=\"robots\" content=\"index, follow, max-snippet:-1, max-image-preview:large, max-video-preview:-1\" \/>\n<link rel=\"canonical\" href=\"https:\/\/www.intoscana.it\/it\/una-lettera-di-vasari-rubata-nel-2001-e-stata-ritrovata-e-riconsegnata\/\" \/>\n<meta property=\"og:locale\" content=\"it_IT\" \/>\n<meta property=\"og:type\" content=\"article\" \/>\n<meta property=\"og:title\" content=\"Una lettera di Vasari rubata ad Arezzo nel 2001 \u00e8 stata ritrovata e riconsegnata\" \/>\n<meta property=\"og:description\" content=\"Oggi la cerimonia di riconsegna alle Gallerie degli Uffizi a Firenze alla presenza del direttore Eike Schmidt e dei rappresentanti di Sotheby&#039;s\" \/>\n<meta property=\"og:url\" content=\"https:\/\/www.intoscana.it\/it\/una-lettera-di-vasari-rubata-nel-2001-e-stata-ritrovata-e-riconsegnata\/\" \/>\n<meta property=\"og:site_name\" content=\"intoscana\" \/>\n<meta property=\"article:publisher\" content=\"https:\/\/www.facebook.com\/intoscana.it\" \/>\n<meta property=\"article:published_time\" content=\"2023-06-29T11:09:56+00:00\" \/>\n<meta property=\"article:modified_time\" content=\"2023-06-30T07:39:24+00:00\" \/>\n<meta property=\"og:image\" content=\"https:\/\/www.intoscana.it\/wp-content\/uploads\/fc0dec840a90363acb08f7a3a63a4d8f-2.jpg\" \/>\n\t<meta property=\"og:image:width\" content=\"760\" \/>\n\t<meta property=\"og:image:height\" content=\"570\" \/>\n\t<meta property=\"og:image:type\" content=\"image\/jpeg\" \/>\n<meta name=\"author\" content=\"Redazione\" \/>\n<meta name=\"twitter:card\" content=\"summary_large_image\" \/>\n<meta name=\"twitter:creator\" content=\"@intoscana\" \/>\n<meta name=\"twitter:site\" content=\"@intoscana\" \/>\n<meta name=\"twitter:label1\" content=\"Written by\" \/>\n\t<meta name=\"twitter:data1\" content=\"Redazione\" \/>\n\t<meta name=\"twitter:label2\" content=\"Est. reading time\" \/>\n\t<meta name=\"twitter:data2\" content=\"2 minuti\" \/>\n<script type=\"application\/ld+json\" class=\"yoast-schema-graph\">{\"@context\":\"https:\/\/schema.org\",\"@graph\":[{\"@type\":\"WebPage\",\"@id\":\"https:\/\/www.intoscana.it\/it\/una-lettera-di-vasari-rubata-nel-2001-e-stata-ritrovata-e-riconsegnata\/\",\"url\":\"https:\/\/www.intoscana.it\/it\/una-lettera-di-vasari-rubata-nel-2001-e-stata-ritrovata-e-riconsegnata\/\",\"name\":\"Una lettera di Vasari rubata ad Arezzo nel 2001 \u00e8 stata ritrovata e riconsegnata - intoscana\",\"isPartOf\":{\"@id\":\"https:\/\/www.intoscana.it\/it\/#website\"},\"primaryImageOfPage\":{\"@id\":\"https:\/\/www.intoscana.it\/it\/una-lettera-di-vasari-rubata-nel-2001-e-stata-ritrovata-e-riconsegnata\/#primaryimage\"},\"image\":{\"@id\":\"https:\/\/www.intoscana.it\/it\/una-lettera-di-vasari-rubata-nel-2001-e-stata-ritrovata-e-riconsegnata\/#primaryimage\"},\"thumbnailUrl\":\"https:\/\/www.intoscana.it\/wp-content\/uploads\/fc0dec840a90363acb08f7a3a63a4d8f-2.jpg\",\"datePublished\":\"2023-06-29T11:09:56+00:00\",\"dateModified\":\"2023-06-30T07:39:24+00:00\",\"author\":{\"@id\":\"https:\/\/www.intoscana.it\/it\/#\/schema\/person\/9223810753230f20bd670fdd322661f8\"},\"description\":\"Oggi la cerimonia di riconsegna alle Gallerie degli Uffizi a Firenze alla presenza del direttore Eike Schmidt e dei rappresentanti di Sotheby's\",\"breadcrumb\":{\"@id\":\"https:\/\/www.intoscana.it\/it\/una-lettera-di-vasari-rubata-nel-2001-e-stata-ritrovata-e-riconsegnata\/#breadcrumb\"},\"inLanguage\":\"it-IT\",\"potentialAction\":[{\"@type\":\"ReadAction\",\"target\":[\"https:\/\/www.intoscana.it\/it\/una-lettera-di-vasari-rubata-nel-2001-e-stata-ritrovata-e-riconsegnata\/\"]}]},{\"@type\":\"ImageObject\",\"inLanguage\":\"it-IT\",\"@id\":\"https:\/\/www.intoscana.it\/it\/una-lettera-di-vasari-rubata-nel-2001-e-stata-ritrovata-e-riconsegnata\/#primaryimage\",\"url\":\"https:\/\/www.intoscana.it\/wp-content\/uploads\/fc0dec840a90363acb08f7a3a63a4d8f-2.jpg\",\"contentUrl\":\"https:\/\/www.intoscana.it\/wp-content\/uploads\/fc0dec840a90363acb08f7a3a63a4d8f-2.jpg\",\"width\":760,\"height\":570},{\"@type\":\"BreadcrumbList\",\"@id\":\"https:\/\/www.intoscana.it\/it\/una-lettera-di-vasari-rubata-nel-2001-e-stata-ritrovata-e-riconsegnata\/#breadcrumb\",\"itemListElement\":[{\"@type\":\"ListItem\",\"position\":1,\"name\":\"Home\",\"item\":\"https:\/\/www.intoscana.it\/it\/\"},{\"@type\":\"ListItem\",\"position\":2,\"name\":\"Una lettera di Vasari rubata ad Arezzo nel 2001 \u00e8 stata ritrovata e riconsegnata\"}]},{\"@type\":\"WebSite\",\"@id\":\"https:\/\/www.intoscana.it\/it\/#website\",\"url\":\"https:\/\/www.intoscana.it\/it\/\",\"name\":\"intoscana\",\"description\":\"\",\"potentialAction\":[{\"@type\":\"SearchAction\",\"target\":{\"@type\":\"EntryPoint\",\"urlTemplate\":\"https:\/\/www.intoscana.it\/it\/?s={search_term_string}\"},\"query-input\":{\"@type\":\"PropertyValueSpecification\",\"valueRequired\":true,\"valueName\":\"search_term_string\"}}],\"inLanguage\":\"it-IT\"},{\"@type\":\"Person\",\"@id\":\"https:\/\/www.intoscana.it\/it\/#\/schema\/person\/9223810753230f20bd670fdd322661f8\",\"name\":\"Redazione\",\"url\":\"https:\/\/www.intoscana.it\/it\/author\/redazione\/\"}]}<\/script>\n<!-- \/ Yoast SEO Premium plugin. -->","yoast_head_json":{"title":"Una lettera di Vasari rubata ad Arezzo nel 2001 \u00e8 stata ritrovata e riconsegnata - intoscana","description":"Oggi la cerimonia di riconsegna alle Gallerie degli Uffizi a Firenze alla presenza del direttore Eike Schmidt e dei rappresentanti di Sotheby's","robots":{"index":"index","follow":"follow","max-snippet":"max-snippet:-1","max-image-preview":"max-image-preview:large","max-video-preview":"max-video-preview:-1"},"canonical":"https:\/\/www.intoscana.it\/it\/una-lettera-di-vasari-rubata-nel-2001-e-stata-ritrovata-e-riconsegnata\/","og_locale":"it_IT","og_type":"article","og_title":"Una lettera di Vasari rubata ad Arezzo nel 2001 \u00e8 stata ritrovata e riconsegnata","og_description":"Oggi la cerimonia di riconsegna alle Gallerie degli Uffizi a Firenze alla presenza del direttore Eike Schmidt e dei rappresentanti di Sotheby's","og_url":"https:\/\/www.intoscana.it\/it\/una-lettera-di-vasari-rubata-nel-2001-e-stata-ritrovata-e-riconsegnata\/","og_site_name":"intoscana","article_publisher":"https:\/\/www.facebook.com\/intoscana.it","article_published_time":"2023-06-29T11:09:56+00:00","article_modified_time":"2023-06-30T07:39:24+00:00","og_image":[{"width":760,"height":570,"url":"https:\/\/www.intoscana.it\/wp-content\/uploads\/fc0dec840a90363acb08f7a3a63a4d8f-2.jpg","type":"image\/jpeg"}],"author":"Redazione","twitter_card":"summary_large_image","twitter_creator":"@intoscana","twitter_site":"@intoscana","twitter_misc":{"Written by":"Redazione","Est. reading time":"2 minuti"},"schema":{"@context":"https:\/\/schema.org","@graph":[{"@type":"WebPage","@id":"https:\/\/www.intoscana.it\/it\/una-lettera-di-vasari-rubata-nel-2001-e-stata-ritrovata-e-riconsegnata\/","url":"https:\/\/www.intoscana.it\/it\/una-lettera-di-vasari-rubata-nel-2001-e-stata-ritrovata-e-riconsegnata\/","name":"Una lettera di Vasari rubata ad Arezzo nel 2001 \u00e8 stata ritrovata e riconsegnata - intoscana","isPartOf":{"@id":"https:\/\/www.intoscana.it\/it\/#website"},"primaryImageOfPage":{"@id":"https:\/\/www.intoscana.it\/it\/una-lettera-di-vasari-rubata-nel-2001-e-stata-ritrovata-e-riconsegnata\/#primaryimage"},"image":{"@id":"https:\/\/www.intoscana.it\/it\/una-lettera-di-vasari-rubata-nel-2001-e-stata-ritrovata-e-riconsegnata\/#primaryimage"},"thumbnailUrl":"https:\/\/www.intoscana.it\/wp-content\/uploads\/fc0dec840a90363acb08f7a3a63a4d8f-2.jpg","datePublished":"2023-06-29T11:09:56+00:00","dateModified":"2023-06-30T07:39:24+00:00","author":{"@id":"https:\/\/www.intoscana.it\/it\/#\/schema\/person\/9223810753230f20bd670fdd322661f8"},"description":"Oggi la cerimonia di riconsegna alle Gallerie degli Uffizi a Firenze alla presenza del direttore Eike Schmidt e dei rappresentanti di Sotheby's","breadcrumb":{"@id":"https:\/\/www.intoscana.it\/it\/una-lettera-di-vasari-rubata-nel-2001-e-stata-ritrovata-e-riconsegnata\/#breadcrumb"},"inLanguage":"it-IT","potentialAction":[{"@type":"ReadAction","target":["https:\/\/www.intoscana.it\/it\/una-lettera-di-vasari-rubata-nel-2001-e-stata-ritrovata-e-riconsegnata\/"]}]},{"@type":"ImageObject","inLanguage":"it-IT","@id":"https:\/\/www.intoscana.it\/it\/una-lettera-di-vasari-rubata-nel-2001-e-stata-ritrovata-e-riconsegnata\/#primaryimage","url":"https:\/\/www.intoscana.it\/wp-content\/uploads\/fc0dec840a90363acb08f7a3a63a4d8f-2.jpg","contentUrl":"https:\/\/www.intoscana.it\/wp-content\/uploads\/fc0dec840a90363acb08f7a3a63a4d8f-2.jpg","width":760,"height":570},{"@type":"BreadcrumbList","@id":"https:\/\/www.intoscana.it\/it\/una-lettera-di-vasari-rubata-nel-2001-e-stata-ritrovata-e-riconsegnata\/#breadcrumb","itemListElement":[{"@type":"ListItem","position":1,"name":"Home","item":"https:\/\/www.intoscana.it\/it\/"},{"@type":"ListItem","position":2,"name":"Una lettera di Vasari rubata ad Arezzo nel 2001 \u00e8 stata ritrovata e riconsegnata"}]},{"@type":"WebSite","@id":"https:\/\/www.intoscana.it\/it\/#website","url":"https:\/\/www.intoscana.it\/it\/","name":"intoscana","description":"","potentialAction":[{"@type":"SearchAction","target":{"@type":"EntryPoint","urlTemplate":"https:\/\/www.intoscana.it\/it\/?s={search_term_string}"},"query-input":{"@type":"PropertyValueSpecification","valueRequired":true,"valueName":"search_term_string"}}],"inLanguage":"it-IT"},{"@type":"Person","@id":"https:\/\/www.intoscana.it\/it\/#\/schema\/person\/9223810753230f20bd670fdd322661f8","name":"Redazione","url":"https:\/\/www.intoscana.it\/it\/author\/redazione\/"}]}},"_links":{"self":[{"href":"https:\/\/www.intoscana.it\/it\/wp-json\/wp\/v2\/posts\/294009","targetHints":{"allow":["GET"]}}],"collection":[{"href":"https:\/\/www.intoscana.it\/it\/wp-json\/wp\/v2\/posts"}],"about":[{"href":"https:\/\/www.intoscana.it\/it\/wp-json\/wp\/v2\/types\/post"}],"author":[{"embeddable":true,"href":"https:\/\/www.intoscana.it\/it\/wp-json\/wp\/v2\/users\/525"}],"replies":[{"embeddable":true,"href":"https:\/\/www.intoscana.it\/it\/wp-json\/wp\/v2\/comments?post=294009"}],"version-history":[{"count":0,"href":"https:\/\/www.intoscana.it\/it\/wp-json\/wp\/v2\/posts\/294009\/revisions"}],"wp:featuredmedia":[{"embeddable":true,"href":"https:\/\/www.intoscana.it\/it\/wp-json\/wp\/v2\/media\/84855"}],"wp:attachment":[{"href":"https:\/\/www.intoscana.it\/it\/wp-json\/wp\/v2\/media?parent=294009"}],"wp:term":[{"taxonomy":"category","embeddable":true,"href":"https:\/\/www.intoscana.it\/it\/wp-json\/wp\/v2\/categories?post=294009"},{"taxonomy":"post_tag","embeddable":true,"href":"https:\/\/www.intoscana.it\/it\/wp-json\/wp\/v2\/tags?post=294009"}],"curies":[{"name":"wp","href":"https:\/\/api.w.org\/{rel}","templated":true}]}}