{"id":294516,"date":"2023-07-03T15:11:11","date_gmt":"2023-07-03T13:11:11","guid":{"rendered":"https:\/\/www.intoscana.it\/it\/?p=294516"},"modified":"2023-07-03T15:28:57","modified_gmt":"2023-07-03T13:28:57","slug":"programma-collinarea-2023","status":"publish","type":"post","link":"https:\/\/www.intoscana.it\/it\/programma-collinarea-2023\/","title":{"rendered":"Tutto pronto per Collinarea 2023, il festival del suono di Lari e Santa Luce compie 25 anni"},"content":{"rendered":"<p>Un festival di suono, musica e nuove tecnologie con uno sguardo al teatro e alla danza. Torna Collinarea Festival del Suono 2023, quest&#8217;anno alla sua XXV edizione.<\/p>\n<p>Festival multidisciplinare riconosciuto dal MiC &#8211; Ministero della Cultura, che si snoder\u00e0 tra i borghi medioevali di Lari e Santa Luce (Pisa), Collinarea Festival si terr\u00e0 dall\u201911 al 29 luglio ed organizzato da Sartoria Caronte APS, con la direzione artistica di Loris Seghizzi e Mirco Mencacci, con il contributo dei Comuni di Casciana Terme Lari e Santa Luce, con la compartecipazione di Confcommercio di Pisa, Camera di Commercio Toscana Nord Ovest e Terre di Pisa, con il sostegno della Fondazione Pisa. Media partner Rai Radio 3.<\/p>\n<p>Oltre 21 gli spettacoli, 2 le produzioni, 3 le coproduzioni, 4 le prime nazionali, ma anche laboratori, installazioni e l\u2019assegnazione del Premio Sonic Award al miglior progetto sonoro per qualit\u00e0, originalit\u00e0, ricerca, innovazione, benessere.<\/p>\n<p>&#8220;Collinarea Festival \u00e8 una manifestazione che nel corso degli anni ha accresciuto ancora di pi\u00f9 la qualit\u00e0 della propria proposta &#8211; dichiara l\u2019assessora regionale <strong>Alessandra Nardini<\/strong> &#8211; \u00c8 diventata un punto di riferimento per tutta l\u2019area pisana e non solo, contribuendo ad arricchire la vitalit\u00e0 culturale del territorio regionale nei mesi estivi. Collinarea \u00e8 anche un&#8217;occasione per far conoscere e valorizzare i borghi di Lari e di Santa Luce, una rassegna che ha fatto dell&#8217;innovazione uno dei suoi punti cardine. Rinnovo i miei complimenti alle organizzatrici e agli organizzatori per il loro impegno, alle amministrazioni Comunali, in particolare a quella di Casciana Terme Lari, e a tutte le realt\u00e0 che sostengono Collinarea Festival&#8221;<\/p>\n<h3>Il programma di Collinarea<\/h3>\n<p>Anteprima della venticinquesima edizione del Festival sar\u00e0 l\u2019<strong>11 luglio al Castello dei Vicari<\/strong> di Lari lo spettacolo \u201cSogno di una notte d\u2019estate\u201d tratto dalla celebre opera di William Shakespeare e messo in scena dalla Compagnia LAB SF, frutto di un laboratorio della durata di dieci mesi tenuto da Sartoria Caronte a favore di persone del territorio, a testimonianza del valore aggiunto di inclusione di cui \u00e8 portatrice l\u2019arte, al quale gli organizzatori rivolgono grande attenzione.<\/p>\n<p>Dal <strong>13 al 16 luglio<\/strong> prende vita la sezione centrale del festival dedicata al \u201cSuono\u201d, nata nel 2022 da una proposta di Mirco Mencacci: una piattaforma annuale di incontro e condivisione sugli effetti negativi del rumore in contrapposizione a quelli positivi del suono, in tutte le sue espressioni.<\/p>\n<p>Ricco il programma degli spettacoli di grandi artisti quali Matteo Mancuso, Giovanni Baglioni, Francesco Landucci, Federica Gennai, Monica Demuru e Cristiano Calcagnile, Carlo Garof e Rita Marcotulli; a questi si aggiunge il ciclo di incontri gratuiti, accessibili a tutti, perch\u00e9 lo scopo dell\u2019iniziativa \u00e8 divulgativo, informativo e di sensibilizzazione alla tematica, con scienziati, ingegneri e ricercatori provenienti da tutto il mondo: Eulalia Peris (online), Cesare Stefanini, Simone Torresin, Carlo Ventura e Daniele Gull\u00e0, Carla Ancona, Walter Coppola, Gianluca Memoli, Dario Paini, Ricardo Hernand\u00e9z Molina e Gaetano Licitra. A concludere sar\u00e0 la tavola rotonda intitolata \u201cRumore. Come difendersi dal secondo inquinante al mondo\u201d che, moderata dal giornalista Piero Chianura, vedr\u00e0 la partecipazione degli scienziati ospiti al Festival.<\/p>\n<p>La sezione &#8211; quest\u2019anno dedicata a Gianni Pavan, recentemente scomparso, fondatore e direttore del Centro Interdisciplinare di Bioacustica e Ricerche Ambientali dell\u2019Universit\u00e0 degli Studi di Pavia, che ha sempre partecipato con passione ai progetti &#8211; raccoglie dati e proposte per la riduzione dell\u2019inquinamento acustico, il miglioramento degli ambienti acustici, la salvaguardia delle aree quiete e la bonifica di quelle inquinate, il miglioramento delle tecnologie per la fruizione del suono.<\/p>\n<p>Sar\u00e0 possibile partecipare a \u201cFoley Room\u201d workshop di rumori ed effetti speciali per film a cura di Piergiorgio De Luca e Davide Dell\u2019Ariccia, \u201cAtmos Jukebox\u201d, le nuove frontiere d\u2019ascolto di musica immersiva, a cura di Studio SAM e all\u2019esperienza della \u201cNavicella Sonora\u201d, installazione audio immersiva e interattiva di realt\u00e0 virtuale sonora.<\/p>\n<p>Dal <strong>18 al 24 luglio<\/strong> si svolger\u00e0 la sezione multidisciplinare di teatro, musica e danza con Marta Pistocchi, Michele Cremaschi, Barbiero\/Buscarini\/D\u2019Angelo, Giorgia di Giovanni e Balletto Civile, Milan Ujvari, Teatro dei Navigli, Pierfrancesco Mucari, il Teatro delle Bambole, Sartoria Caronte, IntimInnesti e la Compagnia Lab SC.<\/p>\n<p><strong>Evento d\u2019eccezione<\/strong> di Collinarea Festival del Suono \u00e8 la prima nazionale, nel suggestivo borgo di Lari, il<strong> 28 e 29 luglio,<\/strong> di \u201cTurandot &#8211; Ombra della Luce\u201d una rivisitazione in chiave multidisciplinare e contemporanea della celebre opera pucciniana per la regia di Loris Seghizzi, coadiuvato da Manuela Lo Sicco e Sabino Civilleri, che vede in scena l\u2019Orchestra del Teatro Goldoni di Livorno diretta dal M\u00b0 Mario Menicagli, una band rock di 6 elementi, il CLT &#8211; Coro Lirico Toscano, composto da 40 cantanti professionisti, e 11 attori. A questi si aggiunge un coro cittadino di 25 persone, per la maggior parte composto da persone del territorio di tutte le et\u00e0, che si vanno ad aggiungere a attori e studenti, guidati dal premio Ubu Manuela Lo Sicco nell\u2019apposito laboratorio di creazione \u201cDrammaturgia in movimento\u201d che si svolger\u00e0 proprio a Lari. Tutti impegnati in quella che si pu\u00f2 considerare la prima esperienza di spettacolo ubiquo, possibile in questa modalit\u00e0 solo a Lari.<\/p>\n<p>&#8220;L\u2019amministrazione comunale da sempre sostiene Collinarea che rappresenta per Lari e per l\u2019intero territorio un appuntamento fisso dedicato all\u2019arte e ad una sua visione innovativa, dove tradizione e sperimentazione si incontrano per creare un prodotto unico nel panorama italiano &#8211; commenta il sindaco di Casciana Terme Lari Mirko Terreni &#8211; Giungere insieme alla XXV edizione \u00e8 anche per noi motivo di orgoglio considerando quanto la manifestazione sia cresciuta in questi anni assumendo nel tempo sempre maggiore prestigio&#8221;.<\/p>\n","protected":false},"excerpt":{"rendered":"<p>Tanti artisti e un evento d&#8217;eccezione per questa edizione: la prima nazionale a Lari di \u201cTurandot &#8211; Ombra della Luce\u201d rivisitazione in chiave multidisciplinare e contemporanea della celebre opera pucciniana<\/p>\n","protected":false},"author":525,"featured_media":294549,"comment_status":"open","ping_status":"open","sticky":false,"template":"","format":"standard","meta":{"_acf_changed":false,"footnotes":""},"categories":[493],"tags":[235,395,167],"class_list":["post-294516","post","type-post","status-publish","format-standard","has-post-thumbnail","hentry","category-cultura","tag-estate","tag-eventi-in-toscana","tag-musica"],"acf":[],"yoast_head":"<!-- This site is optimized with the Yoast SEO Premium plugin v24.2 (Yoast SEO v25.6) - https:\/\/yoast.com\/wordpress\/plugins\/seo\/ -->\n<title>Tutto pronto per Collinarea 2023, il festival del suono di Lari e Santa Luce compie 25 anni - intoscana<\/title>\n<meta name=\"description\" content=\"Tanti artisti e un evento d&#039;eccezione per questa edizione: la prima nazionale a Lari di \u201cTurandot - Ombra della Luce\u201d. Ecco il programma\" \/>\n<meta name=\"robots\" content=\"index, follow, max-snippet:-1, max-image-preview:large, max-video-preview:-1\" \/>\n<link rel=\"canonical\" href=\"https:\/\/www.intoscana.it\/it\/programma-collinarea-2023\/\" \/>\n<meta property=\"og:locale\" content=\"it_IT\" \/>\n<meta property=\"og:type\" content=\"article\" \/>\n<meta property=\"og:title\" content=\"Tutto pronto per Collinarea 2023, il festival del suono di Lari e Santa Luce compie 25 anni\" \/>\n<meta property=\"og:description\" content=\"Tanti artisti e un evento d&#039;eccezione per questa edizione: la prima nazionale a Lari di \u201cTurandot - Ombra della Luce\u201d. Ecco il programma\" \/>\n<meta property=\"og:url\" content=\"https:\/\/www.intoscana.it\/it\/programma-collinarea-2023\/\" \/>\n<meta property=\"og:site_name\" content=\"intoscana\" \/>\n<meta property=\"article:publisher\" content=\"https:\/\/www.facebook.com\/intoscana.it\" \/>\n<meta property=\"article:published_time\" content=\"2023-07-03T13:11:11+00:00\" \/>\n<meta property=\"article:modified_time\" content=\"2023-07-03T13:28:57+00:00\" \/>\n<meta property=\"og:image\" content=\"https:\/\/www.intoscana.it\/wp-content\/uploads\/collinarea-2023.jpeg\" \/>\n\t<meta property=\"og:image:width\" content=\"768\" \/>\n\t<meta property=\"og:image:height\" content=\"761\" \/>\n\t<meta property=\"og:image:type\" content=\"image\/jpeg\" \/>\n<meta name=\"author\" content=\"Redazione\" \/>\n<meta name=\"twitter:card\" content=\"summary_large_image\" \/>\n<meta name=\"twitter:creator\" content=\"@intoscana\" \/>\n<meta name=\"twitter:site\" content=\"@intoscana\" \/>\n<meta name=\"twitter:label1\" content=\"Written by\" \/>\n\t<meta name=\"twitter:data1\" content=\"Redazione\" \/>\n\t<meta name=\"twitter:label2\" content=\"Est. reading time\" \/>\n\t<meta name=\"twitter:data2\" content=\"5 minuti\" \/>\n<script type=\"application\/ld+json\" class=\"yoast-schema-graph\">{\"@context\":\"https:\/\/schema.org\",\"@graph\":[{\"@type\":\"WebPage\",\"@id\":\"https:\/\/www.intoscana.it\/it\/programma-collinarea-2023\/\",\"url\":\"https:\/\/www.intoscana.it\/it\/programma-collinarea-2023\/\",\"name\":\"Tutto pronto per Collinarea 2023, il festival del suono di Lari e Santa Luce compie 25 anni - intoscana\",\"isPartOf\":{\"@id\":\"https:\/\/www.intoscana.it\/it\/#website\"},\"primaryImageOfPage\":{\"@id\":\"https:\/\/www.intoscana.it\/it\/programma-collinarea-2023\/#primaryimage\"},\"image\":{\"@id\":\"https:\/\/www.intoscana.it\/it\/programma-collinarea-2023\/#primaryimage\"},\"thumbnailUrl\":\"https:\/\/www.intoscana.it\/wp-content\/uploads\/collinarea-2023.jpeg\",\"datePublished\":\"2023-07-03T13:11:11+00:00\",\"dateModified\":\"2023-07-03T13:28:57+00:00\",\"author\":{\"@id\":\"https:\/\/www.intoscana.it\/it\/#\/schema\/person\/9223810753230f20bd670fdd322661f8\"},\"description\":\"Tanti artisti e un evento d'eccezione per questa edizione: la prima nazionale a Lari di \u201cTurandot - Ombra della Luce\u201d. Ecco il programma\",\"breadcrumb\":{\"@id\":\"https:\/\/www.intoscana.it\/it\/programma-collinarea-2023\/#breadcrumb\"},\"inLanguage\":\"it-IT\",\"potentialAction\":[{\"@type\":\"ReadAction\",\"target\":[\"https:\/\/www.intoscana.it\/it\/programma-collinarea-2023\/\"]}]},{\"@type\":\"ImageObject\",\"inLanguage\":\"it-IT\",\"@id\":\"https:\/\/www.intoscana.it\/it\/programma-collinarea-2023\/#primaryimage\",\"url\":\"https:\/\/www.intoscana.it\/wp-content\/uploads\/collinarea-2023.jpeg\",\"contentUrl\":\"https:\/\/www.intoscana.it\/wp-content\/uploads\/collinarea-2023.jpeg\",\"width\":768,\"height\":761,\"caption\":\"Presentazione Collinarea 2023\"},{\"@type\":\"BreadcrumbList\",\"@id\":\"https:\/\/www.intoscana.it\/it\/programma-collinarea-2023\/#breadcrumb\",\"itemListElement\":[{\"@type\":\"ListItem\",\"position\":1,\"name\":\"Home\",\"item\":\"https:\/\/www.intoscana.it\/it\/\"},{\"@type\":\"ListItem\",\"position\":2,\"name\":\"Tutto pronto per Collinarea 2023, il festival del suono di Lari e Santa Luce compie 25 anni\"}]},{\"@type\":\"WebSite\",\"@id\":\"https:\/\/www.intoscana.it\/it\/#website\",\"url\":\"https:\/\/www.intoscana.it\/it\/\",\"name\":\"intoscana\",\"description\":\"\",\"potentialAction\":[{\"@type\":\"SearchAction\",\"target\":{\"@type\":\"EntryPoint\",\"urlTemplate\":\"https:\/\/www.intoscana.it\/it\/?s={search_term_string}\"},\"query-input\":{\"@type\":\"PropertyValueSpecification\",\"valueRequired\":true,\"valueName\":\"search_term_string\"}}],\"inLanguage\":\"it-IT\"},{\"@type\":\"Person\",\"@id\":\"https:\/\/www.intoscana.it\/it\/#\/schema\/person\/9223810753230f20bd670fdd322661f8\",\"name\":\"Redazione\",\"url\":\"https:\/\/www.intoscana.it\/it\/author\/redazione\/\"}]}<\/script>\n<!-- \/ Yoast SEO Premium plugin. -->","yoast_head_json":{"title":"Tutto pronto per Collinarea 2023, il festival del suono di Lari e Santa Luce compie 25 anni - intoscana","description":"Tanti artisti e un evento d'eccezione per questa edizione: la prima nazionale a Lari di \u201cTurandot - Ombra della Luce\u201d. Ecco il programma","robots":{"index":"index","follow":"follow","max-snippet":"max-snippet:-1","max-image-preview":"max-image-preview:large","max-video-preview":"max-video-preview:-1"},"canonical":"https:\/\/www.intoscana.it\/it\/programma-collinarea-2023\/","og_locale":"it_IT","og_type":"article","og_title":"Tutto pronto per Collinarea 2023, il festival del suono di Lari e Santa Luce compie 25 anni","og_description":"Tanti artisti e un evento d'eccezione per questa edizione: la prima nazionale a Lari di \u201cTurandot - Ombra della Luce\u201d. Ecco il programma","og_url":"https:\/\/www.intoscana.it\/it\/programma-collinarea-2023\/","og_site_name":"intoscana","article_publisher":"https:\/\/www.facebook.com\/intoscana.it","article_published_time":"2023-07-03T13:11:11+00:00","article_modified_time":"2023-07-03T13:28:57+00:00","og_image":[{"width":768,"height":761,"url":"https:\/\/www.intoscana.it\/wp-content\/uploads\/collinarea-2023.jpeg","type":"image\/jpeg"}],"author":"Redazione","twitter_card":"summary_large_image","twitter_creator":"@intoscana","twitter_site":"@intoscana","twitter_misc":{"Written by":"Redazione","Est. reading time":"5 minuti"},"schema":{"@context":"https:\/\/schema.org","@graph":[{"@type":"WebPage","@id":"https:\/\/www.intoscana.it\/it\/programma-collinarea-2023\/","url":"https:\/\/www.intoscana.it\/it\/programma-collinarea-2023\/","name":"Tutto pronto per Collinarea 2023, il festival del suono di Lari e Santa Luce compie 25 anni - intoscana","isPartOf":{"@id":"https:\/\/www.intoscana.it\/it\/#website"},"primaryImageOfPage":{"@id":"https:\/\/www.intoscana.it\/it\/programma-collinarea-2023\/#primaryimage"},"image":{"@id":"https:\/\/www.intoscana.it\/it\/programma-collinarea-2023\/#primaryimage"},"thumbnailUrl":"https:\/\/www.intoscana.it\/wp-content\/uploads\/collinarea-2023.jpeg","datePublished":"2023-07-03T13:11:11+00:00","dateModified":"2023-07-03T13:28:57+00:00","author":{"@id":"https:\/\/www.intoscana.it\/it\/#\/schema\/person\/9223810753230f20bd670fdd322661f8"},"description":"Tanti artisti e un evento d'eccezione per questa edizione: la prima nazionale a Lari di \u201cTurandot - Ombra della Luce\u201d. Ecco il programma","breadcrumb":{"@id":"https:\/\/www.intoscana.it\/it\/programma-collinarea-2023\/#breadcrumb"},"inLanguage":"it-IT","potentialAction":[{"@type":"ReadAction","target":["https:\/\/www.intoscana.it\/it\/programma-collinarea-2023\/"]}]},{"@type":"ImageObject","inLanguage":"it-IT","@id":"https:\/\/www.intoscana.it\/it\/programma-collinarea-2023\/#primaryimage","url":"https:\/\/www.intoscana.it\/wp-content\/uploads\/collinarea-2023.jpeg","contentUrl":"https:\/\/www.intoscana.it\/wp-content\/uploads\/collinarea-2023.jpeg","width":768,"height":761,"caption":"Presentazione Collinarea 2023"},{"@type":"BreadcrumbList","@id":"https:\/\/www.intoscana.it\/it\/programma-collinarea-2023\/#breadcrumb","itemListElement":[{"@type":"ListItem","position":1,"name":"Home","item":"https:\/\/www.intoscana.it\/it\/"},{"@type":"ListItem","position":2,"name":"Tutto pronto per Collinarea 2023, il festival del suono di Lari e Santa Luce compie 25 anni"}]},{"@type":"WebSite","@id":"https:\/\/www.intoscana.it\/it\/#website","url":"https:\/\/www.intoscana.it\/it\/","name":"intoscana","description":"","potentialAction":[{"@type":"SearchAction","target":{"@type":"EntryPoint","urlTemplate":"https:\/\/www.intoscana.it\/it\/?s={search_term_string}"},"query-input":{"@type":"PropertyValueSpecification","valueRequired":true,"valueName":"search_term_string"}}],"inLanguage":"it-IT"},{"@type":"Person","@id":"https:\/\/www.intoscana.it\/it\/#\/schema\/person\/9223810753230f20bd670fdd322661f8","name":"Redazione","url":"https:\/\/www.intoscana.it\/it\/author\/redazione\/"}]}},"_links":{"self":[{"href":"https:\/\/www.intoscana.it\/it\/wp-json\/wp\/v2\/posts\/294516","targetHints":{"allow":["GET"]}}],"collection":[{"href":"https:\/\/www.intoscana.it\/it\/wp-json\/wp\/v2\/posts"}],"about":[{"href":"https:\/\/www.intoscana.it\/it\/wp-json\/wp\/v2\/types\/post"}],"author":[{"embeddable":true,"href":"https:\/\/www.intoscana.it\/it\/wp-json\/wp\/v2\/users\/525"}],"replies":[{"embeddable":true,"href":"https:\/\/www.intoscana.it\/it\/wp-json\/wp\/v2\/comments?post=294516"}],"version-history":[{"count":0,"href":"https:\/\/www.intoscana.it\/it\/wp-json\/wp\/v2\/posts\/294516\/revisions"}],"wp:featuredmedia":[{"embeddable":true,"href":"https:\/\/www.intoscana.it\/it\/wp-json\/wp\/v2\/media\/294549"}],"wp:attachment":[{"href":"https:\/\/www.intoscana.it\/it\/wp-json\/wp\/v2\/media?parent=294516"}],"wp:term":[{"taxonomy":"category","embeddable":true,"href":"https:\/\/www.intoscana.it\/it\/wp-json\/wp\/v2\/categories?post=294516"},{"taxonomy":"post_tag","embeddable":true,"href":"https:\/\/www.intoscana.it\/it\/wp-json\/wp\/v2\/tags?post=294516"}],"curies":[{"name":"wp","href":"https:\/\/api.w.org\/{rel}","templated":true}]}}