{"id":294606,"date":"2023-07-04T12:57:55","date_gmt":"2023-07-04T10:57:55","guid":{"rendered":"https:\/\/www.intoscana.it\/it\/?p=294606"},"modified":"2023-07-06T11:15:24","modified_gmt":"2023-07-06T09:15:24","slug":"gli-alpaca-nuova-frontiera-della-pet-theraphy-in-maremma","status":"publish","type":"post","link":"https:\/\/www.intoscana.it\/it\/gli-alpaca-nuova-frontiera-della-pet-theraphy-in-maremma\/","title":{"rendered":"Gli alpaca, nuova frontiera della pet theraphy in Maremma"},"content":{"rendered":"<p>La nuova frontiera della <strong>pet theraphy<\/strong> sono <strong>gli alpaca<\/strong>. Per il carattere mansueto, socievole questi animali si sono rivelati adatti per <mark>terapie riabilitative con pazienti neuropsichiatrici<\/mark>. Un&#8217;esperienza \u00e8 in corso <strong>in Maremma<\/strong> in un <strong>allevamento a Sasso d&#8217;Ombrone<\/strong>: l&#8217;Albus Alpacas di Cecilia Scheggi.<\/p>\n<p>La struttura grossetana \u00e8 diventata un punto di riferimento per le famiglie e i <strong>professionisti-terapisti<\/strong> del settore. In poco pi\u00f9 di un anno sono stati <strong>94 gli utenti<\/strong>, soprattutto <strong>persone con disabilit\u00e0<\/strong> psichiche, sensoriali e motorie. Per lo pi\u00f9 provenienti da tutta la Toscana, in alcuni casi anziani seguiti dai centri sociali.<\/p>\n<h3>Il rapporto con l&#8217;alpaca<\/h3>\n<p>Pazienti che hanno potuto godere dei benefici nel <strong>contatto diretto con l&#8217;alpaca<\/strong>. Durante le attivit\u00e0, in gruppo o singolarmente, i pazienti interagiscono con l&#8217;animale, lo accarezzano e gli danno da mangiare. Beneficiano del <strong>rapporto con l&#8217;alpaca<\/strong>. Una cinquantina le mezze giornate messe a disposizione, con servizio gratuito per i fragili.<\/p>\n<figure id=\"post-294612 media-294612\" class=\"align-none\"><img decoding=\"async\" src=\"https:\/\/www.intoscana.it\/wp-content\/uploads\/IMG_9816-scaled-e1688468076258.jpg\" alt=\"\" \/><\/figure>\n<div class=\"titleimg\">L\u2019alpaca terapia in Maremma<\/div>\n<p>&#8220;<em>Gli alpaca<\/em> &#8211; aggiunge il dottor <strong>Ettore Caterino<\/strong>, neuropsichiatra infantile &#8211; <em>rappresentano una risorsa importantissima per bambini, adolescenti e adulti diversamente abili. Con la loro dolcezza e bellezza sono animali che invitano all&#8217;accudimento, accendono emozioni, riescono a rendere bambini con difficolt\u00e0 comunicative e disturbi relazionali attenti, propositivi, desiderosi di uscire dal guscio autistico ed entrare in relazione e proporsi. Grazie al manto che invita alle carezze gli Alpaca consentono di superare paure, ansie, fobie ed ossessioni e diventano degli interlocutori di apprendimento della realt\u00e0 e della relazione di aiuto, infondendo curiosit\u00e0 e disponibilit\u00e0 affettiva<\/em>&#8220;.<\/p>\n<h3>Un servizio per pazienti con disabilit\u00e0<\/h3>\n<p>A richiedere il servizio, durante gli ultimi 14 mesi, sono stati <mark>privati, istituti di istruzione, Centri diurni convenzionati, Centri anziani, privati tramite assistenti sociali e terapisti<\/mark>. Al fianco di <a href=\"http:\/\/www.albusalpacas.it\"><strong>Albus Alpacas<\/strong><\/a>, sul territorio, sono <strong>il Comune di Cinigiano e Asl<\/strong>.<\/p>\n<p>&#8220;<em>Questi primi 14 mesi di attivit\u00e0 sono stati emotivamente molto intensi<\/em> &#8211; ha detto la titolare dell&#8217;azienda, <strong>Cecilia Scheggi<\/strong> &#8211; <em>perch\u00e9 ogni attivit\u00e0 che facciamo dona anche a noi dello staff emozioni indescrivibili. Ogni esperienza \u00e8 una storia a s\u00e9, con necessit\u00e0 dell&#8217;utente e della famiglia sempre diverse, che noi cerchiamo nel limite del possibile di assecondare. La soddisfazione pi\u00f9 grande \u00e8 essere riusciti a far avvicinare all&#8217;animale, dargli da mangiare e accarezzarlo, da parte di persone che normalmente non toccano mai gli animali<\/em>&#8220;.<\/p>\n<figure id=\"post-294610 media-294610\" class=\"align-none\"><img decoding=\"async\" src=\"https:\/\/www.intoscana.it\/wp-content\/uploads\/IMG_1724-scaled.jpg\" alt=\"\" \/><\/figure>\n<div class=\"titleimg\">L\u2019alpaca terapia in Maremma<\/div>\n<h3>Terapie personalizzate, su misura<\/h3>\n<p>Il servizio si svolge su base volontaria, <strong>senza sovvenzioni<\/strong> pubbliche e private. <strong>Le terapie sono personalizzate<\/strong> a seconda delle esigenze dell\u2019utente e si svolgono in condizioni di massima sicurezza. L\u2019allevamento <strong>Albus Alpacas<\/strong> \u00e8 comunque sempre alla ricerca di altre realt\u00e0 che vogliano collaborare senza scopo di lucro.<\/p>\n<p>\u201c<em>Il servizio di alpaca terapia organizzato e promosso da Albus Alpacas \u00e8 la testimonianza di una grande attenzione nei confronti dei soggetti fragili e rappresenta un vanto per il nostro territorio<\/em> \u2013 commenta il sindaco di Cinigiano <strong>Romina Sani<\/strong> \u2013 <em>a loro va quindi il nostro pi\u00f9 sincero ringraziamento<\/em>\u201d.<\/p>\n<p>&nbsp;<\/p>\n","protected":false},"excerpt":{"rendered":"<p>L&#8217;esperienza di un allevamento a Sasso d&#8217;Ombrone: l&#8217;Albus Alpacas di Cecilia Scheggi ha coinvolto quasi 100 pazienti con disabilit\u00e0 in un anno<\/p>\n","protected":false},"author":554,"featured_media":294778,"comment_status":"open","ping_status":"open","sticky":false,"template":"","format":"standard","meta":{"_acf_changed":false,"footnotes":""},"categories":[18],"tags":[5336,406,396],"class_list":["post-294606","post","type-post","status-publish","format-standard","has-post-thumbnail","hentry","category-salute","tag-alpaca","tag-disabilita","tag-maremma"],"acf":[],"yoast_head":"<!-- This site is optimized with the Yoast SEO Premium plugin v24.2 (Yoast SEO v25.6) - https:\/\/yoast.com\/wordpress\/plugins\/seo\/ -->\n<title>Gli alpaca, nuova frontiera della pet theraphy in Maremma - intoscana<\/title>\n<meta name=\"description\" content=\"L&#039;esperienza di un allevamento a Sasso d&#039;Ombrone: l&#039;Albus Alpacas di Cecilia Scheggi ha coinvolto quasi 100 pazienti con disabilit\u00e0 in un anno\" \/>\n<meta name=\"robots\" content=\"index, follow, max-snippet:-1, max-image-preview:large, max-video-preview:-1\" \/>\n<link rel=\"canonical\" href=\"https:\/\/www.intoscana.it\/it\/gli-alpaca-nuova-frontiera-della-pet-theraphy-in-maremma\/\" \/>\n<meta property=\"og:locale\" content=\"it_IT\" \/>\n<meta property=\"og:type\" content=\"article\" \/>\n<meta property=\"og:title\" content=\"Gli alpaca, nuova frontiera della pet theraphy in Maremma\" \/>\n<meta property=\"og:description\" content=\"L&#039;esperienza di un allevamento a Sasso d&#039;Ombrone: l&#039;Albus Alpacas di Cecilia Scheggi ha coinvolto quasi 100 pazienti con disabilit\u00e0 in un anno\" \/>\n<meta property=\"og:url\" content=\"https:\/\/www.intoscana.it\/it\/gli-alpaca-nuova-frontiera-della-pet-theraphy-in-maremma\/\" \/>\n<meta property=\"og:site_name\" content=\"intoscana\" \/>\n<meta property=\"article:publisher\" content=\"https:\/\/www.facebook.com\/intoscana.it\" \/>\n<meta property=\"article:published_time\" content=\"2023-07-04T10:57:55+00:00\" \/>\n<meta property=\"article:modified_time\" content=\"2023-07-06T09:15:24+00:00\" \/>\n<meta property=\"og:image\" content=\"https:\/\/www.intoscana.it\/wp-content\/uploads\/alpaca-2-e1688472811906.jpeg\" \/>\n\t<meta property=\"og:image:width\" content=\"1440\" \/>\n\t<meta property=\"og:image:height\" content=\"810\" \/>\n\t<meta property=\"og:image:type\" content=\"image\/jpeg\" \/>\n<meta name=\"author\" content=\"Raffaella Galamini\" \/>\n<meta name=\"twitter:card\" content=\"summary_large_image\" \/>\n<meta name=\"twitter:creator\" content=\"@orio\" \/>\n<meta name=\"twitter:site\" content=\"@intoscana\" \/>\n<meta name=\"twitter:label1\" content=\"Written by\" \/>\n\t<meta name=\"twitter:data1\" content=\"Raffaella Galamini\" \/>\n\t<meta name=\"twitter:label2\" content=\"Est. reading time\" \/>\n\t<meta name=\"twitter:data2\" content=\"2 minuti\" \/>\n<script type=\"application\/ld+json\" class=\"yoast-schema-graph\">{\"@context\":\"https:\/\/schema.org\",\"@graph\":[{\"@type\":\"WebPage\",\"@id\":\"https:\/\/www.intoscana.it\/it\/gli-alpaca-nuova-frontiera-della-pet-theraphy-in-maremma\/\",\"url\":\"https:\/\/www.intoscana.it\/it\/gli-alpaca-nuova-frontiera-della-pet-theraphy-in-maremma\/\",\"name\":\"Gli alpaca, nuova frontiera della pet theraphy in Maremma - intoscana\",\"isPartOf\":{\"@id\":\"https:\/\/www.intoscana.it\/it\/#website\"},\"primaryImageOfPage\":{\"@id\":\"https:\/\/www.intoscana.it\/it\/gli-alpaca-nuova-frontiera-della-pet-theraphy-in-maremma\/#primaryimage\"},\"image\":{\"@id\":\"https:\/\/www.intoscana.it\/it\/gli-alpaca-nuova-frontiera-della-pet-theraphy-in-maremma\/#primaryimage\"},\"thumbnailUrl\":\"https:\/\/www.intoscana.it\/wp-content\/uploads\/alpaca-2-e1688472811906.jpeg\",\"datePublished\":\"2023-07-04T10:57:55+00:00\",\"dateModified\":\"2023-07-06T09:15:24+00:00\",\"author\":{\"@id\":\"https:\/\/www.intoscana.it\/it\/#\/schema\/person\/9eb9daa846a49fe51af39a73d9d1986b\"},\"description\":\"L'esperienza di un allevamento a Sasso d'Ombrone: l'Albus Alpacas di Cecilia Scheggi ha coinvolto quasi 100 pazienti con disabilit\u00e0 in un anno\",\"breadcrumb\":{\"@id\":\"https:\/\/www.intoscana.it\/it\/gli-alpaca-nuova-frontiera-della-pet-theraphy-in-maremma\/#breadcrumb\"},\"inLanguage\":\"it-IT\",\"potentialAction\":[{\"@type\":\"ReadAction\",\"target\":[\"https:\/\/www.intoscana.it\/it\/gli-alpaca-nuova-frontiera-della-pet-theraphy-in-maremma\/\"]}]},{\"@type\":\"ImageObject\",\"inLanguage\":\"it-IT\",\"@id\":\"https:\/\/www.intoscana.it\/it\/gli-alpaca-nuova-frontiera-della-pet-theraphy-in-maremma\/#primaryimage\",\"url\":\"https:\/\/www.intoscana.it\/wp-content\/uploads\/alpaca-2-e1688472811906.jpeg\",\"contentUrl\":\"https:\/\/www.intoscana.it\/wp-content\/uploads\/alpaca-2-e1688472811906.jpeg\",\"width\":1440,\"height\":810,\"caption\":\"Gli alpaca di Albus Alpacas in Maremma - Albus Alpaca\"},{\"@type\":\"BreadcrumbList\",\"@id\":\"https:\/\/www.intoscana.it\/it\/gli-alpaca-nuova-frontiera-della-pet-theraphy-in-maremma\/#breadcrumb\",\"itemListElement\":[{\"@type\":\"ListItem\",\"position\":1,\"name\":\"Home\",\"item\":\"https:\/\/www.intoscana.it\/it\/\"},{\"@type\":\"ListItem\",\"position\":2,\"name\":\"Gli alpaca, nuova frontiera della pet theraphy in Maremma\"}]},{\"@type\":\"WebSite\",\"@id\":\"https:\/\/www.intoscana.it\/it\/#website\",\"url\":\"https:\/\/www.intoscana.it\/it\/\",\"name\":\"intoscana\",\"description\":\"\",\"potentialAction\":[{\"@type\":\"SearchAction\",\"target\":{\"@type\":\"EntryPoint\",\"urlTemplate\":\"https:\/\/www.intoscana.it\/it\/?s={search_term_string}\"},\"query-input\":{\"@type\":\"PropertyValueSpecification\",\"valueRequired\":true,\"valueName\":\"search_term_string\"}}],\"inLanguage\":\"it-IT\"},{\"@type\":\"Person\",\"@id\":\"https:\/\/www.intoscana.it\/it\/#\/schema\/person\/9eb9daa846a49fe51af39a73d9d1986b\",\"name\":\"Raffaella Galamini\",\"sameAs\":[\"https:\/\/x.com\/orio\"],\"url\":\"https:\/\/www.intoscana.it\/it\/author\/r-galamini\/\"}]}<\/script>\n<!-- \/ Yoast SEO Premium plugin. -->","yoast_head_json":{"title":"Gli alpaca, nuova frontiera della pet theraphy in Maremma - intoscana","description":"L'esperienza di un allevamento a Sasso d'Ombrone: l'Albus Alpacas di Cecilia Scheggi ha coinvolto quasi 100 pazienti con disabilit\u00e0 in un anno","robots":{"index":"index","follow":"follow","max-snippet":"max-snippet:-1","max-image-preview":"max-image-preview:large","max-video-preview":"max-video-preview:-1"},"canonical":"https:\/\/www.intoscana.it\/it\/gli-alpaca-nuova-frontiera-della-pet-theraphy-in-maremma\/","og_locale":"it_IT","og_type":"article","og_title":"Gli alpaca, nuova frontiera della pet theraphy in Maremma","og_description":"L'esperienza di un allevamento a Sasso d'Ombrone: l'Albus Alpacas di Cecilia Scheggi ha coinvolto quasi 100 pazienti con disabilit\u00e0 in un anno","og_url":"https:\/\/www.intoscana.it\/it\/gli-alpaca-nuova-frontiera-della-pet-theraphy-in-maremma\/","og_site_name":"intoscana","article_publisher":"https:\/\/www.facebook.com\/intoscana.it","article_published_time":"2023-07-04T10:57:55+00:00","article_modified_time":"2023-07-06T09:15:24+00:00","og_image":[{"width":1440,"height":810,"url":"https:\/\/www.intoscana.it\/wp-content\/uploads\/alpaca-2-e1688472811906.jpeg","type":"image\/jpeg"}],"author":"Raffaella Galamini","twitter_card":"summary_large_image","twitter_creator":"@orio","twitter_site":"@intoscana","twitter_misc":{"Written by":"Raffaella Galamini","Est. reading time":"2 minuti"},"schema":{"@context":"https:\/\/schema.org","@graph":[{"@type":"WebPage","@id":"https:\/\/www.intoscana.it\/it\/gli-alpaca-nuova-frontiera-della-pet-theraphy-in-maremma\/","url":"https:\/\/www.intoscana.it\/it\/gli-alpaca-nuova-frontiera-della-pet-theraphy-in-maremma\/","name":"Gli alpaca, nuova frontiera della pet theraphy in Maremma - intoscana","isPartOf":{"@id":"https:\/\/www.intoscana.it\/it\/#website"},"primaryImageOfPage":{"@id":"https:\/\/www.intoscana.it\/it\/gli-alpaca-nuova-frontiera-della-pet-theraphy-in-maremma\/#primaryimage"},"image":{"@id":"https:\/\/www.intoscana.it\/it\/gli-alpaca-nuova-frontiera-della-pet-theraphy-in-maremma\/#primaryimage"},"thumbnailUrl":"https:\/\/www.intoscana.it\/wp-content\/uploads\/alpaca-2-e1688472811906.jpeg","datePublished":"2023-07-04T10:57:55+00:00","dateModified":"2023-07-06T09:15:24+00:00","author":{"@id":"https:\/\/www.intoscana.it\/it\/#\/schema\/person\/9eb9daa846a49fe51af39a73d9d1986b"},"description":"L'esperienza di un allevamento a Sasso d'Ombrone: l'Albus Alpacas di Cecilia Scheggi ha coinvolto quasi 100 pazienti con disabilit\u00e0 in un anno","breadcrumb":{"@id":"https:\/\/www.intoscana.it\/it\/gli-alpaca-nuova-frontiera-della-pet-theraphy-in-maremma\/#breadcrumb"},"inLanguage":"it-IT","potentialAction":[{"@type":"ReadAction","target":["https:\/\/www.intoscana.it\/it\/gli-alpaca-nuova-frontiera-della-pet-theraphy-in-maremma\/"]}]},{"@type":"ImageObject","inLanguage":"it-IT","@id":"https:\/\/www.intoscana.it\/it\/gli-alpaca-nuova-frontiera-della-pet-theraphy-in-maremma\/#primaryimage","url":"https:\/\/www.intoscana.it\/wp-content\/uploads\/alpaca-2-e1688472811906.jpeg","contentUrl":"https:\/\/www.intoscana.it\/wp-content\/uploads\/alpaca-2-e1688472811906.jpeg","width":1440,"height":810,"caption":"Gli alpaca di Albus Alpacas in Maremma - Albus Alpaca"},{"@type":"BreadcrumbList","@id":"https:\/\/www.intoscana.it\/it\/gli-alpaca-nuova-frontiera-della-pet-theraphy-in-maremma\/#breadcrumb","itemListElement":[{"@type":"ListItem","position":1,"name":"Home","item":"https:\/\/www.intoscana.it\/it\/"},{"@type":"ListItem","position":2,"name":"Gli alpaca, nuova frontiera della pet theraphy in Maremma"}]},{"@type":"WebSite","@id":"https:\/\/www.intoscana.it\/it\/#website","url":"https:\/\/www.intoscana.it\/it\/","name":"intoscana","description":"","potentialAction":[{"@type":"SearchAction","target":{"@type":"EntryPoint","urlTemplate":"https:\/\/www.intoscana.it\/it\/?s={search_term_string}"},"query-input":{"@type":"PropertyValueSpecification","valueRequired":true,"valueName":"search_term_string"}}],"inLanguage":"it-IT"},{"@type":"Person","@id":"https:\/\/www.intoscana.it\/it\/#\/schema\/person\/9eb9daa846a49fe51af39a73d9d1986b","name":"Raffaella Galamini","sameAs":["https:\/\/x.com\/orio"],"url":"https:\/\/www.intoscana.it\/it\/author\/r-galamini\/"}]}},"_links":{"self":[{"href":"https:\/\/www.intoscana.it\/it\/wp-json\/wp\/v2\/posts\/294606","targetHints":{"allow":["GET"]}}],"collection":[{"href":"https:\/\/www.intoscana.it\/it\/wp-json\/wp\/v2\/posts"}],"about":[{"href":"https:\/\/www.intoscana.it\/it\/wp-json\/wp\/v2\/types\/post"}],"author":[{"embeddable":true,"href":"https:\/\/www.intoscana.it\/it\/wp-json\/wp\/v2\/users\/554"}],"replies":[{"embeddable":true,"href":"https:\/\/www.intoscana.it\/it\/wp-json\/wp\/v2\/comments?post=294606"}],"version-history":[{"count":0,"href":"https:\/\/www.intoscana.it\/it\/wp-json\/wp\/v2\/posts\/294606\/revisions"}],"wp:featuredmedia":[{"embeddable":true,"href":"https:\/\/www.intoscana.it\/it\/wp-json\/wp\/v2\/media\/294778"}],"wp:attachment":[{"href":"https:\/\/www.intoscana.it\/it\/wp-json\/wp\/v2\/media?parent=294606"}],"wp:term":[{"taxonomy":"category","embeddable":true,"href":"https:\/\/www.intoscana.it\/it\/wp-json\/wp\/v2\/categories?post=294606"},{"taxonomy":"post_tag","embeddable":true,"href":"https:\/\/www.intoscana.it\/it\/wp-json\/wp\/v2\/tags?post=294606"}],"curies":[{"name":"wp","href":"https:\/\/api.w.org\/{rel}","templated":true}]}}