{"id":294729,"date":"2023-07-04T12:17:43","date_gmt":"2023-07-04T10:17:43","guid":{"rendered":"https:\/\/www.intoscana.it\/it\/?p=294729"},"modified":"2023-07-06T15:23:02","modified_gmt":"2023-07-06T13:23:02","slug":"yan-pei-ming-autoritratto-uffizi","status":"publish","type":"post","link":"https:\/\/www.intoscana.it\/it\/yan-pei-ming-autoritratto-uffizi\/","title":{"rendered":"Il pittore di storie Yan Pei-Ming dona il suo autoritratto agli Uffizi"},"content":{"rendered":"<p>La ricchissima collezione di <strong>autoritratti<\/strong> degli <strong>Uffizi <\/strong>si arricchiscono con una nuova opera. <strong>Yan Pei-Ming<\/strong>, uno dei maggiori artisti della scena contemporanea internazionale, oggi ha donato alla galleria fiorentina il suo autoritratto nel corso di una cerimonia tenuta nell\u2019auditorium Vasari.<\/p>\n<h3>Un ponte tra passato e presente<\/h3>\n<p>Fedele a un rigoroso linguaggio realista, Yan Pei-Ming ha perfezionato nel corso del tempo uno stile originalissimo attraverso il quale passato e presente, <strong>Oriente e Occidente<\/strong> si alimentano a vicenda nella <mark>raffigurazione di figure emblematiche. Sono celebri in particolare le sue rappresentazioni di Mao Zedong, Bruce Lee e Barack Obama<\/mark><\/p>\n<p>Ma la ricerca dell&#8217;artista<strong> franco-cinese<\/strong> non si limita all\u2019indagine di personaggi esterni: \u00e8 proprio l\u2019autoritratto, la raffigurazione di s\u00e9, il suo obiettivo artistico pi\u00f9 ambizioso.<br \/>\nIn quello donato agli Uffizi Yan Pei-Ming si mostra pienamente consapevole di come la pittura possa essere strumento di elevazione all\u2019eternit\u00e0, soprattutto nel momento in cui la sua opera \u00e8 destinata ad appartenere alla <strong>collezione di autoritratti<\/strong> pi\u00f9 vasta e antica al mondo.<\/p>\n<p><em>\u201cIl dipinto donato al museo \u00e8 un autoritratto in bianco e nero, frontale &#8211;<\/em> spiega <strong>Yan Pei-Ming<\/strong><em> &#8211; molti pittori classici si ritraggono di tre quarti, ma io ho scelto di guardare il mondo. Conosco bene le Gallerie degli Uffizi. Ci sono stato diverse volte. \u00c8 uno dei <strong>musei pi\u00f9 belli<\/strong> del mondo. Consegnare un quadro a un museo del genere \u00e8 un grande onore per un artista vivente. Entro cos\u00ec in una continuit\u00e0 che mi porr\u00e0 per i secoli a venire nella schiera dei pittori pi\u00f9 illustri\u201d.<\/em><\/p>\n<h3>La mostra a Palazzo Strozzi in arrivo<\/h3>\n<p>E proprio a Firenze, in Palazzo Strozzi, \u00e8 in arrivo la mostra<strong><a href=\"https:\/\/www.intoscana.it\/it\/articolo\/yan-pei-ming-pittore-di-storie\/\" target=\"_blank\" rel=\"noopener\"><em> &#8220;Yan Pei-Ming. Pittore di storie&#8221;<\/em><\/a>,<\/strong> la pi\u00f9 grande mai dedicata in Italia all\u2019artista franco-cinese, curata dal direttore della Fondazione Palazzo Strozzi Arturo Galansino, che si terr\u00e0 dal 7 luglio al 3 settembre.\u00a0<div class=\"focuson\"><a href=\"https:\/\/www.intoscana.it\/it\/articolo\/yan-pei-ming-pittore-di-storie\/\"><img decoding=\"async\" class=\"lazy\" src=\"https:\/\/www.intoscana.it\/wp-content\/uploads\/YPM_Bruce-Lee-scaled.jpg\" style=\"\">\n                <div class=\"cat\">Le opere di Yan Pei-Ming a Firenze<\/div>\n                <h4>La mostra a Palazzo Strozzi<\/h4><\/a>\n              <\/div><\/p>\n<p><em>\u201cCome gi\u00e0 avvenuto in passato, quando Ai Weiwei don\u00f2 il suo autoritratto agli Uffizi, anche stavolta una mostra di Palazzo Strozzi &#8211; quella su Yan Pei-Ming curata dall\u2019amico Arturo Galansino, che ringrazio di cuore &#8211; \u00e8 occasione per arricchire le collezioni delle Gallerie &#8211; <\/em>sottolinea il direttore degli Uffizi,<strong> Eike Schmidt<\/strong> <em>&#8211; questo gesto anticipa di una settimana <mark>l\u2019apertura delle 12 nuove sale che, agli Uffizi, vengono dedicate all\u2019esposizione degli autoritratti: come avveniva dal Seicento fino alla seconda Guerra Mondiale,<\/mark> fra pochi giorni queste opere ritorneranno a far parte del normale percorso di visita\u201d.<\/em><\/p>\n<p><em>&#8220;Con questa donazione l\u2019artista vuole lasciare un segno del suo speciale legame con la citt\u00e0 di Firenze e contribuire ad arricchirne il patrimonio artistico anche nell\u2019arte contemporanea\u201d<\/em> aggiunge Galansino.<\/p>\n<figure id=\"post-295171 media-295171\" class=\"align-none\"><img decoding=\"async\" src=\"https:\/\/www.intoscana.it\/wp-content\/uploads\/2022_0000APH_3589-02_1.jpg\" alt=\"\" \/><\/figure>\n<div class=\"titleimg\">2022, huile sur toile, 100 x 81 x 2,5 cm<\/div>\n","protected":false},"excerpt":{"rendered":"<p>L\u2019artista franco-cinese, famoso per le sue rappresentazioni di celebrit\u00e0 e personaggi politici, ha regalato oggi la sua opera alla galleria fiorentina<\/p>\n","protected":false},"author":525,"featured_media":294732,"comment_status":"open","ping_status":"open","sticky":false,"template":"","format":"standard","meta":{"_acf_changed":false,"footnotes":""},"categories":[493],"tags":[174,207],"class_list":["post-294729","post","type-post","status-publish","format-standard","has-post-thumbnail","hentry","category-cultura","tag-arte","tag-uffizi"],"acf":[],"yoast_head":"<!-- This site is optimized with the Yoast SEO Premium plugin v24.2 (Yoast SEO v25.6) - https:\/\/yoast.com\/wordpress\/plugins\/seo\/ -->\n<title>Il pittore di storie Yan Pei-Ming dona il suo autoritratto agli Uffizi - intoscana<\/title>\n<meta name=\"robots\" content=\"index, follow, max-snippet:-1, max-image-preview:large, max-video-preview:-1\" \/>\n<link rel=\"canonical\" href=\"https:\/\/www.intoscana.it\/it\/yan-pei-ming-autoritratto-uffizi\/\" \/>\n<meta property=\"og:locale\" content=\"it_IT\" \/>\n<meta property=\"og:type\" content=\"article\" \/>\n<meta property=\"og:title\" content=\"Il pittore di storie Yan Pei-Ming dona il suo autoritratto agli Uffizi\" \/>\n<meta property=\"og:description\" content=\"L\u2019artista franco-cinese, famoso per le sue rappresentazioni di celebrit\u00e0 e personaggi politici, ha regalato oggi la sua opera alla galleria fiorentina\" \/>\n<meta property=\"og:url\" content=\"https:\/\/www.intoscana.it\/it\/yan-pei-ming-autoritratto-uffizi\/\" \/>\n<meta property=\"og:site_name\" content=\"intoscana\" \/>\n<meta property=\"article:publisher\" content=\"https:\/\/www.facebook.com\/intoscana.it\" \/>\n<meta property=\"article:published_time\" content=\"2023-07-04T10:17:43+00:00\" \/>\n<meta property=\"article:modified_time\" content=\"2023-07-06T13:23:02+00:00\" \/>\n<meta property=\"og:image\" content=\"https:\/\/www.intoscana.it\/wp-content\/uploads\/Yan-Pei-Ming-Eike-Schmidt-Arturo-Galansino-scaled-e1688476971101.jpg\" \/>\n\t<meta property=\"og:image:width\" content=\"2048\" \/>\n\t<meta property=\"og:image:height\" content=\"1326\" \/>\n\t<meta property=\"og:image:type\" content=\"image\/jpeg\" \/>\n<meta name=\"author\" content=\"Redazione\" \/>\n<meta name=\"twitter:card\" content=\"summary_large_image\" \/>\n<meta name=\"twitter:creator\" content=\"@intoscana\" \/>\n<meta name=\"twitter:site\" content=\"@intoscana\" \/>\n<meta name=\"twitter:label1\" content=\"Written by\" \/>\n\t<meta name=\"twitter:data1\" content=\"Redazione\" \/>\n\t<meta name=\"twitter:label2\" content=\"Est. reading time\" \/>\n\t<meta name=\"twitter:data2\" content=\"2 minuti\" \/>\n<script type=\"application\/ld+json\" class=\"yoast-schema-graph\">{\"@context\":\"https:\/\/schema.org\",\"@graph\":[{\"@type\":\"WebPage\",\"@id\":\"https:\/\/www.intoscana.it\/it\/yan-pei-ming-autoritratto-uffizi\/\",\"url\":\"https:\/\/www.intoscana.it\/it\/yan-pei-ming-autoritratto-uffizi\/\",\"name\":\"Il pittore di storie Yan Pei-Ming dona il suo autoritratto agli Uffizi - intoscana\",\"isPartOf\":{\"@id\":\"https:\/\/www.intoscana.it\/it\/#website\"},\"primaryImageOfPage\":{\"@id\":\"https:\/\/www.intoscana.it\/it\/yan-pei-ming-autoritratto-uffizi\/#primaryimage\"},\"image\":{\"@id\":\"https:\/\/www.intoscana.it\/it\/yan-pei-ming-autoritratto-uffizi\/#primaryimage\"},\"thumbnailUrl\":\"https:\/\/www.intoscana.it\/wp-content\/uploads\/Yan-Pei-Ming-Eike-Schmidt-Arturo-Galansino-scaled-e1688476971101.jpg\",\"datePublished\":\"2023-07-04T10:17:43+00:00\",\"dateModified\":\"2023-07-06T13:23:02+00:00\",\"author\":{\"@id\":\"https:\/\/www.intoscana.it\/it\/#\/schema\/person\/9223810753230f20bd670fdd322661f8\"},\"breadcrumb\":{\"@id\":\"https:\/\/www.intoscana.it\/it\/yan-pei-ming-autoritratto-uffizi\/#breadcrumb\"},\"inLanguage\":\"it-IT\",\"potentialAction\":[{\"@type\":\"ReadAction\",\"target\":[\"https:\/\/www.intoscana.it\/it\/yan-pei-ming-autoritratto-uffizi\/\"]}]},{\"@type\":\"ImageObject\",\"inLanguage\":\"it-IT\",\"@id\":\"https:\/\/www.intoscana.it\/it\/yan-pei-ming-autoritratto-uffizi\/#primaryimage\",\"url\":\"https:\/\/www.intoscana.it\/wp-content\/uploads\/Yan-Pei-Ming-Eike-Schmidt-Arturo-Galansino-scaled-e1688476971101.jpg\",\"contentUrl\":\"https:\/\/www.intoscana.it\/wp-content\/uploads\/Yan-Pei-Ming-Eike-Schmidt-Arturo-Galansino-scaled-e1688476971101.jpg\",\"width\":2048,\"height\":1326,\"caption\":\"Yan Pei-Ming, Eike Schmidt e Arturo Galansino\"},{\"@type\":\"BreadcrumbList\",\"@id\":\"https:\/\/www.intoscana.it\/it\/yan-pei-ming-autoritratto-uffizi\/#breadcrumb\",\"itemListElement\":[{\"@type\":\"ListItem\",\"position\":1,\"name\":\"Home\",\"item\":\"https:\/\/www.intoscana.it\/it\/\"},{\"@type\":\"ListItem\",\"position\":2,\"name\":\"Il pittore di storie Yan Pei-Ming dona il suo autoritratto agli Uffizi\"}]},{\"@type\":\"WebSite\",\"@id\":\"https:\/\/www.intoscana.it\/it\/#website\",\"url\":\"https:\/\/www.intoscana.it\/it\/\",\"name\":\"intoscana\",\"description\":\"\",\"potentialAction\":[{\"@type\":\"SearchAction\",\"target\":{\"@type\":\"EntryPoint\",\"urlTemplate\":\"https:\/\/www.intoscana.it\/it\/?s={search_term_string}\"},\"query-input\":{\"@type\":\"PropertyValueSpecification\",\"valueRequired\":true,\"valueName\":\"search_term_string\"}}],\"inLanguage\":\"it-IT\"},{\"@type\":\"Person\",\"@id\":\"https:\/\/www.intoscana.it\/it\/#\/schema\/person\/9223810753230f20bd670fdd322661f8\",\"name\":\"Redazione\",\"url\":\"https:\/\/www.intoscana.it\/it\/author\/redazione\/\"}]}<\/script>\n<!-- \/ Yoast SEO Premium plugin. -->","yoast_head_json":{"title":"Il pittore di storie Yan Pei-Ming dona il suo autoritratto agli Uffizi - intoscana","robots":{"index":"index","follow":"follow","max-snippet":"max-snippet:-1","max-image-preview":"max-image-preview:large","max-video-preview":"max-video-preview:-1"},"canonical":"https:\/\/www.intoscana.it\/it\/yan-pei-ming-autoritratto-uffizi\/","og_locale":"it_IT","og_type":"article","og_title":"Il pittore di storie Yan Pei-Ming dona il suo autoritratto agli Uffizi","og_description":"L\u2019artista franco-cinese, famoso per le sue rappresentazioni di celebrit\u00e0 e personaggi politici, ha regalato oggi la sua opera alla galleria fiorentina","og_url":"https:\/\/www.intoscana.it\/it\/yan-pei-ming-autoritratto-uffizi\/","og_site_name":"intoscana","article_publisher":"https:\/\/www.facebook.com\/intoscana.it","article_published_time":"2023-07-04T10:17:43+00:00","article_modified_time":"2023-07-06T13:23:02+00:00","og_image":[{"width":2048,"height":1326,"url":"https:\/\/www.intoscana.it\/wp-content\/uploads\/Yan-Pei-Ming-Eike-Schmidt-Arturo-Galansino-scaled-e1688476971101.jpg","type":"image\/jpeg"}],"author":"Redazione","twitter_card":"summary_large_image","twitter_creator":"@intoscana","twitter_site":"@intoscana","twitter_misc":{"Written by":"Redazione","Est. reading time":"2 minuti"},"schema":{"@context":"https:\/\/schema.org","@graph":[{"@type":"WebPage","@id":"https:\/\/www.intoscana.it\/it\/yan-pei-ming-autoritratto-uffizi\/","url":"https:\/\/www.intoscana.it\/it\/yan-pei-ming-autoritratto-uffizi\/","name":"Il pittore di storie Yan Pei-Ming dona il suo autoritratto agli Uffizi - intoscana","isPartOf":{"@id":"https:\/\/www.intoscana.it\/it\/#website"},"primaryImageOfPage":{"@id":"https:\/\/www.intoscana.it\/it\/yan-pei-ming-autoritratto-uffizi\/#primaryimage"},"image":{"@id":"https:\/\/www.intoscana.it\/it\/yan-pei-ming-autoritratto-uffizi\/#primaryimage"},"thumbnailUrl":"https:\/\/www.intoscana.it\/wp-content\/uploads\/Yan-Pei-Ming-Eike-Schmidt-Arturo-Galansino-scaled-e1688476971101.jpg","datePublished":"2023-07-04T10:17:43+00:00","dateModified":"2023-07-06T13:23:02+00:00","author":{"@id":"https:\/\/www.intoscana.it\/it\/#\/schema\/person\/9223810753230f20bd670fdd322661f8"},"breadcrumb":{"@id":"https:\/\/www.intoscana.it\/it\/yan-pei-ming-autoritratto-uffizi\/#breadcrumb"},"inLanguage":"it-IT","potentialAction":[{"@type":"ReadAction","target":["https:\/\/www.intoscana.it\/it\/yan-pei-ming-autoritratto-uffizi\/"]}]},{"@type":"ImageObject","inLanguage":"it-IT","@id":"https:\/\/www.intoscana.it\/it\/yan-pei-ming-autoritratto-uffizi\/#primaryimage","url":"https:\/\/www.intoscana.it\/wp-content\/uploads\/Yan-Pei-Ming-Eike-Schmidt-Arturo-Galansino-scaled-e1688476971101.jpg","contentUrl":"https:\/\/www.intoscana.it\/wp-content\/uploads\/Yan-Pei-Ming-Eike-Schmidt-Arturo-Galansino-scaled-e1688476971101.jpg","width":2048,"height":1326,"caption":"Yan Pei-Ming, Eike Schmidt e Arturo Galansino"},{"@type":"BreadcrumbList","@id":"https:\/\/www.intoscana.it\/it\/yan-pei-ming-autoritratto-uffizi\/#breadcrumb","itemListElement":[{"@type":"ListItem","position":1,"name":"Home","item":"https:\/\/www.intoscana.it\/it\/"},{"@type":"ListItem","position":2,"name":"Il pittore di storie Yan Pei-Ming dona il suo autoritratto agli Uffizi"}]},{"@type":"WebSite","@id":"https:\/\/www.intoscana.it\/it\/#website","url":"https:\/\/www.intoscana.it\/it\/","name":"intoscana","description":"","potentialAction":[{"@type":"SearchAction","target":{"@type":"EntryPoint","urlTemplate":"https:\/\/www.intoscana.it\/it\/?s={search_term_string}"},"query-input":{"@type":"PropertyValueSpecification","valueRequired":true,"valueName":"search_term_string"}}],"inLanguage":"it-IT"},{"@type":"Person","@id":"https:\/\/www.intoscana.it\/it\/#\/schema\/person\/9223810753230f20bd670fdd322661f8","name":"Redazione","url":"https:\/\/www.intoscana.it\/it\/author\/redazione\/"}]}},"_links":{"self":[{"href":"https:\/\/www.intoscana.it\/it\/wp-json\/wp\/v2\/posts\/294729","targetHints":{"allow":["GET"]}}],"collection":[{"href":"https:\/\/www.intoscana.it\/it\/wp-json\/wp\/v2\/posts"}],"about":[{"href":"https:\/\/www.intoscana.it\/it\/wp-json\/wp\/v2\/types\/post"}],"author":[{"embeddable":true,"href":"https:\/\/www.intoscana.it\/it\/wp-json\/wp\/v2\/users\/525"}],"replies":[{"embeddable":true,"href":"https:\/\/www.intoscana.it\/it\/wp-json\/wp\/v2\/comments?post=294729"}],"version-history":[{"count":0,"href":"https:\/\/www.intoscana.it\/it\/wp-json\/wp\/v2\/posts\/294729\/revisions"}],"wp:featuredmedia":[{"embeddable":true,"href":"https:\/\/www.intoscana.it\/it\/wp-json\/wp\/v2\/media\/294732"}],"wp:attachment":[{"href":"https:\/\/www.intoscana.it\/it\/wp-json\/wp\/v2\/media?parent=294729"}],"wp:term":[{"taxonomy":"category","embeddable":true,"href":"https:\/\/www.intoscana.it\/it\/wp-json\/wp\/v2\/categories?post=294729"},{"taxonomy":"post_tag","embeddable":true,"href":"https:\/\/www.intoscana.it\/it\/wp-json\/wp\/v2\/tags?post=294729"}],"curies":[{"name":"wp","href":"https:\/\/api.w.org\/{rel}","templated":true}]}}