{"id":294897,"date":"2023-07-05T11:20:35","date_gmt":"2023-07-05T09:20:35","guid":{"rendered":"https:\/\/www.intoscana.it\/it\/?p=294897"},"modified":"2023-07-05T11:20:35","modified_gmt":"2023-07-05T09:20:35","slug":"sanita-potenziare-i-consultori-la-regione-da-il-via-alla-riorganizzazione","status":"publish","type":"post","link":"https:\/\/www.intoscana.it\/it\/sanita-potenziare-i-consultori-la-regione-da-il-via-alla-riorganizzazione\/","title":{"rendered":"Sanit\u00e0, potenziare i consultori: la Regione d\u00e0 il via alla riorganizzazione"},"content":{"rendered":"<p>Pacchetti rivolti ai <strong>giovani<\/strong>, screening, <strong>prevenzione<\/strong> e supporto di mediazione culturale per le famiglie migranti. <mark>La Toscana rafforza e potenzia le attivit\u00e0 sanitarie, sociali e socio-sanitarie per donne, coppie e famiglie, bambini e giovani e lo fa puntando sui consultori.<\/mark> Ce ne sono 152 al momento in tutta la Toscana, uno ogni 24 mila abitanti (pi\u00f9 diffusi dunque rispetto alla media nazionale), con 46 anni di esperienza alle spalle.<\/p>\n<p>Il percorso di riorganizzazione della sanit\u00e0 pubblica gi\u00e0 in atto prevede infatti <strong>servizi diffusi<\/strong> sul territorio. E cos\u00ec la giunta regionale, su proposta dell\u2019assessore al diritto alla salute <strong>Simone Bezzini<\/strong>, stanzia per i prossimi tre anni <mark>1,9 milioni di euro per dare attuazione ai nuovi indirizzi e dispone che entro sei mesi le Asl presentino un piano di adeguamento sulla base delle nuove priorit\u00e0 individuate.<\/mark><\/p>\n<p>\u201cI consultori sono il luogo giusto dove fare prevenzione, per cui non \u00e8 mai troppo presto \u2013 sottolineano il presidente della Toscana <strong>Eugenio Giani<\/strong> e l\u2019assessore Bezzini -. Ma i consultori hanno il compito anche di assistere le nuove famiglie sui progetti di vita. Per centrare l\u2019obiettivo abbiamo deciso di riorganizzarli, di <mark>potenziare le loro attivit\u00e0 nella rete dei servizi ospedalieri e territoriali, dare piena applicazione alla legge 194 del 1978, offrire mediazione culturale e dunque accesso alle informazioni e ai percorsi per i migranti, potenziare telemedicina e teleconsulti nonch\u00e9 rivolgerci ai giovani con una specifica attivit\u00e0 di prevenzione\u201d.<\/mark><\/p>\n<p>I consultori sono anche un punto di riferimento per molte <strong>donne<\/strong>, cuore del sistema di prevenzione e assistenza, soprattutto delle persone pi\u00f9 fragili. \u201cVogliamo valorizzare i consultori per farne luoghi di prevenzione, educazione, assistenza e follow up &#8211; spiega l\u2019assessore Bezzini -, dove offrire il consulto di esperti, orientamento e generare consapevolezza. Questo significa anche riconsiderarne, dove necessario la dotazione di personale e l\u2019attribuzione di <strong>risorse<\/strong>, investire sulla strumentazione a disposizione ma anche sui social media per promuoverne l\u2019attivit\u00e0\u201d.<\/p>\n<h3><em>La nuova arganizzazione<\/em><\/h3>\n<p>Ci saranno consultori familiari e consultori pi\u00f9 specificatamente rivolti ai giovani. Rimarr\u00e0 la distinzione tra <strong>consultori<\/strong> \u201cprincipali\u201d (42 oggi), \u201csecondari\u201d (73) e \u201cattivit\u00e0 in proiezione\u201d (37), dove la differenza \u00e8 data dagli orari di apertura e dalla presenza di tutte e quattro le figure professionali di base &#8211; ostetrica, ginecologo, psicologo ed assistente sociale o solo di alcune di esse.<\/p>\n<p>I consultori sono un punto di riferimento, in particolare per persone in situazioni di <strong>vulnerabilit\u00e0<\/strong>, per i percorsi nascita, le interruzioni volontarie di gravidanza, la sessualit\u00e0, i programmi di screening e per l\u2019accesso alla contraccezione, gratuito dal 2018 in Toscana. Contribuiscono anche, con attivit\u00e0 di consulto e e supporto, all\u2019accesso appropriato a percorsi specialistici come la diagnosi prenatale e dei disturbi del comportamento alimentare. Operano in aree come la violenza di genere, il disagio, gli abusi e i maltrattamenti, gli affidi e l\u2019adozione, il bullismo e cyberbullismo.<\/p>\n<h3><em>I numeri<\/em><\/h3>\n<p>Nel 2021 i consultori toscani hanno erogato quasi 53 mila prestazioni: 14,4 ogni cento abitanti, in ripresa verso i valori pre-Covid. Il 98 per cento di queste prestazioni si \u00e8 rivolta alla popolazione femminile, in particolare per il percorso nascita. Sono cresciuti per\u00f2 anche i giovani tra 14 e 19 anni che si sono avvicinati ai consultori: pi\u00f9 di uno su dieci vi ha fatto ricorso. Complessivamente <mark>il 47,1 per cento delle prestazioni riguarda l\u2019area maternit\u00e0, il 25,5 per cento la prevenzione oncologica, il 9,5 per cento la contraccezione e l\u20198,1 per cento la ginecologia, il 4,4 per cento le problematiche psico-relazionali e del disagio.<\/mark><\/p>\n","protected":false},"excerpt":{"rendered":"<p>Stanziate nuove risorse per rafforzare i servizi diffusi sul territorio. Il presidente Giani e l&#8217;assessore Bezzini: &#8220;Potenziamo l&#8217;attivit\u00e0 di prevenzione, anche per i giovani, e di mediazione culturale&#8221;<\/p>\n","protected":false},"author":525,"featured_media":275679,"comment_status":"open","ping_status":"open","sticky":false,"template":"","format":"standard","meta":{"_acf_changed":false,"footnotes":""},"categories":[494],"tags":[411,158,4385,4883],"class_list":["post-294897","post","type-post","status-publish","format-standard","has-post-thumbnail","hentry","category-attualita","tag-donne","tag-eugenio-giani","tag-prevenzione","tag-simone-bezzini"],"acf":[],"yoast_head":"<!-- This site is optimized with the Yoast SEO Premium plugin v24.2 (Yoast SEO v25.6) - https:\/\/yoast.com\/wordpress\/plugins\/seo\/ -->\n<title>Sanit\u00e0, potenziare i consultori: la Regione d\u00e0 il via alla riorganizzazione - intoscana<\/title>\n<meta name=\"description\" content=\"Stanziate nuove risorse per rafforzare i servizi diffusi sul territorio. Il presidente Giani e l&#039;assessore Bezzini: &quot;Potenziamo l&#039;attivit\u00e0 di prevenzione, anche per i giovani, e di mediazione culturale&quot;\" \/>\n<meta name=\"robots\" content=\"index, follow, max-snippet:-1, max-image-preview:large, max-video-preview:-1\" \/>\n<link rel=\"canonical\" href=\"https:\/\/www.intoscana.it\/it\/sanita-potenziare-i-consultori-la-regione-da-il-via-alla-riorganizzazione\/\" \/>\n<meta property=\"og:locale\" content=\"it_IT\" \/>\n<meta property=\"og:type\" content=\"article\" \/>\n<meta property=\"og:title\" content=\"Sanit\u00e0, potenziare i consultori: la Regione d\u00e0 il via alla riorganizzazione\" \/>\n<meta property=\"og:description\" content=\"Stanziate nuove risorse per rafforzare i servizi diffusi sul territorio. Il presidente Giani e l&#039;assessore Bezzini: &quot;Potenziamo l&#039;attivit\u00e0 di prevenzione, anche per i giovani, e di mediazione culturale&quot;\" \/>\n<meta property=\"og:url\" content=\"https:\/\/www.intoscana.it\/it\/sanita-potenziare-i-consultori-la-regione-da-il-via-alla-riorganizzazione\/\" \/>\n<meta property=\"og:site_name\" content=\"intoscana\" \/>\n<meta property=\"article:publisher\" content=\"https:\/\/www.facebook.com\/intoscana.it\" \/>\n<meta property=\"article:published_time\" content=\"2023-07-05T09:20:35+00:00\" \/>\n<meta property=\"og:image\" content=\"https:\/\/www.intoscana.it\/wp-content\/uploads\/AdobeStock_295799090-scaled.jpeg\" \/>\n\t<meta property=\"og:image:width\" content=\"2048\" \/>\n\t<meta property=\"og:image:height\" content=\"1366\" \/>\n\t<meta property=\"og:image:type\" content=\"image\/jpeg\" \/>\n<meta name=\"author\" content=\"Redazione\" \/>\n<meta name=\"twitter:card\" content=\"summary_large_image\" \/>\n<meta name=\"twitter:creator\" content=\"@intoscana\" \/>\n<meta name=\"twitter:site\" content=\"@intoscana\" \/>\n<meta name=\"twitter:label1\" content=\"Written by\" \/>\n\t<meta name=\"twitter:data1\" content=\"Redazione\" \/>\n\t<meta name=\"twitter:label2\" content=\"Est. reading time\" \/>\n\t<meta name=\"twitter:data2\" content=\"3 minuti\" \/>\n<script type=\"application\/ld+json\" class=\"yoast-schema-graph\">{\"@context\":\"https:\/\/schema.org\",\"@graph\":[{\"@type\":\"WebPage\",\"@id\":\"https:\/\/www.intoscana.it\/it\/sanita-potenziare-i-consultori-la-regione-da-il-via-alla-riorganizzazione\/\",\"url\":\"https:\/\/www.intoscana.it\/it\/sanita-potenziare-i-consultori-la-regione-da-il-via-alla-riorganizzazione\/\",\"name\":\"Sanit\u00e0, potenziare i consultori: la Regione d\u00e0 il via alla riorganizzazione - intoscana\",\"isPartOf\":{\"@id\":\"https:\/\/www.intoscana.it\/it\/#website\"},\"primaryImageOfPage\":{\"@id\":\"https:\/\/www.intoscana.it\/it\/sanita-potenziare-i-consultori-la-regione-da-il-via-alla-riorganizzazione\/#primaryimage\"},\"image\":{\"@id\":\"https:\/\/www.intoscana.it\/it\/sanita-potenziare-i-consultori-la-regione-da-il-via-alla-riorganizzazione\/#primaryimage\"},\"thumbnailUrl\":\"https:\/\/www.intoscana.it\/wp-content\/uploads\/AdobeStock_295799090-scaled.jpeg\",\"datePublished\":\"2023-07-05T09:20:35+00:00\",\"author\":{\"@id\":\"https:\/\/www.intoscana.it\/it\/#\/schema\/person\/9223810753230f20bd670fdd322661f8\"},\"description\":\"Stanziate nuove risorse per rafforzare i servizi diffusi sul territorio. Il presidente Giani e l'assessore Bezzini: \\\"Potenziamo l'attivit\u00e0 di prevenzione, anche per i giovani, e di mediazione culturale\\\"\",\"breadcrumb\":{\"@id\":\"https:\/\/www.intoscana.it\/it\/sanita-potenziare-i-consultori-la-regione-da-il-via-alla-riorganizzazione\/#breadcrumb\"},\"inLanguage\":\"it-IT\",\"potentialAction\":[{\"@type\":\"ReadAction\",\"target\":[\"https:\/\/www.intoscana.it\/it\/sanita-potenziare-i-consultori-la-regione-da-il-via-alla-riorganizzazione\/\"]}]},{\"@type\":\"ImageObject\",\"inLanguage\":\"it-IT\",\"@id\":\"https:\/\/www.intoscana.it\/it\/sanita-potenziare-i-consultori-la-regione-da-il-via-alla-riorganizzazione\/#primaryimage\",\"url\":\"https:\/\/www.intoscana.it\/wp-content\/uploads\/AdobeStock_295799090-scaled.jpeg\",\"contentUrl\":\"https:\/\/www.intoscana.it\/wp-content\/uploads\/AdobeStock_295799090-scaled.jpeg\",\"width\":2048,\"height\":1366},{\"@type\":\"BreadcrumbList\",\"@id\":\"https:\/\/www.intoscana.it\/it\/sanita-potenziare-i-consultori-la-regione-da-il-via-alla-riorganizzazione\/#breadcrumb\",\"itemListElement\":[{\"@type\":\"ListItem\",\"position\":1,\"name\":\"Home\",\"item\":\"https:\/\/www.intoscana.it\/it\/\"},{\"@type\":\"ListItem\",\"position\":2,\"name\":\"Sanit\u00e0, potenziare i consultori: la Regione d\u00e0 il via alla riorganizzazione\"}]},{\"@type\":\"WebSite\",\"@id\":\"https:\/\/www.intoscana.it\/it\/#website\",\"url\":\"https:\/\/www.intoscana.it\/it\/\",\"name\":\"intoscana\",\"description\":\"\",\"potentialAction\":[{\"@type\":\"SearchAction\",\"target\":{\"@type\":\"EntryPoint\",\"urlTemplate\":\"https:\/\/www.intoscana.it\/it\/?s={search_term_string}\"},\"query-input\":{\"@type\":\"PropertyValueSpecification\",\"valueRequired\":true,\"valueName\":\"search_term_string\"}}],\"inLanguage\":\"it-IT\"},{\"@type\":\"Person\",\"@id\":\"https:\/\/www.intoscana.it\/it\/#\/schema\/person\/9223810753230f20bd670fdd322661f8\",\"name\":\"Redazione\",\"url\":\"https:\/\/www.intoscana.it\/it\/author\/redazione\/\"}]}<\/script>\n<!-- \/ Yoast SEO Premium plugin. -->","yoast_head_json":{"title":"Sanit\u00e0, potenziare i consultori: la Regione d\u00e0 il via alla riorganizzazione - intoscana","description":"Stanziate nuove risorse per rafforzare i servizi diffusi sul territorio. Il presidente Giani e l'assessore Bezzini: \"Potenziamo l'attivit\u00e0 di prevenzione, anche per i giovani, e di mediazione culturale\"","robots":{"index":"index","follow":"follow","max-snippet":"max-snippet:-1","max-image-preview":"max-image-preview:large","max-video-preview":"max-video-preview:-1"},"canonical":"https:\/\/www.intoscana.it\/it\/sanita-potenziare-i-consultori-la-regione-da-il-via-alla-riorganizzazione\/","og_locale":"it_IT","og_type":"article","og_title":"Sanit\u00e0, potenziare i consultori: la Regione d\u00e0 il via alla riorganizzazione","og_description":"Stanziate nuove risorse per rafforzare i servizi diffusi sul territorio. Il presidente Giani e l'assessore Bezzini: \"Potenziamo l'attivit\u00e0 di prevenzione, anche per i giovani, e di mediazione culturale\"","og_url":"https:\/\/www.intoscana.it\/it\/sanita-potenziare-i-consultori-la-regione-da-il-via-alla-riorganizzazione\/","og_site_name":"intoscana","article_publisher":"https:\/\/www.facebook.com\/intoscana.it","article_published_time":"2023-07-05T09:20:35+00:00","og_image":[{"width":2048,"height":1366,"url":"https:\/\/www.intoscana.it\/wp-content\/uploads\/AdobeStock_295799090-scaled.jpeg","type":"image\/jpeg"}],"author":"Redazione","twitter_card":"summary_large_image","twitter_creator":"@intoscana","twitter_site":"@intoscana","twitter_misc":{"Written by":"Redazione","Est. reading time":"3 minuti"},"schema":{"@context":"https:\/\/schema.org","@graph":[{"@type":"WebPage","@id":"https:\/\/www.intoscana.it\/it\/sanita-potenziare-i-consultori-la-regione-da-il-via-alla-riorganizzazione\/","url":"https:\/\/www.intoscana.it\/it\/sanita-potenziare-i-consultori-la-regione-da-il-via-alla-riorganizzazione\/","name":"Sanit\u00e0, potenziare i consultori: la Regione d\u00e0 il via alla riorganizzazione - intoscana","isPartOf":{"@id":"https:\/\/www.intoscana.it\/it\/#website"},"primaryImageOfPage":{"@id":"https:\/\/www.intoscana.it\/it\/sanita-potenziare-i-consultori-la-regione-da-il-via-alla-riorganizzazione\/#primaryimage"},"image":{"@id":"https:\/\/www.intoscana.it\/it\/sanita-potenziare-i-consultori-la-regione-da-il-via-alla-riorganizzazione\/#primaryimage"},"thumbnailUrl":"https:\/\/www.intoscana.it\/wp-content\/uploads\/AdobeStock_295799090-scaled.jpeg","datePublished":"2023-07-05T09:20:35+00:00","author":{"@id":"https:\/\/www.intoscana.it\/it\/#\/schema\/person\/9223810753230f20bd670fdd322661f8"},"description":"Stanziate nuove risorse per rafforzare i servizi diffusi sul territorio. Il presidente Giani e l'assessore Bezzini: \"Potenziamo l'attivit\u00e0 di prevenzione, anche per i giovani, e di mediazione culturale\"","breadcrumb":{"@id":"https:\/\/www.intoscana.it\/it\/sanita-potenziare-i-consultori-la-regione-da-il-via-alla-riorganizzazione\/#breadcrumb"},"inLanguage":"it-IT","potentialAction":[{"@type":"ReadAction","target":["https:\/\/www.intoscana.it\/it\/sanita-potenziare-i-consultori-la-regione-da-il-via-alla-riorganizzazione\/"]}]},{"@type":"ImageObject","inLanguage":"it-IT","@id":"https:\/\/www.intoscana.it\/it\/sanita-potenziare-i-consultori-la-regione-da-il-via-alla-riorganizzazione\/#primaryimage","url":"https:\/\/www.intoscana.it\/wp-content\/uploads\/AdobeStock_295799090-scaled.jpeg","contentUrl":"https:\/\/www.intoscana.it\/wp-content\/uploads\/AdobeStock_295799090-scaled.jpeg","width":2048,"height":1366},{"@type":"BreadcrumbList","@id":"https:\/\/www.intoscana.it\/it\/sanita-potenziare-i-consultori-la-regione-da-il-via-alla-riorganizzazione\/#breadcrumb","itemListElement":[{"@type":"ListItem","position":1,"name":"Home","item":"https:\/\/www.intoscana.it\/it\/"},{"@type":"ListItem","position":2,"name":"Sanit\u00e0, potenziare i consultori: la Regione d\u00e0 il via alla riorganizzazione"}]},{"@type":"WebSite","@id":"https:\/\/www.intoscana.it\/it\/#website","url":"https:\/\/www.intoscana.it\/it\/","name":"intoscana","description":"","potentialAction":[{"@type":"SearchAction","target":{"@type":"EntryPoint","urlTemplate":"https:\/\/www.intoscana.it\/it\/?s={search_term_string}"},"query-input":{"@type":"PropertyValueSpecification","valueRequired":true,"valueName":"search_term_string"}}],"inLanguage":"it-IT"},{"@type":"Person","@id":"https:\/\/www.intoscana.it\/it\/#\/schema\/person\/9223810753230f20bd670fdd322661f8","name":"Redazione","url":"https:\/\/www.intoscana.it\/it\/author\/redazione\/"}]}},"_links":{"self":[{"href":"https:\/\/www.intoscana.it\/it\/wp-json\/wp\/v2\/posts\/294897","targetHints":{"allow":["GET"]}}],"collection":[{"href":"https:\/\/www.intoscana.it\/it\/wp-json\/wp\/v2\/posts"}],"about":[{"href":"https:\/\/www.intoscana.it\/it\/wp-json\/wp\/v2\/types\/post"}],"author":[{"embeddable":true,"href":"https:\/\/www.intoscana.it\/it\/wp-json\/wp\/v2\/users\/525"}],"replies":[{"embeddable":true,"href":"https:\/\/www.intoscana.it\/it\/wp-json\/wp\/v2\/comments?post=294897"}],"version-history":[{"count":0,"href":"https:\/\/www.intoscana.it\/it\/wp-json\/wp\/v2\/posts\/294897\/revisions"}],"wp:featuredmedia":[{"embeddable":true,"href":"https:\/\/www.intoscana.it\/it\/wp-json\/wp\/v2\/media\/275679"}],"wp:attachment":[{"href":"https:\/\/www.intoscana.it\/it\/wp-json\/wp\/v2\/media?parent=294897"}],"wp:term":[{"taxonomy":"category","embeddable":true,"href":"https:\/\/www.intoscana.it\/it\/wp-json\/wp\/v2\/categories?post=294897"},{"taxonomy":"post_tag","embeddable":true,"href":"https:\/\/www.intoscana.it\/it\/wp-json\/wp\/v2\/tags?post=294897"}],"curies":[{"name":"wp","href":"https:\/\/api.w.org\/{rel}","templated":true}]}}