{"id":294918,"date":"2023-07-05T16:56:00","date_gmt":"2023-07-05T14:56:00","guid":{"rendered":"https:\/\/www.intoscana.it\/it\/?p=294918"},"modified":"2023-07-05T16:56:00","modified_gmt":"2023-07-05T14:56:00","slug":"aglione-della-valdichiana-prosegue-il-percorso-a-tappe-verso-la-dop","status":"publish","type":"post","link":"https:\/\/www.intoscana.it\/it\/aglione-della-valdichiana-prosegue-il-percorso-a-tappe-verso-la-dop\/","title":{"rendered":"Aglione della Valdichiana, prosegue il percorso a tappe verso la Dop"},"content":{"rendered":"<p style=\"font-weight: 400;\">Il dossier sull&#8217;<strong>Aglione della Valdichiana<\/strong> \u00e8 alla stretta finale. Sar\u00e0 portato all&#8217;attenzione dell&#8217;assemblea dei soci per il 18 settembre; entro settembre il dossier sar\u00e0 spedito per il riconoscimento della denominazione. Durante l&#8217;ultima assemblea dell&#8217;<mark>Associazione per la valorizzazione e la tutela dell&#8217;Aglione della Valdichiana<\/mark> sono state rinnovate le cariche sociali e si \u00e8 poi fatto <strong>il punto sulla Dop<\/strong>.<\/p>\n<p style=\"font-weight: 400;\">La messa a punto definitiva del dossier \u00e8 affidata a <strong>Enrica Berna<\/strong>, agronomo responsabile dell&#8217;organismo di consulenza BMP Consulenza aziendale Sas. Durante l\u2019assemblea \u00e8 stata scelta la data del 18 settembre per convocare l<strong>&#8216;assemblea dei Produttori e Trasformatori<\/strong> di Aglione della Valdichiana, durante la quale verr\u00e0 sottoposto a tutti i soci <strong>il disciplinare<\/strong> per la definitiva approvazione.<\/p>\n<figure id=\"post-295007 media-295007\" class=\"align-none\"><img decoding=\"async\" src=\"https:\/\/www.intoscana.it\/wp-content\/uploads\/Aglio2.jpeg\" alt=\"\" \/><\/figure>\n<div class=\"titleimg\">L\u2019associazione dei produttori dell\u2019Aglione della Valdichiana<\/div>\n<p style=\"font-weight: 400;\">Entro settembre poi il dossier verr\u00e0 inviato agli enti preposti per il riconoscimento della DOP. Continua cos\u00ec <strong>il lavoro di sinergia<\/strong> tra Associazione dell\u2019Aglione, Pubbliche Amministrazioni e imprenditori per la tutela di un prodotto che sta diventando ambasciatore dell&#8217;intera Valdichiana.<\/p>\n","protected":false},"excerpt":{"rendered":"<p>L&#8217;associazione dei produttori ha rinnovato le cariche sociali, entro l&#8217;autunno il disciplinare per arrivare al riconoscimento della denominazione<\/p>\n","protected":false},"author":525,"featured_media":257846,"comment_status":"open","ping_status":"open","sticky":false,"template":"","format":"standard","meta":{"_acf_changed":false,"footnotes":""},"categories":[8],"tags":[4905,6577,4541],"class_list":["post-294918","post","type-post","status-publish","format-standard","has-post-thumbnail","hentry","category-enogastronomia","tag-aglione","tag-dop","tag-valdichiana"],"acf":[],"yoast_head":"<!-- This site is optimized with the Yoast SEO Premium plugin v24.2 (Yoast SEO v25.6) - https:\/\/yoast.com\/wordpress\/plugins\/seo\/ -->\n<title>Aglione della Valdichiana, il percorso a tappe verso la Dop - intoscana<\/title>\n<meta name=\"description\" content=\"L&#039;associazione dei produttori ha rinnovato le cariche sociali, entro l&#039;autunno il disciplinare per il riconoscimento della denominazione\" \/>\n<meta name=\"robots\" content=\"index, follow, max-snippet:-1, max-image-preview:large, max-video-preview:-1\" \/>\n<link rel=\"canonical\" href=\"https:\/\/www.intoscana.it\/it\/aglione-della-valdichiana-prosegue-il-percorso-a-tappe-verso-la-dop\/\" \/>\n<meta property=\"og:locale\" content=\"it_IT\" \/>\n<meta property=\"og:type\" content=\"article\" \/>\n<meta property=\"og:title\" content=\"Aglione della Valdichiana, prosegue il percorso a tappe verso la Dop\" \/>\n<meta property=\"og:description\" content=\"L&#039;associazione dei produttori ha rinnovato le cariche sociali, entro l&#039;autunno il disciplinare per il riconoscimento della denominazione\" \/>\n<meta property=\"og:url\" content=\"https:\/\/www.intoscana.it\/it\/aglione-della-valdichiana-prosegue-il-percorso-a-tappe-verso-la-dop\/\" \/>\n<meta property=\"og:site_name\" content=\"intoscana\" \/>\n<meta property=\"article:publisher\" content=\"https:\/\/www.facebook.com\/intoscana.it\" \/>\n<meta property=\"article:published_time\" content=\"2023-07-05T14:56:00+00:00\" \/>\n<meta property=\"og:image\" content=\"https:\/\/www.intoscana.it\/wp-content\/uploads\/FOR9742-scaled.jpg\" \/>\n\t<meta property=\"og:image:width\" content=\"2048\" \/>\n\t<meta property=\"og:image:height\" content=\"1365\" \/>\n\t<meta property=\"og:image:type\" content=\"image\/jpeg\" \/>\n<meta name=\"author\" content=\"Redazione\" \/>\n<meta name=\"twitter:card\" content=\"summary_large_image\" \/>\n<meta name=\"twitter:creator\" content=\"@intoscana\" \/>\n<meta name=\"twitter:site\" content=\"@intoscana\" \/>\n<meta name=\"twitter:label1\" content=\"Written by\" \/>\n\t<meta name=\"twitter:data1\" content=\"Redazione\" \/>\n\t<meta name=\"twitter:label2\" content=\"Est. reading time\" \/>\n\t<meta name=\"twitter:data2\" content=\"1 minuto\" \/>\n<script type=\"application\/ld+json\" class=\"yoast-schema-graph\">{\"@context\":\"https:\/\/schema.org\",\"@graph\":[{\"@type\":\"WebPage\",\"@id\":\"https:\/\/www.intoscana.it\/it\/aglione-della-valdichiana-prosegue-il-percorso-a-tappe-verso-la-dop\/\",\"url\":\"https:\/\/www.intoscana.it\/it\/aglione-della-valdichiana-prosegue-il-percorso-a-tappe-verso-la-dop\/\",\"name\":\"Aglione della Valdichiana, il percorso a tappe verso la Dop - intoscana\",\"isPartOf\":{\"@id\":\"https:\/\/www.intoscana.it\/it\/#website\"},\"primaryImageOfPage\":{\"@id\":\"https:\/\/www.intoscana.it\/it\/aglione-della-valdichiana-prosegue-il-percorso-a-tappe-verso-la-dop\/#primaryimage\"},\"image\":{\"@id\":\"https:\/\/www.intoscana.it\/it\/aglione-della-valdichiana-prosegue-il-percorso-a-tappe-verso-la-dop\/#primaryimage\"},\"thumbnailUrl\":\"https:\/\/www.intoscana.it\/wp-content\/uploads\/FOR9742-scaled.jpg\",\"datePublished\":\"2023-07-05T14:56:00+00:00\",\"author\":{\"@id\":\"https:\/\/www.intoscana.it\/it\/#\/schema\/person\/9223810753230f20bd670fdd322661f8\"},\"description\":\"L'associazione dei produttori ha rinnovato le cariche sociali, entro l'autunno il disciplinare per il riconoscimento della denominazione\",\"breadcrumb\":{\"@id\":\"https:\/\/www.intoscana.it\/it\/aglione-della-valdichiana-prosegue-il-percorso-a-tappe-verso-la-dop\/#breadcrumb\"},\"inLanguage\":\"it-IT\",\"potentialAction\":[{\"@type\":\"ReadAction\",\"target\":[\"https:\/\/www.intoscana.it\/it\/aglione-della-valdichiana-prosegue-il-percorso-a-tappe-verso-la-dop\/\"]}]},{\"@type\":\"ImageObject\",\"inLanguage\":\"it-IT\",\"@id\":\"https:\/\/www.intoscana.it\/it\/aglione-della-valdichiana-prosegue-il-percorso-a-tappe-verso-la-dop\/#primaryimage\",\"url\":\"https:\/\/www.intoscana.it\/wp-content\/uploads\/FOR9742-scaled.jpg\",\"contentUrl\":\"https:\/\/www.intoscana.it\/wp-content\/uploads\/FOR9742-scaled.jpg\",\"width\":2048,\"height\":1365,\"caption\":\"L'Aglione della Valdichiana - \u00a9 Gabriele Forti\"},{\"@type\":\"BreadcrumbList\",\"@id\":\"https:\/\/www.intoscana.it\/it\/aglione-della-valdichiana-prosegue-il-percorso-a-tappe-verso-la-dop\/#breadcrumb\",\"itemListElement\":[{\"@type\":\"ListItem\",\"position\":1,\"name\":\"Home\",\"item\":\"https:\/\/www.intoscana.it\/it\/\"},{\"@type\":\"ListItem\",\"position\":2,\"name\":\"Aglione della Valdichiana, prosegue il percorso a tappe verso la Dop\"}]},{\"@type\":\"WebSite\",\"@id\":\"https:\/\/www.intoscana.it\/it\/#website\",\"url\":\"https:\/\/www.intoscana.it\/it\/\",\"name\":\"intoscana\",\"description\":\"\",\"potentialAction\":[{\"@type\":\"SearchAction\",\"target\":{\"@type\":\"EntryPoint\",\"urlTemplate\":\"https:\/\/www.intoscana.it\/it\/?s={search_term_string}\"},\"query-input\":{\"@type\":\"PropertyValueSpecification\",\"valueRequired\":true,\"valueName\":\"search_term_string\"}}],\"inLanguage\":\"it-IT\"},{\"@type\":\"Person\",\"@id\":\"https:\/\/www.intoscana.it\/it\/#\/schema\/person\/9223810753230f20bd670fdd322661f8\",\"name\":\"Redazione\",\"url\":\"https:\/\/www.intoscana.it\/it\/author\/redazione\/\"}]}<\/script>\n<!-- \/ Yoast SEO Premium plugin. -->","yoast_head_json":{"title":"Aglione della Valdichiana, il percorso a tappe verso la Dop - intoscana","description":"L'associazione dei produttori ha rinnovato le cariche sociali, entro l'autunno il disciplinare per il riconoscimento della denominazione","robots":{"index":"index","follow":"follow","max-snippet":"max-snippet:-1","max-image-preview":"max-image-preview:large","max-video-preview":"max-video-preview:-1"},"canonical":"https:\/\/www.intoscana.it\/it\/aglione-della-valdichiana-prosegue-il-percorso-a-tappe-verso-la-dop\/","og_locale":"it_IT","og_type":"article","og_title":"Aglione della Valdichiana, prosegue il percorso a tappe verso la Dop","og_description":"L'associazione dei produttori ha rinnovato le cariche sociali, entro l'autunno il disciplinare per il riconoscimento della denominazione","og_url":"https:\/\/www.intoscana.it\/it\/aglione-della-valdichiana-prosegue-il-percorso-a-tappe-verso-la-dop\/","og_site_name":"intoscana","article_publisher":"https:\/\/www.facebook.com\/intoscana.it","article_published_time":"2023-07-05T14:56:00+00:00","og_image":[{"width":2048,"height":1365,"url":"https:\/\/www.intoscana.it\/wp-content\/uploads\/FOR9742-scaled.jpg","type":"image\/jpeg"}],"author":"Redazione","twitter_card":"summary_large_image","twitter_creator":"@intoscana","twitter_site":"@intoscana","twitter_misc":{"Written by":"Redazione","Est. reading time":"1 minuto"},"schema":{"@context":"https:\/\/schema.org","@graph":[{"@type":"WebPage","@id":"https:\/\/www.intoscana.it\/it\/aglione-della-valdichiana-prosegue-il-percorso-a-tappe-verso-la-dop\/","url":"https:\/\/www.intoscana.it\/it\/aglione-della-valdichiana-prosegue-il-percorso-a-tappe-verso-la-dop\/","name":"Aglione della Valdichiana, il percorso a tappe verso la Dop - intoscana","isPartOf":{"@id":"https:\/\/www.intoscana.it\/it\/#website"},"primaryImageOfPage":{"@id":"https:\/\/www.intoscana.it\/it\/aglione-della-valdichiana-prosegue-il-percorso-a-tappe-verso-la-dop\/#primaryimage"},"image":{"@id":"https:\/\/www.intoscana.it\/it\/aglione-della-valdichiana-prosegue-il-percorso-a-tappe-verso-la-dop\/#primaryimage"},"thumbnailUrl":"https:\/\/www.intoscana.it\/wp-content\/uploads\/FOR9742-scaled.jpg","datePublished":"2023-07-05T14:56:00+00:00","author":{"@id":"https:\/\/www.intoscana.it\/it\/#\/schema\/person\/9223810753230f20bd670fdd322661f8"},"description":"L'associazione dei produttori ha rinnovato le cariche sociali, entro l'autunno il disciplinare per il riconoscimento della denominazione","breadcrumb":{"@id":"https:\/\/www.intoscana.it\/it\/aglione-della-valdichiana-prosegue-il-percorso-a-tappe-verso-la-dop\/#breadcrumb"},"inLanguage":"it-IT","potentialAction":[{"@type":"ReadAction","target":["https:\/\/www.intoscana.it\/it\/aglione-della-valdichiana-prosegue-il-percorso-a-tappe-verso-la-dop\/"]}]},{"@type":"ImageObject","inLanguage":"it-IT","@id":"https:\/\/www.intoscana.it\/it\/aglione-della-valdichiana-prosegue-il-percorso-a-tappe-verso-la-dop\/#primaryimage","url":"https:\/\/www.intoscana.it\/wp-content\/uploads\/FOR9742-scaled.jpg","contentUrl":"https:\/\/www.intoscana.it\/wp-content\/uploads\/FOR9742-scaled.jpg","width":2048,"height":1365,"caption":"L'Aglione della Valdichiana - \u00a9 Gabriele Forti"},{"@type":"BreadcrumbList","@id":"https:\/\/www.intoscana.it\/it\/aglione-della-valdichiana-prosegue-il-percorso-a-tappe-verso-la-dop\/#breadcrumb","itemListElement":[{"@type":"ListItem","position":1,"name":"Home","item":"https:\/\/www.intoscana.it\/it\/"},{"@type":"ListItem","position":2,"name":"Aglione della Valdichiana, prosegue il percorso a tappe verso la Dop"}]},{"@type":"WebSite","@id":"https:\/\/www.intoscana.it\/it\/#website","url":"https:\/\/www.intoscana.it\/it\/","name":"intoscana","description":"","potentialAction":[{"@type":"SearchAction","target":{"@type":"EntryPoint","urlTemplate":"https:\/\/www.intoscana.it\/it\/?s={search_term_string}"},"query-input":{"@type":"PropertyValueSpecification","valueRequired":true,"valueName":"search_term_string"}}],"inLanguage":"it-IT"},{"@type":"Person","@id":"https:\/\/www.intoscana.it\/it\/#\/schema\/person\/9223810753230f20bd670fdd322661f8","name":"Redazione","url":"https:\/\/www.intoscana.it\/it\/author\/redazione\/"}]}},"_links":{"self":[{"href":"https:\/\/www.intoscana.it\/it\/wp-json\/wp\/v2\/posts\/294918","targetHints":{"allow":["GET"]}}],"collection":[{"href":"https:\/\/www.intoscana.it\/it\/wp-json\/wp\/v2\/posts"}],"about":[{"href":"https:\/\/www.intoscana.it\/it\/wp-json\/wp\/v2\/types\/post"}],"author":[{"embeddable":true,"href":"https:\/\/www.intoscana.it\/it\/wp-json\/wp\/v2\/users\/525"}],"replies":[{"embeddable":true,"href":"https:\/\/www.intoscana.it\/it\/wp-json\/wp\/v2\/comments?post=294918"}],"version-history":[{"count":0,"href":"https:\/\/www.intoscana.it\/it\/wp-json\/wp\/v2\/posts\/294918\/revisions"}],"wp:featuredmedia":[{"embeddable":true,"href":"https:\/\/www.intoscana.it\/it\/wp-json\/wp\/v2\/media\/257846"}],"wp:attachment":[{"href":"https:\/\/www.intoscana.it\/it\/wp-json\/wp\/v2\/media?parent=294918"}],"wp:term":[{"taxonomy":"category","embeddable":true,"href":"https:\/\/www.intoscana.it\/it\/wp-json\/wp\/v2\/categories?post=294918"},{"taxonomy":"post_tag","embeddable":true,"href":"https:\/\/www.intoscana.it\/it\/wp-json\/wp\/v2\/tags?post=294918"}],"curies":[{"name":"wp","href":"https:\/\/api.w.org\/{rel}","templated":true}]}}