{"id":295054,"date":"2023-07-06T10:20:51","date_gmt":"2023-07-06T08:20:51","guid":{"rendered":"https:\/\/www.intoscana.it\/it\/?p=295054"},"modified":"2023-07-06T10:20:51","modified_gmt":"2023-07-06T08:20:51","slug":"capitale-italiana-della-cultura-2026-le-quattro-candidate-dalla-toscana","status":"publish","type":"post","link":"https:\/\/www.intoscana.it\/it\/capitale-italiana-della-cultura-2026-le-quattro-candidate-dalla-toscana\/","title":{"rendered":"Capitale italiana della Cultura 2026, le quattro candidate dalla Toscana"},"content":{"rendered":"<p>Quattro candidate toscane su una lista di 26 citt\u00e0 e unioni di Comuni. \u00c8 la lista da cui uscir\u00e0 la <strong>Capitale italiana della Cultura 2026<\/strong> resa nota dal Ministero. Dalla Toscana, tra quelle che hanno risposto alla manifestazione d&#8217;interesse per il bando ministeriale, ci sono <mark>Lucca, Massa, l&#8217;Unione dei Comuni Valdichiana Senese e l&#8217;Unione Montana dei Comuni della Valtiberina, nell&#8217;aretino.<\/mark><\/p>\n<figure id=\"post-272581 media-272581\" class=\"align-none\"><img decoding=\"async\" src=\"https:\/\/www.intoscana.it\/wp-content\/uploads\/Valdichiana-vigneti-e-Montepulciano-scaled.jpg\" alt=\"\" \/><\/figure>\n<div class=\"titleimg\">Valdichiana<\/div>\n<h3><em>Il dossier entro il 27 settembre\u00a0<\/em><\/h3>\n<p>Primo passo importante delle aspiranti Capitali \u00e8 il <strong>dossier<\/strong>, necessario per perfezionare la candidatura. Il documento dovr\u00e0 essere inviato al Ministero entro <mark>il prossimo 27 settembre e sar\u00e0 poi sottoposto\u00a0 alla valutazione di una commissione composta da sette esperti indipendenti nel settore della cultura, delle arti, della valorizzazione territoriale e turistica.<\/mark><\/p>\n<figure id=\"post-72429 media-72429\" class=\"align-none\"><img decoding=\"async\" src=\"https:\/\/www.intoscana.it\/wp-content\/uploads\/1800-Lucca-120508f-1.jpg\" alt=\"\" \/><\/figure>\n<div class=\"titleimg\">Piazza Napoleone, Lucca<\/div>\n<p>Il dossier di candidatura dovr\u00e0 contenere:<\/p>\n<ul>\n<li>il <strong>progetto culturale<\/strong> della durata di un anno, inclusivo del cronoprogramma e delle singole attivit\u00e0 previste;<\/li>\n<li>l\u2019organo incaricato dell\u2019elaborazione e promozione del progetto, della sua attuazione e del monitoraggio dei risultati, con l\u2019individuazione di un\u2019apposita figura responsabile;<\/li>\n<li>la valutazione di <strong>sostenibilit\u00e0 economico-finanziaria<\/strong> del progetto culturale proposto;<\/li>\n<li>gli obiettivi perseguiti.<\/li>\n<\/ul>\n<figure id=\"post-90960 media-90960\" class=\"align-none\"><img decoding=\"async\" src=\"https:\/\/www.intoscana.it\/wp-content\/uploads\/palazzo-ducale-massa.jpg\" alt=\"\" \/><\/figure>\n<div class=\"titleimg\">Palazzo ducale &#8211; Massa<\/div>\n<h3><em>La proclamazione il 29 marzo<\/em><\/h3>\n<p>Entro il 15 dicembre 2023, la <strong>commissione<\/strong> definir\u00e0 la short list delle 10 citt\u00e0 finaliste e la procedura di valutazione. <mark>Il 14 marzo 2024 ci sar\u00e0 l\u2019audizione pubblica dei progetti finalisti e il 29 marzo 2024 \u00e8 fissata la proclamazione della Capitale italiana della cultura 2026.<\/mark><\/p>\n<p>La citt\u00e0 vincitrice ricever\u00e0 un contributo statale di un milione di euro.<\/p>\n<h3><em>Le capitali negli anni<\/em><\/h3>\n<p><strong>Agrigento<\/strong> \u00e8 l\u2019ultima citt\u00e0 ad essere insignita del titolo per il 2025. <strong>Pesaro<\/strong> diventer\u00e0 capitale della cultura nel 2024, mentre <strong>Bergamo-Brescia<\/strong> sono insieme la Capitale italiana della cultura attualmente in carica per il 2023. La prima a ottenere questo riconoscimento \u00e8 stata <mark>Mantova nel 2016. Poi sono seguite Pistoia nel 2017, Palermo nel 2018 e Parma nel 2020, titolo prorogato anche nel 2021 a causa dell\u2019emergenza Covid-19, nel 2022 \u00e8 stata Procida.<\/mark><\/p>\n<h3><em>La lista completa delle canditate al titolo per il 2026<\/em><\/h3>\n<p>Presenti 14 regioni italiane nell\u2019elenco delle citt\u00e0 che hanno presentato la domanda per il 2026. Ecco la lista:<\/p>\n<p>Agnone (Isernia) &#8211; Molise; Alba (Cuneo) &#8211; Piemonte; Bernalda (Matera) &#8211; Basilicata; Carpi (Modena) &#8211; Emilia Romagna; Cleto (Cosenza) &#8211; Calabria; Cosenza &#8211; Calabria; Gaeta (Latina) &#8211; Lazio; L&#8217;Aquila &#8211; Abruzzo; Latina &#8211; Lazio; Lucca &#8211; Toscana; Lucera (Foggia) &#8211; Puglia; Maratea (Potenza) &#8211; Basilicata; Marcellinara (Catanzaro) &#8211; Calabria; Massa (Massa &#8211; Carrara) &#8211; Toscana; Moliterno (Potenza) &#8211; Basilicata; Nuoro &#8211; Sardegna; Pantelleria (Trapani) &#8211; Sicilia; Potenza &#8211; Basilicata; Rimini &#8211; Emilia Romagna; Senigallia (Ancona) &#8211; Marche; Todi (Perugia) &#8211; Umbria; Treviso &#8211; Veneto; Unione dei Comuni dei Monti Dauni (Foggia) &#8211; Puglia; Unione dei Comuni \u201cTerre dell&#8217;Olio e del Sagrantino\u201d (Perugia) &#8211; Umbria; Unione dei Comuni Valdichiana Senese (Siena) &#8211; Toscana; Unione Montana dei Comuni della Valtiberina Toscana (Arezzo) &#8211; Toscana.<\/p>\n","protected":false},"excerpt":{"rendered":"<p>Tra le 26 aspiranti al titolo, ci sono anche Lucca, Massa, l&#8217;Unione dei Comuni Valdichiana Senese e l&#8217;Unione Montana dei Comuni della Valtiberina. Entro il 27 settembre il primo passo con la presentazione dei dossier<\/p>\n","protected":false},"author":545,"featured_media":282127,"comment_status":"open","ping_status":"open","sticky":false,"template":"","format":"standard","meta":{"_acf_changed":false,"footnotes":""},"categories":[493],"tags":[5598,170,5799,4541,6121],"class_list":["post-295054","post","type-post","status-publish","format-standard","has-post-thumbnail","hentry","category-cultura","tag-capitale-cultura","tag-lucca","tag-massa","tag-valdichiana","tag-valtiberina"],"acf":[],"yoast_head":"<!-- This site is optimized with the Yoast SEO Premium plugin v24.2 (Yoast SEO v25.6) - https:\/\/yoast.com\/wordpress\/plugins\/seo\/ -->\n<title>Capitale italiana della Cultura 2026, le quattro candidate dalla Toscana - intoscana<\/title>\n<meta name=\"description\" content=\"Tra le 26 aspiranti al titolo, ci sono anche Lucca, Massa, l&#039;Unione dei Comuni Valdichiana Senese e l&#039;Unione Montana dei Comuni della Valtiberina. Entro il 27 settembre il primo passo con la presentazione dei dossier\" \/>\n<meta name=\"robots\" content=\"index, follow, max-snippet:-1, max-image-preview:large, max-video-preview:-1\" \/>\n<link rel=\"canonical\" href=\"https:\/\/www.intoscana.it\/it\/capitale-italiana-della-cultura-2026-le-quattro-candidate-dalla-toscana\/\" \/>\n<meta property=\"og:locale\" content=\"it_IT\" \/>\n<meta property=\"og:type\" content=\"article\" \/>\n<meta property=\"og:title\" content=\"Capitale italiana della Cultura 2026, le quattro candidate dalla Toscana\" \/>\n<meta property=\"og:description\" content=\"Tra le 26 aspiranti al titolo, ci sono anche Lucca, Massa, l&#039;Unione dei Comuni Valdichiana Senese e l&#039;Unione Montana dei Comuni della Valtiberina. Entro il 27 settembre il primo passo con la presentazione dei dossier\" \/>\n<meta property=\"og:url\" content=\"https:\/\/www.intoscana.it\/it\/capitale-italiana-della-cultura-2026-le-quattro-candidate-dalla-toscana\/\" \/>\n<meta property=\"og:site_name\" content=\"intoscana\" \/>\n<meta property=\"article:publisher\" content=\"https:\/\/www.facebook.com\/intoscana.it\" \/>\n<meta property=\"article:published_time\" content=\"2023-07-06T08:20:51+00:00\" \/>\n<meta property=\"og:image\" content=\"https:\/\/www.intoscana.it\/wp-content\/uploads\/alpe-della-luna.jpg\" \/>\n\t<meta property=\"og:image:width\" content=\"1920\" \/>\n\t<meta property=\"og:image:height\" content=\"960\" \/>\n\t<meta property=\"og:image:type\" content=\"image\/jpeg\" \/>\n<meta name=\"author\" content=\"Clara D&#039;Acunto\" \/>\n<meta name=\"twitter:card\" content=\"summary_large_image\" \/>\n<meta name=\"twitter:creator\" content=\"@intoscana\" \/>\n<meta name=\"twitter:site\" content=\"@intoscana\" \/>\n<meta name=\"twitter:label1\" content=\"Written by\" \/>\n\t<meta name=\"twitter:data1\" content=\"Clara D&#039;Acunto\" \/>\n\t<meta name=\"twitter:label2\" content=\"Est. reading time\" \/>\n\t<meta name=\"twitter:data2\" content=\"2 minuti\" \/>\n<script type=\"application\/ld+json\" class=\"yoast-schema-graph\">{\"@context\":\"https:\/\/schema.org\",\"@graph\":[{\"@type\":\"WebPage\",\"@id\":\"https:\/\/www.intoscana.it\/it\/capitale-italiana-della-cultura-2026-le-quattro-candidate-dalla-toscana\/\",\"url\":\"https:\/\/www.intoscana.it\/it\/capitale-italiana-della-cultura-2026-le-quattro-candidate-dalla-toscana\/\",\"name\":\"Capitale italiana della Cultura 2026, le quattro candidate dalla Toscana - intoscana\",\"isPartOf\":{\"@id\":\"https:\/\/www.intoscana.it\/it\/#website\"},\"primaryImageOfPage\":{\"@id\":\"https:\/\/www.intoscana.it\/it\/capitale-italiana-della-cultura-2026-le-quattro-candidate-dalla-toscana\/#primaryimage\"},\"image\":{\"@id\":\"https:\/\/www.intoscana.it\/it\/capitale-italiana-della-cultura-2026-le-quattro-candidate-dalla-toscana\/#primaryimage\"},\"thumbnailUrl\":\"https:\/\/www.intoscana.it\/wp-content\/uploads\/alpe-della-luna.jpg\",\"datePublished\":\"2023-07-06T08:20:51+00:00\",\"author\":{\"@id\":\"https:\/\/www.intoscana.it\/it\/#\/schema\/person\/137419af9ef5d385bde52864a841e6ce\"},\"description\":\"Tra le 26 aspiranti al titolo, ci sono anche Lucca, Massa, l'Unione dei Comuni Valdichiana Senese e l'Unione Montana dei Comuni della Valtiberina. Entro il 27 settembre il primo passo con la presentazione dei dossier\",\"breadcrumb\":{\"@id\":\"https:\/\/www.intoscana.it\/it\/capitale-italiana-della-cultura-2026-le-quattro-candidate-dalla-toscana\/#breadcrumb\"},\"inLanguage\":\"it-IT\",\"potentialAction\":[{\"@type\":\"ReadAction\",\"target\":[\"https:\/\/www.intoscana.it\/it\/capitale-italiana-della-cultura-2026-le-quattro-candidate-dalla-toscana\/\"]}]},{\"@type\":\"ImageObject\",\"inLanguage\":\"it-IT\",\"@id\":\"https:\/\/www.intoscana.it\/it\/capitale-italiana-della-cultura-2026-le-quattro-candidate-dalla-toscana\/#primaryimage\",\"url\":\"https:\/\/www.intoscana.it\/wp-content\/uploads\/alpe-della-luna.jpg\",\"contentUrl\":\"https:\/\/www.intoscana.it\/wp-content\/uploads\/alpe-della-luna.jpg\",\"width\":1920,\"height\":960,\"caption\":\"Alpe della Luna in Valtiberina\"},{\"@type\":\"BreadcrumbList\",\"@id\":\"https:\/\/www.intoscana.it\/it\/capitale-italiana-della-cultura-2026-le-quattro-candidate-dalla-toscana\/#breadcrumb\",\"itemListElement\":[{\"@type\":\"ListItem\",\"position\":1,\"name\":\"Home\",\"item\":\"https:\/\/www.intoscana.it\/it\/\"},{\"@type\":\"ListItem\",\"position\":2,\"name\":\"Capitale italiana della Cultura 2026, le quattro candidate dalla Toscana\"}]},{\"@type\":\"WebSite\",\"@id\":\"https:\/\/www.intoscana.it\/it\/#website\",\"url\":\"https:\/\/www.intoscana.it\/it\/\",\"name\":\"intoscana\",\"description\":\"\",\"potentialAction\":[{\"@type\":\"SearchAction\",\"target\":{\"@type\":\"EntryPoint\",\"urlTemplate\":\"https:\/\/www.intoscana.it\/it\/?s={search_term_string}\"},\"query-input\":{\"@type\":\"PropertyValueSpecification\",\"valueRequired\":true,\"valueName\":\"search_term_string\"}}],\"inLanguage\":\"it-IT\"},{\"@type\":\"Person\",\"@id\":\"https:\/\/www.intoscana.it\/it\/#\/schema\/person\/137419af9ef5d385bde52864a841e6ce\",\"name\":\"Clara D'Acunto\",\"url\":\"https:\/\/www.intoscana.it\/it\/author\/clara-d_acunto\/\"}]}<\/script>\n<!-- \/ Yoast SEO Premium plugin. -->","yoast_head_json":{"title":"Capitale italiana della Cultura 2026, le quattro candidate dalla Toscana - intoscana","description":"Tra le 26 aspiranti al titolo, ci sono anche Lucca, Massa, l'Unione dei Comuni Valdichiana Senese e l'Unione Montana dei Comuni della Valtiberina. Entro il 27 settembre il primo passo con la presentazione dei dossier","robots":{"index":"index","follow":"follow","max-snippet":"max-snippet:-1","max-image-preview":"max-image-preview:large","max-video-preview":"max-video-preview:-1"},"canonical":"https:\/\/www.intoscana.it\/it\/capitale-italiana-della-cultura-2026-le-quattro-candidate-dalla-toscana\/","og_locale":"it_IT","og_type":"article","og_title":"Capitale italiana della Cultura 2026, le quattro candidate dalla Toscana","og_description":"Tra le 26 aspiranti al titolo, ci sono anche Lucca, Massa, l'Unione dei Comuni Valdichiana Senese e l'Unione Montana dei Comuni della Valtiberina. Entro il 27 settembre il primo passo con la presentazione dei dossier","og_url":"https:\/\/www.intoscana.it\/it\/capitale-italiana-della-cultura-2026-le-quattro-candidate-dalla-toscana\/","og_site_name":"intoscana","article_publisher":"https:\/\/www.facebook.com\/intoscana.it","article_published_time":"2023-07-06T08:20:51+00:00","og_image":[{"width":1920,"height":960,"url":"https:\/\/www.intoscana.it\/wp-content\/uploads\/alpe-della-luna.jpg","type":"image\/jpeg"}],"author":"Clara D'Acunto","twitter_card":"summary_large_image","twitter_creator":"@intoscana","twitter_site":"@intoscana","twitter_misc":{"Written by":"Clara D'Acunto","Est. reading time":"2 minuti"},"schema":{"@context":"https:\/\/schema.org","@graph":[{"@type":"WebPage","@id":"https:\/\/www.intoscana.it\/it\/capitale-italiana-della-cultura-2026-le-quattro-candidate-dalla-toscana\/","url":"https:\/\/www.intoscana.it\/it\/capitale-italiana-della-cultura-2026-le-quattro-candidate-dalla-toscana\/","name":"Capitale italiana della Cultura 2026, le quattro candidate dalla Toscana - intoscana","isPartOf":{"@id":"https:\/\/www.intoscana.it\/it\/#website"},"primaryImageOfPage":{"@id":"https:\/\/www.intoscana.it\/it\/capitale-italiana-della-cultura-2026-le-quattro-candidate-dalla-toscana\/#primaryimage"},"image":{"@id":"https:\/\/www.intoscana.it\/it\/capitale-italiana-della-cultura-2026-le-quattro-candidate-dalla-toscana\/#primaryimage"},"thumbnailUrl":"https:\/\/www.intoscana.it\/wp-content\/uploads\/alpe-della-luna.jpg","datePublished":"2023-07-06T08:20:51+00:00","author":{"@id":"https:\/\/www.intoscana.it\/it\/#\/schema\/person\/137419af9ef5d385bde52864a841e6ce"},"description":"Tra le 26 aspiranti al titolo, ci sono anche Lucca, Massa, l'Unione dei Comuni Valdichiana Senese e l'Unione Montana dei Comuni della Valtiberina. Entro il 27 settembre il primo passo con la presentazione dei dossier","breadcrumb":{"@id":"https:\/\/www.intoscana.it\/it\/capitale-italiana-della-cultura-2026-le-quattro-candidate-dalla-toscana\/#breadcrumb"},"inLanguage":"it-IT","potentialAction":[{"@type":"ReadAction","target":["https:\/\/www.intoscana.it\/it\/capitale-italiana-della-cultura-2026-le-quattro-candidate-dalla-toscana\/"]}]},{"@type":"ImageObject","inLanguage":"it-IT","@id":"https:\/\/www.intoscana.it\/it\/capitale-italiana-della-cultura-2026-le-quattro-candidate-dalla-toscana\/#primaryimage","url":"https:\/\/www.intoscana.it\/wp-content\/uploads\/alpe-della-luna.jpg","contentUrl":"https:\/\/www.intoscana.it\/wp-content\/uploads\/alpe-della-luna.jpg","width":1920,"height":960,"caption":"Alpe della Luna in Valtiberina"},{"@type":"BreadcrumbList","@id":"https:\/\/www.intoscana.it\/it\/capitale-italiana-della-cultura-2026-le-quattro-candidate-dalla-toscana\/#breadcrumb","itemListElement":[{"@type":"ListItem","position":1,"name":"Home","item":"https:\/\/www.intoscana.it\/it\/"},{"@type":"ListItem","position":2,"name":"Capitale italiana della Cultura 2026, le quattro candidate dalla Toscana"}]},{"@type":"WebSite","@id":"https:\/\/www.intoscana.it\/it\/#website","url":"https:\/\/www.intoscana.it\/it\/","name":"intoscana","description":"","potentialAction":[{"@type":"SearchAction","target":{"@type":"EntryPoint","urlTemplate":"https:\/\/www.intoscana.it\/it\/?s={search_term_string}"},"query-input":{"@type":"PropertyValueSpecification","valueRequired":true,"valueName":"search_term_string"}}],"inLanguage":"it-IT"},{"@type":"Person","@id":"https:\/\/www.intoscana.it\/it\/#\/schema\/person\/137419af9ef5d385bde52864a841e6ce","name":"Clara D'Acunto","url":"https:\/\/www.intoscana.it\/it\/author\/clara-d_acunto\/"}]}},"_links":{"self":[{"href":"https:\/\/www.intoscana.it\/it\/wp-json\/wp\/v2\/posts\/295054","targetHints":{"allow":["GET"]}}],"collection":[{"href":"https:\/\/www.intoscana.it\/it\/wp-json\/wp\/v2\/posts"}],"about":[{"href":"https:\/\/www.intoscana.it\/it\/wp-json\/wp\/v2\/types\/post"}],"author":[{"embeddable":true,"href":"https:\/\/www.intoscana.it\/it\/wp-json\/wp\/v2\/users\/545"}],"replies":[{"embeddable":true,"href":"https:\/\/www.intoscana.it\/it\/wp-json\/wp\/v2\/comments?post=295054"}],"version-history":[{"count":0,"href":"https:\/\/www.intoscana.it\/it\/wp-json\/wp\/v2\/posts\/295054\/revisions"}],"wp:featuredmedia":[{"embeddable":true,"href":"https:\/\/www.intoscana.it\/it\/wp-json\/wp\/v2\/media\/282127"}],"wp:attachment":[{"href":"https:\/\/www.intoscana.it\/it\/wp-json\/wp\/v2\/media?parent=295054"}],"wp:term":[{"taxonomy":"category","embeddable":true,"href":"https:\/\/www.intoscana.it\/it\/wp-json\/wp\/v2\/categories?post=295054"},{"taxonomy":"post_tag","embeddable":true,"href":"https:\/\/www.intoscana.it\/it\/wp-json\/wp\/v2\/tags?post=295054"}],"curies":[{"name":"wp","href":"https:\/\/api.w.org\/{rel}","templated":true}]}}