{"id":295182,"date":"2023-07-06T17:52:05","date_gmt":"2023-07-06T15:52:05","guid":{"rendered":"https:\/\/www.intoscana.it\/it\/?p=295182"},"modified":"2023-07-06T17:58:19","modified_gmt":"2023-07-06T15:58:19","slug":"torna-ragazzinsieme-soggiorni-e-gite-in-barca-a-vela-per-under-17","status":"publish","type":"post","link":"https:\/\/www.intoscana.it\/it\/torna-ragazzinsieme-soggiorni-e-gite-in-barca-a-vela-per-under-17\/","title":{"rendered":"Torna Ragazzinsieme, soggiorni e gite in barca a vela per under 17"},"content":{"rendered":"<p>Torna &#8216;<em>Ragazzinsieme<\/em>&#8216;, l&#8217;offerta di <strong>soggiorni ed esperienze estive<\/strong> rivolta a chi ha <strong>da 11 a 17 anni<\/strong> e torna la collaborazione tra <strong>Uisp e Regione Toscana<\/strong>. L&#8217;Unione Sport Per Tutti godr\u00e0 di un contributo al progetto di <strong>30mila euro<\/strong> per un abbattimento dei costi. Un aiuto per le famiglie con qualche difficolt\u00e0 economica in pi\u00f9.<\/p>\n<p>Il <a href=\"http:\/\/www.ragazzinsieme.it\">programma 2023<\/a> \u00e8 uscito da pochi giorni. Quest&#8217;anno il fil rouge sono <strong>le gite e crociere in barca a vela<\/strong>, con soggiorni di una settimana dal 22 luglio ai primi giorni di settembre: divisi per gruppi di et\u00e0 e con costi per famiglia che oscillano da 300 a 360 euro.<\/p>\n<h3>Soggiorni didattici nella natura<\/h3>\n<p>A partire dal 2010 (con la sola eccezione della pausa forzata del 2020 per la pandemia), il progetto di <strong>campus estivi<\/strong> ha avuto un successo crescente. &#8220;<em>Merito di una ricca offerta di esperienze, non solo barca a vela, ma anche trekking o viaggi in fattoria, durante le quali i ragazzi e le ragazze hanno potuto sperimentare insieme nuove emozioni, rafforzare le proprie abilit\u00e0 personali e relazionali, imparare a valorizzare il benessere, crescere<\/em> -si spiega dalla Regione-. <em>Chi partecipa, infatti, ha l&#8217;opportunit\u00e0 di stare insieme una settimana, vivendo un&#8217;esperienza didattica ed educativa. Durante i soggiorni, saranno affrontati temi come la corretta alimentazione, l&#8217;importanza dell&#8217;attivit\u00e0 fisica e del movimento quotidiano; si parler\u00e0 magari anche di inquinamento, di come proteggersi dai raggi ultravioletti, delle relazioni sociali e dell&#8217;uso appropriato e corretto del cellulare, della cura di s\u00e9 e del rapporto con gli altri<\/em>&#8220;.<\/p>\n<h3>L&#8217;importanza della salute e del benessere<\/h3>\n<p>&#8220;L<em>a consapevolezza della salute e del benessere personale passa dalla nostra quotidianit\u00e0, dalla cura di s\u00e9 stessi e dal rapporto con gli altri, fin da giovanissimi<\/em>&#8216; commentano il presidente della Toscana <strong>Eugenio Giani<\/strong> e l&#8217;assessore al diritto alla salute <strong>Simone Bezzini<\/strong>.<\/p>\n<p>&#8220;<em>In questo senso<\/em> &#8211; proseguono <strong>Giani e Bezzini<\/strong> &#8211; <em>il progetto &#8216;Ragazzinsieme&#8217; rappresenta un&#8217;importante occasione educativa e di crescita personale, capace di coniugare attivit\u00e0 fisica e scoperta del patrimonio naturale. Girare in barca a vela per l&#8217;arcipelago toscano \u00e8 un bellissimo modo per avvicinarsi alla natura e rendersi conto anche della fragilit\u00e0 di taluni ecosistemi in conseguenza delle attivit\u00e0 dell&#8217;uomo. Con Uisp Toscana lo sport \u00e8 formazione ed educazione, un momento di benessere e di apprendimento di sane abitudini, di principi dell&#8217;uguaglianza e del rispetto delle diversit\u00e0&#8221;<\/em>.<\/p>\n<h3>Ritrovarsi a contatto con la natura<\/h3>\n<p>&#8220;<em>Dopo la pandemia l&#8217;esigenza di ritrovarsi a contatto con la natura si fa pi\u00f9 forte che mai<\/em> &#8211; dichiara <strong>Lorenzo Bani<\/strong>, presidente Uisp Toscana -. <em>Trovare spazi dove fare esperienze insieme e vivere a pieno il mondo circostante a costi calmierati diventa un diritto. E in questo caso ancora una volta \u00e8 lo sport che pu\u00f2 diventarne un perfetto strumento di promozione<\/em>&#8220;.<\/p>\n","protected":false},"excerpt":{"rendered":"<p>Si rinnova la collaborazione tra Uisp e Regione Toscana: 30mila euro per abbattere i costi e aiutare le famiglie in difficolt\u00e0<\/p>\n","protected":false},"author":525,"featured_media":295216,"comment_status":"open","ping_status":"open","sticky":false,"template":"","format":"standard","meta":{"_acf_changed":false,"footnotes":""},"categories":[494],"tags":[158,151,4883,159],"class_list":["post-295182","post","type-post","status-publish","format-standard","has-post-thumbnail","hentry","category-attualita","tag-eugenio-giani","tag-regione-toscana","tag-simone-bezzini","tag-sport"],"acf":[],"yoast_head":"<!-- This site is optimized with the Yoast SEO Premium plugin v24.2 (Yoast SEO v25.6) - https:\/\/yoast.com\/wordpress\/plugins\/seo\/ -->\n<title>Ragazzinsieme, soggiorni e gite in barca a vela per under 17 - intoscana<\/title>\n<meta name=\"description\" content=\"Si rinnova la collaborazione tra Uisp e Regione Toscana: 30mila euro per abbattere i costi e aiutare le famiglie in difficolt\u00e0\" \/>\n<meta name=\"robots\" content=\"index, follow, max-snippet:-1, max-image-preview:large, max-video-preview:-1\" \/>\n<link rel=\"canonical\" href=\"https:\/\/www.intoscana.it\/it\/torna-ragazzinsieme-soggiorni-e-gite-in-barca-a-vela-per-under-17\/\" \/>\n<meta property=\"og:locale\" content=\"it_IT\" \/>\n<meta property=\"og:type\" content=\"article\" \/>\n<meta property=\"og:title\" content=\"Torna Ragazzinsieme, soggiorni e gite in barca a vela per under 17\" \/>\n<meta property=\"og:description\" content=\"Si rinnova la collaborazione tra Uisp e Regione Toscana: 30mila euro per abbattere i costi e aiutare le famiglie in difficolt\u00e0\" \/>\n<meta property=\"og:url\" content=\"https:\/\/www.intoscana.it\/it\/torna-ragazzinsieme-soggiorni-e-gite-in-barca-a-vela-per-under-17\/\" \/>\n<meta property=\"og:site_name\" content=\"intoscana\" \/>\n<meta property=\"article:publisher\" content=\"https:\/\/www.facebook.com\/intoscana.it\" \/>\n<meta property=\"article:published_time\" content=\"2023-07-06T15:52:05+00:00\" \/>\n<meta property=\"article:modified_time\" content=\"2023-07-06T15:58:19+00:00\" \/>\n<meta property=\"og:image\" content=\"https:\/\/www.intoscana.it\/wp-content\/uploads\/Torna-Ragazzinsieme-con-Uisp-Toscana.jpeg\" \/>\n\t<meta property=\"og:image:width\" content=\"448\" \/>\n\t<meta property=\"og:image:height\" content=\"299\" \/>\n\t<meta property=\"og:image:type\" content=\"image\/jpeg\" \/>\n<meta name=\"author\" content=\"Redazione\" \/>\n<meta name=\"twitter:card\" content=\"summary_large_image\" \/>\n<meta name=\"twitter:creator\" content=\"@intoscana\" \/>\n<meta name=\"twitter:site\" content=\"@intoscana\" \/>\n<meta name=\"twitter:label1\" content=\"Written by\" \/>\n\t<meta name=\"twitter:data1\" content=\"Redazione\" \/>\n\t<meta name=\"twitter:label2\" content=\"Est. reading time\" \/>\n\t<meta name=\"twitter:data2\" content=\"2 minuti\" \/>\n<script type=\"application\/ld+json\" class=\"yoast-schema-graph\">{\"@context\":\"https:\/\/schema.org\",\"@graph\":[{\"@type\":\"WebPage\",\"@id\":\"https:\/\/www.intoscana.it\/it\/torna-ragazzinsieme-soggiorni-e-gite-in-barca-a-vela-per-under-17\/\",\"url\":\"https:\/\/www.intoscana.it\/it\/torna-ragazzinsieme-soggiorni-e-gite-in-barca-a-vela-per-under-17\/\",\"name\":\"Ragazzinsieme, soggiorni e gite in barca a vela per under 17 - intoscana\",\"isPartOf\":{\"@id\":\"https:\/\/www.intoscana.it\/it\/#website\"},\"primaryImageOfPage\":{\"@id\":\"https:\/\/www.intoscana.it\/it\/torna-ragazzinsieme-soggiorni-e-gite-in-barca-a-vela-per-under-17\/#primaryimage\"},\"image\":{\"@id\":\"https:\/\/www.intoscana.it\/it\/torna-ragazzinsieme-soggiorni-e-gite-in-barca-a-vela-per-under-17\/#primaryimage\"},\"thumbnailUrl\":\"https:\/\/www.intoscana.it\/wp-content\/uploads\/Torna-Ragazzinsieme-con-Uisp-Toscana.jpeg\",\"datePublished\":\"2023-07-06T15:52:05+00:00\",\"dateModified\":\"2023-07-06T15:58:19+00:00\",\"author\":{\"@id\":\"https:\/\/www.intoscana.it\/it\/#\/schema\/person\/9223810753230f20bd670fdd322661f8\"},\"description\":\"Si rinnova la collaborazione tra Uisp e Regione Toscana: 30mila euro per abbattere i costi e aiutare le famiglie in difficolt\u00e0\",\"breadcrumb\":{\"@id\":\"https:\/\/www.intoscana.it\/it\/torna-ragazzinsieme-soggiorni-e-gite-in-barca-a-vela-per-under-17\/#breadcrumb\"},\"inLanguage\":\"it-IT\",\"potentialAction\":[{\"@type\":\"ReadAction\",\"target\":[\"https:\/\/www.intoscana.it\/it\/torna-ragazzinsieme-soggiorni-e-gite-in-barca-a-vela-per-under-17\/\"]}]},{\"@type\":\"ImageObject\",\"inLanguage\":\"it-IT\",\"@id\":\"https:\/\/www.intoscana.it\/it\/torna-ragazzinsieme-soggiorni-e-gite-in-barca-a-vela-per-under-17\/#primaryimage\",\"url\":\"https:\/\/www.intoscana.it\/wp-content\/uploads\/Torna-Ragazzinsieme-con-Uisp-Toscana.jpeg\",\"contentUrl\":\"https:\/\/www.intoscana.it\/wp-content\/uploads\/Torna-Ragazzinsieme-con-Uisp-Toscana.jpeg\",\"width\":448,\"height\":299},{\"@type\":\"BreadcrumbList\",\"@id\":\"https:\/\/www.intoscana.it\/it\/torna-ragazzinsieme-soggiorni-e-gite-in-barca-a-vela-per-under-17\/#breadcrumb\",\"itemListElement\":[{\"@type\":\"ListItem\",\"position\":1,\"name\":\"Home\",\"item\":\"https:\/\/www.intoscana.it\/it\/\"},{\"@type\":\"ListItem\",\"position\":2,\"name\":\"Torna Ragazzinsieme, soggiorni e gite in barca a vela per under 17\"}]},{\"@type\":\"WebSite\",\"@id\":\"https:\/\/www.intoscana.it\/it\/#website\",\"url\":\"https:\/\/www.intoscana.it\/it\/\",\"name\":\"intoscana\",\"description\":\"\",\"potentialAction\":[{\"@type\":\"SearchAction\",\"target\":{\"@type\":\"EntryPoint\",\"urlTemplate\":\"https:\/\/www.intoscana.it\/it\/?s={search_term_string}\"},\"query-input\":{\"@type\":\"PropertyValueSpecification\",\"valueRequired\":true,\"valueName\":\"search_term_string\"}}],\"inLanguage\":\"it-IT\"},{\"@type\":\"Person\",\"@id\":\"https:\/\/www.intoscana.it\/it\/#\/schema\/person\/9223810753230f20bd670fdd322661f8\",\"name\":\"Redazione\",\"url\":\"https:\/\/www.intoscana.it\/it\/author\/redazione\/\"}]}<\/script>\n<!-- \/ Yoast SEO Premium plugin. -->","yoast_head_json":{"title":"Ragazzinsieme, soggiorni e gite in barca a vela per under 17 - intoscana","description":"Si rinnova la collaborazione tra Uisp e Regione Toscana: 30mila euro per abbattere i costi e aiutare le famiglie in difficolt\u00e0","robots":{"index":"index","follow":"follow","max-snippet":"max-snippet:-1","max-image-preview":"max-image-preview:large","max-video-preview":"max-video-preview:-1"},"canonical":"https:\/\/www.intoscana.it\/it\/torna-ragazzinsieme-soggiorni-e-gite-in-barca-a-vela-per-under-17\/","og_locale":"it_IT","og_type":"article","og_title":"Torna Ragazzinsieme, soggiorni e gite in barca a vela per under 17","og_description":"Si rinnova la collaborazione tra Uisp e Regione Toscana: 30mila euro per abbattere i costi e aiutare le famiglie in difficolt\u00e0","og_url":"https:\/\/www.intoscana.it\/it\/torna-ragazzinsieme-soggiorni-e-gite-in-barca-a-vela-per-under-17\/","og_site_name":"intoscana","article_publisher":"https:\/\/www.facebook.com\/intoscana.it","article_published_time":"2023-07-06T15:52:05+00:00","article_modified_time":"2023-07-06T15:58:19+00:00","og_image":[{"width":448,"height":299,"url":"https:\/\/www.intoscana.it\/wp-content\/uploads\/Torna-Ragazzinsieme-con-Uisp-Toscana.jpeg","type":"image\/jpeg"}],"author":"Redazione","twitter_card":"summary_large_image","twitter_creator":"@intoscana","twitter_site":"@intoscana","twitter_misc":{"Written by":"Redazione","Est. reading time":"2 minuti"},"schema":{"@context":"https:\/\/schema.org","@graph":[{"@type":"WebPage","@id":"https:\/\/www.intoscana.it\/it\/torna-ragazzinsieme-soggiorni-e-gite-in-barca-a-vela-per-under-17\/","url":"https:\/\/www.intoscana.it\/it\/torna-ragazzinsieme-soggiorni-e-gite-in-barca-a-vela-per-under-17\/","name":"Ragazzinsieme, soggiorni e gite in barca a vela per under 17 - intoscana","isPartOf":{"@id":"https:\/\/www.intoscana.it\/it\/#website"},"primaryImageOfPage":{"@id":"https:\/\/www.intoscana.it\/it\/torna-ragazzinsieme-soggiorni-e-gite-in-barca-a-vela-per-under-17\/#primaryimage"},"image":{"@id":"https:\/\/www.intoscana.it\/it\/torna-ragazzinsieme-soggiorni-e-gite-in-barca-a-vela-per-under-17\/#primaryimage"},"thumbnailUrl":"https:\/\/www.intoscana.it\/wp-content\/uploads\/Torna-Ragazzinsieme-con-Uisp-Toscana.jpeg","datePublished":"2023-07-06T15:52:05+00:00","dateModified":"2023-07-06T15:58:19+00:00","author":{"@id":"https:\/\/www.intoscana.it\/it\/#\/schema\/person\/9223810753230f20bd670fdd322661f8"},"description":"Si rinnova la collaborazione tra Uisp e Regione Toscana: 30mila euro per abbattere i costi e aiutare le famiglie in difficolt\u00e0","breadcrumb":{"@id":"https:\/\/www.intoscana.it\/it\/torna-ragazzinsieme-soggiorni-e-gite-in-barca-a-vela-per-under-17\/#breadcrumb"},"inLanguage":"it-IT","potentialAction":[{"@type":"ReadAction","target":["https:\/\/www.intoscana.it\/it\/torna-ragazzinsieme-soggiorni-e-gite-in-barca-a-vela-per-under-17\/"]}]},{"@type":"ImageObject","inLanguage":"it-IT","@id":"https:\/\/www.intoscana.it\/it\/torna-ragazzinsieme-soggiorni-e-gite-in-barca-a-vela-per-under-17\/#primaryimage","url":"https:\/\/www.intoscana.it\/wp-content\/uploads\/Torna-Ragazzinsieme-con-Uisp-Toscana.jpeg","contentUrl":"https:\/\/www.intoscana.it\/wp-content\/uploads\/Torna-Ragazzinsieme-con-Uisp-Toscana.jpeg","width":448,"height":299},{"@type":"BreadcrumbList","@id":"https:\/\/www.intoscana.it\/it\/torna-ragazzinsieme-soggiorni-e-gite-in-barca-a-vela-per-under-17\/#breadcrumb","itemListElement":[{"@type":"ListItem","position":1,"name":"Home","item":"https:\/\/www.intoscana.it\/it\/"},{"@type":"ListItem","position":2,"name":"Torna Ragazzinsieme, soggiorni e gite in barca a vela per under 17"}]},{"@type":"WebSite","@id":"https:\/\/www.intoscana.it\/it\/#website","url":"https:\/\/www.intoscana.it\/it\/","name":"intoscana","description":"","potentialAction":[{"@type":"SearchAction","target":{"@type":"EntryPoint","urlTemplate":"https:\/\/www.intoscana.it\/it\/?s={search_term_string}"},"query-input":{"@type":"PropertyValueSpecification","valueRequired":true,"valueName":"search_term_string"}}],"inLanguage":"it-IT"},{"@type":"Person","@id":"https:\/\/www.intoscana.it\/it\/#\/schema\/person\/9223810753230f20bd670fdd322661f8","name":"Redazione","url":"https:\/\/www.intoscana.it\/it\/author\/redazione\/"}]}},"_links":{"self":[{"href":"https:\/\/www.intoscana.it\/it\/wp-json\/wp\/v2\/posts\/295182","targetHints":{"allow":["GET"]}}],"collection":[{"href":"https:\/\/www.intoscana.it\/it\/wp-json\/wp\/v2\/posts"}],"about":[{"href":"https:\/\/www.intoscana.it\/it\/wp-json\/wp\/v2\/types\/post"}],"author":[{"embeddable":true,"href":"https:\/\/www.intoscana.it\/it\/wp-json\/wp\/v2\/users\/525"}],"replies":[{"embeddable":true,"href":"https:\/\/www.intoscana.it\/it\/wp-json\/wp\/v2\/comments?post=295182"}],"version-history":[{"count":0,"href":"https:\/\/www.intoscana.it\/it\/wp-json\/wp\/v2\/posts\/295182\/revisions"}],"wp:featuredmedia":[{"embeddable":true,"href":"https:\/\/www.intoscana.it\/it\/wp-json\/wp\/v2\/media\/295216"}],"wp:attachment":[{"href":"https:\/\/www.intoscana.it\/it\/wp-json\/wp\/v2\/media?parent=295182"}],"wp:term":[{"taxonomy":"category","embeddable":true,"href":"https:\/\/www.intoscana.it\/it\/wp-json\/wp\/v2\/categories?post=295182"},{"taxonomy":"post_tag","embeddable":true,"href":"https:\/\/www.intoscana.it\/it\/wp-json\/wp\/v2\/tags?post=295182"}],"curies":[{"name":"wp","href":"https:\/\/api.w.org\/{rel}","templated":true}]}}