{"id":295273,"date":"2023-07-07T10:38:47","date_gmt":"2023-07-07T08:38:47","guid":{"rendered":"https:\/\/www.intoscana.it\/it\/?p=295273"},"modified":"2023-07-07T15:19:25","modified_gmt":"2023-07-07T13:19:25","slug":"covid19-282-nuovi-casi","status":"publish","type":"post","link":"https:\/\/www.intoscana.it\/it\/covid19-282-nuovi-casi\/","title":{"rendered":"Covid-19: 282 nuovi casi e nessun decesso nell\u2019ultima settimana"},"content":{"rendered":"<p>Sono 282 i nuovi casi di <strong>Covid-19<\/strong> registrati negli ultimi sette giorni in Toscana, secondo i dati del <strong>bollettino settimanale<\/strong> dei contagi che \u00e8 uscito ieri: 97 casi sono stati confermati con tampone molecolare e gli altri 185 con test rapido. Escludendo i tamponi di controllo, il 29,8% dei soggetti testati \u00e8 risultato positivo.<\/p>\n<p>Il numero dei contagiati rilevati in regione dall&#8217;inizio della pandemia sale dunque a 1.607.674. <mark>A oggi in 2.194 risultano ancora positivi. I guariti crescono dello 0,04% (634 persone) <\/mark>e raggiungono quota 1.593.557 (99,1% dei casi totali).<\/p>\n<p>A oggi sono ricoverate in <strong>ospedale<\/strong> 68 persone (3 in meno rispetto alla settimana precedente, meno 4,2%), di cui nessuno (1 in meno) si trovano in terapia intensiva. In 2.126 sono in <strong>isolamento a casa<\/strong>, perch\u00e9 presentano sintomi lievi che non richiedono cure ospedaliere o risultano prive di sintomi (349 in meno rispetto alla settimana precedente, meno 14,1%).<\/p>\n<p>Nell&#8217;ultima settimana non si sono registrati nuovi decessi.<\/p>\n<h3>L&#8217;andamento dei casi per provincia<\/h3>\n<p>Con gli ultimi casi salgono a 430.332 i positivi dall&#8217;inizio dell&#8217;emergenza nei comuni della Citt\u00e0 metropolitana di Firenze (63 in pi\u00f9 rispetto alla settimana precedente), 104.506 in provincia di Prato (22 in pi\u00f9), 124.484 a Pistoia (12 in pi\u00f9), 84.156 a Massa Carrara (31 in pi\u00f9), 175.150 a Lucca (18 in pi\u00f9), 188.225 a Pisa (59 in pi\u00f9), 148.221 a Livorno (27 in pi\u00f9), 145.355 ad Arezzo (17 in pi\u00f9), 115.444 a Siena (15 in pi\u00f9) e 90.409 a Grosseto (16 in pi\u00f9). A questi vanno aggiunti 569 casi di positivit\u00e0 notificati in Toscana ma che riguardano residenti in altre regioni.<\/p>\n<p>La Toscana ha circa <strong>44.032 casi complessivi ogni 100.000 abitanti<\/strong> dall&#8217;inizio della pandemia (tra residenti e non residenti). Al momento la provincia di notifica con il tasso pi\u00f9 alto \u00e8 Lucca (con 45.992 casi ogni 100 mila abitanti), seguita da Livorno (45.572) e Pisa (45.211). La pi\u00f9 bassa concentrazione si riscontra a Prato (con un tasso di 40.434).<\/p>\n<h3>Nessun nuovo decesso in Toscana<\/h3>\n<p>Nell&#8217;ultima settimana non si sono registrati nuovi decessi.<\/p>\n<p>Restano quindi <strong>11.923 i deceduti<\/strong> dall&#8217;inizio dell&#8217;epidemia: 3.790 nella Citt\u00e0 metropolitana di Firenze, 963 in provincia di Prato, 1.061 a Pistoia, 726 a Massa Carrara, 1.076 a Lucca, 1.312 a Pisa, 887 a Livorno, 786 ad Arezzo, 685 a Siena, 445 a Grosseto. Vanno aggiunte 192 persone decedute sul suolo toscano ma erano residenti fuori regione.<\/p>\n<p>Il tasso grezzo di mortalit\u00e0 per Covid-19 (numero di deceduti\/popolazione residente) \u00e8 al momento 326,6 ogni 100 mila residenti. Per quanto riguarda le province, il tasso di mortalit\u00e0 pi\u00f9 alto si riscontra a Massa Carrara (387,7 ogni 100 mila abitanti), seguita da Firenze (384,8 x100.000) e Prato (372,6 x100.000), mentre il pi\u00f9 basso \u00e8 a Grosseto (206,0 x100.000).<\/p>\n","protected":false},"excerpt":{"rendered":"<p>Secondo il bollettino settimanale, uscito ieri, al momento ci sono in Toscana 2.194 positivi, mentre i ricoveri sono in calo<\/p>\n","protected":false},"author":525,"featured_media":157574,"comment_status":"open","ping_status":"open","sticky":false,"template":"","format":"standard","meta":{"_acf_changed":false,"footnotes":""},"categories":[494],"tags":[4868,418],"class_list":["post-295273","post","type-post","status-publish","format-standard","has-post-thumbnail","hentry","category-attualita","tag-bollettino-covid-toscana","tag-covid-19"],"acf":[],"yoast_head":"<!-- This site is optimized with the Yoast SEO Premium plugin v24.2 (Yoast SEO v25.6) - https:\/\/yoast.com\/wordpress\/plugins\/seo\/ -->\n<title>Covid-19: 282 nuovi casi e nessun decesso nell\u2019ultima settimana - intoscana<\/title>\n<meta name=\"description\" content=\"Sono 282 i casi di Covi-19 registrati nell&#039;ultima settimana in Toscana, mentre non ci sono stati nuovi decessi.\" \/>\n<meta name=\"robots\" content=\"index, follow, max-snippet:-1, max-image-preview:large, max-video-preview:-1\" \/>\n<link rel=\"canonical\" href=\"https:\/\/www.intoscana.it\/it\/covid19-282-nuovi-casi\/\" \/>\n<meta property=\"og:locale\" content=\"it_IT\" \/>\n<meta property=\"og:type\" content=\"article\" \/>\n<meta property=\"og:title\" content=\"Covid-19: 282 nuovi casi e nessun decesso nell\u2019ultima settimana\" \/>\n<meta property=\"og:description\" content=\"Sono 282 i casi di Covi-19 registrati nell&#039;ultima settimana in Toscana, mentre non ci sono stati nuovi decessi.\" \/>\n<meta property=\"og:url\" content=\"https:\/\/www.intoscana.it\/it\/covid19-282-nuovi-casi\/\" \/>\n<meta property=\"og:site_name\" content=\"intoscana\" \/>\n<meta property=\"article:publisher\" content=\"https:\/\/www.facebook.com\/intoscana.it\" \/>\n<meta property=\"article:published_time\" content=\"2023-07-07T08:38:47+00:00\" \/>\n<meta property=\"article:modified_time\" content=\"2023-07-07T13:19:25+00:00\" \/>\n<meta property=\"og:image\" content=\"https:\/\/www.intoscana.it\/wp-content\/uploads\/tampone-scaled.jpg\" \/>\n\t<meta property=\"og:image:width\" content=\"2048\" \/>\n\t<meta property=\"og:image:height\" content=\"1366\" \/>\n\t<meta property=\"og:image:type\" content=\"image\/jpeg\" \/>\n<meta name=\"author\" content=\"Redazione\" \/>\n<meta name=\"twitter:card\" content=\"summary_large_image\" \/>\n<meta name=\"twitter:creator\" content=\"@intoscana\" \/>\n<meta name=\"twitter:site\" content=\"@intoscana\" \/>\n<meta name=\"twitter:label1\" content=\"Written by\" \/>\n\t<meta name=\"twitter:data1\" content=\"Redazione\" \/>\n\t<meta name=\"twitter:label2\" content=\"Est. reading time\" \/>\n\t<meta name=\"twitter:data2\" content=\"2 minuti\" \/>\n<script type=\"application\/ld+json\" class=\"yoast-schema-graph\">{\"@context\":\"https:\/\/schema.org\",\"@graph\":[{\"@type\":\"WebPage\",\"@id\":\"https:\/\/www.intoscana.it\/it\/covid19-282-nuovi-casi\/\",\"url\":\"https:\/\/www.intoscana.it\/it\/covid19-282-nuovi-casi\/\",\"name\":\"Covid-19: 282 nuovi casi e nessun decesso nell\u2019ultima settimana - intoscana\",\"isPartOf\":{\"@id\":\"https:\/\/www.intoscana.it\/it\/#website\"},\"primaryImageOfPage\":{\"@id\":\"https:\/\/www.intoscana.it\/it\/covid19-282-nuovi-casi\/#primaryimage\"},\"image\":{\"@id\":\"https:\/\/www.intoscana.it\/it\/covid19-282-nuovi-casi\/#primaryimage\"},\"thumbnailUrl\":\"https:\/\/www.intoscana.it\/wp-content\/uploads\/tampone-scaled.jpg\",\"datePublished\":\"2023-07-07T08:38:47+00:00\",\"dateModified\":\"2023-07-07T13:19:25+00:00\",\"author\":{\"@id\":\"https:\/\/www.intoscana.it\/it\/#\/schema\/person\/9223810753230f20bd670fdd322661f8\"},\"description\":\"Sono 282 i casi di Covi-19 registrati nell'ultima settimana in Toscana, mentre non ci sono stati nuovi decessi.\",\"breadcrumb\":{\"@id\":\"https:\/\/www.intoscana.it\/it\/covid19-282-nuovi-casi\/#breadcrumb\"},\"inLanguage\":\"it-IT\",\"potentialAction\":[{\"@type\":\"ReadAction\",\"target\":[\"https:\/\/www.intoscana.it\/it\/covid19-282-nuovi-casi\/\"]}]},{\"@type\":\"ImageObject\",\"inLanguage\":\"it-IT\",\"@id\":\"https:\/\/www.intoscana.it\/it\/covid19-282-nuovi-casi\/#primaryimage\",\"url\":\"https:\/\/www.intoscana.it\/wp-content\/uploads\/tampone-scaled.jpg\",\"contentUrl\":\"https:\/\/www.intoscana.it\/wp-content\/uploads\/tampone-scaled.jpg\",\"width\":2048,\"height\":1366,\"caption\":\"Un tampone per rilevare il Covid-19\"},{\"@type\":\"BreadcrumbList\",\"@id\":\"https:\/\/www.intoscana.it\/it\/covid19-282-nuovi-casi\/#breadcrumb\",\"itemListElement\":[{\"@type\":\"ListItem\",\"position\":1,\"name\":\"Home\",\"item\":\"https:\/\/www.intoscana.it\/it\/\"},{\"@type\":\"ListItem\",\"position\":2,\"name\":\"Covid-19: 282 nuovi casi e nessun decesso nell\u2019ultima settimana\"}]},{\"@type\":\"WebSite\",\"@id\":\"https:\/\/www.intoscana.it\/it\/#website\",\"url\":\"https:\/\/www.intoscana.it\/it\/\",\"name\":\"intoscana\",\"description\":\"\",\"potentialAction\":[{\"@type\":\"SearchAction\",\"target\":{\"@type\":\"EntryPoint\",\"urlTemplate\":\"https:\/\/www.intoscana.it\/it\/?s={search_term_string}\"},\"query-input\":{\"@type\":\"PropertyValueSpecification\",\"valueRequired\":true,\"valueName\":\"search_term_string\"}}],\"inLanguage\":\"it-IT\"},{\"@type\":\"Person\",\"@id\":\"https:\/\/www.intoscana.it\/it\/#\/schema\/person\/9223810753230f20bd670fdd322661f8\",\"name\":\"Redazione\",\"url\":\"https:\/\/www.intoscana.it\/it\/author\/redazione\/\"}]}<\/script>\n<!-- \/ Yoast SEO Premium plugin. -->","yoast_head_json":{"title":"Covid-19: 282 nuovi casi e nessun decesso nell\u2019ultima settimana - intoscana","description":"Sono 282 i casi di Covi-19 registrati nell'ultima settimana in Toscana, mentre non ci sono stati nuovi decessi.","robots":{"index":"index","follow":"follow","max-snippet":"max-snippet:-1","max-image-preview":"max-image-preview:large","max-video-preview":"max-video-preview:-1"},"canonical":"https:\/\/www.intoscana.it\/it\/covid19-282-nuovi-casi\/","og_locale":"it_IT","og_type":"article","og_title":"Covid-19: 282 nuovi casi e nessun decesso nell\u2019ultima settimana","og_description":"Sono 282 i casi di Covi-19 registrati nell'ultima settimana in Toscana, mentre non ci sono stati nuovi decessi.","og_url":"https:\/\/www.intoscana.it\/it\/covid19-282-nuovi-casi\/","og_site_name":"intoscana","article_publisher":"https:\/\/www.facebook.com\/intoscana.it","article_published_time":"2023-07-07T08:38:47+00:00","article_modified_time":"2023-07-07T13:19:25+00:00","og_image":[{"width":2048,"height":1366,"url":"https:\/\/www.intoscana.it\/wp-content\/uploads\/tampone-scaled.jpg","type":"image\/jpeg"}],"author":"Redazione","twitter_card":"summary_large_image","twitter_creator":"@intoscana","twitter_site":"@intoscana","twitter_misc":{"Written by":"Redazione","Est. reading time":"2 minuti"},"schema":{"@context":"https:\/\/schema.org","@graph":[{"@type":"WebPage","@id":"https:\/\/www.intoscana.it\/it\/covid19-282-nuovi-casi\/","url":"https:\/\/www.intoscana.it\/it\/covid19-282-nuovi-casi\/","name":"Covid-19: 282 nuovi casi e nessun decesso nell\u2019ultima settimana - intoscana","isPartOf":{"@id":"https:\/\/www.intoscana.it\/it\/#website"},"primaryImageOfPage":{"@id":"https:\/\/www.intoscana.it\/it\/covid19-282-nuovi-casi\/#primaryimage"},"image":{"@id":"https:\/\/www.intoscana.it\/it\/covid19-282-nuovi-casi\/#primaryimage"},"thumbnailUrl":"https:\/\/www.intoscana.it\/wp-content\/uploads\/tampone-scaled.jpg","datePublished":"2023-07-07T08:38:47+00:00","dateModified":"2023-07-07T13:19:25+00:00","author":{"@id":"https:\/\/www.intoscana.it\/it\/#\/schema\/person\/9223810753230f20bd670fdd322661f8"},"description":"Sono 282 i casi di Covi-19 registrati nell'ultima settimana in Toscana, mentre non ci sono stati nuovi decessi.","breadcrumb":{"@id":"https:\/\/www.intoscana.it\/it\/covid19-282-nuovi-casi\/#breadcrumb"},"inLanguage":"it-IT","potentialAction":[{"@type":"ReadAction","target":["https:\/\/www.intoscana.it\/it\/covid19-282-nuovi-casi\/"]}]},{"@type":"ImageObject","inLanguage":"it-IT","@id":"https:\/\/www.intoscana.it\/it\/covid19-282-nuovi-casi\/#primaryimage","url":"https:\/\/www.intoscana.it\/wp-content\/uploads\/tampone-scaled.jpg","contentUrl":"https:\/\/www.intoscana.it\/wp-content\/uploads\/tampone-scaled.jpg","width":2048,"height":1366,"caption":"Un tampone per rilevare il Covid-19"},{"@type":"BreadcrumbList","@id":"https:\/\/www.intoscana.it\/it\/covid19-282-nuovi-casi\/#breadcrumb","itemListElement":[{"@type":"ListItem","position":1,"name":"Home","item":"https:\/\/www.intoscana.it\/it\/"},{"@type":"ListItem","position":2,"name":"Covid-19: 282 nuovi casi e nessun decesso nell\u2019ultima settimana"}]},{"@type":"WebSite","@id":"https:\/\/www.intoscana.it\/it\/#website","url":"https:\/\/www.intoscana.it\/it\/","name":"intoscana","description":"","potentialAction":[{"@type":"SearchAction","target":{"@type":"EntryPoint","urlTemplate":"https:\/\/www.intoscana.it\/it\/?s={search_term_string}"},"query-input":{"@type":"PropertyValueSpecification","valueRequired":true,"valueName":"search_term_string"}}],"inLanguage":"it-IT"},{"@type":"Person","@id":"https:\/\/www.intoscana.it\/it\/#\/schema\/person\/9223810753230f20bd670fdd322661f8","name":"Redazione","url":"https:\/\/www.intoscana.it\/it\/author\/redazione\/"}]}},"_links":{"self":[{"href":"https:\/\/www.intoscana.it\/it\/wp-json\/wp\/v2\/posts\/295273","targetHints":{"allow":["GET"]}}],"collection":[{"href":"https:\/\/www.intoscana.it\/it\/wp-json\/wp\/v2\/posts"}],"about":[{"href":"https:\/\/www.intoscana.it\/it\/wp-json\/wp\/v2\/types\/post"}],"author":[{"embeddable":true,"href":"https:\/\/www.intoscana.it\/it\/wp-json\/wp\/v2\/users\/525"}],"replies":[{"embeddable":true,"href":"https:\/\/www.intoscana.it\/it\/wp-json\/wp\/v2\/comments?post=295273"}],"version-history":[{"count":0,"href":"https:\/\/www.intoscana.it\/it\/wp-json\/wp\/v2\/posts\/295273\/revisions"}],"wp:featuredmedia":[{"embeddable":true,"href":"https:\/\/www.intoscana.it\/it\/wp-json\/wp\/v2\/media\/157574"}],"wp:attachment":[{"href":"https:\/\/www.intoscana.it\/it\/wp-json\/wp\/v2\/media?parent=295273"}],"wp:term":[{"taxonomy":"category","embeddable":true,"href":"https:\/\/www.intoscana.it\/it\/wp-json\/wp\/v2\/categories?post=295273"},{"taxonomy":"post_tag","embeddable":true,"href":"https:\/\/www.intoscana.it\/it\/wp-json\/wp\/v2\/tags?post=295273"}],"curies":[{"name":"wp","href":"https:\/\/api.w.org\/{rel}","templated":true}]}}