{"id":295362,"date":"2023-07-07T15:39:46","date_gmt":"2023-07-07T13:39:46","guid":{"rendered":"https:\/\/www.intoscana.it\/it\/?p=295362"},"modified":"2023-07-12T14:26:11","modified_gmt":"2023-07-12T12:26:11","slug":"prato-phygital-la-tecnologia-5g-tra-cinema-e-impresa","status":"publish","type":"post","link":"https:\/\/www.intoscana.it\/it\/prato-phygital-la-tecnologia-5g-tra-cinema-e-impresa\/","title":{"rendered":"&#8220;Prato Phygital&#8221;: la tecnologia 5G, tra cinema e impresa"},"content":{"rendered":"<h3>Nell&#8217;ambito di &#8220;Prato Phygital&#8221;, la realizzazione del corto &#8220;Il Magnifico Tessuto&#8221; in un set con tecnologia VR<\/h3>\n<p>Sta per alzarsi il sipario su un nuovo appuntamento, che punteggia il percorso d&#8217;innovazione in campo cinematografico, audiovisivo e imprenditoriale del progetto <strong>&#8220;Prato Phygital&#8221;<\/strong>. <a href=\"http:\/\/www.fondazionesistematoscana.it\" class=\"broken_link\"><strong> Fondazione Sistema Toscana<\/strong><\/a>, ente in house providing della Regione Toscana, capofila di un raggruppamento di nove partner pubblici e privati, dopo essersi aggiudicata, a luglio 2022, il <strong>bando da 1 milione di euro del MIMIT<\/strong> (ex MISE) e dopo aver svolto una prima dimostrazione al pubblico, lo scorso 5 giugno, al cinema La Compagnia di Firenze &#8211; relativa ai possibili utilizzi nel Metaverso degli archivi digitali di tessuti e cappelli<strong>, <\/strong>in campo produttivo, artistico e di ricerca &#8211; \u00e8 pronta per un nuovo importante evento pubblico.<\/p>\n<p><strong>Marted\u00ec 11 luglio (ore 11.30), a <a href=\"http:\/\/www.manifatturedigitalicinema.it\">Manifatture Digitali Cinema Prato <\/a><\/strong>(via Santa Caterina, 13), le istituzioni e la stampa sono invitate ad un evento speciale. Sar\u00e0 allestito il mockup di un teatro di posa virtuale, grazie al quale, tra live action e oggetti digitali (come i tessuti provenienti dall\u2019archivio Marini e dal Museo del Tessuto, insieme ai copricapo e ai prototipi di costumi della fiction \u201cI Medici\u201d) sar\u00e0 realizzato il <strong>cortometraggio \u201cIl Magnifico Tessuto\u201d <\/strong>(Indiana Production). A comporre la scenografia virtuale del corto, saranno anche alcuni edifici storici e i paesaggi pi\u00f9 rappresentativi della Toscana. Il mockup di teatro virtuale \u00e8 il primo modello in miniatura di un progetto ben pi\u00f9 ampio, del quale si stanno gi\u00e0 gettando le basi, che preveder\u00e0 l\u2019allestimento a Prato, in un prossimo futuro, di vero e proprio <strong>Teatro VR<\/strong>, all\u2019interno di un campus di produzione, studio e ricerca nel settore dell\u2019innovazione legata alla Virtual Reality. La realizzazione del cortometraggio, nel mockup del Teatro VR, sar\u00e0 trasmessa in diretta nell\u2019aula sartoria di Manifatture Digitali Cinema Prato, a dimostrazione di come la Rete Wi-Fi 5G possa consentire la trasmissione veloce (senza cavo) di file video pesanti.<\/p>\n<p>La trasmissione veloce con il 5G di file video da molti Gigabit, offre la possibilit\u00e0 a chi lavora in campo audiovisivo e cinematografico di connettersi, pur lavorando in sedi diverse e lontane; consente inoltre a tutto il mondo produttivo manifatturiero, in primo luogo quello del tessile pratese, di realizzare simulazioni e dimostrazioni in diretta, da remoto, che aprono nuove prospettive comunicative e commerciali fino ad oggi inimmaginabili. La visione in diretta del cortometraggio <strong>\u201cIl Magnifico Tessuto\u201d,<\/strong> in location diverse da quella sorgente, realizza in pieno lo scopo del bando ministeriale, vale a dire rendere comprensibile a tutti gli operatori del settore e alle imprese, le declinazioni pratiche della nuova tecnologia 5G, applicate all\u2019audiovisivo.<\/p>\n<p><iframe loading=\"lazy\" title=\"YouTube video player\" src=\"https:\/\/www.youtube.com\/embed\/0UZNZB8-TQM\" width=\"860\" height=\"615\" frameborder=\"0\" allowfullscreen=\"allowfullscreen\"><span style=\"display: inline-block; width: 0px; overflow: hidden; line-height: 0;\" data-mce-type=\"bookmark\" class=\"mce_SELRES_start\">\ufeff<\/span><\/iframe><\/p>\n<h3>&#8220;Prato Phygital&#8221; si presenta al pubblico: al Museo del Tessuto di Prato e a La Compagnia di Firenze<\/h3>\n<p>Dopo la dimostrazione mattutina<strong>, <\/strong>sempre <strong>marted\u00ec 11 luglio, alle ore 18.30, ci sar\u00e0 la restituzione del progetto \u201cPrato Phygital\u201d al pubblico e a tutta la cittadinanza<\/strong>, che si terr\u00e0 al <a href=\"https:\/\/www.museodeltessuto.it\/\"><strong>Museo del Tessuto di Prato <\/strong><\/a>(via Puccetti, 3), una tra le prime citt\u00e0 italiane a dotarsi della tecnologia 5G. (Ingresso gratuito, prenotazione consigliata scrivendo a <a href=\"mailto:pratophygital@fst.it\"><strong>pratophygital@fst.it<\/strong><\/a>).<\/p>\n<p>Una dimostrazione aperta al pubblico si terr\u00e0 anche a<strong> Firenze, mercoled\u00ec 12 luglio, alle ore 18.30, al cinema La Compagnia <\/strong>(via Cavour 50\/r), la casa del cinema della Toscana che, come Manifatture Digitali Cinema, afferisce a <strong>Fondazione Sistema Toscana <\/strong>(valida la stessa email per accrediti:\u00a0 <a href=\"mailto:pratophygital@fst.it\">pratophygital@fst.it<\/a>).<\/p>\n<p>Fanno parte del <strong>raggruppamento Prato Phygital<\/strong>, insieme alla Fondazione, il <strong>Comune di Prato<\/strong> con Prisma &#8211; Casa delle Tecnologie; <strong>UNIFI,<\/strong> con il laboratorio REI del dipartimento di Architettura; <strong>PIN &#8211; Polo Universitario Citt\u00e0 di Prato; Fondazione Museo del Tessuto di Prato<\/strong>; <strong>Marini Industrie<\/strong>, uno dei rappresentanti pi\u00f9 importanti dell&#8217;industria tessile pratese; <strong>Immerxive<\/strong>, startup nata e cresciuta nella Casa delle Tecnologie di Prato; <strong>Indiana Production,<\/strong> casa di produzione internazionale; <strong>EDI &#8211; Effetti Digitali Italiani<\/strong>, la pi\u00f9 innovativa societ\u00e0 di effetti speciali italiani<strong>; Wind Tre<\/strong>, come partner tecnologico, fornitore dell\u2019infrastruttura 5G.<\/p>\n<figure id=\"post-295379 media-295379\" class=\"align-none\"><img decoding=\"async\" src=\"https:\/\/www.intoscana.it\/wp-content\/uploads\/MDC-Prato_PratoPhygital_1.jpg\" alt=\"\" \/><\/figure>\n<div class=\"titleimg\">Il set VR de \u201cIl Magnifico Tessuto\u201d, per Prato Phygital &#8211; \u00a9 Foto: Alessio Lamanna<\/div>\n","protected":false},"excerpt":{"rendered":"<p>Tra i risultati pi\u00f9 innovativi, la possibilit\u00e0 di trasmettere in diretta la realizzazione di un cortometraggio, girato in un teatro di posa VR. Le dimostrazioni aperte al pubblico si tengono l&#8217;11 luglio, alle 18.30, al Museo del Tessuto di Prato e il 12 luglio, alle 18.30, al cinema La Compagnia di Firenze<\/p>\n","protected":false},"author":492,"featured_media":295374,"comment_status":"open","ping_status":"open","sticky":false,"template":"","format":"standard","meta":{"_acf_changed":false,"footnotes":""},"categories":[475],"tags":[6315],"class_list":["post-295362","post","type-post","status-publish","format-standard","has-post-thumbnail","hentry","category-innovazione","tag-manifatture-digitali-cinema-prato"],"acf":[],"yoast_head":"<!-- This site is optimized with the Yoast SEO Premium plugin v24.2 (Yoast SEO v25.6) - https:\/\/yoast.com\/wordpress\/plugins\/seo\/ -->\n<title>&quot;Prato Phygital&quot;: la tecnologia 5G, tra cinema e impresa - intoscana<\/title>\n<meta name=\"description\" content=\"L&#039;11 e il 12 luglio, tra Prato e Firenze, il progetto &quot;Prato Phygital&quot; si presenta al pubblico: il 5G applicato al cinema e alle imprese\" \/>\n<meta name=\"robots\" content=\"index, follow, max-snippet:-1, max-image-preview:large, max-video-preview:-1\" \/>\n<link rel=\"canonical\" href=\"https:\/\/www.intoscana.it\/it\/prato-phygital-la-tecnologia-5g-tra-cinema-e-impresa\/\" \/>\n<meta property=\"og:locale\" content=\"it_IT\" \/>\n<meta property=\"og:type\" content=\"article\" \/>\n<meta property=\"og:title\" content=\"&quot;Prato Phygital&quot;: la tecnologia 5G, tra cinema e impresa\" \/>\n<meta property=\"og:description\" content=\"L&#039;11 e il 12 luglio, tra Prato e Firenze, il progetto &quot;Prato Phygital&quot; si presenta al pubblico: il 5G applicato al cinema e alle imprese\" \/>\n<meta property=\"og:url\" content=\"https:\/\/www.intoscana.it\/it\/prato-phygital-la-tecnologia-5g-tra-cinema-e-impresa\/\" \/>\n<meta property=\"og:site_name\" content=\"intoscana\" \/>\n<meta property=\"article:publisher\" content=\"https:\/\/www.facebook.com\/intoscana.it\" \/>\n<meta property=\"article:published_time\" content=\"2023-07-07T13:39:46+00:00\" \/>\n<meta property=\"article:modified_time\" content=\"2023-07-12T12:26:11+00:00\" \/>\n<meta property=\"og:image\" content=\"https:\/\/www.intoscana.it\/wp-content\/uploads\/MDC-Prato_PratoPhygital_2.jpg\" \/>\n\t<meta property=\"og:image:width\" content=\"1200\" \/>\n\t<meta property=\"og:image:height\" content=\"832\" \/>\n\t<meta property=\"og:image:type\" content=\"image\/jpeg\" \/>\n<meta name=\"author\" content=\"Elisabetta Vagaggini\" \/>\n<meta name=\"twitter:card\" content=\"summary_large_image\" \/>\n<meta name=\"twitter:creator\" content=\"@intoscana\" \/>\n<meta name=\"twitter:site\" content=\"@intoscana\" \/>\n<meta name=\"twitter:label1\" content=\"Written by\" \/>\n\t<meta name=\"twitter:data1\" content=\"Elisabetta Vagaggini\" \/>\n\t<meta name=\"twitter:label2\" content=\"Est. reading time\" \/>\n\t<meta name=\"twitter:data2\" content=\"3 minuti\" \/>\n<script type=\"application\/ld+json\" class=\"yoast-schema-graph\">{\"@context\":\"https:\/\/schema.org\",\"@graph\":[{\"@type\":\"WebPage\",\"@id\":\"https:\/\/www.intoscana.it\/it\/prato-phygital-la-tecnologia-5g-tra-cinema-e-impresa\/\",\"url\":\"https:\/\/www.intoscana.it\/it\/prato-phygital-la-tecnologia-5g-tra-cinema-e-impresa\/\",\"name\":\"\\\"Prato Phygital\\\": la tecnologia 5G, tra cinema e impresa - intoscana\",\"isPartOf\":{\"@id\":\"https:\/\/www.intoscana.it\/it\/#website\"},\"primaryImageOfPage\":{\"@id\":\"https:\/\/www.intoscana.it\/it\/prato-phygital-la-tecnologia-5g-tra-cinema-e-impresa\/#primaryimage\"},\"image\":{\"@id\":\"https:\/\/www.intoscana.it\/it\/prato-phygital-la-tecnologia-5g-tra-cinema-e-impresa\/#primaryimage\"},\"thumbnailUrl\":\"https:\/\/www.intoscana.it\/wp-content\/uploads\/MDC-Prato_PratoPhygital_2.jpg\",\"datePublished\":\"2023-07-07T13:39:46+00:00\",\"dateModified\":\"2023-07-12T12:26:11+00:00\",\"author\":{\"@id\":\"https:\/\/www.intoscana.it\/it\/#\/schema\/person\/20956e1a83baf96027b69e776f754e43\"},\"description\":\"L'11 e il 12 luglio, tra Prato e Firenze, il progetto \\\"Prato Phygital\\\" si presenta al pubblico: il 5G applicato al cinema e alle imprese\",\"breadcrumb\":{\"@id\":\"https:\/\/www.intoscana.it\/it\/prato-phygital-la-tecnologia-5g-tra-cinema-e-impresa\/#breadcrumb\"},\"inLanguage\":\"it-IT\",\"potentialAction\":[{\"@type\":\"ReadAction\",\"target\":[\"https:\/\/www.intoscana.it\/it\/prato-phygital-la-tecnologia-5g-tra-cinema-e-impresa\/\"]}]},{\"@type\":\"ImageObject\",\"inLanguage\":\"it-IT\",\"@id\":\"https:\/\/www.intoscana.it\/it\/prato-phygital-la-tecnologia-5g-tra-cinema-e-impresa\/#primaryimage\",\"url\":\"https:\/\/www.intoscana.it\/wp-content\/uploads\/MDC-Prato_PratoPhygital_2.jpg\",\"contentUrl\":\"https:\/\/www.intoscana.it\/wp-content\/uploads\/MDC-Prato_PratoPhygital_2.jpg\",\"width\":1200,\"height\":832,\"caption\":\"Il set VR de \\\"Il Magnifico Tessuto\\\", per Prato Phygital\"},{\"@type\":\"BreadcrumbList\",\"@id\":\"https:\/\/www.intoscana.it\/it\/prato-phygital-la-tecnologia-5g-tra-cinema-e-impresa\/#breadcrumb\",\"itemListElement\":[{\"@type\":\"ListItem\",\"position\":1,\"name\":\"Home\",\"item\":\"https:\/\/www.intoscana.it\/it\/\"},{\"@type\":\"ListItem\",\"position\":2,\"name\":\"&#8220;Prato Phygital&#8221;: la tecnologia 5G, tra cinema e impresa\"}]},{\"@type\":\"WebSite\",\"@id\":\"https:\/\/www.intoscana.it\/it\/#website\",\"url\":\"https:\/\/www.intoscana.it\/it\/\",\"name\":\"intoscana\",\"description\":\"\",\"potentialAction\":[{\"@type\":\"SearchAction\",\"target\":{\"@type\":\"EntryPoint\",\"urlTemplate\":\"https:\/\/www.intoscana.it\/it\/?s={search_term_string}\"},\"query-input\":{\"@type\":\"PropertyValueSpecification\",\"valueRequired\":true,\"valueName\":\"search_term_string\"}}],\"inLanguage\":\"it-IT\"},{\"@type\":\"Person\",\"@id\":\"https:\/\/www.intoscana.it\/it\/#\/schema\/person\/20956e1a83baf96027b69e776f754e43\",\"name\":\"Elisabetta Vagaggini\",\"url\":\"https:\/\/www.intoscana.it\/it\/author\/elisabetta-vagaggini\/\"}]}<\/script>\n<!-- \/ Yoast SEO Premium plugin. -->","yoast_head_json":{"title":"\"Prato Phygital\": la tecnologia 5G, tra cinema e impresa - intoscana","description":"L'11 e il 12 luglio, tra Prato e Firenze, il progetto \"Prato Phygital\" si presenta al pubblico: il 5G applicato al cinema e alle imprese","robots":{"index":"index","follow":"follow","max-snippet":"max-snippet:-1","max-image-preview":"max-image-preview:large","max-video-preview":"max-video-preview:-1"},"canonical":"https:\/\/www.intoscana.it\/it\/prato-phygital-la-tecnologia-5g-tra-cinema-e-impresa\/","og_locale":"it_IT","og_type":"article","og_title":"\"Prato Phygital\": la tecnologia 5G, tra cinema e impresa","og_description":"L'11 e il 12 luglio, tra Prato e Firenze, il progetto \"Prato Phygital\" si presenta al pubblico: il 5G applicato al cinema e alle imprese","og_url":"https:\/\/www.intoscana.it\/it\/prato-phygital-la-tecnologia-5g-tra-cinema-e-impresa\/","og_site_name":"intoscana","article_publisher":"https:\/\/www.facebook.com\/intoscana.it","article_published_time":"2023-07-07T13:39:46+00:00","article_modified_time":"2023-07-12T12:26:11+00:00","og_image":[{"width":1200,"height":832,"url":"https:\/\/www.intoscana.it\/wp-content\/uploads\/MDC-Prato_PratoPhygital_2.jpg","type":"image\/jpeg"}],"author":"Elisabetta Vagaggini","twitter_card":"summary_large_image","twitter_creator":"@intoscana","twitter_site":"@intoscana","twitter_misc":{"Written by":"Elisabetta Vagaggini","Est. reading time":"3 minuti"},"schema":{"@context":"https:\/\/schema.org","@graph":[{"@type":"WebPage","@id":"https:\/\/www.intoscana.it\/it\/prato-phygital-la-tecnologia-5g-tra-cinema-e-impresa\/","url":"https:\/\/www.intoscana.it\/it\/prato-phygital-la-tecnologia-5g-tra-cinema-e-impresa\/","name":"\"Prato Phygital\": la tecnologia 5G, tra cinema e impresa - intoscana","isPartOf":{"@id":"https:\/\/www.intoscana.it\/it\/#website"},"primaryImageOfPage":{"@id":"https:\/\/www.intoscana.it\/it\/prato-phygital-la-tecnologia-5g-tra-cinema-e-impresa\/#primaryimage"},"image":{"@id":"https:\/\/www.intoscana.it\/it\/prato-phygital-la-tecnologia-5g-tra-cinema-e-impresa\/#primaryimage"},"thumbnailUrl":"https:\/\/www.intoscana.it\/wp-content\/uploads\/MDC-Prato_PratoPhygital_2.jpg","datePublished":"2023-07-07T13:39:46+00:00","dateModified":"2023-07-12T12:26:11+00:00","author":{"@id":"https:\/\/www.intoscana.it\/it\/#\/schema\/person\/20956e1a83baf96027b69e776f754e43"},"description":"L'11 e il 12 luglio, tra Prato e Firenze, il progetto \"Prato Phygital\" si presenta al pubblico: il 5G applicato al cinema e alle imprese","breadcrumb":{"@id":"https:\/\/www.intoscana.it\/it\/prato-phygital-la-tecnologia-5g-tra-cinema-e-impresa\/#breadcrumb"},"inLanguage":"it-IT","potentialAction":[{"@type":"ReadAction","target":["https:\/\/www.intoscana.it\/it\/prato-phygital-la-tecnologia-5g-tra-cinema-e-impresa\/"]}]},{"@type":"ImageObject","inLanguage":"it-IT","@id":"https:\/\/www.intoscana.it\/it\/prato-phygital-la-tecnologia-5g-tra-cinema-e-impresa\/#primaryimage","url":"https:\/\/www.intoscana.it\/wp-content\/uploads\/MDC-Prato_PratoPhygital_2.jpg","contentUrl":"https:\/\/www.intoscana.it\/wp-content\/uploads\/MDC-Prato_PratoPhygital_2.jpg","width":1200,"height":832,"caption":"Il set VR de \"Il Magnifico Tessuto\", per Prato Phygital"},{"@type":"BreadcrumbList","@id":"https:\/\/www.intoscana.it\/it\/prato-phygital-la-tecnologia-5g-tra-cinema-e-impresa\/#breadcrumb","itemListElement":[{"@type":"ListItem","position":1,"name":"Home","item":"https:\/\/www.intoscana.it\/it\/"},{"@type":"ListItem","position":2,"name":"&#8220;Prato Phygital&#8221;: la tecnologia 5G, tra cinema e impresa"}]},{"@type":"WebSite","@id":"https:\/\/www.intoscana.it\/it\/#website","url":"https:\/\/www.intoscana.it\/it\/","name":"intoscana","description":"","potentialAction":[{"@type":"SearchAction","target":{"@type":"EntryPoint","urlTemplate":"https:\/\/www.intoscana.it\/it\/?s={search_term_string}"},"query-input":{"@type":"PropertyValueSpecification","valueRequired":true,"valueName":"search_term_string"}}],"inLanguage":"it-IT"},{"@type":"Person","@id":"https:\/\/www.intoscana.it\/it\/#\/schema\/person\/20956e1a83baf96027b69e776f754e43","name":"Elisabetta Vagaggini","url":"https:\/\/www.intoscana.it\/it\/author\/elisabetta-vagaggini\/"}]}},"_links":{"self":[{"href":"https:\/\/www.intoscana.it\/it\/wp-json\/wp\/v2\/posts\/295362","targetHints":{"allow":["GET"]}}],"collection":[{"href":"https:\/\/www.intoscana.it\/it\/wp-json\/wp\/v2\/posts"}],"about":[{"href":"https:\/\/www.intoscana.it\/it\/wp-json\/wp\/v2\/types\/post"}],"author":[{"embeddable":true,"href":"https:\/\/www.intoscana.it\/it\/wp-json\/wp\/v2\/users\/492"}],"replies":[{"embeddable":true,"href":"https:\/\/www.intoscana.it\/it\/wp-json\/wp\/v2\/comments?post=295362"}],"version-history":[{"count":0,"href":"https:\/\/www.intoscana.it\/it\/wp-json\/wp\/v2\/posts\/295362\/revisions"}],"wp:featuredmedia":[{"embeddable":true,"href":"https:\/\/www.intoscana.it\/it\/wp-json\/wp\/v2\/media\/295374"}],"wp:attachment":[{"href":"https:\/\/www.intoscana.it\/it\/wp-json\/wp\/v2\/media?parent=295362"}],"wp:term":[{"taxonomy":"category","embeddable":true,"href":"https:\/\/www.intoscana.it\/it\/wp-json\/wp\/v2\/categories?post=295362"},{"taxonomy":"post_tag","embeddable":true,"href":"https:\/\/www.intoscana.it\/it\/wp-json\/wp\/v2\/tags?post=295362"}],"curies":[{"name":"wp","href":"https:\/\/api.w.org\/{rel}","templated":true}]}}