{"id":295382,"date":"2023-07-07T16:43:09","date_gmt":"2023-07-07T14:43:09","guid":{"rendered":"https:\/\/www.intoscana.it\/it\/?p=295382"},"modified":"2023-07-07T16:48:37","modified_gmt":"2023-07-07T14:48:37","slug":"venezi-lucca-centenario-puccini","status":"publish","type":"post","link":"https:\/\/www.intoscana.it\/it\/venezi-lucca-centenario-puccini\/","title":{"rendered":"Beatrice Venezi sul podio a Lucca per i 100 anni dalla morte di Puccini"},"content":{"rendered":"<p>Sar\u00e0 un concerto sul palco del Lucca Summer Festival con <strong>Beatrice Venezi<\/strong> sul podio a dirigere l\u2019Orchestra del Teatro Carlo Felice di Genova ad aprire le celebrazioni per i 100 anni dalla morte di <strong>Giacomo Puccini.<\/strong> L\u2019evento inaugurale, che \u00e8 stato presentato questa mattina a Lucca, si terr\u00e0 <strong>marted\u00ec 11 luglio<\/strong> alle 21.15.<\/p>\n<h3>Le pi\u00f9 belle arie di Puccini in programma<\/h3>\n<p><em>&#8220;Abbiamo fortemente voluto iniziare le celebrazioni a Lucca<\/em> &#8211; ha detto il sindaco di Lucca, Mario <strong>Pardini<\/strong> <em>&#8211; con chi rappresenta la nostra citt\u00e0 nel mondo&#8221;. &#8220;Sono orgogliosa, da donna, di avere una giovane donna talentuosa alla direzione&#8221;, <\/em>ha aggiunto l&#8217;assessora alla cultura di Lucca, <strong>Mia Pisano<\/strong><em>.<\/em><\/p>\n<p><em>&#8220;Sono molto onorata di questo ruolo<\/em> &#8211; ha commentato <a href=\"https:\/\/www.intoscana.it\/it\/articolo\/pegaso-oro-toscana-beatrice-venezi\/\" target=\"_blank\" rel=\"noopener\">Beatrice Venezi<\/a>, direttrice d\u2019orchestra, pianista e compositrice, nata a Lucca nel 1990 &#8211; <em>ne sento la responsabilit\u00e0 e spero di essere all&#8217;altezza del pulpito&#8221;.\u00a0<\/em><\/p>\n<p>Sul palco, <mark>per dar voce alle pi\u00f9 belle arie e ai duetti pi\u00f9 suggestivi del maestro Giacomo Puccini, il soprano Carmen Giannattasio, il tenore Marco Berti e il baritono Massimo Cavalletti.<\/mark><\/p>\n<p>L<strong>&#8216;ingresso \u00e8 gratuito<\/strong>, ma \u00e8 necessario munirsi dei biglietti che saranno disponibili, da oggi, in biglietteria del Teatro del Giglio dove fin da stamattina si sono formate lunghe code e in poche ore sono stati distribuiti 2mila ticket, la met\u00e0 dei posti a sedere previsti.<\/p>\n","protected":false},"excerpt":{"rendered":"<p>Il concerto marted\u00ec 11 luglio, sul palco del Summer Festival, aprir\u00e0 le celebrazioni del centenario del Maestro<\/p>\n","protected":false},"author":525,"featured_media":151359,"comment_status":"open","ping_status":"open","sticky":false,"template":"","format":"standard","meta":{"_acf_changed":false,"footnotes":""},"categories":[14],"tags":[216,170,6024],"class_list":["post-295382","post","type-post","status-publish","format-standard","has-post-thumbnail","hentry","category-musica","tag-concerti","tag-lucca","tag-puccini"],"acf":[],"yoast_head":"<!-- This site is optimized with the Yoast SEO Premium plugin v24.2 (Yoast SEO v25.6) - https:\/\/yoast.com\/wordpress\/plugins\/seo\/ -->\n<title>Beatrice Venezi sul podio a Lucca per i 100 anni dalla morte di Puccini - intoscana<\/title>\n<meta name=\"description\" content=\"L&#039;11 luglio a Lucca il concerto diretto da Beatrice Venezi aprir\u00e0 le celebrazioni per i 100 anni dalla morte di Giacomo Puccini.\" \/>\n<meta name=\"robots\" content=\"index, follow, max-snippet:-1, max-image-preview:large, max-video-preview:-1\" \/>\n<link rel=\"canonical\" href=\"https:\/\/www.intoscana.it\/it\/venezi-lucca-centenario-puccini\/\" \/>\n<meta property=\"og:locale\" content=\"it_IT\" \/>\n<meta property=\"og:type\" content=\"article\" \/>\n<meta property=\"og:title\" content=\"Beatrice Venezi sul podio a Lucca per i 100 anni dalla morte di Puccini\" \/>\n<meta property=\"og:description\" content=\"L&#039;11 luglio a Lucca il concerto diretto da Beatrice Venezi aprir\u00e0 le celebrazioni per i 100 anni dalla morte di Giacomo Puccini.\" \/>\n<meta property=\"og:url\" content=\"https:\/\/www.intoscana.it\/it\/venezi-lucca-centenario-puccini\/\" \/>\n<meta property=\"og:site_name\" content=\"intoscana\" \/>\n<meta property=\"article:publisher\" content=\"https:\/\/www.facebook.com\/intoscana.it\" \/>\n<meta property=\"article:published_time\" content=\"2023-07-07T14:43:09+00:00\" \/>\n<meta property=\"article:modified_time\" content=\"2023-07-07T14:48:37+00:00\" \/>\n<meta property=\"og:image\" content=\"https:\/\/www.intoscana.it\/wp-content\/uploads\/18-Beatrice-Venezi-\u00a9NicolaAllegri.jpg\" \/>\n\t<meta property=\"og:image:width\" content=\"1000\" \/>\n\t<meta property=\"og:image:height\" content=\"667\" \/>\n\t<meta property=\"og:image:type\" content=\"image\/jpeg\" \/>\n<meta name=\"author\" content=\"Redazione\" \/>\n<meta name=\"twitter:card\" content=\"summary_large_image\" \/>\n<meta name=\"twitter:creator\" content=\"@intoscana\" \/>\n<meta name=\"twitter:site\" content=\"@intoscana\" \/>\n<meta name=\"twitter:label1\" content=\"Written by\" \/>\n\t<meta name=\"twitter:data1\" content=\"Redazione\" \/>\n\t<meta name=\"twitter:label2\" content=\"Est. reading time\" \/>\n\t<meta name=\"twitter:data2\" content=\"1 minuto\" \/>\n<script type=\"application\/ld+json\" class=\"yoast-schema-graph\">{\"@context\":\"https:\/\/schema.org\",\"@graph\":[{\"@type\":\"WebPage\",\"@id\":\"https:\/\/www.intoscana.it\/it\/venezi-lucca-centenario-puccini\/\",\"url\":\"https:\/\/www.intoscana.it\/it\/venezi-lucca-centenario-puccini\/\",\"name\":\"Beatrice Venezi sul podio a Lucca per i 100 anni dalla morte di Puccini - intoscana\",\"isPartOf\":{\"@id\":\"https:\/\/www.intoscana.it\/it\/#website\"},\"primaryImageOfPage\":{\"@id\":\"https:\/\/www.intoscana.it\/it\/venezi-lucca-centenario-puccini\/#primaryimage\"},\"image\":{\"@id\":\"https:\/\/www.intoscana.it\/it\/venezi-lucca-centenario-puccini\/#primaryimage\"},\"thumbnailUrl\":\"https:\/\/www.intoscana.it\/wp-content\/uploads\/18-Beatrice-Venezi-\u00a9NicolaAllegri.jpg\",\"datePublished\":\"2023-07-07T14:43:09+00:00\",\"dateModified\":\"2023-07-07T14:48:37+00:00\",\"author\":{\"@id\":\"https:\/\/www.intoscana.it\/it\/#\/schema\/person\/9223810753230f20bd670fdd322661f8\"},\"description\":\"L'11 luglio a Lucca il concerto diretto da Beatrice Venezi aprir\u00e0 le celebrazioni per i 100 anni dalla morte di Giacomo Puccini.\",\"breadcrumb\":{\"@id\":\"https:\/\/www.intoscana.it\/it\/venezi-lucca-centenario-puccini\/#breadcrumb\"},\"inLanguage\":\"it-IT\",\"potentialAction\":[{\"@type\":\"ReadAction\",\"target\":[\"https:\/\/www.intoscana.it\/it\/venezi-lucca-centenario-puccini\/\"]}]},{\"@type\":\"ImageObject\",\"inLanguage\":\"it-IT\",\"@id\":\"https:\/\/www.intoscana.it\/it\/venezi-lucca-centenario-puccini\/#primaryimage\",\"url\":\"https:\/\/www.intoscana.it\/wp-content\/uploads\/18-Beatrice-Venezi-\u00a9NicolaAllegri.jpg\",\"contentUrl\":\"https:\/\/www.intoscana.it\/wp-content\/uploads\/18-Beatrice-Venezi-\u00a9NicolaAllegri.jpg\",\"width\":1000,\"height\":667,\"caption\":\"Beatrice Venezi\"},{\"@type\":\"BreadcrumbList\",\"@id\":\"https:\/\/www.intoscana.it\/it\/venezi-lucca-centenario-puccini\/#breadcrumb\",\"itemListElement\":[{\"@type\":\"ListItem\",\"position\":1,\"name\":\"Home\",\"item\":\"https:\/\/www.intoscana.it\/it\/\"},{\"@type\":\"ListItem\",\"position\":2,\"name\":\"Beatrice Venezi sul podio a Lucca per i 100 anni dalla morte di Puccini\"}]},{\"@type\":\"WebSite\",\"@id\":\"https:\/\/www.intoscana.it\/it\/#website\",\"url\":\"https:\/\/www.intoscana.it\/it\/\",\"name\":\"intoscana\",\"description\":\"\",\"potentialAction\":[{\"@type\":\"SearchAction\",\"target\":{\"@type\":\"EntryPoint\",\"urlTemplate\":\"https:\/\/www.intoscana.it\/it\/?s={search_term_string}\"},\"query-input\":{\"@type\":\"PropertyValueSpecification\",\"valueRequired\":true,\"valueName\":\"search_term_string\"}}],\"inLanguage\":\"it-IT\"},{\"@type\":\"Person\",\"@id\":\"https:\/\/www.intoscana.it\/it\/#\/schema\/person\/9223810753230f20bd670fdd322661f8\",\"name\":\"Redazione\",\"url\":\"https:\/\/www.intoscana.it\/it\/author\/redazione\/\"}]}<\/script>\n<!-- \/ Yoast SEO Premium plugin. -->","yoast_head_json":{"title":"Beatrice Venezi sul podio a Lucca per i 100 anni dalla morte di Puccini - intoscana","description":"L'11 luglio a Lucca il concerto diretto da Beatrice Venezi aprir\u00e0 le celebrazioni per i 100 anni dalla morte di Giacomo Puccini.","robots":{"index":"index","follow":"follow","max-snippet":"max-snippet:-1","max-image-preview":"max-image-preview:large","max-video-preview":"max-video-preview:-1"},"canonical":"https:\/\/www.intoscana.it\/it\/venezi-lucca-centenario-puccini\/","og_locale":"it_IT","og_type":"article","og_title":"Beatrice Venezi sul podio a Lucca per i 100 anni dalla morte di Puccini","og_description":"L'11 luglio a Lucca il concerto diretto da Beatrice Venezi aprir\u00e0 le celebrazioni per i 100 anni dalla morte di Giacomo Puccini.","og_url":"https:\/\/www.intoscana.it\/it\/venezi-lucca-centenario-puccini\/","og_site_name":"intoscana","article_publisher":"https:\/\/www.facebook.com\/intoscana.it","article_published_time":"2023-07-07T14:43:09+00:00","article_modified_time":"2023-07-07T14:48:37+00:00","og_image":[{"width":1000,"height":667,"url":"https:\/\/www.intoscana.it\/wp-content\/uploads\/18-Beatrice-Venezi-\u00a9NicolaAllegri.jpg","type":"image\/jpeg"}],"author":"Redazione","twitter_card":"summary_large_image","twitter_creator":"@intoscana","twitter_site":"@intoscana","twitter_misc":{"Written by":"Redazione","Est. reading time":"1 minuto"},"schema":{"@context":"https:\/\/schema.org","@graph":[{"@type":"WebPage","@id":"https:\/\/www.intoscana.it\/it\/venezi-lucca-centenario-puccini\/","url":"https:\/\/www.intoscana.it\/it\/venezi-lucca-centenario-puccini\/","name":"Beatrice Venezi sul podio a Lucca per i 100 anni dalla morte di Puccini - intoscana","isPartOf":{"@id":"https:\/\/www.intoscana.it\/it\/#website"},"primaryImageOfPage":{"@id":"https:\/\/www.intoscana.it\/it\/venezi-lucca-centenario-puccini\/#primaryimage"},"image":{"@id":"https:\/\/www.intoscana.it\/it\/venezi-lucca-centenario-puccini\/#primaryimage"},"thumbnailUrl":"https:\/\/www.intoscana.it\/wp-content\/uploads\/18-Beatrice-Venezi-\u00a9NicolaAllegri.jpg","datePublished":"2023-07-07T14:43:09+00:00","dateModified":"2023-07-07T14:48:37+00:00","author":{"@id":"https:\/\/www.intoscana.it\/it\/#\/schema\/person\/9223810753230f20bd670fdd322661f8"},"description":"L'11 luglio a Lucca il concerto diretto da Beatrice Venezi aprir\u00e0 le celebrazioni per i 100 anni dalla morte di Giacomo Puccini.","breadcrumb":{"@id":"https:\/\/www.intoscana.it\/it\/venezi-lucca-centenario-puccini\/#breadcrumb"},"inLanguage":"it-IT","potentialAction":[{"@type":"ReadAction","target":["https:\/\/www.intoscana.it\/it\/venezi-lucca-centenario-puccini\/"]}]},{"@type":"ImageObject","inLanguage":"it-IT","@id":"https:\/\/www.intoscana.it\/it\/venezi-lucca-centenario-puccini\/#primaryimage","url":"https:\/\/www.intoscana.it\/wp-content\/uploads\/18-Beatrice-Venezi-\u00a9NicolaAllegri.jpg","contentUrl":"https:\/\/www.intoscana.it\/wp-content\/uploads\/18-Beatrice-Venezi-\u00a9NicolaAllegri.jpg","width":1000,"height":667,"caption":"Beatrice Venezi"},{"@type":"BreadcrumbList","@id":"https:\/\/www.intoscana.it\/it\/venezi-lucca-centenario-puccini\/#breadcrumb","itemListElement":[{"@type":"ListItem","position":1,"name":"Home","item":"https:\/\/www.intoscana.it\/it\/"},{"@type":"ListItem","position":2,"name":"Beatrice Venezi sul podio a Lucca per i 100 anni dalla morte di Puccini"}]},{"@type":"WebSite","@id":"https:\/\/www.intoscana.it\/it\/#website","url":"https:\/\/www.intoscana.it\/it\/","name":"intoscana","description":"","potentialAction":[{"@type":"SearchAction","target":{"@type":"EntryPoint","urlTemplate":"https:\/\/www.intoscana.it\/it\/?s={search_term_string}"},"query-input":{"@type":"PropertyValueSpecification","valueRequired":true,"valueName":"search_term_string"}}],"inLanguage":"it-IT"},{"@type":"Person","@id":"https:\/\/www.intoscana.it\/it\/#\/schema\/person\/9223810753230f20bd670fdd322661f8","name":"Redazione","url":"https:\/\/www.intoscana.it\/it\/author\/redazione\/"}]}},"_links":{"self":[{"href":"https:\/\/www.intoscana.it\/it\/wp-json\/wp\/v2\/posts\/295382","targetHints":{"allow":["GET"]}}],"collection":[{"href":"https:\/\/www.intoscana.it\/it\/wp-json\/wp\/v2\/posts"}],"about":[{"href":"https:\/\/www.intoscana.it\/it\/wp-json\/wp\/v2\/types\/post"}],"author":[{"embeddable":true,"href":"https:\/\/www.intoscana.it\/it\/wp-json\/wp\/v2\/users\/525"}],"replies":[{"embeddable":true,"href":"https:\/\/www.intoscana.it\/it\/wp-json\/wp\/v2\/comments?post=295382"}],"version-history":[{"count":0,"href":"https:\/\/www.intoscana.it\/it\/wp-json\/wp\/v2\/posts\/295382\/revisions"}],"wp:featuredmedia":[{"embeddable":true,"href":"https:\/\/www.intoscana.it\/it\/wp-json\/wp\/v2\/media\/151359"}],"wp:attachment":[{"href":"https:\/\/www.intoscana.it\/it\/wp-json\/wp\/v2\/media?parent=295382"}],"wp:term":[{"taxonomy":"category","embeddable":true,"href":"https:\/\/www.intoscana.it\/it\/wp-json\/wp\/v2\/categories?post=295382"},{"taxonomy":"post_tag","embeddable":true,"href":"https:\/\/www.intoscana.it\/it\/wp-json\/wp\/v2\/tags?post=295382"}],"curies":[{"name":"wp","href":"https:\/\/api.w.org\/{rel}","templated":true}]}}