{"id":295445,"date":"2023-07-08T12:20:56","date_gmt":"2023-07-08T10:20:56","guid":{"rendered":"https:\/\/www.intoscana.it\/it\/?p=295445"},"modified":"2023-07-08T12:20:56","modified_gmt":"2023-07-08T10:20:56","slug":"archeologia-per-la-prima-volta-al-mondo-in-mostra-le-quattro-artemidi","status":"publish","type":"post","link":"https:\/\/www.intoscana.it\/it\/archeologia-per-la-prima-volta-al-mondo-in-mostra-le-quattro-artemidi\/","title":{"rendered":"Archeologia, per la prima volta al mondo in mostra le quattro Artemidi"},"content":{"rendered":"<p>Le <strong>quattro Artemidi<\/strong>, statue realizzate nella seconda met\u00e0 del I secolo a.C., forse uscite da una stessa bottega di Roma, <strong>per la prima volta al mondo<\/strong> riunite insieme. Succede a Grosseto con la mostra evento &#8216;<em>#Artemide: una, nessuna, centomila&#8217;<\/em>, inaugurata al <strong>Museo archeologico e d&#8217;arte della Maremma<\/strong> e visibile fino al 5 novembre.<\/p>\n<p>La mostra, spiega una nota, nasce da un processo creativo che parte dalla met\u00e0 del I secolo a.C. e punta al futuro. Un <strong>percorso espositivo<\/strong> che affonda le proprie radici nel <strong>Mondo Antico<\/strong> e arriva a &#8216;scoprire&#8217;, sotto una diversa luce, il significato della produzione artistica nel periodo classico e in quello contemporaneo.<\/p>\n<figure id=\"post-295447 media-295447\" class=\"align-none\"><img decoding=\"async\" src=\"https:\/\/www.intoscana.it\/wp-content\/uploads\/museo-archeologico-e-darte-della-Maremma-3.jpeg\" alt=\"\" \/><\/figure>\n<div class=\"titleimg\">Le quattro Artemidi in mostra a Grosseto \u2013 \u00a9 FB Museo archeologico e d\u2019arte della Maremma<\/div>\n<p>Le quattro statue raffiguranti <strong>la dea Artemide<\/strong> hanno in comune l&#8217;apparato iconografico. Ogni persona che si avviciner\u00e0 ad Artemide potr\u00e0 apprezzare la delicata <strong>bellezza della dea<\/strong>, moltiplicata per tutte le copie della stessa che sono a oggi esistenti.<\/p>\n<p><strong>Tre le sale<\/strong> in cui si snoda l&#8217;esposizione. La prima permette al visitatore di entrare in connessione con il passato, con le Dee, con <strong>il bosco<\/strong>, luogo di cui Artemide \u00e8 regina, accompagnati da <strong>suoni, odori e narrazioni<\/strong> che descrivono la divinit\u00e0 attraverso il mito e versi di fonti antiche.<\/p>\n<figure id=\"post-295446 media-295446\" class=\"align-none\"><img decoding=\"async\" src=\"https:\/\/www.intoscana.it\/wp-content\/uploads\/Museo-archeologico-e-darte-della-Maremma-2-e1688811587622.jpeg\" alt=\"\" \/><\/figure>\n<div class=\"titleimg\">Le quattro Artemidi in mostra a Grosseto \u2013 \u00a9 FB Museo archeologico e d\u2019arte della Maremma<\/div>\n<p>Nella sala di benvenuto, la seconda, si sviluppa il percorso di viaggio dove la materia e il concreto del marmo perdono la loro certezza e si trasferiscono nel <strong>metaverso<\/strong>, grazie alla creativit\u00e0 unica di ciascuno. Infine, all&#8217;interno dell&#8217;ultima sala, la modernit\u00e0 si affaccia, in modo pratico, alla storia grazie alla <strong>realt\u00e0 virtuale<\/strong>, dove chiunque potr\u00e0 interagire con l&#8217;archeologia in modo nuovo e creativo.<\/p>\n<p>Ogni visitatore potr\u00e0 creare la propria Artemide che insieme a quelle di street artist, performer e scultori, sar\u00e0 <strong>la visione contemporanea<\/strong> della <strong>dea in versione pop<\/strong>. &#8220;<em>Una mostra incredibile che avviciner\u00e0 i pi\u00f9 giovani all&#8217;ambiente museale e alle opere contenute al suo interno<\/em> &#8211; dichiarano il sindaco di Grosseto <strong>Antonfrancesco Vivarelli Colonna<\/strong> e l&#8217;assessore alla cultura <strong>Luca Agresti<\/strong> -. <em>Un&#8217;esposizione di altissimo livello che oltre ad unire, per la prima volta, tutte e quattro le repliche della statua di Artemide, collega, in modo straordinario, l&#8217;antico e il moderno&#8221;.<\/em><\/p>\n","protected":false},"excerpt":{"rendered":"<p>Le antiche statue realizzate nella seconda met\u00e0 del I secolo avanti Cristo a Roma esposte al museo di Grosseto<\/p>\n","protected":false},"author":554,"featured_media":295448,"comment_status":"open","ping_status":"open","sticky":false,"template":"","format":"standard","meta":{"_acf_changed":false,"footnotes":""},"categories":[493],"tags":[208,4583],"class_list":["post-295445","post","type-post","status-publish","format-standard","has-post-thumbnail","hentry","category-cultura","tag-archeologia","tag-grosseto"],"acf":[],"yoast_head":"<!-- This site is optimized with the Yoast SEO Premium plugin v24.2 (Yoast SEO v25.6) - https:\/\/yoast.com\/wordpress\/plugins\/seo\/ -->\n<title>Archeologia, per la prima volta al mondo in mostra le 4 Artemidi - intoscana<\/title>\n<meta name=\"description\" content=\"Le antiche statue realizzate nella seconda met\u00e0 del I secolo avanti Cristo a Roma esposte al museo di Grosseto\" \/>\n<meta name=\"robots\" content=\"index, follow, max-snippet:-1, max-image-preview:large, max-video-preview:-1\" \/>\n<link rel=\"canonical\" href=\"https:\/\/www.intoscana.it\/it\/archeologia-per-la-prima-volta-al-mondo-in-mostra-le-quattro-artemidi\/\" \/>\n<meta property=\"og:locale\" content=\"it_IT\" \/>\n<meta property=\"og:type\" content=\"article\" \/>\n<meta property=\"og:title\" content=\"Archeologia, per la prima volta al mondo in mostra le quattro Artemidi\" \/>\n<meta property=\"og:description\" content=\"Le antiche statue realizzate nella seconda met\u00e0 del I secolo avanti Cristo a Roma esposte al museo di Grosseto\" \/>\n<meta property=\"og:url\" content=\"https:\/\/www.intoscana.it\/it\/archeologia-per-la-prima-volta-al-mondo-in-mostra-le-quattro-artemidi\/\" \/>\n<meta property=\"og:site_name\" content=\"intoscana\" \/>\n<meta property=\"article:publisher\" content=\"https:\/\/www.facebook.com\/intoscana.it\" \/>\n<meta property=\"article:published_time\" content=\"2023-07-08T10:20:56+00:00\" \/>\n<meta property=\"og:image\" content=\"https:\/\/www.intoscana.it\/wp-content\/uploads\/Museo-archeologico-e-darte-della-Maremma.jpeg\" \/>\n\t<meta property=\"og:image:width\" content=\"2048\" \/>\n\t<meta property=\"og:image:height\" content=\"1365\" \/>\n\t<meta property=\"og:image:type\" content=\"image\/jpeg\" \/>\n<meta name=\"author\" content=\"Raffaella Galamini\" \/>\n<meta name=\"twitter:card\" content=\"summary_large_image\" \/>\n<meta name=\"twitter:creator\" content=\"@orio\" \/>\n<meta name=\"twitter:site\" content=\"@intoscana\" \/>\n<meta name=\"twitter:label1\" content=\"Written by\" \/>\n\t<meta name=\"twitter:data1\" content=\"Raffaella Galamini\" \/>\n\t<meta name=\"twitter:label2\" content=\"Est. reading time\" \/>\n\t<meta name=\"twitter:data2\" content=\"2 minuti\" \/>\n<script type=\"application\/ld+json\" class=\"yoast-schema-graph\">{\"@context\":\"https:\/\/schema.org\",\"@graph\":[{\"@type\":\"WebPage\",\"@id\":\"https:\/\/www.intoscana.it\/it\/archeologia-per-la-prima-volta-al-mondo-in-mostra-le-quattro-artemidi\/\",\"url\":\"https:\/\/www.intoscana.it\/it\/archeologia-per-la-prima-volta-al-mondo-in-mostra-le-quattro-artemidi\/\",\"name\":\"Archeologia, per la prima volta al mondo in mostra le 4 Artemidi - intoscana\",\"isPartOf\":{\"@id\":\"https:\/\/www.intoscana.it\/it\/#website\"},\"primaryImageOfPage\":{\"@id\":\"https:\/\/www.intoscana.it\/it\/archeologia-per-la-prima-volta-al-mondo-in-mostra-le-quattro-artemidi\/#primaryimage\"},\"image\":{\"@id\":\"https:\/\/www.intoscana.it\/it\/archeologia-per-la-prima-volta-al-mondo-in-mostra-le-quattro-artemidi\/#primaryimage\"},\"thumbnailUrl\":\"https:\/\/www.intoscana.it\/wp-content\/uploads\/Museo-archeologico-e-darte-della-Maremma.jpeg\",\"datePublished\":\"2023-07-08T10:20:56+00:00\",\"author\":{\"@id\":\"https:\/\/www.intoscana.it\/it\/#\/schema\/person\/9eb9daa846a49fe51af39a73d9d1986b\"},\"description\":\"Le antiche statue realizzate nella seconda met\u00e0 del I secolo avanti Cristo a Roma esposte al museo di Grosseto\",\"breadcrumb\":{\"@id\":\"https:\/\/www.intoscana.it\/it\/archeologia-per-la-prima-volta-al-mondo-in-mostra-le-quattro-artemidi\/#breadcrumb\"},\"inLanguage\":\"it-IT\",\"potentialAction\":[{\"@type\":\"ReadAction\",\"target\":[\"https:\/\/www.intoscana.it\/it\/archeologia-per-la-prima-volta-al-mondo-in-mostra-le-quattro-artemidi\/\"]}]},{\"@type\":\"ImageObject\",\"inLanguage\":\"it-IT\",\"@id\":\"https:\/\/www.intoscana.it\/it\/archeologia-per-la-prima-volta-al-mondo-in-mostra-le-quattro-artemidi\/#primaryimage\",\"url\":\"https:\/\/www.intoscana.it\/wp-content\/uploads\/Museo-archeologico-e-darte-della-Maremma.jpeg\",\"contentUrl\":\"https:\/\/www.intoscana.it\/wp-content\/uploads\/Museo-archeologico-e-darte-della-Maremma.jpeg\",\"width\":2048,\"height\":1365,\"caption\":\"Una delle Artemidi in mostra a Grosseto - \u00a9 FB Museo archeologico e d'arte della Maremma\"},{\"@type\":\"BreadcrumbList\",\"@id\":\"https:\/\/www.intoscana.it\/it\/archeologia-per-la-prima-volta-al-mondo-in-mostra-le-quattro-artemidi\/#breadcrumb\",\"itemListElement\":[{\"@type\":\"ListItem\",\"position\":1,\"name\":\"Home\",\"item\":\"https:\/\/www.intoscana.it\/it\/\"},{\"@type\":\"ListItem\",\"position\":2,\"name\":\"Archeologia, per la prima volta al mondo in mostra le quattro Artemidi\"}]},{\"@type\":\"WebSite\",\"@id\":\"https:\/\/www.intoscana.it\/it\/#website\",\"url\":\"https:\/\/www.intoscana.it\/it\/\",\"name\":\"intoscana\",\"description\":\"\",\"potentialAction\":[{\"@type\":\"SearchAction\",\"target\":{\"@type\":\"EntryPoint\",\"urlTemplate\":\"https:\/\/www.intoscana.it\/it\/?s={search_term_string}\"},\"query-input\":{\"@type\":\"PropertyValueSpecification\",\"valueRequired\":true,\"valueName\":\"search_term_string\"}}],\"inLanguage\":\"it-IT\"},{\"@type\":\"Person\",\"@id\":\"https:\/\/www.intoscana.it\/it\/#\/schema\/person\/9eb9daa846a49fe51af39a73d9d1986b\",\"name\":\"Raffaella Galamini\",\"sameAs\":[\"https:\/\/x.com\/orio\"],\"url\":\"https:\/\/www.intoscana.it\/it\/author\/r-galamini\/\"}]}<\/script>\n<!-- \/ Yoast SEO Premium plugin. -->","yoast_head_json":{"title":"Archeologia, per la prima volta al mondo in mostra le 4 Artemidi - intoscana","description":"Le antiche statue realizzate nella seconda met\u00e0 del I secolo avanti Cristo a Roma esposte al museo di Grosseto","robots":{"index":"index","follow":"follow","max-snippet":"max-snippet:-1","max-image-preview":"max-image-preview:large","max-video-preview":"max-video-preview:-1"},"canonical":"https:\/\/www.intoscana.it\/it\/archeologia-per-la-prima-volta-al-mondo-in-mostra-le-quattro-artemidi\/","og_locale":"it_IT","og_type":"article","og_title":"Archeologia, per la prima volta al mondo in mostra le quattro Artemidi","og_description":"Le antiche statue realizzate nella seconda met\u00e0 del I secolo avanti Cristo a Roma esposte al museo di Grosseto","og_url":"https:\/\/www.intoscana.it\/it\/archeologia-per-la-prima-volta-al-mondo-in-mostra-le-quattro-artemidi\/","og_site_name":"intoscana","article_publisher":"https:\/\/www.facebook.com\/intoscana.it","article_published_time":"2023-07-08T10:20:56+00:00","og_image":[{"width":2048,"height":1365,"url":"https:\/\/www.intoscana.it\/wp-content\/uploads\/Museo-archeologico-e-darte-della-Maremma.jpeg","type":"image\/jpeg"}],"author":"Raffaella Galamini","twitter_card":"summary_large_image","twitter_creator":"@orio","twitter_site":"@intoscana","twitter_misc":{"Written by":"Raffaella Galamini","Est. reading time":"2 minuti"},"schema":{"@context":"https:\/\/schema.org","@graph":[{"@type":"WebPage","@id":"https:\/\/www.intoscana.it\/it\/archeologia-per-la-prima-volta-al-mondo-in-mostra-le-quattro-artemidi\/","url":"https:\/\/www.intoscana.it\/it\/archeologia-per-la-prima-volta-al-mondo-in-mostra-le-quattro-artemidi\/","name":"Archeologia, per la prima volta al mondo in mostra le 4 Artemidi - intoscana","isPartOf":{"@id":"https:\/\/www.intoscana.it\/it\/#website"},"primaryImageOfPage":{"@id":"https:\/\/www.intoscana.it\/it\/archeologia-per-la-prima-volta-al-mondo-in-mostra-le-quattro-artemidi\/#primaryimage"},"image":{"@id":"https:\/\/www.intoscana.it\/it\/archeologia-per-la-prima-volta-al-mondo-in-mostra-le-quattro-artemidi\/#primaryimage"},"thumbnailUrl":"https:\/\/www.intoscana.it\/wp-content\/uploads\/Museo-archeologico-e-darte-della-Maremma.jpeg","datePublished":"2023-07-08T10:20:56+00:00","author":{"@id":"https:\/\/www.intoscana.it\/it\/#\/schema\/person\/9eb9daa846a49fe51af39a73d9d1986b"},"description":"Le antiche statue realizzate nella seconda met\u00e0 del I secolo avanti Cristo a Roma esposte al museo di Grosseto","breadcrumb":{"@id":"https:\/\/www.intoscana.it\/it\/archeologia-per-la-prima-volta-al-mondo-in-mostra-le-quattro-artemidi\/#breadcrumb"},"inLanguage":"it-IT","potentialAction":[{"@type":"ReadAction","target":["https:\/\/www.intoscana.it\/it\/archeologia-per-la-prima-volta-al-mondo-in-mostra-le-quattro-artemidi\/"]}]},{"@type":"ImageObject","inLanguage":"it-IT","@id":"https:\/\/www.intoscana.it\/it\/archeologia-per-la-prima-volta-al-mondo-in-mostra-le-quattro-artemidi\/#primaryimage","url":"https:\/\/www.intoscana.it\/wp-content\/uploads\/Museo-archeologico-e-darte-della-Maremma.jpeg","contentUrl":"https:\/\/www.intoscana.it\/wp-content\/uploads\/Museo-archeologico-e-darte-della-Maremma.jpeg","width":2048,"height":1365,"caption":"Una delle Artemidi in mostra a Grosseto - \u00a9 FB Museo archeologico e d'arte della Maremma"},{"@type":"BreadcrumbList","@id":"https:\/\/www.intoscana.it\/it\/archeologia-per-la-prima-volta-al-mondo-in-mostra-le-quattro-artemidi\/#breadcrumb","itemListElement":[{"@type":"ListItem","position":1,"name":"Home","item":"https:\/\/www.intoscana.it\/it\/"},{"@type":"ListItem","position":2,"name":"Archeologia, per la prima volta al mondo in mostra le quattro Artemidi"}]},{"@type":"WebSite","@id":"https:\/\/www.intoscana.it\/it\/#website","url":"https:\/\/www.intoscana.it\/it\/","name":"intoscana","description":"","potentialAction":[{"@type":"SearchAction","target":{"@type":"EntryPoint","urlTemplate":"https:\/\/www.intoscana.it\/it\/?s={search_term_string}"},"query-input":{"@type":"PropertyValueSpecification","valueRequired":true,"valueName":"search_term_string"}}],"inLanguage":"it-IT"},{"@type":"Person","@id":"https:\/\/www.intoscana.it\/it\/#\/schema\/person\/9eb9daa846a49fe51af39a73d9d1986b","name":"Raffaella Galamini","sameAs":["https:\/\/x.com\/orio"],"url":"https:\/\/www.intoscana.it\/it\/author\/r-galamini\/"}]}},"_links":{"self":[{"href":"https:\/\/www.intoscana.it\/it\/wp-json\/wp\/v2\/posts\/295445","targetHints":{"allow":["GET"]}}],"collection":[{"href":"https:\/\/www.intoscana.it\/it\/wp-json\/wp\/v2\/posts"}],"about":[{"href":"https:\/\/www.intoscana.it\/it\/wp-json\/wp\/v2\/types\/post"}],"author":[{"embeddable":true,"href":"https:\/\/www.intoscana.it\/it\/wp-json\/wp\/v2\/users\/554"}],"replies":[{"embeddable":true,"href":"https:\/\/www.intoscana.it\/it\/wp-json\/wp\/v2\/comments?post=295445"}],"version-history":[{"count":0,"href":"https:\/\/www.intoscana.it\/it\/wp-json\/wp\/v2\/posts\/295445\/revisions"}],"wp:featuredmedia":[{"embeddable":true,"href":"https:\/\/www.intoscana.it\/it\/wp-json\/wp\/v2\/media\/295448"}],"wp:attachment":[{"href":"https:\/\/www.intoscana.it\/it\/wp-json\/wp\/v2\/media?parent=295445"}],"wp:term":[{"taxonomy":"category","embeddable":true,"href":"https:\/\/www.intoscana.it\/it\/wp-json\/wp\/v2\/categories?post=295445"},{"taxonomy":"post_tag","embeddable":true,"href":"https:\/\/www.intoscana.it\/it\/wp-json\/wp\/v2\/tags?post=295445"}],"curies":[{"name":"wp","href":"https:\/\/api.w.org\/{rel}","templated":true}]}}