{"id":295683,"date":"2023-07-10T15:34:37","date_gmt":"2023-07-10T13:34:37","guid":{"rendered":"https:\/\/www.intoscana.it\/it\/?p=295683"},"modified":"2023-07-10T15:34:37","modified_gmt":"2023-07-10T13:34:37","slug":"sociale-la-regione-finanzia-246-progetti-con-55-milioni-di-euro","status":"publish","type":"post","link":"https:\/\/www.intoscana.it\/it\/sociale-la-regione-finanzia-246-progetti-con-55-milioni-di-euro\/","title":{"rendered":"Sociale, la Regione finanzia 246 progetti con 5,5 milioni di euro"},"content":{"rendered":"<p>Chiuso il bando regionale che ha messo a disposizione circa 5 milioni e mezzo di risorse per il <strong>terzo settore<\/strong>: sono <mark>246 i progetti in ambito sociale e sociosanitario che accederanno ai contributi.<\/mark> La condizione necessaria per la partecipazione era\u00a0 la presentazione di progetti condivisi da almeno tre realt\u00e0 diverse.<\/p>\n<p>Nel dettaglio: 56 progetti presentati da almeno cinque tra organizzazioni di volontariato, associazioni di promozione sociale e fondazioni del Terzo settore diverse hanno potuto accedere alla tranche pi\u00f9 alta di <strong>contributi<\/strong> &#8211; la fascia A &#8211; con\u00a0 finanziamenti fino a circa 50mila euro; 190 progetti, presentati da almeno 3 realt\u00e0, sono rientrati invece nella fascia B, con contributi fino a circa 25mila euro.<\/p>\n<p>I soggetti capofila dei progetti finanziati sono in 124 casi associazioni di promozione sociale, in altri 106 si tratta di organizzazioni di volontariato, mentre per 16 progetti si tratta di Fondazioni del terzo settore. A questi si aggiungono i vari soggetti partner, come previsto dal bando, che fanno arrivare a <mark>964 il totale degli enti del terzo settore complessivamente coinvolti nei progetti.<\/mark> L&#8217;avvio dei progetti\u00a0 dovr\u00e0 avvenire entro 30 giorni dalla comunicazione di concessione del contributo, mentre la durata massima delle proposte progettuali non potr\u00e0 superare il 31 dicembre 2024.<\/p>\n<p>\u201cLa novit\u00e0 del bando, che ha avuto l\u2019obiettivo di favorire la costruzione di <strong>reti territoriali<\/strong>, \u00e8 stata raccolta dalle realt\u00e0 del terzo settore toscano, che hanno dimostrato la disponibilit\u00e0 e la capacit\u00e0 di fare squadra&#8221;, dichiara l\u2019assessora regionale alle politiche sociali <strong>Serena Spinelli<\/strong>. &#8220;Questo va nella direzione di <mark>un nuovo welfare di comunit\u00e0, basato sulla capacit\u00e0 di attivare a pieno le energie presenti sui territori e su un rinnovato rapporto tra enti locali e terzo settore,<\/mark> cos\u00ec da generare servizi e allo stesso tempo opportunit\u00e0 per le persone&#8221;.<\/p>\n<p>I progetti presentati e finanziati riguardano: la lotta alla povert\u00e0, il sostegno alle persone con disabilit\u00e0 e varie formi di fragilit\u00e0, la lotta alle diseguaglianze di genere e la costruzione di progetti educativi. La provincia nella quale sono risultati ammessi <mark>il maggior numero di progetti \u00e8 quella di Firenze (77), seguita da Pisa (44), Lucca (24), Livorno e Prato (21), Grosseto (16), Pistoia (15), Arezzo (11), Siena (9) Massa Carrara (8).<\/mark><\/p>\n","protected":false},"excerpt":{"rendered":"<p>Sono 946 gli enti coinvolti. L&#8217;assessora Spinelli: &#8220;Un nuovo welfare di comunit\u00e0, basato sulla capacit\u00e0 di attivare le energie presenti sui territori e su un rinnovato rapporto tra enti locali e terzo settore&#8221;<\/p>\n","protected":false},"author":525,"featured_media":102178,"comment_status":"open","ping_status":"open","sticky":false,"template":"","format":"standard","meta":{"_acf_changed":false,"footnotes":""},"categories":[494],"tags":[4822,5298,4400],"class_list":["post-295683","post","type-post","status-publish","format-standard","has-post-thumbnail","hentry","category-attualita","tag-serena-spinelli","tag-sociale","tag-terzo-settore"],"acf":[],"yoast_head":"<!-- This site is optimized with the Yoast SEO Premium plugin v24.2 (Yoast SEO v25.6) - https:\/\/yoast.com\/wordpress\/plugins\/seo\/ -->\n<title>Sociale, la Regione finanzia 246 progetti con 5,5 milioni di euro - intoscana<\/title>\n<meta name=\"description\" content=\"Sono 946 gli enti coinvolti. L&#039;assessora Spinelli: &quot;Un nuovo welfare di comunit\u00e0, basato sulla capacit\u00e0 di attivare le energie presenti sui territori e su un rinnovato rapporto tra enti locali e terzo settore&quot;\" \/>\n<meta name=\"robots\" content=\"index, follow, max-snippet:-1, max-image-preview:large, max-video-preview:-1\" \/>\n<link rel=\"canonical\" href=\"https:\/\/www.intoscana.it\/it\/sociale-la-regione-finanzia-246-progetti-con-55-milioni-di-euro\/\" \/>\n<meta property=\"og:locale\" content=\"it_IT\" \/>\n<meta property=\"og:type\" content=\"article\" \/>\n<meta property=\"og:title\" content=\"Sociale, la Regione finanzia 246 progetti con 5,5 milioni di euro\" \/>\n<meta property=\"og:description\" content=\"Sono 946 gli enti coinvolti. L&#039;assessora Spinelli: &quot;Un nuovo welfare di comunit\u00e0, basato sulla capacit\u00e0 di attivare le energie presenti sui territori e su un rinnovato rapporto tra enti locali e terzo settore&quot;\" \/>\n<meta property=\"og:url\" content=\"https:\/\/www.intoscana.it\/it\/sociale-la-regione-finanzia-246-progetti-con-55-milioni-di-euro\/\" \/>\n<meta property=\"og:site_name\" content=\"intoscana\" \/>\n<meta property=\"article:publisher\" content=\"https:\/\/www.facebook.com\/intoscana.it\" \/>\n<meta property=\"article:published_time\" content=\"2023-07-10T13:34:37+00:00\" \/>\n<meta property=\"og:image\" content=\"https:\/\/www.intoscana.it\/wp-content\/uploads\/terzosettore-960x440-1.jpg\" \/>\n\t<meta property=\"og:image:width\" content=\"960\" \/>\n\t<meta property=\"og:image:height\" content=\"440\" \/>\n\t<meta property=\"og:image:type\" content=\"image\/jpeg\" \/>\n<meta name=\"author\" content=\"Redazione\" \/>\n<meta name=\"twitter:card\" content=\"summary_large_image\" \/>\n<meta name=\"twitter:creator\" content=\"@intoscana\" \/>\n<meta name=\"twitter:site\" content=\"@intoscana\" \/>\n<meta name=\"twitter:label1\" content=\"Written by\" \/>\n\t<meta name=\"twitter:data1\" content=\"Redazione\" \/>\n\t<meta name=\"twitter:label2\" content=\"Est. reading time\" \/>\n\t<meta name=\"twitter:data2\" content=\"2 minuti\" \/>\n<script type=\"application\/ld+json\" class=\"yoast-schema-graph\">{\"@context\":\"https:\/\/schema.org\",\"@graph\":[{\"@type\":\"WebPage\",\"@id\":\"https:\/\/www.intoscana.it\/it\/sociale-la-regione-finanzia-246-progetti-con-55-milioni-di-euro\/\",\"url\":\"https:\/\/www.intoscana.it\/it\/sociale-la-regione-finanzia-246-progetti-con-55-milioni-di-euro\/\",\"name\":\"Sociale, la Regione finanzia 246 progetti con 5,5 milioni di euro - intoscana\",\"isPartOf\":{\"@id\":\"https:\/\/www.intoscana.it\/it\/#website\"},\"primaryImageOfPage\":{\"@id\":\"https:\/\/www.intoscana.it\/it\/sociale-la-regione-finanzia-246-progetti-con-55-milioni-di-euro\/#primaryimage\"},\"image\":{\"@id\":\"https:\/\/www.intoscana.it\/it\/sociale-la-regione-finanzia-246-progetti-con-55-milioni-di-euro\/#primaryimage\"},\"thumbnailUrl\":\"https:\/\/www.intoscana.it\/wp-content\/uploads\/terzosettore-960x440-1.jpg\",\"datePublished\":\"2023-07-10T13:34:37+00:00\",\"author\":{\"@id\":\"https:\/\/www.intoscana.it\/it\/#\/schema\/person\/9223810753230f20bd670fdd322661f8\"},\"description\":\"Sono 946 gli enti coinvolti. L'assessora Spinelli: \\\"Un nuovo welfare di comunit\u00e0, basato sulla capacit\u00e0 di attivare le energie presenti sui territori e su un rinnovato rapporto tra enti locali e terzo settore\\\"\",\"breadcrumb\":{\"@id\":\"https:\/\/www.intoscana.it\/it\/sociale-la-regione-finanzia-246-progetti-con-55-milioni-di-euro\/#breadcrumb\"},\"inLanguage\":\"it-IT\",\"potentialAction\":[{\"@type\":\"ReadAction\",\"target\":[\"https:\/\/www.intoscana.it\/it\/sociale-la-regione-finanzia-246-progetti-con-55-milioni-di-euro\/\"]}]},{\"@type\":\"ImageObject\",\"inLanguage\":\"it-IT\",\"@id\":\"https:\/\/www.intoscana.it\/it\/sociale-la-regione-finanzia-246-progetti-con-55-milioni-di-euro\/#primaryimage\",\"url\":\"https:\/\/www.intoscana.it\/wp-content\/uploads\/terzosettore-960x440-1.jpg\",\"contentUrl\":\"https:\/\/www.intoscana.it\/wp-content\/uploads\/terzosettore-960x440-1.jpg\",\"width\":960,\"height\":440},{\"@type\":\"BreadcrumbList\",\"@id\":\"https:\/\/www.intoscana.it\/it\/sociale-la-regione-finanzia-246-progetti-con-55-milioni-di-euro\/#breadcrumb\",\"itemListElement\":[{\"@type\":\"ListItem\",\"position\":1,\"name\":\"Home\",\"item\":\"https:\/\/www.intoscana.it\/it\/\"},{\"@type\":\"ListItem\",\"position\":2,\"name\":\"Sociale, la Regione finanzia 246 progetti con 5,5 milioni di euro\"}]},{\"@type\":\"WebSite\",\"@id\":\"https:\/\/www.intoscana.it\/it\/#website\",\"url\":\"https:\/\/www.intoscana.it\/it\/\",\"name\":\"intoscana\",\"description\":\"\",\"potentialAction\":[{\"@type\":\"SearchAction\",\"target\":{\"@type\":\"EntryPoint\",\"urlTemplate\":\"https:\/\/www.intoscana.it\/it\/?s={search_term_string}\"},\"query-input\":{\"@type\":\"PropertyValueSpecification\",\"valueRequired\":true,\"valueName\":\"search_term_string\"}}],\"inLanguage\":\"it-IT\"},{\"@type\":\"Person\",\"@id\":\"https:\/\/www.intoscana.it\/it\/#\/schema\/person\/9223810753230f20bd670fdd322661f8\",\"name\":\"Redazione\",\"url\":\"https:\/\/www.intoscana.it\/it\/author\/redazione\/\"}]}<\/script>\n<!-- \/ Yoast SEO Premium plugin. -->","yoast_head_json":{"title":"Sociale, la Regione finanzia 246 progetti con 5,5 milioni di euro - intoscana","description":"Sono 946 gli enti coinvolti. L'assessora Spinelli: \"Un nuovo welfare di comunit\u00e0, basato sulla capacit\u00e0 di attivare le energie presenti sui territori e su un rinnovato rapporto tra enti locali e terzo settore\"","robots":{"index":"index","follow":"follow","max-snippet":"max-snippet:-1","max-image-preview":"max-image-preview:large","max-video-preview":"max-video-preview:-1"},"canonical":"https:\/\/www.intoscana.it\/it\/sociale-la-regione-finanzia-246-progetti-con-55-milioni-di-euro\/","og_locale":"it_IT","og_type":"article","og_title":"Sociale, la Regione finanzia 246 progetti con 5,5 milioni di euro","og_description":"Sono 946 gli enti coinvolti. L'assessora Spinelli: \"Un nuovo welfare di comunit\u00e0, basato sulla capacit\u00e0 di attivare le energie presenti sui territori e su un rinnovato rapporto tra enti locali e terzo settore\"","og_url":"https:\/\/www.intoscana.it\/it\/sociale-la-regione-finanzia-246-progetti-con-55-milioni-di-euro\/","og_site_name":"intoscana","article_publisher":"https:\/\/www.facebook.com\/intoscana.it","article_published_time":"2023-07-10T13:34:37+00:00","og_image":[{"width":960,"height":440,"url":"https:\/\/www.intoscana.it\/wp-content\/uploads\/terzosettore-960x440-1.jpg","type":"image\/jpeg"}],"author":"Redazione","twitter_card":"summary_large_image","twitter_creator":"@intoscana","twitter_site":"@intoscana","twitter_misc":{"Written by":"Redazione","Est. reading time":"2 minuti"},"schema":{"@context":"https:\/\/schema.org","@graph":[{"@type":"WebPage","@id":"https:\/\/www.intoscana.it\/it\/sociale-la-regione-finanzia-246-progetti-con-55-milioni-di-euro\/","url":"https:\/\/www.intoscana.it\/it\/sociale-la-regione-finanzia-246-progetti-con-55-milioni-di-euro\/","name":"Sociale, la Regione finanzia 246 progetti con 5,5 milioni di euro - intoscana","isPartOf":{"@id":"https:\/\/www.intoscana.it\/it\/#website"},"primaryImageOfPage":{"@id":"https:\/\/www.intoscana.it\/it\/sociale-la-regione-finanzia-246-progetti-con-55-milioni-di-euro\/#primaryimage"},"image":{"@id":"https:\/\/www.intoscana.it\/it\/sociale-la-regione-finanzia-246-progetti-con-55-milioni-di-euro\/#primaryimage"},"thumbnailUrl":"https:\/\/www.intoscana.it\/wp-content\/uploads\/terzosettore-960x440-1.jpg","datePublished":"2023-07-10T13:34:37+00:00","author":{"@id":"https:\/\/www.intoscana.it\/it\/#\/schema\/person\/9223810753230f20bd670fdd322661f8"},"description":"Sono 946 gli enti coinvolti. L'assessora Spinelli: \"Un nuovo welfare di comunit\u00e0, basato sulla capacit\u00e0 di attivare le energie presenti sui territori e su un rinnovato rapporto tra enti locali e terzo settore\"","breadcrumb":{"@id":"https:\/\/www.intoscana.it\/it\/sociale-la-regione-finanzia-246-progetti-con-55-milioni-di-euro\/#breadcrumb"},"inLanguage":"it-IT","potentialAction":[{"@type":"ReadAction","target":["https:\/\/www.intoscana.it\/it\/sociale-la-regione-finanzia-246-progetti-con-55-milioni-di-euro\/"]}]},{"@type":"ImageObject","inLanguage":"it-IT","@id":"https:\/\/www.intoscana.it\/it\/sociale-la-regione-finanzia-246-progetti-con-55-milioni-di-euro\/#primaryimage","url":"https:\/\/www.intoscana.it\/wp-content\/uploads\/terzosettore-960x440-1.jpg","contentUrl":"https:\/\/www.intoscana.it\/wp-content\/uploads\/terzosettore-960x440-1.jpg","width":960,"height":440},{"@type":"BreadcrumbList","@id":"https:\/\/www.intoscana.it\/it\/sociale-la-regione-finanzia-246-progetti-con-55-milioni-di-euro\/#breadcrumb","itemListElement":[{"@type":"ListItem","position":1,"name":"Home","item":"https:\/\/www.intoscana.it\/it\/"},{"@type":"ListItem","position":2,"name":"Sociale, la Regione finanzia 246 progetti con 5,5 milioni di euro"}]},{"@type":"WebSite","@id":"https:\/\/www.intoscana.it\/it\/#website","url":"https:\/\/www.intoscana.it\/it\/","name":"intoscana","description":"","potentialAction":[{"@type":"SearchAction","target":{"@type":"EntryPoint","urlTemplate":"https:\/\/www.intoscana.it\/it\/?s={search_term_string}"},"query-input":{"@type":"PropertyValueSpecification","valueRequired":true,"valueName":"search_term_string"}}],"inLanguage":"it-IT"},{"@type":"Person","@id":"https:\/\/www.intoscana.it\/it\/#\/schema\/person\/9223810753230f20bd670fdd322661f8","name":"Redazione","url":"https:\/\/www.intoscana.it\/it\/author\/redazione\/"}]}},"_links":{"self":[{"href":"https:\/\/www.intoscana.it\/it\/wp-json\/wp\/v2\/posts\/295683","targetHints":{"allow":["GET"]}}],"collection":[{"href":"https:\/\/www.intoscana.it\/it\/wp-json\/wp\/v2\/posts"}],"about":[{"href":"https:\/\/www.intoscana.it\/it\/wp-json\/wp\/v2\/types\/post"}],"author":[{"embeddable":true,"href":"https:\/\/www.intoscana.it\/it\/wp-json\/wp\/v2\/users\/525"}],"replies":[{"embeddable":true,"href":"https:\/\/www.intoscana.it\/it\/wp-json\/wp\/v2\/comments?post=295683"}],"version-history":[{"count":0,"href":"https:\/\/www.intoscana.it\/it\/wp-json\/wp\/v2\/posts\/295683\/revisions"}],"wp:featuredmedia":[{"embeddable":true,"href":"https:\/\/www.intoscana.it\/it\/wp-json\/wp\/v2\/media\/102178"}],"wp:attachment":[{"href":"https:\/\/www.intoscana.it\/it\/wp-json\/wp\/v2\/media?parent=295683"}],"wp:term":[{"taxonomy":"category","embeddable":true,"href":"https:\/\/www.intoscana.it\/it\/wp-json\/wp\/v2\/categories?post=295683"},{"taxonomy":"post_tag","embeddable":true,"href":"https:\/\/www.intoscana.it\/it\/wp-json\/wp\/v2\/tags?post=295683"}],"curies":[{"name":"wp","href":"https:\/\/api.w.org\/{rel}","templated":true}]}}