{"id":296076,"date":"2023-07-13T12:17:52","date_gmt":"2023-07-13T10:17:52","guid":{"rendered":"https:\/\/www.intoscana.it\/it\/?p=296076"},"modified":"2023-07-13T12:17:52","modified_gmt":"2023-07-13T10:17:52","slug":"uomo-e-robot-si-fondono-nella-mano-bionica-santanna-di-pisa-nel-team-che-ha-creato-la-protesi-unica-al-mondo","status":"publish","type":"post","link":"https:\/\/www.intoscana.it\/it\/uomo-e-robot-si-fondono-nella-mano-bionica-santanna-di-pisa-nel-team-che-ha-creato-la-protesi-unica-al-mondo\/","title":{"rendered":"Uomo e robot si fondono nella mano bionica: Sant&#8217;Anna di Pisa nel team che ha creato la protesi unica al mondo"},"content":{"rendered":"<p>Per la prima volta al mondo una persona con amputazione del braccio \u00e8 in grado di controllare ogni dito di una <strong>mano bionica<\/strong> come se fosse il proprio. \u00c8 lo straordinario risultato &#8211; pubblicato su Science Translational Medicine &#8211; a cui \u00e8 giunto il <mark>team di ricerca coordinata dal Centro svedese per la Ricerca sulla Bionica<i> <\/i>e sul Dolore di G\u00f6teborg, alla quale l&#8217;Italia ha collaborato con l&#8217;Istituto Ortopedico Rizzoli di Bologna e la Scuola Superiore Sant&#8217;Anna di Pisa.<\/mark><\/p>\n<p>Una vera e propria fusione dell&#8217;uomo con la macchina: al corpo di un individuo sono stati impiantati chirurgicamente sensori e una protesi scheletrica. Grazie poi all&#8217;<strong>intelligenza artificiale<\/strong>, le sue intenzioni sono state tradotte in movimenti della protesi.<\/p>\n<h3><em>Come funziona la super-protesi<\/em><\/h3>\n<p>L&#8217;utilizzo di <strong>protesi<\/strong> \u00e8 la soluzione pi\u00f9 comune per chi ha perso un arto, ma ad oggi consentono pochi movimenti. Per controllarle si utilizzano i muscoli residui nel moncone, ma il problema principale sorge quando l&#8217;amputazione \u00e8 al di sopra del gomito. La novit\u00e0 introdotta da questa ricerca, invece, apre a nuove speranze per gli amputati.<\/p>\n<p>Per aggirare questi ostacoli, infatti, i ricercatori guidati da <strong>Max Ortiz Catalan<\/strong> hanno riconfigurato l&#8217;arto dell&#8217;uomo in modo da poter integrare la protesi sia elettricamente che meccanicamente, sezionando i nervi periferici rimasti nell&#8217;arto ridistribuendoli a nuovi muscoli utilizzati come amplificatori biologici. <mark>La protesi bionica pu\u00f2 accedere cos\u00ec a molte pi\u00f9 informazioni e l&#8217;uomo riesce a comandarla in modo pi\u00f9 efficiente ed efficace.<\/mark><\/p>\n<p>Nell&#8217;articolo di Science Translational Medicine viene illustato come i nervi trasferiti si siano progressivamente connessi ai nuovi muscoli che li ospitavano. I ricercatori li hanno cos\u00ec collegati alla protesi in modo che il paziente potesse controllare ogni dito di una mano bionica come se fosse la propria.<\/p>\n<p>&#8220;Il risultato ottenuto conferma il grande potenziale di questo tipo di protesi che in questo caso ha visto anche l&#8217;utilizzo di tecniche di chirurgia molto avanzate&#8221;,\u00a0 ha detto <strong>Enzo Mastinu<\/strong>, ricercatore dell&#8217;Istituto di BioRobotica del Sant&#8217;Anna. All&#8217;atto pratico: &#8220;\u00c8 stato prelevato del tessuto muscolare dagli arti inferiori, creando cos\u00ec dei nuovi siti muscolari artificiali nel braccio &#8211; spiega Mastinu &#8211; <mark>A questi siti \u00e8 stata data nuova vita effettuando il collegamento con i nervi: in questo modo abbiamo ottenuto nuovi segnali di controllo per la protesi che trasportano molte pi\u00f9 informazioni, tradotte in movimento da algoritmi basati sull&#8217;intelligenza artificiale&#8221;.<\/mark><\/p>\n<p><iframe loading=\"lazy\" title=\"Intuitive simultaneous and proportional control of a bionic hand\" src=\"https:\/\/www.youtube.com\/embed\/yC24WRoGIe8\" width=\"800\" height=\"400\" frameborder=\"0\" allowfullscreen=\"allowfullscreen\"><span data-mce-type=\"bookmark\" style=\"display: inline-block; width: 0px; overflow: hidden; line-height: 0;\" class=\"mce_SELRES_start\">\ufeff<\/span><\/iframe><\/p>\n<p>&nbsp;<\/p>\n<p>&nbsp;<\/p>\n<p>&nbsp;<\/p>\n","protected":false},"excerpt":{"rendered":"<p>Per la prima volta una persona con amputazione del braccio \u00e8 in grado di controllare ogni dito come se fosse il proprio: lo straordinario risultato grazie ad un intervento di chirurgia avanzata e all&#8217;utilizzo dell&#8217;intelligenza artificiale<\/p>\n","protected":false},"author":545,"featured_media":296094,"comment_status":"open","ping_status":"open","sticky":false,"template":"","format":"standard","meta":{"_acf_changed":false,"footnotes":""},"categories":[475],"tags":[213,4373],"class_list":["post-296076","post","type-post","status-publish","format-standard","has-post-thumbnail","hentry","category-innovazione","tag-ricerca","tag-scuola-santanna-di-pisa"],"acf":[],"yoast_head":"<!-- This site is optimized with the Yoast SEO Premium plugin v24.2 (Yoast SEO v25.6) - https:\/\/yoast.com\/wordpress\/plugins\/seo\/ -->\n<title>Uomo e robot si fondono nella mano bionica: Sant&#039;Anna di Pisa nel team che ha creato la protesi unica al mondo - intoscana<\/title>\n<meta name=\"description\" content=\"Per la prima volta una persona con amputazione del braccio \u00e8 in grado di controllare ogni dito come se fosse il proprio: lo straordinario risultato grazie ad un intervento di chirurgia avanzata e all&#039;utilizzo dell&#039;intelligenza artificiale\" \/>\n<meta name=\"robots\" content=\"index, follow, max-snippet:-1, max-image-preview:large, max-video-preview:-1\" \/>\n<link rel=\"canonical\" href=\"https:\/\/www.intoscana.it\/it\/uomo-e-robot-si-fondono-nella-mano-bionica-santanna-di-pisa-nel-team-che-ha-creato-la-protesi-unica-al-mondo\/\" \/>\n<meta property=\"og:locale\" content=\"it_IT\" \/>\n<meta property=\"og:type\" content=\"article\" \/>\n<meta property=\"og:title\" content=\"Uomo e robot si fondono nella mano bionica: Sant&#039;Anna di Pisa nel team che ha creato la protesi unica al mondo\" \/>\n<meta property=\"og:description\" content=\"Per la prima volta una persona con amputazione del braccio \u00e8 in grado di controllare ogni dito come se fosse il proprio: lo straordinario risultato grazie ad un intervento di chirurgia avanzata e all&#039;utilizzo dell&#039;intelligenza artificiale\" \/>\n<meta property=\"og:url\" content=\"https:\/\/www.intoscana.it\/it\/uomo-e-robot-si-fondono-nella-mano-bionica-santanna-di-pisa-nel-team-che-ha-creato-la-protesi-unica-al-mondo\/\" \/>\n<meta property=\"og:site_name\" content=\"intoscana\" \/>\n<meta property=\"article:publisher\" content=\"https:\/\/www.facebook.com\/intoscana.it\" \/>\n<meta property=\"article:published_time\" content=\"2023-07-13T10:17:52+00:00\" \/>\n<meta property=\"og:image\" content=\"https:\/\/www.intoscana.it\/wp-content\/uploads\/Mano-bionica-Credit-by-Center-for-bionics-and-pain-research.jpg\" \/>\n\t<meta property=\"og:image:width\" content=\"1181\" \/>\n\t<meta property=\"og:image:height\" content=\"787\" \/>\n\t<meta property=\"og:image:type\" content=\"image\/jpeg\" \/>\n<meta name=\"author\" content=\"Clara D&#039;Acunto\" \/>\n<meta name=\"twitter:card\" content=\"summary_large_image\" \/>\n<meta name=\"twitter:creator\" content=\"@intoscana\" \/>\n<meta name=\"twitter:site\" content=\"@intoscana\" \/>\n<meta name=\"twitter:label1\" content=\"Written by\" \/>\n\t<meta name=\"twitter:data1\" content=\"Clara D&#039;Acunto\" \/>\n\t<meta name=\"twitter:label2\" content=\"Est. reading time\" \/>\n\t<meta name=\"twitter:data2\" content=\"2 minuti\" \/>\n<script type=\"application\/ld+json\" class=\"yoast-schema-graph\">{\"@context\":\"https:\/\/schema.org\",\"@graph\":[{\"@type\":\"WebPage\",\"@id\":\"https:\/\/www.intoscana.it\/it\/uomo-e-robot-si-fondono-nella-mano-bionica-santanna-di-pisa-nel-team-che-ha-creato-la-protesi-unica-al-mondo\/\",\"url\":\"https:\/\/www.intoscana.it\/it\/uomo-e-robot-si-fondono-nella-mano-bionica-santanna-di-pisa-nel-team-che-ha-creato-la-protesi-unica-al-mondo\/\",\"name\":\"Uomo e robot si fondono nella mano bionica: Sant'Anna di Pisa nel team che ha creato la protesi unica al mondo - intoscana\",\"isPartOf\":{\"@id\":\"https:\/\/www.intoscana.it\/it\/#website\"},\"primaryImageOfPage\":{\"@id\":\"https:\/\/www.intoscana.it\/it\/uomo-e-robot-si-fondono-nella-mano-bionica-santanna-di-pisa-nel-team-che-ha-creato-la-protesi-unica-al-mondo\/#primaryimage\"},\"image\":{\"@id\":\"https:\/\/www.intoscana.it\/it\/uomo-e-robot-si-fondono-nella-mano-bionica-santanna-di-pisa-nel-team-che-ha-creato-la-protesi-unica-al-mondo\/#primaryimage\"},\"thumbnailUrl\":\"https:\/\/www.intoscana.it\/wp-content\/uploads\/Mano-bionica-Credit-by-Center-for-bionics-and-pain-research.jpg\",\"datePublished\":\"2023-07-13T10:17:52+00:00\",\"author\":{\"@id\":\"https:\/\/www.intoscana.it\/it\/#\/schema\/person\/137419af9ef5d385bde52864a841e6ce\"},\"description\":\"Per la prima volta una persona con amputazione del braccio \u00e8 in grado di controllare ogni dito come se fosse il proprio: lo straordinario risultato grazie ad un intervento di chirurgia avanzata e all'utilizzo dell'intelligenza artificiale\",\"breadcrumb\":{\"@id\":\"https:\/\/www.intoscana.it\/it\/uomo-e-robot-si-fondono-nella-mano-bionica-santanna-di-pisa-nel-team-che-ha-creato-la-protesi-unica-al-mondo\/#breadcrumb\"},\"inLanguage\":\"it-IT\",\"potentialAction\":[{\"@type\":\"ReadAction\",\"target\":[\"https:\/\/www.intoscana.it\/it\/uomo-e-robot-si-fondono-nella-mano-bionica-santanna-di-pisa-nel-team-che-ha-creato-la-protesi-unica-al-mondo\/\"]}]},{\"@type\":\"ImageObject\",\"inLanguage\":\"it-IT\",\"@id\":\"https:\/\/www.intoscana.it\/it\/uomo-e-robot-si-fondono-nella-mano-bionica-santanna-di-pisa-nel-team-che-ha-creato-la-protesi-unica-al-mondo\/#primaryimage\",\"url\":\"https:\/\/www.intoscana.it\/wp-content\/uploads\/Mano-bionica-Credit-by-Center-for-bionics-and-pain-research.jpg\",\"contentUrl\":\"https:\/\/www.intoscana.it\/wp-content\/uploads\/Mano-bionica-Credit-by-Center-for-bionics-and-pain-research.jpg\",\"width\":1181,\"height\":787},{\"@type\":\"BreadcrumbList\",\"@id\":\"https:\/\/www.intoscana.it\/it\/uomo-e-robot-si-fondono-nella-mano-bionica-santanna-di-pisa-nel-team-che-ha-creato-la-protesi-unica-al-mondo\/#breadcrumb\",\"itemListElement\":[{\"@type\":\"ListItem\",\"position\":1,\"name\":\"Home\",\"item\":\"https:\/\/www.intoscana.it\/it\/\"},{\"@type\":\"ListItem\",\"position\":2,\"name\":\"Uomo e robot si fondono nella mano bionica: Sant&#8217;Anna di Pisa nel team che ha creato la protesi unica al mondo\"}]},{\"@type\":\"WebSite\",\"@id\":\"https:\/\/www.intoscana.it\/it\/#website\",\"url\":\"https:\/\/www.intoscana.it\/it\/\",\"name\":\"intoscana\",\"description\":\"\",\"potentialAction\":[{\"@type\":\"SearchAction\",\"target\":{\"@type\":\"EntryPoint\",\"urlTemplate\":\"https:\/\/www.intoscana.it\/it\/?s={search_term_string}\"},\"query-input\":{\"@type\":\"PropertyValueSpecification\",\"valueRequired\":true,\"valueName\":\"search_term_string\"}}],\"inLanguage\":\"it-IT\"},{\"@type\":\"Person\",\"@id\":\"https:\/\/www.intoscana.it\/it\/#\/schema\/person\/137419af9ef5d385bde52864a841e6ce\",\"name\":\"Clara D'Acunto\",\"url\":\"https:\/\/www.intoscana.it\/it\/author\/clara-d_acunto\/\"}]}<\/script>\n<!-- \/ Yoast SEO Premium plugin. -->","yoast_head_json":{"title":"Uomo e robot si fondono nella mano bionica: Sant'Anna di Pisa nel team che ha creato la protesi unica al mondo - intoscana","description":"Per la prima volta una persona con amputazione del braccio \u00e8 in grado di controllare ogni dito come se fosse il proprio: lo straordinario risultato grazie ad un intervento di chirurgia avanzata e all'utilizzo dell'intelligenza artificiale","robots":{"index":"index","follow":"follow","max-snippet":"max-snippet:-1","max-image-preview":"max-image-preview:large","max-video-preview":"max-video-preview:-1"},"canonical":"https:\/\/www.intoscana.it\/it\/uomo-e-robot-si-fondono-nella-mano-bionica-santanna-di-pisa-nel-team-che-ha-creato-la-protesi-unica-al-mondo\/","og_locale":"it_IT","og_type":"article","og_title":"Uomo e robot si fondono nella mano bionica: Sant'Anna di Pisa nel team che ha creato la protesi unica al mondo","og_description":"Per la prima volta una persona con amputazione del braccio \u00e8 in grado di controllare ogni dito come se fosse il proprio: lo straordinario risultato grazie ad un intervento di chirurgia avanzata e all'utilizzo dell'intelligenza artificiale","og_url":"https:\/\/www.intoscana.it\/it\/uomo-e-robot-si-fondono-nella-mano-bionica-santanna-di-pisa-nel-team-che-ha-creato-la-protesi-unica-al-mondo\/","og_site_name":"intoscana","article_publisher":"https:\/\/www.facebook.com\/intoscana.it","article_published_time":"2023-07-13T10:17:52+00:00","og_image":[{"width":1181,"height":787,"url":"https:\/\/www.intoscana.it\/wp-content\/uploads\/Mano-bionica-Credit-by-Center-for-bionics-and-pain-research.jpg","type":"image\/jpeg"}],"author":"Clara D'Acunto","twitter_card":"summary_large_image","twitter_creator":"@intoscana","twitter_site":"@intoscana","twitter_misc":{"Written by":"Clara D'Acunto","Est. reading time":"2 minuti"},"schema":{"@context":"https:\/\/schema.org","@graph":[{"@type":"WebPage","@id":"https:\/\/www.intoscana.it\/it\/uomo-e-robot-si-fondono-nella-mano-bionica-santanna-di-pisa-nel-team-che-ha-creato-la-protesi-unica-al-mondo\/","url":"https:\/\/www.intoscana.it\/it\/uomo-e-robot-si-fondono-nella-mano-bionica-santanna-di-pisa-nel-team-che-ha-creato-la-protesi-unica-al-mondo\/","name":"Uomo e robot si fondono nella mano bionica: Sant'Anna di Pisa nel team che ha creato la protesi unica al mondo - intoscana","isPartOf":{"@id":"https:\/\/www.intoscana.it\/it\/#website"},"primaryImageOfPage":{"@id":"https:\/\/www.intoscana.it\/it\/uomo-e-robot-si-fondono-nella-mano-bionica-santanna-di-pisa-nel-team-che-ha-creato-la-protesi-unica-al-mondo\/#primaryimage"},"image":{"@id":"https:\/\/www.intoscana.it\/it\/uomo-e-robot-si-fondono-nella-mano-bionica-santanna-di-pisa-nel-team-che-ha-creato-la-protesi-unica-al-mondo\/#primaryimage"},"thumbnailUrl":"https:\/\/www.intoscana.it\/wp-content\/uploads\/Mano-bionica-Credit-by-Center-for-bionics-and-pain-research.jpg","datePublished":"2023-07-13T10:17:52+00:00","author":{"@id":"https:\/\/www.intoscana.it\/it\/#\/schema\/person\/137419af9ef5d385bde52864a841e6ce"},"description":"Per la prima volta una persona con amputazione del braccio \u00e8 in grado di controllare ogni dito come se fosse il proprio: lo straordinario risultato grazie ad un intervento di chirurgia avanzata e all'utilizzo dell'intelligenza artificiale","breadcrumb":{"@id":"https:\/\/www.intoscana.it\/it\/uomo-e-robot-si-fondono-nella-mano-bionica-santanna-di-pisa-nel-team-che-ha-creato-la-protesi-unica-al-mondo\/#breadcrumb"},"inLanguage":"it-IT","potentialAction":[{"@type":"ReadAction","target":["https:\/\/www.intoscana.it\/it\/uomo-e-robot-si-fondono-nella-mano-bionica-santanna-di-pisa-nel-team-che-ha-creato-la-protesi-unica-al-mondo\/"]}]},{"@type":"ImageObject","inLanguage":"it-IT","@id":"https:\/\/www.intoscana.it\/it\/uomo-e-robot-si-fondono-nella-mano-bionica-santanna-di-pisa-nel-team-che-ha-creato-la-protesi-unica-al-mondo\/#primaryimage","url":"https:\/\/www.intoscana.it\/wp-content\/uploads\/Mano-bionica-Credit-by-Center-for-bionics-and-pain-research.jpg","contentUrl":"https:\/\/www.intoscana.it\/wp-content\/uploads\/Mano-bionica-Credit-by-Center-for-bionics-and-pain-research.jpg","width":1181,"height":787},{"@type":"BreadcrumbList","@id":"https:\/\/www.intoscana.it\/it\/uomo-e-robot-si-fondono-nella-mano-bionica-santanna-di-pisa-nel-team-che-ha-creato-la-protesi-unica-al-mondo\/#breadcrumb","itemListElement":[{"@type":"ListItem","position":1,"name":"Home","item":"https:\/\/www.intoscana.it\/it\/"},{"@type":"ListItem","position":2,"name":"Uomo e robot si fondono nella mano bionica: Sant&#8217;Anna di Pisa nel team che ha creato la protesi unica al mondo"}]},{"@type":"WebSite","@id":"https:\/\/www.intoscana.it\/it\/#website","url":"https:\/\/www.intoscana.it\/it\/","name":"intoscana","description":"","potentialAction":[{"@type":"SearchAction","target":{"@type":"EntryPoint","urlTemplate":"https:\/\/www.intoscana.it\/it\/?s={search_term_string}"},"query-input":{"@type":"PropertyValueSpecification","valueRequired":true,"valueName":"search_term_string"}}],"inLanguage":"it-IT"},{"@type":"Person","@id":"https:\/\/www.intoscana.it\/it\/#\/schema\/person\/137419af9ef5d385bde52864a841e6ce","name":"Clara D'Acunto","url":"https:\/\/www.intoscana.it\/it\/author\/clara-d_acunto\/"}]}},"_links":{"self":[{"href":"https:\/\/www.intoscana.it\/it\/wp-json\/wp\/v2\/posts\/296076","targetHints":{"allow":["GET"]}}],"collection":[{"href":"https:\/\/www.intoscana.it\/it\/wp-json\/wp\/v2\/posts"}],"about":[{"href":"https:\/\/www.intoscana.it\/it\/wp-json\/wp\/v2\/types\/post"}],"author":[{"embeddable":true,"href":"https:\/\/www.intoscana.it\/it\/wp-json\/wp\/v2\/users\/545"}],"replies":[{"embeddable":true,"href":"https:\/\/www.intoscana.it\/it\/wp-json\/wp\/v2\/comments?post=296076"}],"version-history":[{"count":0,"href":"https:\/\/www.intoscana.it\/it\/wp-json\/wp\/v2\/posts\/296076\/revisions"}],"wp:featuredmedia":[{"embeddable":true,"href":"https:\/\/www.intoscana.it\/it\/wp-json\/wp\/v2\/media\/296094"}],"wp:attachment":[{"href":"https:\/\/www.intoscana.it\/it\/wp-json\/wp\/v2\/media?parent=296076"}],"wp:term":[{"taxonomy":"category","embeddable":true,"href":"https:\/\/www.intoscana.it\/it\/wp-json\/wp\/v2\/categories?post=296076"},{"taxonomy":"post_tag","embeddable":true,"href":"https:\/\/www.intoscana.it\/it\/wp-json\/wp\/v2\/tags?post=296076"}],"curies":[{"name":"wp","href":"https:\/\/api.w.org\/{rel}","templated":true}]}}