{"id":296549,"date":"2023-08-17T09:16:06","date_gmt":"2023-08-17T07:16:06","guid":{"rendered":"https:\/\/www.intoscana.it\/it\/?p=296549"},"modified":"2023-08-17T10:40:57","modified_gmt":"2023-08-17T08:40:57","slug":"uffizi-diffusi-i-capolavori-in-guerra-tornano-a-poppi","status":"publish","type":"post","link":"https:\/\/www.intoscana.it\/it\/uffizi-diffusi-i-capolavori-in-guerra-tornano-a-poppi\/","title":{"rendered":"Uffizi Diffusi, i capolavori in guerra e il mistero del Michelangelo rapito"},"content":{"rendered":"<p>Quasi un ritorno a casa. <mark>Opere d&#8217;arte, foto e filmati d&#8217;epoca, insieme a inediti documenti archivistici e bibliografici<\/mark> ricostruiscono le vicende del patrimonio artistico toscano durante la <strong>seconda guerra mondiale<\/strong>.\u00a0 Una storia avvincente in cui immergersi nella mostra &#8216;<em>Michelangelo rapito &#8211; Capolavori in guerra dagli Uffizi al Casentino<\/em>&#8216; in corso al Castello di Poppi dal 20 luglio al 28 gennaio 2024. La mostra \u00e8 promossa dal <b>Comune <span class=\"il\">di<\/span> Poppi <\/b>con le <b>Gallerie degli Uffizi <\/b>nell\u2019ambito <span class=\"il\">del<\/span> progetto<b> Uffizi Diffusi <\/b>ed \u00e8 curata da <b>Alessia Cecconi<\/b>.<\/p>\n<h3>Il castello di Poppi, caveau di opere d&#8217;arte<\/h3>\n<p><b>L\u2019antico maniero <\/b>dei conti Guidi <b>a Poppi, <\/b>insieme al <b>monastero <span class=\"il\">di<\/span> Camaldoli<\/b> e a <b>Villa Bocci <span class=\"il\">di<\/span> Soci<\/b>, tra il 1940 e il 1944 divenne uno <strong>speciale<\/strong> <b>caveau <\/b>per le opere d\u2019arte.\u00a0 Nel castello erano state messe sotto protezione <strong>410 casse<\/strong>, per un totale <span class=\"il\">di<\/span> 334 dipinti, 16 sculture, 296 oggetti d\u2019arte. Oggi ospita\u00a0prestiti dalle <strong>Gallerie degli Uffizi<\/strong> e le immagini dei pi\u00f9 importanti dipinti e sculture messi al sicuro durante la guerra.<\/p>\n<figure id=\"post-300148 media-300148\" class=\"align-none\"><img decoding=\"async\" src=\"https:\/\/www.intoscana.it\/wp-content\/uploads\/Michelangelo-rapito_immersiva1.jpg\" alt=\"\" \/><\/figure>\n<div class=\"titleimg\">La mostra immersiva Michelangelo rapito \u2013 Capolavori in guerra dagli Uffizi al Casentino al castello di Poppi<\/div>\n<h3>Un&#8217;esperienza immersiva tra i capolavori<\/h3>\n<p>La mostra ripercorre le tappe salienti del <b>salvataggio <span class=\"il\">di<\/span> sculture e dipinti <\/b>tra i pi\u00f9 famosi al mondo che vennero custoditi in Casentino. Al piano superiore <span class=\"il\">del <\/span>Castello, nel salone della biblioteca Rilliana, \u00e8 allestita la <b>sezione immersiva <\/b>della mostra. <b>Un\u2019esperienza multimediale <\/b>originale e inedita con un focus sul periodo bellico e sui capolavori ricoverati a Poppi e Camaldoli.<\/p>\n<p>Mentre scorre il racconto si ha la possibilit\u00e0 <span class=\"il\">di<\/span> ammirare in alta definizione e con suggestive animazioni, dipinti come <b>la\u00a0Nascita <span class=\"il\">di<\/span> Venere\u00a0<\/b><span class=\"il\">di<\/span> Botticelli,<b> il\u00a0Tondo Doni\u00a0<\/b><span class=\"il\">di<\/span> Michelangelo, <b>la\u00a0Madonna <span class=\"il\">del<\/span> Cardellino\u00a0<\/b><span class=\"il\">di<\/span> Raffaello o <b>la\u00a0Medusa\u00a0<\/b><span class=\"il\">di<\/span> Caravaggio, ricreando cos\u00ec idealmente il &#8220;museo&#8221; allestito a Poppi negli anni <span class=\"il\">del <\/span>conflitto.<\/p>\n<figure id=\"post-300152 media-300152\" class=\"align-none\"><img decoding=\"async\" src=\"https:\/\/www.intoscana.it\/wp-content\/uploads\/mostra-Poppi3.jpg\" alt=\"\" \/><\/figure>\n<div class=\"titleimg\">La mostra Michelangelo rapito \u2013 Capolavori in guerra dagli Uffizi al Casentino al castello di Poppi<\/div>\n<h3>Il mistero del Michelangelo rapito e mai ritrovato<\/h3>\n<p>Al centro dell&#8217;esposizione il mistero della <strong>maschera di fauno<\/strong> del Bargello, <strong>attribuita al Buonarroti<\/strong>. Opera di grande notoriet\u00e0 e straordinario fascino mai rientrata in Italia dopo essere stata prelevata dai tedeschi nella notte tra il 22 e il 23 agosto del 1944 dalla cassa 17 dove era custodita proprio nel maniero toscano. La sua scomparsa fu un cruccio perfino per <b>Rodolfo Siviero<\/b>, che <span class=\"il\">del<\/span> recupero delle opere d\u2019arte trafugate durante la guerra fece una missione <span class=\"il\">di<\/span> vita.<\/p>\n<p>In quella notte del 1944 mentre il borgo veniva minato e gli abitanti erano in preda al terrore, alcuni soldati della <b>305esima Infanterie Division<\/b><i>, <\/i>dopo aver sfondato porte e muri, si impossessarono di<b>\u00a037 delle 410 casse <\/b>custodite nel castello, per un totale <span class=\"il\">di<\/span> 200 opere.<\/p>\n<p>Tra le opere trafugate l\u2019<b>Autoritratto<\/b> e <b>La Velata<\/b> <span class=\"il\">di<\/span> Raffaello con il <b>Ritratto <span class=\"il\">di <\/span>Giovanni II Bentivoglio <\/b><span class=\"il\">di<\/span>\u00a0Lorenzo Costa, eccezionalmente in mostra su prestito degli Uffizi. Non tornarono mai a Firenze il <b>Ritratto <span class=\"il\">di <\/span>Ignoto<\/b> <span class=\"il\">di<\/span> Hans Memling, prelevato dalla cassa n. 20, la <b>Vergine che allatta il Bambino e Santi<\/b> <span class=\"il\">di<\/span> Pierino da Vinci e la <b>Maschera <span class=\"il\">di<\/span> Fauno.<\/b><\/p>\n<figure id=\"post-300154 media-300154\" class=\"align-none\"><img decoding=\"async\" src=\"https:\/\/www.intoscana.it\/wp-content\/uploads\/Ritorno-opere-a-Firenze-1945-Gabinetto-fotografico-egli-Uffizi.jpg\" alt=\"\" \/><\/figure>\n<div class=\"titleimg\">Il ritorno delle opere degli Uffizi a Firenze dopo la fine della guerra \u2013 \u00a9 Gabinetto fotografico degli Uffizi<\/div>\n<h3>Il ritorno a casa delle opere d&#8217;arte dopo la guerra<\/h3>\n<p>La mostra racconta l&#8217;arrivo a Firenze la mattina <span class=\"il\">del<\/span> <strong>22 luglio 1945<\/strong> una colonna <span class=\"il\">di<\/span> sei autocarri militari alleati, diretta dal tenente <strong>Frederick Hartt<\/strong>, monument man per eccellenza. Ad attendere gli automezzi in piazza della Signoria, oltre duemila fiorentini.<\/p>\n<p>La solenne restituzione dei capolavori delle gallerie fiorentine razziati dai nazisti nei ricoveri <span class=\"il\">di<\/span> <strong>Poppi, Soci, Montagnana, Dicomano, Trefiano e Poggio a Caiano<\/strong> entr\u00f2 nella storia, come testimoniano le immagini conservate ancora oggi dal Gabinetto fotografico degli Uffizi.<\/p>\n<figure id=\"post-300155 media-300155\" class=\"align-none\"><img decoding=\"async\" src=\"https:\/\/www.intoscana.it\/wp-content\/uploads\/Ritorno-opere-pazza-della-Signoria.png\" alt=\"\" \/><\/figure>\n<div class=\"titleimg\">Il ritorno delle opere degli Uffizi a Firenze dopo la fine della guerra \u2013 \u00a9 Gabinetto fotografico degli Uffizi<\/div>\n<h3>Una vittoria della diplomazia e di Firenze<\/h3>\n<p>Il ritorno a casa delle opere d&#8217;arte fu una <b>grande vittoria della diplomazia<\/b> e coinvolse Chiesa, soprintendenze, ministero, servizi segreti alleati. Decisivo l\u2019intervento <span class=\"il\">del<\/span> <b>cardinale Elia Dalla Costa<\/b> presso la segreteria <span class=\"il\">di<\/span> Stato Vaticana con la mobilitazione <span class=\"il\">di<\/span> monsignor <b>Giovanni Battista Montini<\/b> (il futuro Paolo VI). In prima linea l\u2019eroico soprintendente<b> Giovanni Poggi<\/b>, lo <b>stesso Hartt,<\/b> e poi <b>Rodolfo Siviero<\/b>. Le opere furono recuperate, con qualche difficolt\u00e0, <b>al castello <span class=\"il\">di<\/span> Neumelans a Campo Tures<\/b> e nel vecchio palazzo della pretura a <b>San Leonardo in Passiria <\/b>per poi tornare a casa.<\/p>\n<h3>Schimdt: arte simbolo dell&#8217;identit\u00e0 nazionale<\/h3>\n<p>Per il direttore delle Gallerie degli Uffizi, <strong>Eike Schmidt<\/strong>, &#8220;<em>la mostra di Poppi non \u00e8 solo un&#8217;occasione per ammirare dipinti e belle immagini, ma tocca soprattutto un argomento di scottante attualit\u00e0: l&#8217;arte, infatti, \u00e8 tra le vittime principali dei conflitti in tutto il mondo, perch\u00e9 rappresenta l&#8217;idea pi\u00f9 profonda di identit\u00e0 nazionale<\/em>&#8220;.<\/p>\n<figure id=\"post-296555 media-296555\" class=\"align-none\"><img decoding=\"async\" src=\"https:\/\/www.intoscana.it\/wp-content\/uploads\/Fauno-Installazione-scaled-e1689610424681.jpg\" alt=\"\" \/><\/figure>\n<div class=\"titleimg\">La copia in gesso del Fauno perduto di Michelangelo, esposta a Poppi<\/div>\n<h3>Giani: un&#8217;epopea di passione, impegno e bellezza salvata<\/h3>\n<p>Per il presidente della Toscana <strong>Eugenio Giani<\/strong> &#8220;<em>in questa ricostruzione delle vicende dei nostri tesori durante la guerra, ci rendiamo conto che ognuna delle opere esposte avrebbe potuto non esserci pi\u00f9. La mostra illumina, per la prima volta, le loro tante storie e trasforma le loro singolarit\u00e0 in una grande epopea collettiva di passione, di impegno e di bellezza salvata<\/em>&#8220;.<\/p>\n<h3>Toni: un&#8217;occasione unica per Poppi e il Casentino<\/h3>\n<p>&#8220;<em>La mostra<\/em> &#8211; commenta il sindaco di Poppi <strong>Carlo Toni<\/strong> &#8211; <em>costituisce davvero un&#8217;occasione unica e preziosa per far conoscere alla comunit\u00e0, e ai molti turisti italiani e stranieri che visitano il Castello e il Casentino, una storia emblematica di salvaguardia di un patrimonio universale<\/em>&#8220;.<\/p>\n","protected":false},"excerpt":{"rendered":"<p>Poppi nascose ai tedeschi dipinti e statue durante il II conflitto mondiale: ora le opere sono esposte nelle sale del castello. La maschera di fauno del Buonarroti mai tornata a Firenze<\/p>\n","protected":false},"author":554,"featured_media":300159,"comment_status":"open","ping_status":"open","sticky":false,"template":"","format":"standard","meta":{"_acf_changed":false,"footnotes":""},"categories":[493],"tags":[174,5402],"class_list":["post-296549","post","type-post","status-publish","format-standard","has-post-thumbnail","hentry","category-cultura","tag-arte","tag-uffizi-diffusi"],"acf":[],"yoast_head":"<!-- This site is optimized with the Yoast SEO Premium plugin v24.2 (Yoast SEO v25.6) - https:\/\/yoast.com\/wordpress\/plugins\/seo\/ -->\n<title>Uffizi Diffusi, i capolavori in guerra e il mistero del Michelangelo rapito - intoscana<\/title>\n<meta name=\"description\" content=\"Poppi nascose ai tedeschi dipinti e statue durante il II conflitto mondiale: ora le opere sono esposte nelle sale del castello\" \/>\n<meta name=\"robots\" content=\"index, follow, max-snippet:-1, max-image-preview:large, max-video-preview:-1\" \/>\n<link rel=\"canonical\" href=\"https:\/\/www.intoscana.it\/it\/uffizi-diffusi-i-capolavori-in-guerra-tornano-a-poppi\/\" \/>\n<meta property=\"og:locale\" content=\"it_IT\" \/>\n<meta property=\"og:type\" content=\"article\" \/>\n<meta property=\"og:title\" content=\"Uffizi Diffusi, i capolavori in guerra e il mistero del Michelangelo rapito\" \/>\n<meta property=\"og:description\" content=\"Poppi nascose ai tedeschi dipinti e statue durante il II conflitto mondiale: ora le opere sono esposte nelle sale del castello\" \/>\n<meta property=\"og:url\" content=\"https:\/\/www.intoscana.it\/it\/uffizi-diffusi-i-capolavori-in-guerra-tornano-a-poppi\/\" \/>\n<meta property=\"og:site_name\" content=\"intoscana\" \/>\n<meta property=\"article:publisher\" content=\"https:\/\/www.facebook.com\/intoscana.it\" \/>\n<meta property=\"article:published_time\" content=\"2023-08-17T07:16:06+00:00\" \/>\n<meta property=\"article:modified_time\" content=\"2023-08-17T08:40:57+00:00\" \/>\n<meta property=\"og:image\" content=\"https:\/\/www.intoscana.it\/wp-content\/uploads\/Immersiva1.jpg\" \/>\n\t<meta property=\"og:image:width\" content=\"1119\" \/>\n\t<meta property=\"og:image:height\" content=\"609\" \/>\n\t<meta property=\"og:image:type\" content=\"image\/jpeg\" \/>\n<meta name=\"author\" content=\"Raffaella Galamini\" \/>\n<meta name=\"twitter:card\" content=\"summary_large_image\" \/>\n<meta name=\"twitter:creator\" content=\"@orio\" \/>\n<meta name=\"twitter:site\" content=\"@intoscana\" \/>\n<meta name=\"twitter:label1\" content=\"Written by\" \/>\n\t<meta name=\"twitter:data1\" content=\"Raffaella Galamini\" \/>\n\t<meta name=\"twitter:label2\" content=\"Est. reading time\" \/>\n\t<meta name=\"twitter:data2\" content=\"5 minuti\" \/>\n<script type=\"application\/ld+json\" class=\"yoast-schema-graph\">{\"@context\":\"https:\/\/schema.org\",\"@graph\":[{\"@type\":\"WebPage\",\"@id\":\"https:\/\/www.intoscana.it\/it\/uffizi-diffusi-i-capolavori-in-guerra-tornano-a-poppi\/\",\"url\":\"https:\/\/www.intoscana.it\/it\/uffizi-diffusi-i-capolavori-in-guerra-tornano-a-poppi\/\",\"name\":\"Uffizi Diffusi, i capolavori in guerra e il mistero del Michelangelo rapito - intoscana\",\"isPartOf\":{\"@id\":\"https:\/\/www.intoscana.it\/it\/#website\"},\"primaryImageOfPage\":{\"@id\":\"https:\/\/www.intoscana.it\/it\/uffizi-diffusi-i-capolavori-in-guerra-tornano-a-poppi\/#primaryimage\"},\"image\":{\"@id\":\"https:\/\/www.intoscana.it\/it\/uffizi-diffusi-i-capolavori-in-guerra-tornano-a-poppi\/#primaryimage\"},\"thumbnailUrl\":\"https:\/\/www.intoscana.it\/wp-content\/uploads\/Immersiva1.jpg\",\"datePublished\":\"2023-08-17T07:16:06+00:00\",\"dateModified\":\"2023-08-17T08:40:57+00:00\",\"author\":{\"@id\":\"https:\/\/www.intoscana.it\/it\/#\/schema\/person\/9eb9daa846a49fe51af39a73d9d1986b\"},\"description\":\"Poppi nascose ai tedeschi dipinti e statue durante il II conflitto mondiale: ora le opere sono esposte nelle sale del castello\",\"breadcrumb\":{\"@id\":\"https:\/\/www.intoscana.it\/it\/uffizi-diffusi-i-capolavori-in-guerra-tornano-a-poppi\/#breadcrumb\"},\"inLanguage\":\"it-IT\",\"potentialAction\":[{\"@type\":\"ReadAction\",\"target\":[\"https:\/\/www.intoscana.it\/it\/uffizi-diffusi-i-capolavori-in-guerra-tornano-a-poppi\/\"]}]},{\"@type\":\"ImageObject\",\"inLanguage\":\"it-IT\",\"@id\":\"https:\/\/www.intoscana.it\/it\/uffizi-diffusi-i-capolavori-in-guerra-tornano-a-poppi\/#primaryimage\",\"url\":\"https:\/\/www.intoscana.it\/wp-content\/uploads\/Immersiva1.jpg\",\"contentUrl\":\"https:\/\/www.intoscana.it\/wp-content\/uploads\/Immersiva1.jpg\",\"width\":1119,\"height\":609,\"caption\":\"La mostra immersiva Michelangelo rapito - Capolavori in guerra dagli Uffizi al Casentino al castello di Poppi\"},{\"@type\":\"BreadcrumbList\",\"@id\":\"https:\/\/www.intoscana.it\/it\/uffizi-diffusi-i-capolavori-in-guerra-tornano-a-poppi\/#breadcrumb\",\"itemListElement\":[{\"@type\":\"ListItem\",\"position\":1,\"name\":\"Home\",\"item\":\"https:\/\/www.intoscana.it\/it\/\"},{\"@type\":\"ListItem\",\"position\":2,\"name\":\"Uffizi Diffusi, i capolavori in guerra e il mistero del Michelangelo rapito\"}]},{\"@type\":\"WebSite\",\"@id\":\"https:\/\/www.intoscana.it\/it\/#website\",\"url\":\"https:\/\/www.intoscana.it\/it\/\",\"name\":\"intoscana\",\"description\":\"\",\"potentialAction\":[{\"@type\":\"SearchAction\",\"target\":{\"@type\":\"EntryPoint\",\"urlTemplate\":\"https:\/\/www.intoscana.it\/it\/?s={search_term_string}\"},\"query-input\":{\"@type\":\"PropertyValueSpecification\",\"valueRequired\":true,\"valueName\":\"search_term_string\"}}],\"inLanguage\":\"it-IT\"},{\"@type\":\"Person\",\"@id\":\"https:\/\/www.intoscana.it\/it\/#\/schema\/person\/9eb9daa846a49fe51af39a73d9d1986b\",\"name\":\"Raffaella Galamini\",\"sameAs\":[\"https:\/\/x.com\/orio\"],\"url\":\"https:\/\/www.intoscana.it\/it\/author\/r-galamini\/\"}]}<\/script>\n<!-- \/ Yoast SEO Premium plugin. -->","yoast_head_json":{"title":"Uffizi Diffusi, i capolavori in guerra e il mistero del Michelangelo rapito - intoscana","description":"Poppi nascose ai tedeschi dipinti e statue durante il II conflitto mondiale: ora le opere sono esposte nelle sale del castello","robots":{"index":"index","follow":"follow","max-snippet":"max-snippet:-1","max-image-preview":"max-image-preview:large","max-video-preview":"max-video-preview:-1"},"canonical":"https:\/\/www.intoscana.it\/it\/uffizi-diffusi-i-capolavori-in-guerra-tornano-a-poppi\/","og_locale":"it_IT","og_type":"article","og_title":"Uffizi Diffusi, i capolavori in guerra e il mistero del Michelangelo rapito","og_description":"Poppi nascose ai tedeschi dipinti e statue durante il II conflitto mondiale: ora le opere sono esposte nelle sale del castello","og_url":"https:\/\/www.intoscana.it\/it\/uffizi-diffusi-i-capolavori-in-guerra-tornano-a-poppi\/","og_site_name":"intoscana","article_publisher":"https:\/\/www.facebook.com\/intoscana.it","article_published_time":"2023-08-17T07:16:06+00:00","article_modified_time":"2023-08-17T08:40:57+00:00","og_image":[{"width":1119,"height":609,"url":"https:\/\/www.intoscana.it\/wp-content\/uploads\/Immersiva1.jpg","type":"image\/jpeg"}],"author":"Raffaella Galamini","twitter_card":"summary_large_image","twitter_creator":"@orio","twitter_site":"@intoscana","twitter_misc":{"Written by":"Raffaella Galamini","Est. reading time":"5 minuti"},"schema":{"@context":"https:\/\/schema.org","@graph":[{"@type":"WebPage","@id":"https:\/\/www.intoscana.it\/it\/uffizi-diffusi-i-capolavori-in-guerra-tornano-a-poppi\/","url":"https:\/\/www.intoscana.it\/it\/uffizi-diffusi-i-capolavori-in-guerra-tornano-a-poppi\/","name":"Uffizi Diffusi, i capolavori in guerra e il mistero del Michelangelo rapito - intoscana","isPartOf":{"@id":"https:\/\/www.intoscana.it\/it\/#website"},"primaryImageOfPage":{"@id":"https:\/\/www.intoscana.it\/it\/uffizi-diffusi-i-capolavori-in-guerra-tornano-a-poppi\/#primaryimage"},"image":{"@id":"https:\/\/www.intoscana.it\/it\/uffizi-diffusi-i-capolavori-in-guerra-tornano-a-poppi\/#primaryimage"},"thumbnailUrl":"https:\/\/www.intoscana.it\/wp-content\/uploads\/Immersiva1.jpg","datePublished":"2023-08-17T07:16:06+00:00","dateModified":"2023-08-17T08:40:57+00:00","author":{"@id":"https:\/\/www.intoscana.it\/it\/#\/schema\/person\/9eb9daa846a49fe51af39a73d9d1986b"},"description":"Poppi nascose ai tedeschi dipinti e statue durante il II conflitto mondiale: ora le opere sono esposte nelle sale del castello","breadcrumb":{"@id":"https:\/\/www.intoscana.it\/it\/uffizi-diffusi-i-capolavori-in-guerra-tornano-a-poppi\/#breadcrumb"},"inLanguage":"it-IT","potentialAction":[{"@type":"ReadAction","target":["https:\/\/www.intoscana.it\/it\/uffizi-diffusi-i-capolavori-in-guerra-tornano-a-poppi\/"]}]},{"@type":"ImageObject","inLanguage":"it-IT","@id":"https:\/\/www.intoscana.it\/it\/uffizi-diffusi-i-capolavori-in-guerra-tornano-a-poppi\/#primaryimage","url":"https:\/\/www.intoscana.it\/wp-content\/uploads\/Immersiva1.jpg","contentUrl":"https:\/\/www.intoscana.it\/wp-content\/uploads\/Immersiva1.jpg","width":1119,"height":609,"caption":"La mostra immersiva Michelangelo rapito - Capolavori in guerra dagli Uffizi al Casentino al castello di Poppi"},{"@type":"BreadcrumbList","@id":"https:\/\/www.intoscana.it\/it\/uffizi-diffusi-i-capolavori-in-guerra-tornano-a-poppi\/#breadcrumb","itemListElement":[{"@type":"ListItem","position":1,"name":"Home","item":"https:\/\/www.intoscana.it\/it\/"},{"@type":"ListItem","position":2,"name":"Uffizi Diffusi, i capolavori in guerra e il mistero del Michelangelo rapito"}]},{"@type":"WebSite","@id":"https:\/\/www.intoscana.it\/it\/#website","url":"https:\/\/www.intoscana.it\/it\/","name":"intoscana","description":"","potentialAction":[{"@type":"SearchAction","target":{"@type":"EntryPoint","urlTemplate":"https:\/\/www.intoscana.it\/it\/?s={search_term_string}"},"query-input":{"@type":"PropertyValueSpecification","valueRequired":true,"valueName":"search_term_string"}}],"inLanguage":"it-IT"},{"@type":"Person","@id":"https:\/\/www.intoscana.it\/it\/#\/schema\/person\/9eb9daa846a49fe51af39a73d9d1986b","name":"Raffaella Galamini","sameAs":["https:\/\/x.com\/orio"],"url":"https:\/\/www.intoscana.it\/it\/author\/r-galamini\/"}]}},"_links":{"self":[{"href":"https:\/\/www.intoscana.it\/it\/wp-json\/wp\/v2\/posts\/296549","targetHints":{"allow":["GET"]}}],"collection":[{"href":"https:\/\/www.intoscana.it\/it\/wp-json\/wp\/v2\/posts"}],"about":[{"href":"https:\/\/www.intoscana.it\/it\/wp-json\/wp\/v2\/types\/post"}],"author":[{"embeddable":true,"href":"https:\/\/www.intoscana.it\/it\/wp-json\/wp\/v2\/users\/554"}],"replies":[{"embeddable":true,"href":"https:\/\/www.intoscana.it\/it\/wp-json\/wp\/v2\/comments?post=296549"}],"version-history":[{"count":0,"href":"https:\/\/www.intoscana.it\/it\/wp-json\/wp\/v2\/posts\/296549\/revisions"}],"wp:featuredmedia":[{"embeddable":true,"href":"https:\/\/www.intoscana.it\/it\/wp-json\/wp\/v2\/media\/300159"}],"wp:attachment":[{"href":"https:\/\/www.intoscana.it\/it\/wp-json\/wp\/v2\/media?parent=296549"}],"wp:term":[{"taxonomy":"category","embeddable":true,"href":"https:\/\/www.intoscana.it\/it\/wp-json\/wp\/v2\/categories?post=296549"},{"taxonomy":"post_tag","embeddable":true,"href":"https:\/\/www.intoscana.it\/it\/wp-json\/wp\/v2\/tags?post=296549"}],"curies":[{"name":"wp","href":"https:\/\/api.w.org\/{rel}","templated":true}]}}