{"id":296701,"date":"2023-07-18T15:59:59","date_gmt":"2023-07-18T13:59:59","guid":{"rendered":"https:\/\/www.intoscana.it\/it\/?p=296701"},"modified":"2023-07-23T18:01:51","modified_gmt":"2023-07-23T16:01:51","slug":"pronto-badante-il-numero-dedicato-agli-anziani-che-necessitano-di-assistenza","status":"publish","type":"post","link":"https:\/\/www.intoscana.it\/it\/pronto-badante-il-numero-dedicato-agli-anziani-che-necessitano-di-assistenza\/","title":{"rendered":"Pronto Badante, il numero dedicato agli anziani che necessitano di assistenza"},"content":{"rendered":"<p>Torna <strong>\u201cPronto Badante\u201d<\/strong>, il progetto regionale che dal 2016 offre un aiuto alle persone ultra65 e alle famiglie che si trovano per la prima volta ad affrontare una situazione di fragilit\u00e0 e non hanno ancora un progetto di assistenza. La gestione \u00e8 affidata alle Societ\u00e0 della salute e le Zone distretto che dovranno attivare gli interventi individuando i soggetti del terzo settore che gestiranno le azioni. La <strong>Regione Toscana<\/strong> ha stanziato 9 milioni per il triennio 2023-2026.<\/p>\n<p>Il servizio \u00e8 gi\u00e0 <mark>tornato attivo in 24 dei 28 ambiti sociosanitari territoriali della Toscana, mentre nelle restanti quattro zone (Mugello, Lunigiana, Amiata Senese &#8211; Val d&#8217;Orcia &#8211; Val di Chiana Senese e Alta Valdelsa) sar\u00e0 di nuovo attivo nei prossimi giorni.<\/mark><\/p>\n<h3><em>Come funziona<\/em><\/h3>\n<p>Il numero da chiamare \u00e8 lo <strong>055.4383000<\/strong>, unico per tutta la Toscana, attivo dal luned\u00ec al venerd\u00ec dalle 8 alle 19.30 e il sabato dalle 8 alle 15. Dal momento della segnalazione sar\u00e0 offerto supporto e tutoraggio entro massimo 48 ore. L\u2019operatore orienter\u00e0 la famiglia o la persona anziana sui servizi territoriali disponibili e gli adempimenti amministrativi necessari, compresa la ricerca di un assistente familiare accreditato e tutte le informazioni utili al miglioramento della qualit\u00e0 della vita all&#8217;interno dell&#8217;ambiente domestico. Inoltre per l\u2019anziano in stato di fragilit\u00e0, indipendentemente dal reddito, \u00e8 <mark>disponibile un libretto di famiglia da 300 euro, una tantum, per 30 ore di assistenza familiare da utilizzare per le prime necessit\u00e0.<\/mark><\/p>\n<p>\u201cDopo una breve interruzione, che ha consentito la riorganizzazione del servizio per il prossimo triennio, \u00e8 importante che questa nuova fase del &#8220;Pronto Badante&#8221; riparta nei tempi e con gli aggiornamenti previsti &#8211; dichiara l\u2019assessora regionale alle politiche sociali, <strong>Serena Spinelli<\/strong> &#8211; \u00c8 stata rafforzata anche la presa in carico sociale della persona anziana in difficolt\u00e0, con le visite a domicilio e con interventi volti anche al contrasto della solitudine e all&#8217;inclusione sociale. Questo grazie al <mark>potenziamento di una rete di protezione a supporto della famiglia, che coinvolge il volontariato, il terzo settore e naturalmente i servizi sociosanitari pubblici territoriali&#8221;.<\/mark><\/p>\n<p>Dal 2016, Pronto badante ha risposto a <mark>106mila telefonate, sono state attivate pi\u00f9 di 45mila visite domiciliari, telefoniche o da remoto ed erogati oltre 28.000 sostegni economici attraverso l\u2019attivazione di libretti famiglia o buoni lavoro\/voucher.<\/mark><\/p>\n<p>Da aprile 2022 il servizio \u201cPronto Badante\u201d \u00e8 attivabile anche attraverso la app <strong>\u201cToscana salute\u201d<\/strong>.<br \/>\nTutte le informazioni relative al progetto sono disponibili nella <a href=\"https:\/\/www.regione.toscana.it\/web\/guest\/-\/pronto-badante-in-tutta-la-regione\" target=\"_blank\" rel=\"noopener\">pagina dedicata del sito di Regione Toscana <\/a>.<\/p>\n","protected":false},"excerpt":{"rendered":"<p>Chiamando lo 055.4383000 si entra in contatto con un operatore che orienter\u00e0 le persone verso il percorso pi\u00f9 adatto. L&#8217;assessora Spinelli: &#8220;Progetto confermato, rafforzata la presa in carico&#8221;<\/p>\n","protected":false},"author":525,"featured_media":73965,"comment_status":"open","ping_status":"open","sticky":false,"template":"","format":"standard","meta":{"_acf_changed":false,"footnotes":""},"categories":[18],"tags":[370,4822,5298],"class_list":["post-296701","post","type-post","status-publish","format-standard","has-post-thumbnail","hentry","category-salute","tag-anziani","tag-serena-spinelli","tag-sociale"],"acf":[],"yoast_head":"<!-- This site is optimized with the Yoast SEO Premium plugin v24.2 (Yoast SEO v25.6) - https:\/\/yoast.com\/wordpress\/plugins\/seo\/ -->\n<title>Pronto Badante, il numero dedicato agli anziani che necessitano di assistenza - intoscana<\/title>\n<meta name=\"description\" content=\"Chiamando lo 055.4383000 si entra in contatto con un operatore che orienter\u00e0 le persone verso il percorso pi\u00f9 adatto. L&#039;assessora Spinelli: &quot;Progetto confermato, rafforzata la presa in carico&quot;\" \/>\n<meta name=\"robots\" content=\"index, follow, max-snippet:-1, max-image-preview:large, max-video-preview:-1\" \/>\n<link rel=\"canonical\" href=\"https:\/\/www.intoscana.it\/it\/pronto-badante-il-numero-dedicato-agli-anziani-che-necessitano-di-assistenza\/\" \/>\n<meta property=\"og:locale\" content=\"it_IT\" \/>\n<meta property=\"og:type\" content=\"article\" \/>\n<meta property=\"og:title\" content=\"Pronto Badante, il numero dedicato agli anziani che necessitano di assistenza\" \/>\n<meta property=\"og:description\" content=\"Chiamando lo 055.4383000 si entra in contatto con un operatore che orienter\u00e0 le persone verso il percorso pi\u00f9 adatto. L&#039;assessora Spinelli: &quot;Progetto confermato, rafforzata la presa in carico&quot;\" \/>\n<meta property=\"og:url\" content=\"https:\/\/www.intoscana.it\/it\/pronto-badante-il-numero-dedicato-agli-anziani-che-necessitano-di-assistenza\/\" \/>\n<meta property=\"og:site_name\" content=\"intoscana\" \/>\n<meta property=\"article:publisher\" content=\"https:\/\/www.facebook.com\/intoscana.it\" \/>\n<meta property=\"article:published_time\" content=\"2023-07-18T13:59:59+00:00\" \/>\n<meta property=\"article:modified_time\" content=\"2023-07-23T16:01:51+00:00\" \/>\n<meta property=\"og:image\" content=\"https:\/\/www.intoscana.it\/wp-content\/uploads\/14_pronto_badante2.jpg\" \/>\n\t<meta property=\"og:image:width\" content=\"1000\" \/>\n\t<meta property=\"og:image:height\" content=\"711\" \/>\n\t<meta property=\"og:image:type\" content=\"image\/jpeg\" \/>\n<meta name=\"author\" content=\"Redazione\" \/>\n<meta name=\"twitter:card\" content=\"summary_large_image\" \/>\n<meta name=\"twitter:creator\" content=\"@intoscana\" \/>\n<meta name=\"twitter:site\" content=\"@intoscana\" \/>\n<meta name=\"twitter:label1\" content=\"Written by\" \/>\n\t<meta name=\"twitter:data1\" content=\"Redazione\" \/>\n\t<meta name=\"twitter:label2\" content=\"Est. reading time\" \/>\n\t<meta name=\"twitter:data2\" content=\"2 minuti\" \/>\n<script type=\"application\/ld+json\" class=\"yoast-schema-graph\">{\"@context\":\"https:\/\/schema.org\",\"@graph\":[{\"@type\":\"WebPage\",\"@id\":\"https:\/\/www.intoscana.it\/it\/pronto-badante-il-numero-dedicato-agli-anziani-che-necessitano-di-assistenza\/\",\"url\":\"https:\/\/www.intoscana.it\/it\/pronto-badante-il-numero-dedicato-agli-anziani-che-necessitano-di-assistenza\/\",\"name\":\"Pronto Badante, il numero dedicato agli anziani che necessitano di assistenza - intoscana\",\"isPartOf\":{\"@id\":\"https:\/\/www.intoscana.it\/it\/#website\"},\"primaryImageOfPage\":{\"@id\":\"https:\/\/www.intoscana.it\/it\/pronto-badante-il-numero-dedicato-agli-anziani-che-necessitano-di-assistenza\/#primaryimage\"},\"image\":{\"@id\":\"https:\/\/www.intoscana.it\/it\/pronto-badante-il-numero-dedicato-agli-anziani-che-necessitano-di-assistenza\/#primaryimage\"},\"thumbnailUrl\":\"https:\/\/www.intoscana.it\/wp-content\/uploads\/14_pronto_badante2.jpg\",\"datePublished\":\"2023-07-18T13:59:59+00:00\",\"dateModified\":\"2023-07-23T16:01:51+00:00\",\"author\":{\"@id\":\"https:\/\/www.intoscana.it\/it\/#\/schema\/person\/9223810753230f20bd670fdd322661f8\"},\"description\":\"Chiamando lo 055.4383000 si entra in contatto con un operatore che orienter\u00e0 le persone verso il percorso pi\u00f9 adatto. L'assessora Spinelli: \\\"Progetto confermato, rafforzata la presa in carico\\\"\",\"breadcrumb\":{\"@id\":\"https:\/\/www.intoscana.it\/it\/pronto-badante-il-numero-dedicato-agli-anziani-che-necessitano-di-assistenza\/#breadcrumb\"},\"inLanguage\":\"it-IT\",\"potentialAction\":[{\"@type\":\"ReadAction\",\"target\":[\"https:\/\/www.intoscana.it\/it\/pronto-badante-il-numero-dedicato-agli-anziani-che-necessitano-di-assistenza\/\"]}]},{\"@type\":\"ImageObject\",\"inLanguage\":\"it-IT\",\"@id\":\"https:\/\/www.intoscana.it\/it\/pronto-badante-il-numero-dedicato-agli-anziani-che-necessitano-di-assistenza\/#primaryimage\",\"url\":\"https:\/\/www.intoscana.it\/wp-content\/uploads\/14_pronto_badante2.jpg\",\"contentUrl\":\"https:\/\/www.intoscana.it\/wp-content\/uploads\/14_pronto_badante2.jpg\",\"width\":1000,\"height\":711},{\"@type\":\"BreadcrumbList\",\"@id\":\"https:\/\/www.intoscana.it\/it\/pronto-badante-il-numero-dedicato-agli-anziani-che-necessitano-di-assistenza\/#breadcrumb\",\"itemListElement\":[{\"@type\":\"ListItem\",\"position\":1,\"name\":\"Home\",\"item\":\"https:\/\/www.intoscana.it\/it\/\"},{\"@type\":\"ListItem\",\"position\":2,\"name\":\"Pronto Badante, il numero dedicato agli anziani che necessitano di assistenza\"}]},{\"@type\":\"WebSite\",\"@id\":\"https:\/\/www.intoscana.it\/it\/#website\",\"url\":\"https:\/\/www.intoscana.it\/it\/\",\"name\":\"intoscana\",\"description\":\"\",\"potentialAction\":[{\"@type\":\"SearchAction\",\"target\":{\"@type\":\"EntryPoint\",\"urlTemplate\":\"https:\/\/www.intoscana.it\/it\/?s={search_term_string}\"},\"query-input\":{\"@type\":\"PropertyValueSpecification\",\"valueRequired\":true,\"valueName\":\"search_term_string\"}}],\"inLanguage\":\"it-IT\"},{\"@type\":\"Person\",\"@id\":\"https:\/\/www.intoscana.it\/it\/#\/schema\/person\/9223810753230f20bd670fdd322661f8\",\"name\":\"Redazione\",\"url\":\"https:\/\/www.intoscana.it\/it\/author\/redazione\/\"}]}<\/script>\n<!-- \/ Yoast SEO Premium plugin. -->","yoast_head_json":{"title":"Pronto Badante, il numero dedicato agli anziani che necessitano di assistenza - intoscana","description":"Chiamando lo 055.4383000 si entra in contatto con un operatore che orienter\u00e0 le persone verso il percorso pi\u00f9 adatto. L'assessora Spinelli: \"Progetto confermato, rafforzata la presa in carico\"","robots":{"index":"index","follow":"follow","max-snippet":"max-snippet:-1","max-image-preview":"max-image-preview:large","max-video-preview":"max-video-preview:-1"},"canonical":"https:\/\/www.intoscana.it\/it\/pronto-badante-il-numero-dedicato-agli-anziani-che-necessitano-di-assistenza\/","og_locale":"it_IT","og_type":"article","og_title":"Pronto Badante, il numero dedicato agli anziani che necessitano di assistenza","og_description":"Chiamando lo 055.4383000 si entra in contatto con un operatore che orienter\u00e0 le persone verso il percorso pi\u00f9 adatto. L'assessora Spinelli: \"Progetto confermato, rafforzata la presa in carico\"","og_url":"https:\/\/www.intoscana.it\/it\/pronto-badante-il-numero-dedicato-agli-anziani-che-necessitano-di-assistenza\/","og_site_name":"intoscana","article_publisher":"https:\/\/www.facebook.com\/intoscana.it","article_published_time":"2023-07-18T13:59:59+00:00","article_modified_time":"2023-07-23T16:01:51+00:00","og_image":[{"width":1000,"height":711,"url":"https:\/\/www.intoscana.it\/wp-content\/uploads\/14_pronto_badante2.jpg","type":"image\/jpeg"}],"author":"Redazione","twitter_card":"summary_large_image","twitter_creator":"@intoscana","twitter_site":"@intoscana","twitter_misc":{"Written by":"Redazione","Est. reading time":"2 minuti"},"schema":{"@context":"https:\/\/schema.org","@graph":[{"@type":"WebPage","@id":"https:\/\/www.intoscana.it\/it\/pronto-badante-il-numero-dedicato-agli-anziani-che-necessitano-di-assistenza\/","url":"https:\/\/www.intoscana.it\/it\/pronto-badante-il-numero-dedicato-agli-anziani-che-necessitano-di-assistenza\/","name":"Pronto Badante, il numero dedicato agli anziani che necessitano di assistenza - intoscana","isPartOf":{"@id":"https:\/\/www.intoscana.it\/it\/#website"},"primaryImageOfPage":{"@id":"https:\/\/www.intoscana.it\/it\/pronto-badante-il-numero-dedicato-agli-anziani-che-necessitano-di-assistenza\/#primaryimage"},"image":{"@id":"https:\/\/www.intoscana.it\/it\/pronto-badante-il-numero-dedicato-agli-anziani-che-necessitano-di-assistenza\/#primaryimage"},"thumbnailUrl":"https:\/\/www.intoscana.it\/wp-content\/uploads\/14_pronto_badante2.jpg","datePublished":"2023-07-18T13:59:59+00:00","dateModified":"2023-07-23T16:01:51+00:00","author":{"@id":"https:\/\/www.intoscana.it\/it\/#\/schema\/person\/9223810753230f20bd670fdd322661f8"},"description":"Chiamando lo 055.4383000 si entra in contatto con un operatore che orienter\u00e0 le persone verso il percorso pi\u00f9 adatto. L'assessora Spinelli: \"Progetto confermato, rafforzata la presa in carico\"","breadcrumb":{"@id":"https:\/\/www.intoscana.it\/it\/pronto-badante-il-numero-dedicato-agli-anziani-che-necessitano-di-assistenza\/#breadcrumb"},"inLanguage":"it-IT","potentialAction":[{"@type":"ReadAction","target":["https:\/\/www.intoscana.it\/it\/pronto-badante-il-numero-dedicato-agli-anziani-che-necessitano-di-assistenza\/"]}]},{"@type":"ImageObject","inLanguage":"it-IT","@id":"https:\/\/www.intoscana.it\/it\/pronto-badante-il-numero-dedicato-agli-anziani-che-necessitano-di-assistenza\/#primaryimage","url":"https:\/\/www.intoscana.it\/wp-content\/uploads\/14_pronto_badante2.jpg","contentUrl":"https:\/\/www.intoscana.it\/wp-content\/uploads\/14_pronto_badante2.jpg","width":1000,"height":711},{"@type":"BreadcrumbList","@id":"https:\/\/www.intoscana.it\/it\/pronto-badante-il-numero-dedicato-agli-anziani-che-necessitano-di-assistenza\/#breadcrumb","itemListElement":[{"@type":"ListItem","position":1,"name":"Home","item":"https:\/\/www.intoscana.it\/it\/"},{"@type":"ListItem","position":2,"name":"Pronto Badante, il numero dedicato agli anziani che necessitano di assistenza"}]},{"@type":"WebSite","@id":"https:\/\/www.intoscana.it\/it\/#website","url":"https:\/\/www.intoscana.it\/it\/","name":"intoscana","description":"","potentialAction":[{"@type":"SearchAction","target":{"@type":"EntryPoint","urlTemplate":"https:\/\/www.intoscana.it\/it\/?s={search_term_string}"},"query-input":{"@type":"PropertyValueSpecification","valueRequired":true,"valueName":"search_term_string"}}],"inLanguage":"it-IT"},{"@type":"Person","@id":"https:\/\/www.intoscana.it\/it\/#\/schema\/person\/9223810753230f20bd670fdd322661f8","name":"Redazione","url":"https:\/\/www.intoscana.it\/it\/author\/redazione\/"}]}},"_links":{"self":[{"href":"https:\/\/www.intoscana.it\/it\/wp-json\/wp\/v2\/posts\/296701","targetHints":{"allow":["GET"]}}],"collection":[{"href":"https:\/\/www.intoscana.it\/it\/wp-json\/wp\/v2\/posts"}],"about":[{"href":"https:\/\/www.intoscana.it\/it\/wp-json\/wp\/v2\/types\/post"}],"author":[{"embeddable":true,"href":"https:\/\/www.intoscana.it\/it\/wp-json\/wp\/v2\/users\/525"}],"replies":[{"embeddable":true,"href":"https:\/\/www.intoscana.it\/it\/wp-json\/wp\/v2\/comments?post=296701"}],"version-history":[{"count":0,"href":"https:\/\/www.intoscana.it\/it\/wp-json\/wp\/v2\/posts\/296701\/revisions"}],"wp:featuredmedia":[{"embeddable":true,"href":"https:\/\/www.intoscana.it\/it\/wp-json\/wp\/v2\/media\/73965"}],"wp:attachment":[{"href":"https:\/\/www.intoscana.it\/it\/wp-json\/wp\/v2\/media?parent=296701"}],"wp:term":[{"taxonomy":"category","embeddable":true,"href":"https:\/\/www.intoscana.it\/it\/wp-json\/wp\/v2\/categories?post=296701"},{"taxonomy":"post_tag","embeddable":true,"href":"https:\/\/www.intoscana.it\/it\/wp-json\/wp\/v2\/tags?post=296701"}],"curies":[{"name":"wp","href":"https:\/\/api.w.org\/{rel}","templated":true}]}}