{"id":296733,"date":"2023-07-18T16:38:24","date_gmt":"2023-07-18T14:38:24","guid":{"rendered":"https:\/\/www.intoscana.it\/it\/?p=296733"},"modified":"2023-07-18T16:38:24","modified_gmt":"2023-07-18T14:38:24","slug":"la-sanita-della-toscana-guarda-al-futuro-con-la-telemedicina","status":"publish","type":"post","link":"https:\/\/www.intoscana.it\/it\/la-sanita-della-toscana-guarda-al-futuro-con-la-telemedicina\/","title":{"rendered":"La sanit\u00e0 della Toscana guarda al futuro con la telemedicina"},"content":{"rendered":"<p>Un nuovo modello organizzativo dei servizi di <strong>telemedicina<\/strong> \u00e8 stato approvato dalla Giunta regionale toscana, su proposta dell\u2019assessore al diritto alla salute, <strong>Simone Bezzini<\/strong>.\u00a0 \u201cVogliamo migliorare la qualit\u00e0 della presa in carico \u2013 spiega l\u2019assessore \u2013 Alla prima visita in presenza seguir\u00e0 un percorso multiprofessionale teleassistito&#8221;. L\u2019obiettivo \u00e8 <mark>attivare &#8220;entro quest\u2019anno almeno un progetto di telemedicina in ogni azienda, arrivando ad assistere nei prossimi tre anni almeno 200.000 persone, con particolare attenzione ai pazienti cronici&#8221;.<\/mark><\/p>\n<p>Verranno implementate le attivit\u00e0 di <strong>telemonitoraggio<\/strong> e <strong>teleassistenza<\/strong>, insieme &#8220;alla messa a disposizione di attivit\u00e0 di supporto, logistiche e formative per gli operatori sanitari e i cittadini\u201d. Il programma operativo prevede che tutte le strutture coinvolte nell\u2019attuazione dei servizi di telemedicina siano connesse alla <strong>rete telematica regionale<\/strong> della sanit\u00e0 e siano dotate degli applicativi software previsti all\u2019interno del sistema informativo territoriale unico regionale.<\/p>\n<p>Sul territorio sar\u00e0 <mark>attivata una Centrale operativa territoriale (Cot) in ogni Distretto che avr\u00e0 prima di tutto una funzione di coordinamento della presa in carico della persona<\/mark> e di raccordo tra servizi e professionisti coinvolti nei diversi setting assistenziali, anche attraverso interventi di interconnessione aziendale e la dotazione di appositi dispositivi.<\/p>\n<p>La Regione ha previsto l\u2019attivazione di un centro servizi unico regionale (ospitato all\u2019interno dei locali del data-center regionale) con una disponibilit\u00e0 di tecnici disposti sul territorio regionale, in corrispondenza delle tre aree vaste, ed in numero adeguato a coprire la corretta gestione dei dispositivi medici e di garantire la formazione sull\u2019utilizzo degli stessi.<\/p>\n<p>&#8220;L\u2019idea \u00e8 quella di consentire al paziente di muoversi il meno possibile per raggiungere i luoghi di cura e di garantire una presa in carico pi\u00f9 rapida, perch\u00e9 fornita telematicamente, e al tempo stesso assicurata da equipes mediche che possano lavorare in team senza costringere il paziente a sottoporsi a visite diverse e scaglionate nel tempo. <mark>Ovviamente la modalit\u00e0 a distanza vale per le visite successive alla prima, che deve obbligatoriamente rimanere in presenza \u201d,<\/mark> precisa Bezzini.<\/p>\n<h3><em>Le patologie trattabili e i servizi<\/em><\/h3>\n<p>Le <strong>patologie<\/strong> che verranno trattate con la nuova modalit\u00e0 sono quelle respiratorie, cardiologiche, neurologiche, oncologiche e il diabete. Deve sempre essere garantita la possibilit\u00e0 di scambiare anche in tempo reale i dati clinici, i referti medici, le immagini, audio-video, relativi al paziente. L\u2019anamnesi pu\u00f2 essere raccolta per mezzo di una videochiamata.<\/p>\n<p>La <strong>televisita<\/strong> si concluder\u00e0 sempre con un referto (ad eccezione dei casi in cui sia effettuata dal medico di medicina generale e dal pediatra) che deve essere inviato al Fascicolo sanitario elettronico, ma su richiesta potr\u00e0 essere anche inviato a casa. <mark>\u201cSpetter\u00e0 ovviamente ai medici &#8211; conclude l\u2019assessore Bezzini \u2013 stabilire se le condizioni cliniche del paziente e le sue necessit\u00e0 permetteranno il ricorso alla modalit\u00e0 telematica oppure se dovr\u00e0 essere proseguita la tradizionale assistenza in presenza&#8221;.<\/mark><\/p>\n<p>Dopo l\u2019anamnesi, la diagnosi e la somministrazione della terapia, \u00e8 previsto il ricorso al <strong>telemonitoraggio<\/strong>, che permette il rilevamento e la trasmissione a distanza di parametri vitali e clinici in modo continuo ed automatico, per mezzo di sensori che interagiscono con il paziente come i saturimetri, gli elettrocardiografi, le bilance, i termometri, i monitor cardiorespiratori, gli spirometri, i glucometri e altri.<\/p>\n<p>La <strong>teleassistenza<\/strong>, invece,\u00a0 si basa <mark>sull\u2019interazione a distanza tra il professionista e paziente (o caregiver) per mezzo di una videochiamata.<\/mark> Lo scopo \u00e8 quello di agevolare il corretto svolgimento di attivit\u00e0 assistenziali, eseguibili prevalentemente a domicilio.<\/p>\n","protected":false},"excerpt":{"rendered":"<p>Approvato dalla giunta regionale il nuovo modello organizzativo. L&#8217;assessore Bezzini: &#8220;Alla prima visita in presenza seguir\u00e0 un percorso multiprofessionale teleassistito&#8221;<\/p>\n","protected":false},"author":525,"featured_media":143407,"comment_status":"open","ping_status":"open","sticky":false,"template":"","format":"standard","meta":{"_acf_changed":false,"footnotes":""},"categories":[18],"tags":[381,4883,4377],"class_list":["post-296733","post","type-post","status-publish","format-standard","has-post-thumbnail","hentry","category-salute","tag-medicina","tag-simone-bezzini","tag-teleconsulto"],"acf":[],"yoast_head":"<!-- This site is optimized with the Yoast SEO Premium plugin v24.2 (Yoast SEO v25.6) - https:\/\/yoast.com\/wordpress\/plugins\/seo\/ -->\n<title>La sanit\u00e0 della Toscana guarda al futuro con la telemedicina - intoscana<\/title>\n<meta name=\"description\" content=\"Approvato dalla giunta regionale il nuovo modello organizzativo. L&#039;assessore Bezzini: &quot;Alla prima visita in presenza seguir\u00e0 un percorso multiprofessionale teleassistito&quot;\" \/>\n<meta name=\"robots\" content=\"index, follow, max-snippet:-1, max-image-preview:large, max-video-preview:-1\" \/>\n<link rel=\"canonical\" href=\"https:\/\/www.intoscana.it\/it\/la-sanita-della-toscana-guarda-al-futuro-con-la-telemedicina\/\" \/>\n<meta property=\"og:locale\" content=\"it_IT\" \/>\n<meta property=\"og:type\" content=\"article\" \/>\n<meta property=\"og:title\" content=\"La sanit\u00e0 della Toscana guarda al futuro con la telemedicina\" \/>\n<meta property=\"og:description\" content=\"Approvato dalla giunta regionale il nuovo modello organizzativo. L&#039;assessore Bezzini: &quot;Alla prima visita in presenza seguir\u00e0 un percorso multiprofessionale teleassistito&quot;\" \/>\n<meta property=\"og:url\" content=\"https:\/\/www.intoscana.it\/it\/la-sanita-della-toscana-guarda-al-futuro-con-la-telemedicina\/\" \/>\n<meta property=\"og:site_name\" content=\"intoscana\" \/>\n<meta property=\"article:publisher\" content=\"https:\/\/www.facebook.com\/intoscana.it\" \/>\n<meta property=\"article:published_time\" content=\"2023-07-18T14:38:24+00:00\" \/>\n<meta property=\"og:image\" content=\"https:\/\/www.intoscana.it\/wp-content\/uploads\/telemedicina-bando-rt.jpg\" \/>\n\t<meta property=\"og:image:width\" content=\"1000\" \/>\n\t<meta property=\"og:image:height\" content=\"667\" \/>\n\t<meta property=\"og:image:type\" content=\"image\/jpeg\" \/>\n<meta name=\"author\" content=\"Redazione\" \/>\n<meta name=\"twitter:card\" content=\"summary_large_image\" \/>\n<meta name=\"twitter:creator\" content=\"@intoscana\" \/>\n<meta name=\"twitter:site\" content=\"@intoscana\" \/>\n<meta name=\"twitter:label1\" content=\"Written by\" \/>\n\t<meta name=\"twitter:data1\" content=\"Redazione\" \/>\n\t<meta name=\"twitter:label2\" content=\"Est. reading time\" \/>\n\t<meta name=\"twitter:data2\" content=\"3 minuti\" \/>\n<script type=\"application\/ld+json\" class=\"yoast-schema-graph\">{\"@context\":\"https:\/\/schema.org\",\"@graph\":[{\"@type\":\"WebPage\",\"@id\":\"https:\/\/www.intoscana.it\/it\/la-sanita-della-toscana-guarda-al-futuro-con-la-telemedicina\/\",\"url\":\"https:\/\/www.intoscana.it\/it\/la-sanita-della-toscana-guarda-al-futuro-con-la-telemedicina\/\",\"name\":\"La sanit\u00e0 della Toscana guarda al futuro con la telemedicina - intoscana\",\"isPartOf\":{\"@id\":\"https:\/\/www.intoscana.it\/it\/#website\"},\"primaryImageOfPage\":{\"@id\":\"https:\/\/www.intoscana.it\/it\/la-sanita-della-toscana-guarda-al-futuro-con-la-telemedicina\/#primaryimage\"},\"image\":{\"@id\":\"https:\/\/www.intoscana.it\/it\/la-sanita-della-toscana-guarda-al-futuro-con-la-telemedicina\/#primaryimage\"},\"thumbnailUrl\":\"https:\/\/www.intoscana.it\/wp-content\/uploads\/telemedicina-bando-rt.jpg\",\"datePublished\":\"2023-07-18T14:38:24+00:00\",\"author\":{\"@id\":\"https:\/\/www.intoscana.it\/it\/#\/schema\/person\/9223810753230f20bd670fdd322661f8\"},\"description\":\"Approvato dalla giunta regionale il nuovo modello organizzativo. L'assessore Bezzini: \\\"Alla prima visita in presenza seguir\u00e0 un percorso multiprofessionale teleassistito\\\"\",\"breadcrumb\":{\"@id\":\"https:\/\/www.intoscana.it\/it\/la-sanita-della-toscana-guarda-al-futuro-con-la-telemedicina\/#breadcrumb\"},\"inLanguage\":\"it-IT\",\"potentialAction\":[{\"@type\":\"ReadAction\",\"target\":[\"https:\/\/www.intoscana.it\/it\/la-sanita-della-toscana-guarda-al-futuro-con-la-telemedicina\/\"]}]},{\"@type\":\"ImageObject\",\"inLanguage\":\"it-IT\",\"@id\":\"https:\/\/www.intoscana.it\/it\/la-sanita-della-toscana-guarda-al-futuro-con-la-telemedicina\/#primaryimage\",\"url\":\"https:\/\/www.intoscana.it\/wp-content\/uploads\/telemedicina-bando-rt.jpg\",\"contentUrl\":\"https:\/\/www.intoscana.it\/wp-content\/uploads\/telemedicina-bando-rt.jpg\",\"width\":1000,\"height\":667},{\"@type\":\"BreadcrumbList\",\"@id\":\"https:\/\/www.intoscana.it\/it\/la-sanita-della-toscana-guarda-al-futuro-con-la-telemedicina\/#breadcrumb\",\"itemListElement\":[{\"@type\":\"ListItem\",\"position\":1,\"name\":\"Home\",\"item\":\"https:\/\/www.intoscana.it\/it\/\"},{\"@type\":\"ListItem\",\"position\":2,\"name\":\"La sanit\u00e0 della Toscana guarda al futuro con la telemedicina\"}]},{\"@type\":\"WebSite\",\"@id\":\"https:\/\/www.intoscana.it\/it\/#website\",\"url\":\"https:\/\/www.intoscana.it\/it\/\",\"name\":\"intoscana\",\"description\":\"\",\"potentialAction\":[{\"@type\":\"SearchAction\",\"target\":{\"@type\":\"EntryPoint\",\"urlTemplate\":\"https:\/\/www.intoscana.it\/it\/?s={search_term_string}\"},\"query-input\":{\"@type\":\"PropertyValueSpecification\",\"valueRequired\":true,\"valueName\":\"search_term_string\"}}],\"inLanguage\":\"it-IT\"},{\"@type\":\"Person\",\"@id\":\"https:\/\/www.intoscana.it\/it\/#\/schema\/person\/9223810753230f20bd670fdd322661f8\",\"name\":\"Redazione\",\"url\":\"https:\/\/www.intoscana.it\/it\/author\/redazione\/\"}]}<\/script>\n<!-- \/ Yoast SEO Premium plugin. -->","yoast_head_json":{"title":"La sanit\u00e0 della Toscana guarda al futuro con la telemedicina - intoscana","description":"Approvato dalla giunta regionale il nuovo modello organizzativo. L'assessore Bezzini: \"Alla prima visita in presenza seguir\u00e0 un percorso multiprofessionale teleassistito\"","robots":{"index":"index","follow":"follow","max-snippet":"max-snippet:-1","max-image-preview":"max-image-preview:large","max-video-preview":"max-video-preview:-1"},"canonical":"https:\/\/www.intoscana.it\/it\/la-sanita-della-toscana-guarda-al-futuro-con-la-telemedicina\/","og_locale":"it_IT","og_type":"article","og_title":"La sanit\u00e0 della Toscana guarda al futuro con la telemedicina","og_description":"Approvato dalla giunta regionale il nuovo modello organizzativo. L'assessore Bezzini: \"Alla prima visita in presenza seguir\u00e0 un percorso multiprofessionale teleassistito\"","og_url":"https:\/\/www.intoscana.it\/it\/la-sanita-della-toscana-guarda-al-futuro-con-la-telemedicina\/","og_site_name":"intoscana","article_publisher":"https:\/\/www.facebook.com\/intoscana.it","article_published_time":"2023-07-18T14:38:24+00:00","og_image":[{"width":1000,"height":667,"url":"https:\/\/www.intoscana.it\/wp-content\/uploads\/telemedicina-bando-rt.jpg","type":"image\/jpeg"}],"author":"Redazione","twitter_card":"summary_large_image","twitter_creator":"@intoscana","twitter_site":"@intoscana","twitter_misc":{"Written by":"Redazione","Est. reading time":"3 minuti"},"schema":{"@context":"https:\/\/schema.org","@graph":[{"@type":"WebPage","@id":"https:\/\/www.intoscana.it\/it\/la-sanita-della-toscana-guarda-al-futuro-con-la-telemedicina\/","url":"https:\/\/www.intoscana.it\/it\/la-sanita-della-toscana-guarda-al-futuro-con-la-telemedicina\/","name":"La sanit\u00e0 della Toscana guarda al futuro con la telemedicina - intoscana","isPartOf":{"@id":"https:\/\/www.intoscana.it\/it\/#website"},"primaryImageOfPage":{"@id":"https:\/\/www.intoscana.it\/it\/la-sanita-della-toscana-guarda-al-futuro-con-la-telemedicina\/#primaryimage"},"image":{"@id":"https:\/\/www.intoscana.it\/it\/la-sanita-della-toscana-guarda-al-futuro-con-la-telemedicina\/#primaryimage"},"thumbnailUrl":"https:\/\/www.intoscana.it\/wp-content\/uploads\/telemedicina-bando-rt.jpg","datePublished":"2023-07-18T14:38:24+00:00","author":{"@id":"https:\/\/www.intoscana.it\/it\/#\/schema\/person\/9223810753230f20bd670fdd322661f8"},"description":"Approvato dalla giunta regionale il nuovo modello organizzativo. L'assessore Bezzini: \"Alla prima visita in presenza seguir\u00e0 un percorso multiprofessionale teleassistito\"","breadcrumb":{"@id":"https:\/\/www.intoscana.it\/it\/la-sanita-della-toscana-guarda-al-futuro-con-la-telemedicina\/#breadcrumb"},"inLanguage":"it-IT","potentialAction":[{"@type":"ReadAction","target":["https:\/\/www.intoscana.it\/it\/la-sanita-della-toscana-guarda-al-futuro-con-la-telemedicina\/"]}]},{"@type":"ImageObject","inLanguage":"it-IT","@id":"https:\/\/www.intoscana.it\/it\/la-sanita-della-toscana-guarda-al-futuro-con-la-telemedicina\/#primaryimage","url":"https:\/\/www.intoscana.it\/wp-content\/uploads\/telemedicina-bando-rt.jpg","contentUrl":"https:\/\/www.intoscana.it\/wp-content\/uploads\/telemedicina-bando-rt.jpg","width":1000,"height":667},{"@type":"BreadcrumbList","@id":"https:\/\/www.intoscana.it\/it\/la-sanita-della-toscana-guarda-al-futuro-con-la-telemedicina\/#breadcrumb","itemListElement":[{"@type":"ListItem","position":1,"name":"Home","item":"https:\/\/www.intoscana.it\/it\/"},{"@type":"ListItem","position":2,"name":"La sanit\u00e0 della Toscana guarda al futuro con la telemedicina"}]},{"@type":"WebSite","@id":"https:\/\/www.intoscana.it\/it\/#website","url":"https:\/\/www.intoscana.it\/it\/","name":"intoscana","description":"","potentialAction":[{"@type":"SearchAction","target":{"@type":"EntryPoint","urlTemplate":"https:\/\/www.intoscana.it\/it\/?s={search_term_string}"},"query-input":{"@type":"PropertyValueSpecification","valueRequired":true,"valueName":"search_term_string"}}],"inLanguage":"it-IT"},{"@type":"Person","@id":"https:\/\/www.intoscana.it\/it\/#\/schema\/person\/9223810753230f20bd670fdd322661f8","name":"Redazione","url":"https:\/\/www.intoscana.it\/it\/author\/redazione\/"}]}},"_links":{"self":[{"href":"https:\/\/www.intoscana.it\/it\/wp-json\/wp\/v2\/posts\/296733","targetHints":{"allow":["GET"]}}],"collection":[{"href":"https:\/\/www.intoscana.it\/it\/wp-json\/wp\/v2\/posts"}],"about":[{"href":"https:\/\/www.intoscana.it\/it\/wp-json\/wp\/v2\/types\/post"}],"author":[{"embeddable":true,"href":"https:\/\/www.intoscana.it\/it\/wp-json\/wp\/v2\/users\/525"}],"replies":[{"embeddable":true,"href":"https:\/\/www.intoscana.it\/it\/wp-json\/wp\/v2\/comments?post=296733"}],"version-history":[{"count":0,"href":"https:\/\/www.intoscana.it\/it\/wp-json\/wp\/v2\/posts\/296733\/revisions"}],"wp:featuredmedia":[{"embeddable":true,"href":"https:\/\/www.intoscana.it\/it\/wp-json\/wp\/v2\/media\/143407"}],"wp:attachment":[{"href":"https:\/\/www.intoscana.it\/it\/wp-json\/wp\/v2\/media?parent=296733"}],"wp:term":[{"taxonomy":"category","embeddable":true,"href":"https:\/\/www.intoscana.it\/it\/wp-json\/wp\/v2\/categories?post=296733"},{"taxonomy":"post_tag","embeddable":true,"href":"https:\/\/www.intoscana.it\/it\/wp-json\/wp\/v2\/tags?post=296733"}],"curies":[{"name":"wp","href":"https:\/\/api.w.org\/{rel}","templated":true}]}}