{"id":296741,"date":"2023-08-03T11:33:52","date_gmt":"2023-08-03T09:33:52","guid":{"rendered":"https:\/\/www.intoscana.it\/it\/?p=296741"},"modified":"2023-08-05T20:08:35","modified_gmt":"2023-08-05T18:08:35","slug":"una-oasi-per-le-arti-contemporanee-tra-le-montagne-pistoiesi","status":"publish","type":"post","link":"https:\/\/www.intoscana.it\/it\/una-oasi-per-le-arti-contemporanee-tra-le-montagne-pistoiesi\/","title":{"rendered":"Una oasi per le arti contemporanee tra le montagne pistoiesi"},"content":{"rendered":"<p>Non un miraggio ma un luogo sognato e agognato dove poter apprezzare le diverse forme di espressione artistica. <strong>OCA <\/strong>dove l&#8217;acronimo sta per <strong>Oasy Contemporary Art<\/strong>\u00a0si trova all\u2019interno dell&#8217;<strong>Oasi Dynamo<\/strong>. A tutti gli effetti \u00e8 un&#8217;<strong>oasi per le arti contemporanee<\/strong> tra le montagne dell\u2019Appennino Pistoiese.<\/p>\n<p>Si raggiunge a piedi, lasciando l&#8217;auto a Piteglio e <strong>camminando nel bosco<\/strong> per circa 45 minuti. All&#8217;arrivo si trova OCA: da una parte <strong>oasi naturalistica<\/strong> e dall&#8217;altra<strong> spazio per l\u2019arte<\/strong> contemporanea. Un mondo nuovo da scoprire sotto tutti i punti di vista. Questa era una volta la riserva di caccia della <strong>famiglia Orlando<\/strong>. Pi\u00f9 di un secolo fa qui era sorto lo stabilimento della SMI, la <strong>Societ\u00e0 Metallurgica Italiana<\/strong>.<\/p>\n<figure id=\"post-296756 media-296756\" class=\"align-none\"><img decoding=\"async\" src=\"https:\/\/www.intoscana.it\/wp-content\/uploads\/Oasi-Dynamo_\u00a9Andrea-Alfieri-copia.jpg\" alt=\"\" \/><\/figure>\n<div class=\"titleimg\">Oasi Dynamo \u2013 \u00a9 Andrea Alfieri<\/div>\n<h3>Uno spazio restituito alla natura e all&#8217;arte<\/h3>\n<p>Dopo un&#8217;opera di <strong>recupero ambientale<\/strong> per salvaguardare la <strong>biodiversit\u00e0<\/strong> di questo territorio ecco affacciarsi l&#8217;idea di uno spazio per l&#8217;arte. Da qui <strong>un percorso esperenziale<\/strong> nella natura per apprezzare gli oltre mille metri d&#8217;altezza delle montagne circostanti. A cui si aggiungono <strong>mostre e installazioni<\/strong>.<\/p>\n<p>La direzione artistica di OCA \u00e8 affidata a <strong>Emanuele Montibeller<\/strong>, che ha invitato per l&#8217;inaugurazione di questo nuovo spazio\u00a0l\u2019artista <strong>David Svensson<\/strong> e il fotografo <strong>Massimo Vitali<\/strong> con due progetti pensati per OCA.<\/p>\n<h3>La grande oasi di Vitali<\/h3>\n<p>Massimo Vitali, in quella che era una stalla per le mucche ha allestito la mostra <strong>\u201cLa Grande Oasi. The way we live, now\u201d <\/strong>a cura di <strong>Giovanna Calvenzi<\/strong>, Vitali. I suoi scatti indagano il rapporto tra <strong>gli uomini ed il territorio<\/strong> e per rendere il dialogo possibile ha rinunciato alle riprese dall\u2019alto con un cavalletto di cinque metri. Quel tipo di riprese lo ritroviamo invece in una selezione di opere realizzate sulle <strong>spiagge europee<\/strong> a partire dal 1995 ed esposte da OCA.<\/p>\n<figure id=\"post-296754 media-296754\" class=\"align-none\"><img decoding=\"async\" src=\"https:\/\/www.intoscana.it\/wp-content\/uploads\/OCAoasycontemporaryart-\u00a9mattiamarasco-4875-copia.jpg\" alt=\"\" \/><\/figure>\n<div class=\"titleimg\">OCA oasy contemporary art e l\u2019installazione di David Svensson \u2013 \u00a9 Mattia Marasco<\/div>\n<h3>Le bandiere al vento di Svensson<\/h3>\n<p>All&#8217;aperto, in un percorso che segue la curva della collina, sventolano le <strong>centinaia di bandiere<\/strong> che costituiscono \u201c<strong>Home of the World\u201d<\/strong>, l\u2019opera dell\u2019artista svedese<strong> David Svensson<\/strong>. Una riflessione su identit\u00e0 nazionali, espressione grafica, o meglio iconografica, sentire popolare.<\/p>\n<p><strong>Svensson<\/strong> nel suo percorso per OCA realizza un grande collage con tutte le bandiere del mondo, appaiono de-costruite e ricomposte in modo totalmente inedito. Con il risultato di una contaminazione e di un effetto straniante per ribadire che in fondo la natura non ha confini.<\/p>\n<h3>I progetti futuri di OCA<\/h3>\n<p>La mostra di <strong>Massimo Vitali<\/strong> e l\u2019installazione di <strong>David Svensson<\/strong> si inaugurano il <strong>5 agosto <\/strong>e resteranno visitabili sino al <strong>5 novembre<\/strong>. OCA sar\u00e0 aperta al pubblico dal mercoled\u00ec alla domenica, dalle 11 alle 17. Nel vicino centro visitatori della riserva si potr\u00e0 approfittare del ristorante Casa Luigi (su prenotazione) e del prato e gli spazi all&#8217;aperto.<\/p>\n<p>L&#8217;intenzione \u00e8 di proporre ogni anno nuove iniziative artistiche legate al tema della <strong>convivenza tra l\u2019uomo e la natura<\/strong>. Non solo mostre e installazioni ma anche incontri e confronti con artisti e studiosi.<\/p>\n<p>Per arrivare basta lasciare la macchina al parcheggio alla<strong> Croce di Piteglio<\/strong>, si attraversa il bosco e si arriva infine nella radura dell\u2019installazione all\u2019aperto e allo spazio espositivo con la mostra.<\/p>\n","protected":false},"excerpt":{"rendered":"<p>Lo spazio si inaugura con la mostra di Massimo Vitali e l\u2019installazione di David Svensson per indagare il rapporto uomo-natura<\/p>\n","protected":false},"author":554,"featured_media":296746,"comment_status":"open","ping_status":"open","sticky":false,"template":"","format":"standard","meta":{"_acf_changed":false,"footnotes":""},"categories":[493],"tags":[174,5243],"class_list":["post-296741","post","type-post","status-publish","format-standard","has-post-thumbnail","hentry","category-cultura","tag-arte","tag-montagna-pistoiese"],"acf":[],"yoast_head":"<!-- This site is optimized with the Yoast SEO Premium plugin v24.2 (Yoast SEO v25.6) - https:\/\/yoast.com\/wordpress\/plugins\/seo\/ -->\n<title>Una oasi per le arti contemporanee tra le montagne pistoiesi - intoscana<\/title>\n<meta name=\"description\" content=\"Lo spazio si inaugura con la mostra di Massimo Vitali e l\u2019installazione di David Svensson il 5 agosto per indagare il rapporto uomo-natura\" \/>\n<meta name=\"robots\" content=\"index, follow, max-snippet:-1, max-image-preview:large, max-video-preview:-1\" \/>\n<link rel=\"canonical\" href=\"https:\/\/www.intoscana.it\/it\/una-oasi-per-le-arti-contemporanee-tra-le-montagne-pistoiesi\/\" \/>\n<meta property=\"og:locale\" content=\"it_IT\" \/>\n<meta property=\"og:type\" content=\"article\" \/>\n<meta property=\"og:title\" content=\"Una oasi per le arti contemporanee tra le montagne pistoiesi\" \/>\n<meta property=\"og:description\" content=\"Lo spazio si inaugura con la mostra di Massimo Vitali e l\u2019installazione di David Svensson il 5 agosto per indagare il rapporto uomo-natura\" \/>\n<meta property=\"og:url\" content=\"https:\/\/www.intoscana.it\/it\/una-oasi-per-le-arti-contemporanee-tra-le-montagne-pistoiesi\/\" \/>\n<meta property=\"og:site_name\" content=\"intoscana\" \/>\n<meta property=\"article:publisher\" content=\"https:\/\/www.facebook.com\/intoscana.it\" \/>\n<meta property=\"article:published_time\" content=\"2023-08-03T09:33:52+00:00\" \/>\n<meta property=\"article:modified_time\" content=\"2023-08-05T18:08:35+00:00\" \/>\n<meta property=\"og:image\" content=\"https:\/\/www.intoscana.it\/wp-content\/uploads\/OCAoasycontemporaryart-\u00a9mattiamarasco-5658-copia.jpg\" \/>\n\t<meta property=\"og:image:width\" content=\"1378\" \/>\n\t<meta property=\"og:image:height\" content=\"918\" \/>\n\t<meta property=\"og:image:type\" content=\"image\/jpeg\" \/>\n<meta name=\"author\" content=\"Raffaella Galamini\" \/>\n<meta name=\"twitter:card\" content=\"summary_large_image\" \/>\n<meta name=\"twitter:creator\" content=\"@orio\" \/>\n<meta name=\"twitter:site\" content=\"@intoscana\" \/>\n<meta name=\"twitter:label1\" content=\"Written by\" \/>\n\t<meta name=\"twitter:data1\" content=\"Raffaella Galamini\" \/>\n\t<meta name=\"twitter:label2\" content=\"Est. reading time\" \/>\n\t<meta name=\"twitter:data2\" content=\"3 minuti\" \/>\n<script type=\"application\/ld+json\" class=\"yoast-schema-graph\">{\"@context\":\"https:\/\/schema.org\",\"@graph\":[{\"@type\":\"WebPage\",\"@id\":\"https:\/\/www.intoscana.it\/it\/una-oasi-per-le-arti-contemporanee-tra-le-montagne-pistoiesi\/\",\"url\":\"https:\/\/www.intoscana.it\/it\/una-oasi-per-le-arti-contemporanee-tra-le-montagne-pistoiesi\/\",\"name\":\"Una oasi per le arti contemporanee tra le montagne pistoiesi - intoscana\",\"isPartOf\":{\"@id\":\"https:\/\/www.intoscana.it\/it\/#website\"},\"primaryImageOfPage\":{\"@id\":\"https:\/\/www.intoscana.it\/it\/una-oasi-per-le-arti-contemporanee-tra-le-montagne-pistoiesi\/#primaryimage\"},\"image\":{\"@id\":\"https:\/\/www.intoscana.it\/it\/una-oasi-per-le-arti-contemporanee-tra-le-montagne-pistoiesi\/#primaryimage\"},\"thumbnailUrl\":\"https:\/\/www.intoscana.it\/wp-content\/uploads\/OCAoasycontemporaryart-\u00a9mattiamarasco-5658-copia.jpg\",\"datePublished\":\"2023-08-03T09:33:52+00:00\",\"dateModified\":\"2023-08-05T18:08:35+00:00\",\"author\":{\"@id\":\"https:\/\/www.intoscana.it\/it\/#\/schema\/person\/9eb9daa846a49fe51af39a73d9d1986b\"},\"description\":\"Lo spazio si inaugura con la mostra di Massimo Vitali e l\u2019installazione di David Svensson il 5 agosto per indagare il rapporto uomo-natura\",\"breadcrumb\":{\"@id\":\"https:\/\/www.intoscana.it\/it\/una-oasi-per-le-arti-contemporanee-tra-le-montagne-pistoiesi\/#breadcrumb\"},\"inLanguage\":\"it-IT\",\"potentialAction\":[{\"@type\":\"ReadAction\",\"target\":[\"https:\/\/www.intoscana.it\/it\/una-oasi-per-le-arti-contemporanee-tra-le-montagne-pistoiesi\/\"]}]},{\"@type\":\"ImageObject\",\"inLanguage\":\"it-IT\",\"@id\":\"https:\/\/www.intoscana.it\/it\/una-oasi-per-le-arti-contemporanee-tra-le-montagne-pistoiesi\/#primaryimage\",\"url\":\"https:\/\/www.intoscana.it\/wp-content\/uploads\/OCAoasycontemporaryart-\u00a9mattiamarasco-5658-copia.jpg\",\"contentUrl\":\"https:\/\/www.intoscana.it\/wp-content\/uploads\/OCAoasycontemporaryart-\u00a9mattiamarasco-5658-copia.jpg\",\"width\":1378,\"height\":918,\"caption\":\"OCA oasy contemporary art - \u00a9 Mattia Marasco\"},{\"@type\":\"BreadcrumbList\",\"@id\":\"https:\/\/www.intoscana.it\/it\/una-oasi-per-le-arti-contemporanee-tra-le-montagne-pistoiesi\/#breadcrumb\",\"itemListElement\":[{\"@type\":\"ListItem\",\"position\":1,\"name\":\"Home\",\"item\":\"https:\/\/www.intoscana.it\/it\/\"},{\"@type\":\"ListItem\",\"position\":2,\"name\":\"Una oasi per le arti contemporanee tra le montagne pistoiesi\"}]},{\"@type\":\"WebSite\",\"@id\":\"https:\/\/www.intoscana.it\/it\/#website\",\"url\":\"https:\/\/www.intoscana.it\/it\/\",\"name\":\"intoscana\",\"description\":\"\",\"potentialAction\":[{\"@type\":\"SearchAction\",\"target\":{\"@type\":\"EntryPoint\",\"urlTemplate\":\"https:\/\/www.intoscana.it\/it\/?s={search_term_string}\"},\"query-input\":{\"@type\":\"PropertyValueSpecification\",\"valueRequired\":true,\"valueName\":\"search_term_string\"}}],\"inLanguage\":\"it-IT\"},{\"@type\":\"Person\",\"@id\":\"https:\/\/www.intoscana.it\/it\/#\/schema\/person\/9eb9daa846a49fe51af39a73d9d1986b\",\"name\":\"Raffaella Galamini\",\"sameAs\":[\"https:\/\/x.com\/orio\"],\"url\":\"https:\/\/www.intoscana.it\/it\/author\/r-galamini\/\"}]}<\/script>\n<!-- \/ Yoast SEO Premium plugin. -->","yoast_head_json":{"title":"Una oasi per le arti contemporanee tra le montagne pistoiesi - intoscana","description":"Lo spazio si inaugura con la mostra di Massimo Vitali e l\u2019installazione di David Svensson il 5 agosto per indagare il rapporto uomo-natura","robots":{"index":"index","follow":"follow","max-snippet":"max-snippet:-1","max-image-preview":"max-image-preview:large","max-video-preview":"max-video-preview:-1"},"canonical":"https:\/\/www.intoscana.it\/it\/una-oasi-per-le-arti-contemporanee-tra-le-montagne-pistoiesi\/","og_locale":"it_IT","og_type":"article","og_title":"Una oasi per le arti contemporanee tra le montagne pistoiesi","og_description":"Lo spazio si inaugura con la mostra di Massimo Vitali e l\u2019installazione di David Svensson il 5 agosto per indagare il rapporto uomo-natura","og_url":"https:\/\/www.intoscana.it\/it\/una-oasi-per-le-arti-contemporanee-tra-le-montagne-pistoiesi\/","og_site_name":"intoscana","article_publisher":"https:\/\/www.facebook.com\/intoscana.it","article_published_time":"2023-08-03T09:33:52+00:00","article_modified_time":"2023-08-05T18:08:35+00:00","og_image":[{"width":1378,"height":918,"url":"https:\/\/www.intoscana.it\/wp-content\/uploads\/OCAoasycontemporaryart-\u00a9mattiamarasco-5658-copia.jpg","type":"image\/jpeg"}],"author":"Raffaella Galamini","twitter_card":"summary_large_image","twitter_creator":"@orio","twitter_site":"@intoscana","twitter_misc":{"Written by":"Raffaella Galamini","Est. reading time":"3 minuti"},"schema":{"@context":"https:\/\/schema.org","@graph":[{"@type":"WebPage","@id":"https:\/\/www.intoscana.it\/it\/una-oasi-per-le-arti-contemporanee-tra-le-montagne-pistoiesi\/","url":"https:\/\/www.intoscana.it\/it\/una-oasi-per-le-arti-contemporanee-tra-le-montagne-pistoiesi\/","name":"Una oasi per le arti contemporanee tra le montagne pistoiesi - intoscana","isPartOf":{"@id":"https:\/\/www.intoscana.it\/it\/#website"},"primaryImageOfPage":{"@id":"https:\/\/www.intoscana.it\/it\/una-oasi-per-le-arti-contemporanee-tra-le-montagne-pistoiesi\/#primaryimage"},"image":{"@id":"https:\/\/www.intoscana.it\/it\/una-oasi-per-le-arti-contemporanee-tra-le-montagne-pistoiesi\/#primaryimage"},"thumbnailUrl":"https:\/\/www.intoscana.it\/wp-content\/uploads\/OCAoasycontemporaryart-\u00a9mattiamarasco-5658-copia.jpg","datePublished":"2023-08-03T09:33:52+00:00","dateModified":"2023-08-05T18:08:35+00:00","author":{"@id":"https:\/\/www.intoscana.it\/it\/#\/schema\/person\/9eb9daa846a49fe51af39a73d9d1986b"},"description":"Lo spazio si inaugura con la mostra di Massimo Vitali e l\u2019installazione di David Svensson il 5 agosto per indagare il rapporto uomo-natura","breadcrumb":{"@id":"https:\/\/www.intoscana.it\/it\/una-oasi-per-le-arti-contemporanee-tra-le-montagne-pistoiesi\/#breadcrumb"},"inLanguage":"it-IT","potentialAction":[{"@type":"ReadAction","target":["https:\/\/www.intoscana.it\/it\/una-oasi-per-le-arti-contemporanee-tra-le-montagne-pistoiesi\/"]}]},{"@type":"ImageObject","inLanguage":"it-IT","@id":"https:\/\/www.intoscana.it\/it\/una-oasi-per-le-arti-contemporanee-tra-le-montagne-pistoiesi\/#primaryimage","url":"https:\/\/www.intoscana.it\/wp-content\/uploads\/OCAoasycontemporaryart-\u00a9mattiamarasco-5658-copia.jpg","contentUrl":"https:\/\/www.intoscana.it\/wp-content\/uploads\/OCAoasycontemporaryart-\u00a9mattiamarasco-5658-copia.jpg","width":1378,"height":918,"caption":"OCA oasy contemporary art - \u00a9 Mattia Marasco"},{"@type":"BreadcrumbList","@id":"https:\/\/www.intoscana.it\/it\/una-oasi-per-le-arti-contemporanee-tra-le-montagne-pistoiesi\/#breadcrumb","itemListElement":[{"@type":"ListItem","position":1,"name":"Home","item":"https:\/\/www.intoscana.it\/it\/"},{"@type":"ListItem","position":2,"name":"Una oasi per le arti contemporanee tra le montagne pistoiesi"}]},{"@type":"WebSite","@id":"https:\/\/www.intoscana.it\/it\/#website","url":"https:\/\/www.intoscana.it\/it\/","name":"intoscana","description":"","potentialAction":[{"@type":"SearchAction","target":{"@type":"EntryPoint","urlTemplate":"https:\/\/www.intoscana.it\/it\/?s={search_term_string}"},"query-input":{"@type":"PropertyValueSpecification","valueRequired":true,"valueName":"search_term_string"}}],"inLanguage":"it-IT"},{"@type":"Person","@id":"https:\/\/www.intoscana.it\/it\/#\/schema\/person\/9eb9daa846a49fe51af39a73d9d1986b","name":"Raffaella Galamini","sameAs":["https:\/\/x.com\/orio"],"url":"https:\/\/www.intoscana.it\/it\/author\/r-galamini\/"}]}},"_links":{"self":[{"href":"https:\/\/www.intoscana.it\/it\/wp-json\/wp\/v2\/posts\/296741","targetHints":{"allow":["GET"]}}],"collection":[{"href":"https:\/\/www.intoscana.it\/it\/wp-json\/wp\/v2\/posts"}],"about":[{"href":"https:\/\/www.intoscana.it\/it\/wp-json\/wp\/v2\/types\/post"}],"author":[{"embeddable":true,"href":"https:\/\/www.intoscana.it\/it\/wp-json\/wp\/v2\/users\/554"}],"replies":[{"embeddable":true,"href":"https:\/\/www.intoscana.it\/it\/wp-json\/wp\/v2\/comments?post=296741"}],"version-history":[{"count":0,"href":"https:\/\/www.intoscana.it\/it\/wp-json\/wp\/v2\/posts\/296741\/revisions"}],"wp:featuredmedia":[{"embeddable":true,"href":"https:\/\/www.intoscana.it\/it\/wp-json\/wp\/v2\/media\/296746"}],"wp:attachment":[{"href":"https:\/\/www.intoscana.it\/it\/wp-json\/wp\/v2\/media?parent=296741"}],"wp:term":[{"taxonomy":"category","embeddable":true,"href":"https:\/\/www.intoscana.it\/it\/wp-json\/wp\/v2\/categories?post=296741"},{"taxonomy":"post_tag","embeddable":true,"href":"https:\/\/www.intoscana.it\/it\/wp-json\/wp\/v2\/tags?post=296741"}],"curies":[{"name":"wp","href":"https:\/\/api.w.org\/{rel}","templated":true}]}}