{"id":296791,"date":"2023-07-19T12:45:49","date_gmt":"2023-07-19T10:45:49","guid":{"rendered":"https:\/\/www.intoscana.it\/it\/?p=296791"},"modified":"2023-07-19T12:46:37","modified_gmt":"2023-07-19T10:46:37","slug":"universita-di-firenze-oli-essenziali-per-salvare-i-marmi-del-duomo","status":"publish","type":"post","link":"https:\/\/www.intoscana.it\/it\/universita-di-firenze-oli-essenziali-per-salvare-i-marmi-del-duomo\/","title":{"rendered":"Universit\u00e0 di Firenze, oli essenziali per salvare i marmi del Duomo"},"content":{"rendered":"<article class=\"clearfix single-box entry-content\">\n<p class=\"entry-content\">Oli essenziali di <mark>timo e origano per salvare i marmi del Duomo di Firenze da funghi e batteri<\/mark>. Il metodo si \u00e8 rivelato efficace contro alcuni <strong>fenomeni di deterioramento<\/strong> dovuti alla crescita e all\u2019attivit\u00e0 dei <strong>microrganismi sulle superfici<\/strong> lapidee.<\/p>\n<p class=\"entry-content\">\u00c8 quanto emerge da una sperimentazione condotta da un team di ricerca coordinato dall\u2019<strong>Universit\u00e0 di Firenze<\/strong>, in collaborazione con l\u2019<strong>Opera del Duomo<\/strong>. Nelle aree trattate con gli oli essenziali la crescita microbica che porta ad annerire il marmo bianco di Carrara di cui \u00e8 rivestita la Cattedrale fiorentina si \u00e8 arrestata.<\/p>\n<figure id=\"post-195462 media-195462\" class=\"align-none\"><img decoding=\"async\" src=\"https:\/\/www.intoscana.it\/wp-content\/uploads\/controlli_manutenzione_duomo_firenze2-scaled.jpg\" alt=\"\" \/><\/figure>\n<div class=\"titleimg\">Operazioni di controllo e manutenzione del Duomo di Firenze &#8211; \u00a9 Paolo Lo Debole<\/div>\n<h3 class=\"entry-content\">Unifi: un team interdisciplinare<\/h3>\n<p class=\"entry-content\">A guidare il team interdisciplinare <strong>Brunella Perito e Alba Santo<\/strong>, rispettivamente docente di Microbiologia generale del Dipartimento di Biologia e ricercatrice di Petrografia del Dipartimento di Scienze della Terra. Hanno inoltre partecipato i ricercatori degli Istituti di Scienze del Patrimonio Culturale e di Bioscienze e Biorisorse del CNR. Lo studio \u00e8 stato pubblicato sulla rivista scientifica <a href=\"https:\/\/www.sciencedirect.com\/science\/article\/abs\/pii\/S0048969723015292\" class=\"broken_link\"><em>Science of the Total Environment<\/em><\/a>.<\/p>\n<p class=\"entry-content\">\u201c<em>Sui marmi oggetto della sperimentazione<\/em> \u2013 racconta Perito \u2013, <em>l\u2019azione congiunta dei microrganismi, principalmente funghi neri e cianobatteri, aveva prodotto un tipo di annerimento del marmo bianco, che si sviluppa come una punteggiatura scura e diventa via via una patina pi\u00f9 estesa\u201d<\/em>.<\/p>\n<h3>Il biodeterioramento dei marmi del Duomo<\/h3>\n<p class=\"entry-content\">Su questo fenomeno di <strong>biodeterioramento<\/strong>, il team ha sperimentato il nuovo trattamento contro la crescita microbica in alternativa ai biocidi convenzionali utilizzati nel campo dei Beni Culturali. Una metodologia <strong>a basso impatto per l\u2019ambiente<\/strong> e la salute umana.<\/p>\n<p class=\"entry-content\">\u201cP<em>er rispondere a una richiesta dell\u2019Opera del Duomo, abbiamo saggiato l\u2019efficacia di oli essenziali, le cui propriet\u00e0 antimicrobiche sono ben note e sfruttate da sempre nella medicina popolare. Propriet\u00e0 che negli ultimi anni hanno destato interesse in diversi campi incluso quello della conservazione<\/em>\u201d aggiunge la docente.<\/p>\n<h3>Oli essenziali: la scelta di timo e origano<\/h3>\n<p class=\"entry-content\">La scelta \u00e8 caduta su due fra gli oli essenziali pi\u00f9 efficaci: <strong>timo e origano<\/strong>. \u201c<em>La sperimentazione preliminare eseguita in laboratorio con test di microbiologia e di colorimetria<\/em> \u2013 spiega Santo \u2013 <em>ha permesso di verificare che, applicati in una soluzione diluita, funzionano quanto i metodi a oggi utilizzati e non causano alterazioni all\u2019aspetto del marmo<\/em>\u201d.<\/p>\n<h3>L&#8217;efficacia del trattamento sui marmi<\/h3>\n<p class=\"entry-content\">Il team ha poi testato due aree del <strong>ballatoio esterno<\/strong> del Duomo con diversa esposizione, a nord-ovest e a sud-est, e conseguente differente <strong>livello di umidit\u00e0<\/strong> e di <strong>presenza microbica<\/strong>.<\/p>\n<figure id=\"post-91321 media-91321\" class=\"align-none\"><img decoding=\"async\" src=\"https:\/\/www.intoscana.it\/wp-content\/uploads\/duomo-firenze-2.jpg\" alt=\"\" \/><\/figure>\n<div class=\"titleimg\"><\/div>\n<p class=\"entry-content\">\u201cI<em> risultati ottenuti con questa prima sperimentazione indicano che gli oli essenziali sono buoni candidati come biocidi innovativi per superfici marmoree. Per questo \u2013<\/em> conclude Perito \u2013, <em>continueremo la collaborazione con l\u2019Opera del Duomo. Il nuovo trattamento, se sviluppato, potr\u00e0 contribuire pi\u00f9 in generale a combattere il biodeterioramento dei monumenti, che in ambienti urbani \u00e8 particolarmente sviluppato<\/em>\u201d.<\/p>\n<p>Intanto l&#8217;ulteriore sperimentazione servir\u00e0 a individuare le condizioni pi\u00f9 idonee per l&#8217;<strong>applicazione del trattamento<\/strong> e per il miglioramento dell&#8217;efficacia.<\/p>\n<\/article>\n","protected":false},"excerpt":{"rendered":"<p>La sperimentazione dimostra l&#8217;efficacia di timo e origano contro il deterioramento causato da funghi e batteri<\/p>\n","protected":false},"author":554,"featured_media":296802,"comment_status":"open","ping_status":"open","sticky":false,"template":"","format":"standard","meta":{"_acf_changed":false,"footnotes":""},"categories":[475],"tags":[2902,353],"class_list":["post-296791","post","type-post","status-publish","format-standard","has-post-thumbnail","hentry","category-innovazione","tag-duomo-di-firenze","tag-universita-di-firenze"],"acf":[],"yoast_head":"<!-- This site is optimized with the Yoast SEO Premium plugin v24.2 (Yoast SEO v25.6) - https:\/\/yoast.com\/wordpress\/plugins\/seo\/ -->\n<title>Oli essenziali per salvare i marmi del Duomo di Firenze - intoscana<\/title>\n<meta name=\"description\" content=\"La sperimentazione dimostra l&#039;efficacia di timo e origano contro il deterioramento causato da funghi e batteri\" \/>\n<meta name=\"robots\" content=\"index, follow, max-snippet:-1, max-image-preview:large, max-video-preview:-1\" \/>\n<link rel=\"canonical\" href=\"https:\/\/www.intoscana.it\/it\/universita-di-firenze-oli-essenziali-per-salvare-i-marmi-del-duomo\/\" \/>\n<meta property=\"og:locale\" content=\"it_IT\" \/>\n<meta property=\"og:type\" content=\"article\" \/>\n<meta property=\"og:title\" content=\"Universit\u00e0 di Firenze, oli essenziali per salvare i marmi del Duomo\" \/>\n<meta property=\"og:description\" content=\"La sperimentazione dimostra l&#039;efficacia di timo e origano contro il deterioramento causato da funghi e batteri\" \/>\n<meta property=\"og:url\" content=\"https:\/\/www.intoscana.it\/it\/universita-di-firenze-oli-essenziali-per-salvare-i-marmi-del-duomo\/\" \/>\n<meta property=\"og:site_name\" content=\"intoscana\" \/>\n<meta property=\"article:publisher\" content=\"https:\/\/www.facebook.com\/intoscana.it\" \/>\n<meta property=\"article:published_time\" content=\"2023-07-19T10:45:49+00:00\" \/>\n<meta property=\"article:modified_time\" content=\"2023-07-19T10:46:37+00:00\" \/>\n<meta property=\"og:image\" content=\"https:\/\/www.intoscana.it\/wp-content\/uploads\/Il-ballatoio-del-Duomo-esposto-a-sud-est-\u00a9-Brunella-Perito.jpeg\" \/>\n\t<meta property=\"og:image:width\" content=\"773\" \/>\n\t<meta property=\"og:image:height\" content=\"580\" \/>\n\t<meta property=\"og:image:type\" content=\"image\/jpeg\" \/>\n<meta name=\"author\" content=\"Raffaella Galamini\" \/>\n<meta name=\"twitter:card\" content=\"summary_large_image\" \/>\n<meta name=\"twitter:creator\" content=\"@orio\" \/>\n<meta name=\"twitter:site\" content=\"@intoscana\" \/>\n<meta name=\"twitter:label1\" content=\"Written by\" \/>\n\t<meta name=\"twitter:data1\" content=\"Raffaella Galamini\" \/>\n\t<meta name=\"twitter:label2\" content=\"Est. reading time\" \/>\n\t<meta name=\"twitter:data2\" content=\"2 minuti\" \/>\n<script type=\"application\/ld+json\" class=\"yoast-schema-graph\">{\"@context\":\"https:\/\/schema.org\",\"@graph\":[{\"@type\":\"WebPage\",\"@id\":\"https:\/\/www.intoscana.it\/it\/universita-di-firenze-oli-essenziali-per-salvare-i-marmi-del-duomo\/\",\"url\":\"https:\/\/www.intoscana.it\/it\/universita-di-firenze-oli-essenziali-per-salvare-i-marmi-del-duomo\/\",\"name\":\"Oli essenziali per salvare i marmi del Duomo di Firenze - intoscana\",\"isPartOf\":{\"@id\":\"https:\/\/www.intoscana.it\/it\/#website\"},\"primaryImageOfPage\":{\"@id\":\"https:\/\/www.intoscana.it\/it\/universita-di-firenze-oli-essenziali-per-salvare-i-marmi-del-duomo\/#primaryimage\"},\"image\":{\"@id\":\"https:\/\/www.intoscana.it\/it\/universita-di-firenze-oli-essenziali-per-salvare-i-marmi-del-duomo\/#primaryimage\"},\"thumbnailUrl\":\"https:\/\/www.intoscana.it\/wp-content\/uploads\/Il-ballatoio-del-Duomo-esposto-a-sud-est-\u00a9-Brunella-Perito.jpeg\",\"datePublished\":\"2023-07-19T10:45:49+00:00\",\"dateModified\":\"2023-07-19T10:46:37+00:00\",\"author\":{\"@id\":\"https:\/\/www.intoscana.it\/it\/#\/schema\/person\/9eb9daa846a49fe51af39a73d9d1986b\"},\"description\":\"La sperimentazione dimostra l'efficacia di timo e origano contro il deterioramento causato da funghi e batteri\",\"breadcrumb\":{\"@id\":\"https:\/\/www.intoscana.it\/it\/universita-di-firenze-oli-essenziali-per-salvare-i-marmi-del-duomo\/#breadcrumb\"},\"inLanguage\":\"it-IT\",\"potentialAction\":[{\"@type\":\"ReadAction\",\"target\":[\"https:\/\/www.intoscana.it\/it\/universita-di-firenze-oli-essenziali-per-salvare-i-marmi-del-duomo\/\"]}]},{\"@type\":\"ImageObject\",\"inLanguage\":\"it-IT\",\"@id\":\"https:\/\/www.intoscana.it\/it\/universita-di-firenze-oli-essenziali-per-salvare-i-marmi-del-duomo\/#primaryimage\",\"url\":\"https:\/\/www.intoscana.it\/wp-content\/uploads\/Il-ballatoio-del-Duomo-esposto-a-sud-est-\u00a9-Brunella-Perito.jpeg\",\"contentUrl\":\"https:\/\/www.intoscana.it\/wp-content\/uploads\/Il-ballatoio-del-Duomo-esposto-a-sud-est-\u00a9-Brunella-Perito.jpeg\",\"width\":773,\"height\":580},{\"@type\":\"BreadcrumbList\",\"@id\":\"https:\/\/www.intoscana.it\/it\/universita-di-firenze-oli-essenziali-per-salvare-i-marmi-del-duomo\/#breadcrumb\",\"itemListElement\":[{\"@type\":\"ListItem\",\"position\":1,\"name\":\"Home\",\"item\":\"https:\/\/www.intoscana.it\/it\/\"},{\"@type\":\"ListItem\",\"position\":2,\"name\":\"Universit\u00e0 di Firenze, oli essenziali per salvare i marmi del Duomo\"}]},{\"@type\":\"WebSite\",\"@id\":\"https:\/\/www.intoscana.it\/it\/#website\",\"url\":\"https:\/\/www.intoscana.it\/it\/\",\"name\":\"intoscana\",\"description\":\"\",\"potentialAction\":[{\"@type\":\"SearchAction\",\"target\":{\"@type\":\"EntryPoint\",\"urlTemplate\":\"https:\/\/www.intoscana.it\/it\/?s={search_term_string}\"},\"query-input\":{\"@type\":\"PropertyValueSpecification\",\"valueRequired\":true,\"valueName\":\"search_term_string\"}}],\"inLanguage\":\"it-IT\"},{\"@type\":\"Person\",\"@id\":\"https:\/\/www.intoscana.it\/it\/#\/schema\/person\/9eb9daa846a49fe51af39a73d9d1986b\",\"name\":\"Raffaella Galamini\",\"sameAs\":[\"https:\/\/x.com\/orio\"],\"url\":\"https:\/\/www.intoscana.it\/it\/author\/r-galamini\/\"}]}<\/script>\n<!-- \/ Yoast SEO Premium plugin. -->","yoast_head_json":{"title":"Oli essenziali per salvare i marmi del Duomo di Firenze - intoscana","description":"La sperimentazione dimostra l'efficacia di timo e origano contro il deterioramento causato da funghi e batteri","robots":{"index":"index","follow":"follow","max-snippet":"max-snippet:-1","max-image-preview":"max-image-preview:large","max-video-preview":"max-video-preview:-1"},"canonical":"https:\/\/www.intoscana.it\/it\/universita-di-firenze-oli-essenziali-per-salvare-i-marmi-del-duomo\/","og_locale":"it_IT","og_type":"article","og_title":"Universit\u00e0 di Firenze, oli essenziali per salvare i marmi del Duomo","og_description":"La sperimentazione dimostra l'efficacia di timo e origano contro il deterioramento causato da funghi e batteri","og_url":"https:\/\/www.intoscana.it\/it\/universita-di-firenze-oli-essenziali-per-salvare-i-marmi-del-duomo\/","og_site_name":"intoscana","article_publisher":"https:\/\/www.facebook.com\/intoscana.it","article_published_time":"2023-07-19T10:45:49+00:00","article_modified_time":"2023-07-19T10:46:37+00:00","og_image":[{"width":773,"height":580,"url":"https:\/\/www.intoscana.it\/wp-content\/uploads\/Il-ballatoio-del-Duomo-esposto-a-sud-est-\u00a9-Brunella-Perito.jpeg","type":"image\/jpeg"}],"author":"Raffaella Galamini","twitter_card":"summary_large_image","twitter_creator":"@orio","twitter_site":"@intoscana","twitter_misc":{"Written by":"Raffaella Galamini","Est. reading time":"2 minuti"},"schema":{"@context":"https:\/\/schema.org","@graph":[{"@type":"WebPage","@id":"https:\/\/www.intoscana.it\/it\/universita-di-firenze-oli-essenziali-per-salvare-i-marmi-del-duomo\/","url":"https:\/\/www.intoscana.it\/it\/universita-di-firenze-oli-essenziali-per-salvare-i-marmi-del-duomo\/","name":"Oli essenziali per salvare i marmi del Duomo di Firenze - intoscana","isPartOf":{"@id":"https:\/\/www.intoscana.it\/it\/#website"},"primaryImageOfPage":{"@id":"https:\/\/www.intoscana.it\/it\/universita-di-firenze-oli-essenziali-per-salvare-i-marmi-del-duomo\/#primaryimage"},"image":{"@id":"https:\/\/www.intoscana.it\/it\/universita-di-firenze-oli-essenziali-per-salvare-i-marmi-del-duomo\/#primaryimage"},"thumbnailUrl":"https:\/\/www.intoscana.it\/wp-content\/uploads\/Il-ballatoio-del-Duomo-esposto-a-sud-est-\u00a9-Brunella-Perito.jpeg","datePublished":"2023-07-19T10:45:49+00:00","dateModified":"2023-07-19T10:46:37+00:00","author":{"@id":"https:\/\/www.intoscana.it\/it\/#\/schema\/person\/9eb9daa846a49fe51af39a73d9d1986b"},"description":"La sperimentazione dimostra l'efficacia di timo e origano contro il deterioramento causato da funghi e batteri","breadcrumb":{"@id":"https:\/\/www.intoscana.it\/it\/universita-di-firenze-oli-essenziali-per-salvare-i-marmi-del-duomo\/#breadcrumb"},"inLanguage":"it-IT","potentialAction":[{"@type":"ReadAction","target":["https:\/\/www.intoscana.it\/it\/universita-di-firenze-oli-essenziali-per-salvare-i-marmi-del-duomo\/"]}]},{"@type":"ImageObject","inLanguage":"it-IT","@id":"https:\/\/www.intoscana.it\/it\/universita-di-firenze-oli-essenziali-per-salvare-i-marmi-del-duomo\/#primaryimage","url":"https:\/\/www.intoscana.it\/wp-content\/uploads\/Il-ballatoio-del-Duomo-esposto-a-sud-est-\u00a9-Brunella-Perito.jpeg","contentUrl":"https:\/\/www.intoscana.it\/wp-content\/uploads\/Il-ballatoio-del-Duomo-esposto-a-sud-est-\u00a9-Brunella-Perito.jpeg","width":773,"height":580},{"@type":"BreadcrumbList","@id":"https:\/\/www.intoscana.it\/it\/universita-di-firenze-oli-essenziali-per-salvare-i-marmi-del-duomo\/#breadcrumb","itemListElement":[{"@type":"ListItem","position":1,"name":"Home","item":"https:\/\/www.intoscana.it\/it\/"},{"@type":"ListItem","position":2,"name":"Universit\u00e0 di Firenze, oli essenziali per salvare i marmi del Duomo"}]},{"@type":"WebSite","@id":"https:\/\/www.intoscana.it\/it\/#website","url":"https:\/\/www.intoscana.it\/it\/","name":"intoscana","description":"","potentialAction":[{"@type":"SearchAction","target":{"@type":"EntryPoint","urlTemplate":"https:\/\/www.intoscana.it\/it\/?s={search_term_string}"},"query-input":{"@type":"PropertyValueSpecification","valueRequired":true,"valueName":"search_term_string"}}],"inLanguage":"it-IT"},{"@type":"Person","@id":"https:\/\/www.intoscana.it\/it\/#\/schema\/person\/9eb9daa846a49fe51af39a73d9d1986b","name":"Raffaella Galamini","sameAs":["https:\/\/x.com\/orio"],"url":"https:\/\/www.intoscana.it\/it\/author\/r-galamini\/"}]}},"_links":{"self":[{"href":"https:\/\/www.intoscana.it\/it\/wp-json\/wp\/v2\/posts\/296791","targetHints":{"allow":["GET"]}}],"collection":[{"href":"https:\/\/www.intoscana.it\/it\/wp-json\/wp\/v2\/posts"}],"about":[{"href":"https:\/\/www.intoscana.it\/it\/wp-json\/wp\/v2\/types\/post"}],"author":[{"embeddable":true,"href":"https:\/\/www.intoscana.it\/it\/wp-json\/wp\/v2\/users\/554"}],"replies":[{"embeddable":true,"href":"https:\/\/www.intoscana.it\/it\/wp-json\/wp\/v2\/comments?post=296791"}],"version-history":[{"count":0,"href":"https:\/\/www.intoscana.it\/it\/wp-json\/wp\/v2\/posts\/296791\/revisions"}],"wp:featuredmedia":[{"embeddable":true,"href":"https:\/\/www.intoscana.it\/it\/wp-json\/wp\/v2\/media\/296802"}],"wp:attachment":[{"href":"https:\/\/www.intoscana.it\/it\/wp-json\/wp\/v2\/media?parent=296791"}],"wp:term":[{"taxonomy":"category","embeddable":true,"href":"https:\/\/www.intoscana.it\/it\/wp-json\/wp\/v2\/categories?post=296791"},{"taxonomy":"post_tag","embeddable":true,"href":"https:\/\/www.intoscana.it\/it\/wp-json\/wp\/v2\/tags?post=296791"}],"curies":[{"name":"wp","href":"https:\/\/api.w.org\/{rel}","templated":true}]}}