{"id":296968,"date":"2023-07-20T15:10:51","date_gmt":"2023-07-20T13:10:51","guid":{"rendered":"https:\/\/www.intoscana.it\/it\/?p=296968"},"modified":"2023-07-20T15:25:22","modified_gmt":"2023-07-20T13:25:22","slug":"premio-viareggio-repaci-piccolo","status":"publish","type":"post","link":"https:\/\/www.intoscana.it\/it\/premio-viareggio-repaci-piccolo\/","title":{"rendered":"Premio Viareggio-R\u00e8paci: vince Francesco Piccolo per la saggistica"},"content":{"rendered":"<p>Francesco Piccolo con \u201cLa bella confusione\u201d (Einaudi) ha vinto il premio per la categoria saggistica della 94esima edizione del <strong>premio letterario Viareggio-R\u00e8paci<\/strong>.<\/p>\n<p>Il libro di Piccolo \u00e8 dedicato a <mark>due giganti del cinema, Federico Fellini e Luchino Visconti, che nel 1963 girano contemporaneamente i loro due capolavori, \u201c<i>Otto e mezzo\u201d <\/i>e \u201c<i>Il Gattopardo\u201d<\/mark> <\/i>che tutti crediamo di conoscere benissimo. Ma se torniamo a quel mitico anno, con Claudia Cardinale che corre da un set all&#8217;altro, Burt Lancaster che deve dimostrare di non essere un cowboy, Sandra Milo che ama l&#8217;amore pi\u00f9 del cinema, Marcello Mastroianni troppo felice per interpretare il suo personaggio, ecco che si spalanca un mondo intero.<\/p>\n<figure id=\"post-296973 media-296973\" class=\"align-none\"><img decoding=\"async\" src=\"https:\/\/www.intoscana.it\/wp-content\/uploads\/IMG_2267.jpeg\" alt=\"\" \/><\/figure>\n<div class=\"titleimg\">\u201cLa bella confusione\u201d di Francesco Piccolo<\/div>\n<h3><strong>La premiazione il 30 luglio\u00a0<\/strong><\/h3>\n<p>La cerimonia di premiazione \u00e8 in programma il 30 luglio in piazza Mazzini a Viareggio quando sar\u00e0 svelato in diretta <mark>il vincitore del premio per la narrativa che vede in concorso Niccol\u00f2 Ammaniti, Giosu\u00e8 Calaciura e Sapo Matteucci. <\/mark><br \/>\nNel corso dell&#8217;evento saranno consegnati anche gli altri premi per le categorie poesia e saggistica, rispettivamente a <strong>Vivian Lamarque<\/strong> e Francesco Piccolo, e i premi speciali assegnati a Gian Arturo Ferrari (Premio Internazionale), Nona Mikhelidze (Premio Giornalistico) e Pietro Santetti (Premio Opera Prima).<\/p>\n<h3>Un premio letterario storico<\/h3>\n<p>Il premio Viareggio-R\u00e8paci &#8211; organizzato con il sostegno del Comune di Viareggio, della Fondazione Cassa di Risparmio di Lucca e di iCare la societ\u00e0 &#8216;in house providing&#8217; interamente partecipata dal Comune di Viareggio &#8211; nasce nel <strong>1929<\/strong>.<\/p>\n<p>Fondato da Leonida R\u00e8paci, <mark>\u00e8 tra i pi\u00f9 antichi riconoscimenti letterari d&#8217;Italia, vinto tra gli altri da Umberto Saba, Elsa Morante, Carlo Emilio Gadda, Sibilla Aleramo, Italo Calvino, <\/mark>Natalia Ginzburg, Pier Paolo Pasolini, Salvatore Quasimodo, Alberto Moravia, Goffredo Parise, Giorgio Manganelli, Serena Vitale, Sandro Veronesi e Alda Merini.<\/p>\n","protected":false},"excerpt":{"rendered":"<p>La premiazione il 30 luglio quando sar\u00e0 svelato anche il vincitore per la narrativa tra Niccol\u00f2 Ammaniti, Giosu\u00e8 Calaciura e Sapo Matteucci<\/p>\n","protected":false},"author":525,"featured_media":296975,"comment_status":"open","ping_status":"open","sticky":false,"template":"","format":"standard","meta":{"_acf_changed":false,"footnotes":""},"categories":[493],"tags":[210,275],"class_list":["post-296968","post","type-post","status-publish","format-standard","has-post-thumbnail","hentry","category-cultura","tag-libri","tag-viareggio"],"acf":[],"yoast_head":"<!-- This site is optimized with the Yoast SEO Premium plugin v24.2 (Yoast SEO v25.6) - https:\/\/yoast.com\/wordpress\/plugins\/seo\/ -->\n<title>Premio Viareggio-R\u00e8paci: vince Francesco Piccolo per la saggistica - intoscana<\/title>\n<meta name=\"description\" content=\"Francesco Piccolo ha vinto con &quot;La bella confusione&quot; la sezione saggistica del premio Viareggio-R\u00e8paci.\" \/>\n<meta name=\"robots\" content=\"index, follow, max-snippet:-1, max-image-preview:large, max-video-preview:-1\" \/>\n<link rel=\"canonical\" href=\"https:\/\/www.intoscana.it\/it\/premio-viareggio-repaci-piccolo\/\" \/>\n<meta property=\"og:locale\" content=\"it_IT\" \/>\n<meta property=\"og:type\" content=\"article\" \/>\n<meta property=\"og:title\" content=\"Premio Viareggio-R\u00e8paci: vince Francesco Piccolo per la saggistica\" \/>\n<meta property=\"og:description\" content=\"Francesco Piccolo ha vinto con &quot;La bella confusione&quot; la sezione saggistica del premio Viareggio-R\u00e8paci.\" \/>\n<meta property=\"og:url\" content=\"https:\/\/www.intoscana.it\/it\/premio-viareggio-repaci-piccolo\/\" \/>\n<meta property=\"og:site_name\" content=\"intoscana\" \/>\n<meta property=\"article:publisher\" content=\"https:\/\/www.facebook.com\/intoscana.it\" \/>\n<meta property=\"article:published_time\" content=\"2023-07-20T13:10:51+00:00\" \/>\n<meta property=\"article:modified_time\" content=\"2023-07-20T13:25:22+00:00\" \/>\n<meta property=\"og:image\" content=\"https:\/\/www.intoscana.it\/wp-content\/uploads\/Francesco-Piccolo-e1689859506737.jpg\" \/>\n\t<meta property=\"og:image:width\" content=\"1364\" \/>\n\t<meta property=\"og:image:height\" content=\"1078\" \/>\n\t<meta property=\"og:image:type\" content=\"image\/jpeg\" \/>\n<meta name=\"author\" content=\"Redazione\" \/>\n<meta name=\"twitter:card\" content=\"summary_large_image\" \/>\n<meta name=\"twitter:creator\" content=\"@intoscana\" \/>\n<meta name=\"twitter:site\" content=\"@intoscana\" \/>\n<meta name=\"twitter:label1\" content=\"Written by\" \/>\n\t<meta name=\"twitter:data1\" content=\"Redazione\" \/>\n\t<meta name=\"twitter:label2\" content=\"Est. reading time\" \/>\n\t<meta name=\"twitter:data2\" content=\"1 minuto\" \/>\n<script type=\"application\/ld+json\" class=\"yoast-schema-graph\">{\"@context\":\"https:\/\/schema.org\",\"@graph\":[{\"@type\":\"WebPage\",\"@id\":\"https:\/\/www.intoscana.it\/it\/premio-viareggio-repaci-piccolo\/\",\"url\":\"https:\/\/www.intoscana.it\/it\/premio-viareggio-repaci-piccolo\/\",\"name\":\"Premio Viareggio-R\u00e8paci: vince Francesco Piccolo per la saggistica - intoscana\",\"isPartOf\":{\"@id\":\"https:\/\/www.intoscana.it\/it\/#website\"},\"primaryImageOfPage\":{\"@id\":\"https:\/\/www.intoscana.it\/it\/premio-viareggio-repaci-piccolo\/#primaryimage\"},\"image\":{\"@id\":\"https:\/\/www.intoscana.it\/it\/premio-viareggio-repaci-piccolo\/#primaryimage\"},\"thumbnailUrl\":\"https:\/\/www.intoscana.it\/wp-content\/uploads\/Francesco-Piccolo-e1689859506737.jpg\",\"datePublished\":\"2023-07-20T13:10:51+00:00\",\"dateModified\":\"2023-07-20T13:25:22+00:00\",\"author\":{\"@id\":\"https:\/\/www.intoscana.it\/it\/#\/schema\/person\/9223810753230f20bd670fdd322661f8\"},\"description\":\"Francesco Piccolo ha vinto con \\\"La bella confusione\\\" la sezione saggistica del premio Viareggio-R\u00e8paci.\",\"breadcrumb\":{\"@id\":\"https:\/\/www.intoscana.it\/it\/premio-viareggio-repaci-piccolo\/#breadcrumb\"},\"inLanguage\":\"it-IT\",\"potentialAction\":[{\"@type\":\"ReadAction\",\"target\":[\"https:\/\/www.intoscana.it\/it\/premio-viareggio-repaci-piccolo\/\"]}]},{\"@type\":\"ImageObject\",\"inLanguage\":\"it-IT\",\"@id\":\"https:\/\/www.intoscana.it\/it\/premio-viareggio-repaci-piccolo\/#primaryimage\",\"url\":\"https:\/\/www.intoscana.it\/wp-content\/uploads\/Francesco-Piccolo-e1689859506737.jpg\",\"contentUrl\":\"https:\/\/www.intoscana.it\/wp-content\/uploads\/Francesco-Piccolo-e1689859506737.jpg\",\"width\":1364,\"height\":1078},{\"@type\":\"BreadcrumbList\",\"@id\":\"https:\/\/www.intoscana.it\/it\/premio-viareggio-repaci-piccolo\/#breadcrumb\",\"itemListElement\":[{\"@type\":\"ListItem\",\"position\":1,\"name\":\"Home\",\"item\":\"https:\/\/www.intoscana.it\/it\/\"},{\"@type\":\"ListItem\",\"position\":2,\"name\":\"Premio Viareggio-R\u00e8paci: vince Francesco Piccolo per la saggistica\"}]},{\"@type\":\"WebSite\",\"@id\":\"https:\/\/www.intoscana.it\/it\/#website\",\"url\":\"https:\/\/www.intoscana.it\/it\/\",\"name\":\"intoscana\",\"description\":\"\",\"potentialAction\":[{\"@type\":\"SearchAction\",\"target\":{\"@type\":\"EntryPoint\",\"urlTemplate\":\"https:\/\/www.intoscana.it\/it\/?s={search_term_string}\"},\"query-input\":{\"@type\":\"PropertyValueSpecification\",\"valueRequired\":true,\"valueName\":\"search_term_string\"}}],\"inLanguage\":\"it-IT\"},{\"@type\":\"Person\",\"@id\":\"https:\/\/www.intoscana.it\/it\/#\/schema\/person\/9223810753230f20bd670fdd322661f8\",\"name\":\"Redazione\",\"url\":\"https:\/\/www.intoscana.it\/it\/author\/redazione\/\"}]}<\/script>\n<!-- \/ Yoast SEO Premium plugin. -->","yoast_head_json":{"title":"Premio Viareggio-R\u00e8paci: vince Francesco Piccolo per la saggistica - intoscana","description":"Francesco Piccolo ha vinto con \"La bella confusione\" la sezione saggistica del premio Viareggio-R\u00e8paci.","robots":{"index":"index","follow":"follow","max-snippet":"max-snippet:-1","max-image-preview":"max-image-preview:large","max-video-preview":"max-video-preview:-1"},"canonical":"https:\/\/www.intoscana.it\/it\/premio-viareggio-repaci-piccolo\/","og_locale":"it_IT","og_type":"article","og_title":"Premio Viareggio-R\u00e8paci: vince Francesco Piccolo per la saggistica","og_description":"Francesco Piccolo ha vinto con \"La bella confusione\" la sezione saggistica del premio Viareggio-R\u00e8paci.","og_url":"https:\/\/www.intoscana.it\/it\/premio-viareggio-repaci-piccolo\/","og_site_name":"intoscana","article_publisher":"https:\/\/www.facebook.com\/intoscana.it","article_published_time":"2023-07-20T13:10:51+00:00","article_modified_time":"2023-07-20T13:25:22+00:00","og_image":[{"width":1364,"height":1078,"url":"https:\/\/www.intoscana.it\/wp-content\/uploads\/Francesco-Piccolo-e1689859506737.jpg","type":"image\/jpeg"}],"author":"Redazione","twitter_card":"summary_large_image","twitter_creator":"@intoscana","twitter_site":"@intoscana","twitter_misc":{"Written by":"Redazione","Est. reading time":"1 minuto"},"schema":{"@context":"https:\/\/schema.org","@graph":[{"@type":"WebPage","@id":"https:\/\/www.intoscana.it\/it\/premio-viareggio-repaci-piccolo\/","url":"https:\/\/www.intoscana.it\/it\/premio-viareggio-repaci-piccolo\/","name":"Premio Viareggio-R\u00e8paci: vince Francesco Piccolo per la saggistica - intoscana","isPartOf":{"@id":"https:\/\/www.intoscana.it\/it\/#website"},"primaryImageOfPage":{"@id":"https:\/\/www.intoscana.it\/it\/premio-viareggio-repaci-piccolo\/#primaryimage"},"image":{"@id":"https:\/\/www.intoscana.it\/it\/premio-viareggio-repaci-piccolo\/#primaryimage"},"thumbnailUrl":"https:\/\/www.intoscana.it\/wp-content\/uploads\/Francesco-Piccolo-e1689859506737.jpg","datePublished":"2023-07-20T13:10:51+00:00","dateModified":"2023-07-20T13:25:22+00:00","author":{"@id":"https:\/\/www.intoscana.it\/it\/#\/schema\/person\/9223810753230f20bd670fdd322661f8"},"description":"Francesco Piccolo ha vinto con \"La bella confusione\" la sezione saggistica del premio Viareggio-R\u00e8paci.","breadcrumb":{"@id":"https:\/\/www.intoscana.it\/it\/premio-viareggio-repaci-piccolo\/#breadcrumb"},"inLanguage":"it-IT","potentialAction":[{"@type":"ReadAction","target":["https:\/\/www.intoscana.it\/it\/premio-viareggio-repaci-piccolo\/"]}]},{"@type":"ImageObject","inLanguage":"it-IT","@id":"https:\/\/www.intoscana.it\/it\/premio-viareggio-repaci-piccolo\/#primaryimage","url":"https:\/\/www.intoscana.it\/wp-content\/uploads\/Francesco-Piccolo-e1689859506737.jpg","contentUrl":"https:\/\/www.intoscana.it\/wp-content\/uploads\/Francesco-Piccolo-e1689859506737.jpg","width":1364,"height":1078},{"@type":"BreadcrumbList","@id":"https:\/\/www.intoscana.it\/it\/premio-viareggio-repaci-piccolo\/#breadcrumb","itemListElement":[{"@type":"ListItem","position":1,"name":"Home","item":"https:\/\/www.intoscana.it\/it\/"},{"@type":"ListItem","position":2,"name":"Premio Viareggio-R\u00e8paci: vince Francesco Piccolo per la saggistica"}]},{"@type":"WebSite","@id":"https:\/\/www.intoscana.it\/it\/#website","url":"https:\/\/www.intoscana.it\/it\/","name":"intoscana","description":"","potentialAction":[{"@type":"SearchAction","target":{"@type":"EntryPoint","urlTemplate":"https:\/\/www.intoscana.it\/it\/?s={search_term_string}"},"query-input":{"@type":"PropertyValueSpecification","valueRequired":true,"valueName":"search_term_string"}}],"inLanguage":"it-IT"},{"@type":"Person","@id":"https:\/\/www.intoscana.it\/it\/#\/schema\/person\/9223810753230f20bd670fdd322661f8","name":"Redazione","url":"https:\/\/www.intoscana.it\/it\/author\/redazione\/"}]}},"_links":{"self":[{"href":"https:\/\/www.intoscana.it\/it\/wp-json\/wp\/v2\/posts\/296968","targetHints":{"allow":["GET"]}}],"collection":[{"href":"https:\/\/www.intoscana.it\/it\/wp-json\/wp\/v2\/posts"}],"about":[{"href":"https:\/\/www.intoscana.it\/it\/wp-json\/wp\/v2\/types\/post"}],"author":[{"embeddable":true,"href":"https:\/\/www.intoscana.it\/it\/wp-json\/wp\/v2\/users\/525"}],"replies":[{"embeddable":true,"href":"https:\/\/www.intoscana.it\/it\/wp-json\/wp\/v2\/comments?post=296968"}],"version-history":[{"count":0,"href":"https:\/\/www.intoscana.it\/it\/wp-json\/wp\/v2\/posts\/296968\/revisions"}],"wp:featuredmedia":[{"embeddable":true,"href":"https:\/\/www.intoscana.it\/it\/wp-json\/wp\/v2\/media\/296975"}],"wp:attachment":[{"href":"https:\/\/www.intoscana.it\/it\/wp-json\/wp\/v2\/media?parent=296968"}],"wp:term":[{"taxonomy":"category","embeddable":true,"href":"https:\/\/www.intoscana.it\/it\/wp-json\/wp\/v2\/categories?post=296968"},{"taxonomy":"post_tag","embeddable":true,"href":"https:\/\/www.intoscana.it\/it\/wp-json\/wp\/v2\/tags?post=296968"}],"curies":[{"name":"wp","href":"https:\/\/api.w.org\/{rel}","templated":true}]}}