{"id":297066,"date":"2023-07-21T16:17:52","date_gmt":"2023-07-21T14:17:52","guid":{"rendered":"https:\/\/www.intoscana.it\/it\/?p=297066"},"modified":"2023-07-24T10:55:13","modified_gmt":"2023-07-24T08:55:13","slug":"omaggio-a-mimi-la-vita-di-anna-laetitia-pecci-blunt-in-un-archivio","status":"publish","type":"post","link":"https:\/\/www.intoscana.it\/it\/omaggio-a-mimi-la-vita-di-anna-laetitia-pecci-blunt-in-un-archivio\/","title":{"rendered":"Omaggio a Mim\u00ec, la vita di Anna Laetitia Pecci Blunt in un archivio"},"content":{"rendered":"<p style=\"font-weight: 400;\">Un t\u00e8 con <strong>Giorgio De Chirico<\/strong>, un bagno in piscina con <strong>Dal\u00ec<\/strong>. Una vita tra <strong>arte, letteratura, teatro<\/strong> con le celebri feste che sistematicamente finivano sulle pagine di <strong>Vogue<\/strong>. L&#8217;esistenza di <strong>Anna Laetitia Pecci Blunt<\/strong>, per tutti <strong>Mim\u00ec<\/strong> come l&#8217;eroina di Giacomo Puccini \u00e8 al centro di una mostra. L&#8217;esposizione in corso fino al 17 dicembre nella <strong>Villa Reale di Marlia<\/strong>, alle porte di Lucca, ne ricostruisce la <strong>vita tra appunti e immagini <\/strong>quasi in un film in bianco e nero.<\/p>\n<p style=\"font-weight: 400;\">L&#8217;allestimento di <strong>Beatrice Speranza<\/strong> \u00e8 ambientato nella nuova ala della<strong> Palazzina dell\u2019Orologio<\/strong>, nella grande cucina al piano terra al centro di tante serate mondane e oggi aperta al pubblico per la prima volta.\u00a0 Qui si ricorda una donna elegante, dai gusti raffinati. <strong>Un&#8217;eclettica mecenate<\/strong> che port\u00f2 nella sua residenza estiva i grandi nomi dell&#8217;arte, del teatro e della letteratura del Novecento: <strong>da Jean Cocteau a Alberto Moravia.<\/strong><\/p>\n<figure id=\"post-297073 media-297073\" class=\"align-none\"><img decoding=\"async\" src=\"https:\/\/www.intoscana.it\/wp-content\/uploads\/032-egitto-mimi-e-cecil-e1689938040811.jpg\" alt=\"\" \/><\/figure>\n<div class=\"titleimg\">Mim\u00ec e il marito Cecil in Egitto: la foto \u00e8 in mostra a \u201cMim\u00ec. Anna Laetitia Pecci Blunt: la sua anima in un archivio. La vita, gli appunti e le immagini\u201d<\/div>\n<p>La mostra &#8220;<em>Mim\u00ec. Anna Laetitia Pecci Blunt: la sua anima in un archivio. La vita, gli appunti e le immagini<\/em>\u201d \u00e8 curata da <strong>Roberta Martinelli<\/strong>. In mostra<strong> l&#8217;archivio di Mim\u00ec<\/strong>: dischi, riviste, la sua collezione etnografica e i cimeli appartenuti all&#8217;antenato: il Papa Leone XIII insieme a foto e documenti.<\/p>\n<h3>Un archivio di foto, immagini e riviste<\/h3>\n<p>Un vero archivio con tanto di atto di nascita, quaderni, lettere, fotografie, ritagli di giornali, riviste. Nei suoi taccuini ad ogni lettera dell\u2019alfabeto corrispondeva l\u2019indirizzo di pittori, musicisti, scrittori, attori fra i pi\u00f9 importanti del Novecento. <strong>Personaggi del jet set<\/strong> internazionale che lei definiva i \u201c<em>miei parenti illustri<\/em>\u201d.<\/p>\n<figure id=\"post-297072 media-297072\" class=\"align-none\"><img decoding=\"async\" src=\"https:\/\/www.intoscana.it\/wp-content\/uploads\/019-Dali\u0300-e-Mimi\u0300-a-Marlia-1936-scaled.jpg\" alt=\"\" \/><\/figure>\n<div class=\"titleimg\">Dali\u0300 e Mimi\u0300 a Marlia nel 1936: la foto \u00e8 in mostra a \u201cMim\u00ec. Anna Laetitia Pecci Blunt: la sua anima in un archivio. La vita, gli appunti e le immagini\u201d<\/div>\n<p>\u201c<em>Il progetto di approfondire la vita di Mim\u00ec \u00e8 nato a Villa Reale di Marlia, nel momento in cui abbiamo potuto sfogliare un suo album privato<\/em> &#8211; racconta <strong>Simonetta Giurlani Pardini<\/strong>, autrice dei testi del catalogo -. <em>Sotto ogni scatto, con la sua calligrafia piccola e ordinata, c\u2019era la descrizione del luogo e i nomi dei protagonisti di quelle immagini<\/em>&#8220;.<\/p>\n<h3>La vita mondana di Mim\u00ec tra vip e artisti<\/h3>\n<p>Da queste carte <strong>Mim\u00ec<\/strong> emerge come protagonista della <strong>vita mondana<\/strong> internazionale. Si sottolinea il suo ruolo di <strong>mecenate<\/strong> impegnata nel diffondere le nuove <strong>tendenze culturali<\/strong> e nel sostenere le avanguardie artistiche. Nella sua dimora cre\u00f2 un circolo artistico e intellettuale dove si riunivano <strong>poeti, artisti e musicisti<\/strong>.<\/p>\n<figure id=\"post-297071 media-297071\" class=\"align-none\"><img decoding=\"async\" src=\"https:\/\/www.intoscana.it\/wp-content\/uploads\/018-Mimi\u0300-e-Audrey-Hepburn-scaled-e1689949201869.jpg\" alt=\"\" \/><\/figure>\n<div class=\"titleimg\">La foto di Mimi\u0300 e Audrey Hepburn nella mostra \u201cMim\u00ec. Anna Laetitia Pecci Blunt: la sua anima in un archivio. La vita, gli appunti e le immagini\u201d<\/div>\n<p>\u201c<em>Questa mostra \u00e8 il felice esito di due operazioni: il recupero ed il ritorno alla sua originaria bellezza della Villa Reale, condotto con munificenza e lungimiranza dagli attuali proprietari e insieme il percorso culturale incentrato sulla valorizzazione del ruolo e della personalit\u00e0 di Elisa Bonaparte, principessa di Lucca<\/em>&#8221; spiega la curatrice <strong>Roberta Martinelli<\/strong>, presidente dell&#8217;associazione \u2018<em>Napoleone ed Elisa: da Parigi alla Toscana<\/em>\u2019.<\/p>\n<h3>L&#8217;omaggio a Mim\u00ec dei nuovi proprietari<\/h3>\n<p>La mostra \u00e8 stata promossa da <strong>Henric e Marina Gr\u00f6nberg<\/strong>, attuali proprietari di Villa Reale di Marlia, in occasione del centenario dell&#8217;acquisizione dell&#8217;immobile da parte della famiglia <strong>Pecci Blunt<\/strong>. Un omaggio a Mim\u00ec che trasform\u00f2 la residenza storica in un luogo di cultura, come gi\u00e0 prima di lei aveva fatto un&#8217;altra inquilina illustre della villa: <strong>Elisa Baciocchi Bonaparte<\/strong>.<\/p>\n<p style=\"font-weight: 400;\">\u201c<em>La Villa Reale di Marlia \u00e8 uno scrigno di tesori, alcuni gi\u00e0 conosciuti, altri svelati negli ultimi anni e chiss\u00e0 quanti altri ancora nascosti<\/em> &#8211; scrivono nel catalogo i proprietari di Villa Reale,<strong> Marina e Henric Gr\u00f6nberg<\/strong> &#8211;<em>. L&#8217;imponente intervento di ripristino di tutto il complesso \u00e8 partito nel 2014 quando prendemmo in consegna la grande propriet\u00e0 con i suoi edifici e giardini in condizioni ormai critiche. Dopo anni di incessante lavoro e di cantieri vediamo finalmente i risultati di tanto impegno&#8221;<\/em>.<\/p>\n<h3 style=\"font-weight: 400;\"><strong>La mostra e l\u2019allestimento<\/strong><\/h3>\n<p style=\"font-weight: 400;\">Un\u2019installazione collocata nelle ex-cucine, dove <strong>i Pecci Blunt<\/strong> organizzavano le loro feste, d\u00e0 inizio al percorso espositivo con <strong>tre pannelli luminosi<\/strong>: il primo porta sullo sfondo lo stemma araldico di Papa Leone XIII ed evidenzia le principali tappe della <strong>vita di Mim\u00ec<\/strong>; il secondo presenta parte della sua raccolta della <strong>rivista Vogue<\/strong> e gli articoli che parlano di lei e le sue feste; il terzo mette a confronto l\u2019influenza della cultura e della \u201cmondanit\u00e0\u201d dell\u2019epoca.<\/p>\n<p style=\"font-weight: 400;\">Punto focale della mostra \u00e8 il <strong>video ritratto<\/strong> realizzato da <strong>Giulia Vannucci<\/strong>. Nella palazzina si trova anche una ricca collezione di<strong> bambole etniche<\/strong>, acquistate da Mim\u00ec durante i suoi viaggi, che fanno intuire il suo interesse per <strong>l\u2018etnografia<\/strong>, scienza in pieno sviluppo in quegli anni.<\/p>\n","protected":false},"excerpt":{"rendered":"<p>Donna elegante e mecenate eclettica realizz\u00f2 un circolo culturale nella Villa Reale di Marlia dove \u00e8 oggi allestita la mostra a lei dedicata<\/p>\n","protected":false},"author":554,"featured_media":297070,"comment_status":"open","ping_status":"open","sticky":false,"template":"","format":"standard","meta":{"_acf_changed":false,"footnotes":""},"categories":[493],"tags":[174],"class_list":["post-297066","post","type-post","status-publish","format-standard","has-post-thumbnail","hentry","category-cultura","tag-arte"],"acf":[],"yoast_head":"<!-- This site is optimized with the Yoast SEO Premium plugin v24.2 (Yoast SEO v25.6) - https:\/\/yoast.com\/wordpress\/plugins\/seo\/ -->\n<title>La vita di Anna Laetitia Pecci Blunt raccontata in un archivio - intoscana<\/title>\n<meta name=\"description\" content=\"Donna elegante e mecenate eclettica realizz\u00f2 un circolo culturale nella Villa Reale di Marlia dove \u00e8 oggi allestita la mostra a lei dedicata\" \/>\n<meta name=\"robots\" content=\"index, follow, max-snippet:-1, max-image-preview:large, max-video-preview:-1\" \/>\n<link rel=\"canonical\" href=\"https:\/\/www.intoscana.it\/it\/omaggio-a-mimi-la-vita-di-anna-laetitia-pecci-blunt-in-un-archivio\/\" \/>\n<meta property=\"og:locale\" content=\"it_IT\" \/>\n<meta property=\"og:type\" content=\"article\" \/>\n<meta property=\"og:title\" content=\"Omaggio a Mim\u00ec, la vita di Anna Laetitia Pecci Blunt in un archivio\" \/>\n<meta property=\"og:description\" content=\"Donna elegante e mecenate eclettica realizz\u00f2 un circolo culturale nella Villa Reale di Marlia dove \u00e8 oggi allestita la mostra a lei dedicata\" \/>\n<meta property=\"og:url\" content=\"https:\/\/www.intoscana.it\/it\/omaggio-a-mimi-la-vita-di-anna-laetitia-pecci-blunt-in-un-archivio\/\" \/>\n<meta property=\"og:site_name\" content=\"intoscana\" \/>\n<meta property=\"article:publisher\" content=\"https:\/\/www.facebook.com\/intoscana.it\" \/>\n<meta property=\"article:published_time\" content=\"2023-07-21T14:17:52+00:00\" \/>\n<meta property=\"article:modified_time\" content=\"2023-07-24T08:55:13+00:00\" \/>\n<meta property=\"og:image\" content=\"https:\/\/www.intoscana.it\/wp-content\/uploads\/000-Mimi\u0300-Pecci-Blunt-con-la-sua-macchina-fotografica-una-Rolleiflex-in-una-foto-di-Ruggero-Schiff-\u00a9-Archivio-Pecci-Blunt-e1690188905191.jpg\" \/>\n\t<meta property=\"og:image:width\" content=\"1160\" \/>\n\t<meta property=\"og:image:height\" content=\"629\" \/>\n\t<meta property=\"og:image:type\" content=\"image\/jpeg\" \/>\n<meta name=\"author\" content=\"Raffaella Galamini\" \/>\n<meta name=\"twitter:card\" content=\"summary_large_image\" \/>\n<meta name=\"twitter:creator\" content=\"@orio\" \/>\n<meta name=\"twitter:site\" content=\"@intoscana\" \/>\n<meta name=\"twitter:label1\" content=\"Written by\" \/>\n\t<meta name=\"twitter:data1\" content=\"Raffaella Galamini\" \/>\n\t<meta name=\"twitter:label2\" content=\"Est. reading time\" \/>\n\t<meta name=\"twitter:data2\" content=\"4 minuti\" \/>\n<script type=\"application\/ld+json\" class=\"yoast-schema-graph\">{\"@context\":\"https:\/\/schema.org\",\"@graph\":[{\"@type\":\"WebPage\",\"@id\":\"https:\/\/www.intoscana.it\/it\/omaggio-a-mimi-la-vita-di-anna-laetitia-pecci-blunt-in-un-archivio\/\",\"url\":\"https:\/\/www.intoscana.it\/it\/omaggio-a-mimi-la-vita-di-anna-laetitia-pecci-blunt-in-un-archivio\/\",\"name\":\"La vita di Anna Laetitia Pecci Blunt raccontata in un archivio - intoscana\",\"isPartOf\":{\"@id\":\"https:\/\/www.intoscana.it\/it\/#website\"},\"primaryImageOfPage\":{\"@id\":\"https:\/\/www.intoscana.it\/it\/omaggio-a-mimi-la-vita-di-anna-laetitia-pecci-blunt-in-un-archivio\/#primaryimage\"},\"image\":{\"@id\":\"https:\/\/www.intoscana.it\/it\/omaggio-a-mimi-la-vita-di-anna-laetitia-pecci-blunt-in-un-archivio\/#primaryimage\"},\"thumbnailUrl\":\"https:\/\/www.intoscana.it\/wp-content\/uploads\/000-Mimi\u0300-Pecci-Blunt-con-la-sua-macchina-fotografica-una-Rolleiflex-in-una-foto-di-Ruggero-Schiff-\u00a9-Archivio-Pecci-Blunt-e1690188905191.jpg\",\"datePublished\":\"2023-07-21T14:17:52+00:00\",\"dateModified\":\"2023-07-24T08:55:13+00:00\",\"author\":{\"@id\":\"https:\/\/www.intoscana.it\/it\/#\/schema\/person\/9eb9daa846a49fe51af39a73d9d1986b\"},\"description\":\"Donna elegante e mecenate eclettica realizz\u00f2 un circolo culturale nella Villa Reale di Marlia dove \u00e8 oggi allestita la mostra a lei dedicata\",\"breadcrumb\":{\"@id\":\"https:\/\/www.intoscana.it\/it\/omaggio-a-mimi-la-vita-di-anna-laetitia-pecci-blunt-in-un-archivio\/#breadcrumb\"},\"inLanguage\":\"it-IT\",\"potentialAction\":[{\"@type\":\"ReadAction\",\"target\":[\"https:\/\/www.intoscana.it\/it\/omaggio-a-mimi-la-vita-di-anna-laetitia-pecci-blunt-in-un-archivio\/\"]}]},{\"@type\":\"ImageObject\",\"inLanguage\":\"it-IT\",\"@id\":\"https:\/\/www.intoscana.it\/it\/omaggio-a-mimi-la-vita-di-anna-laetitia-pecci-blunt-in-un-archivio\/#primaryimage\",\"url\":\"https:\/\/www.intoscana.it\/wp-content\/uploads\/000-Mimi\u0300-Pecci-Blunt-con-la-sua-macchina-fotografica-una-Rolleiflex-in-una-foto-di-Ruggero-Schiff-\u00a9-Archivio-Pecci-Blunt-e1690188905191.jpg\",\"contentUrl\":\"https:\/\/www.intoscana.it\/wp-content\/uploads\/000-Mimi\u0300-Pecci-Blunt-con-la-sua-macchina-fotografica-una-Rolleiflex-in-una-foto-di-Ruggero-Schiff-\u00a9-Archivio-Pecci-Blunt-e1690188905191.jpg\",\"width\":1160,\"height\":629,\"caption\":\"Mimi\u0300 Pecci Blunt con la macchina fotografica Rolleiflex in una foto di Ruggero Schiff- \u00a9 Archivio Pecci Blunt\"},{\"@type\":\"BreadcrumbList\",\"@id\":\"https:\/\/www.intoscana.it\/it\/omaggio-a-mimi-la-vita-di-anna-laetitia-pecci-blunt-in-un-archivio\/#breadcrumb\",\"itemListElement\":[{\"@type\":\"ListItem\",\"position\":1,\"name\":\"Home\",\"item\":\"https:\/\/www.intoscana.it\/it\/\"},{\"@type\":\"ListItem\",\"position\":2,\"name\":\"Omaggio a Mim\u00ec, la vita di Anna Laetitia Pecci Blunt in un archivio\"}]},{\"@type\":\"WebSite\",\"@id\":\"https:\/\/www.intoscana.it\/it\/#website\",\"url\":\"https:\/\/www.intoscana.it\/it\/\",\"name\":\"intoscana\",\"description\":\"\",\"potentialAction\":[{\"@type\":\"SearchAction\",\"target\":{\"@type\":\"EntryPoint\",\"urlTemplate\":\"https:\/\/www.intoscana.it\/it\/?s={search_term_string}\"},\"query-input\":{\"@type\":\"PropertyValueSpecification\",\"valueRequired\":true,\"valueName\":\"search_term_string\"}}],\"inLanguage\":\"it-IT\"},{\"@type\":\"Person\",\"@id\":\"https:\/\/www.intoscana.it\/it\/#\/schema\/person\/9eb9daa846a49fe51af39a73d9d1986b\",\"name\":\"Raffaella Galamini\",\"sameAs\":[\"https:\/\/x.com\/orio\"],\"url\":\"https:\/\/www.intoscana.it\/it\/author\/r-galamini\/\"}]}<\/script>\n<!-- \/ Yoast SEO Premium plugin. -->","yoast_head_json":{"title":"La vita di Anna Laetitia Pecci Blunt raccontata in un archivio - intoscana","description":"Donna elegante e mecenate eclettica realizz\u00f2 un circolo culturale nella Villa Reale di Marlia dove \u00e8 oggi allestita la mostra a lei dedicata","robots":{"index":"index","follow":"follow","max-snippet":"max-snippet:-1","max-image-preview":"max-image-preview:large","max-video-preview":"max-video-preview:-1"},"canonical":"https:\/\/www.intoscana.it\/it\/omaggio-a-mimi-la-vita-di-anna-laetitia-pecci-blunt-in-un-archivio\/","og_locale":"it_IT","og_type":"article","og_title":"Omaggio a Mim\u00ec, la vita di Anna Laetitia Pecci Blunt in un archivio","og_description":"Donna elegante e mecenate eclettica realizz\u00f2 un circolo culturale nella Villa Reale di Marlia dove \u00e8 oggi allestita la mostra a lei dedicata","og_url":"https:\/\/www.intoscana.it\/it\/omaggio-a-mimi-la-vita-di-anna-laetitia-pecci-blunt-in-un-archivio\/","og_site_name":"intoscana","article_publisher":"https:\/\/www.facebook.com\/intoscana.it","article_published_time":"2023-07-21T14:17:52+00:00","article_modified_time":"2023-07-24T08:55:13+00:00","og_image":[{"width":1160,"height":629,"url":"https:\/\/www.intoscana.it\/wp-content\/uploads\/000-Mimi\u0300-Pecci-Blunt-con-la-sua-macchina-fotografica-una-Rolleiflex-in-una-foto-di-Ruggero-Schiff-\u00a9-Archivio-Pecci-Blunt-e1690188905191.jpg","type":"image\/jpeg"}],"author":"Raffaella Galamini","twitter_card":"summary_large_image","twitter_creator":"@orio","twitter_site":"@intoscana","twitter_misc":{"Written by":"Raffaella Galamini","Est. reading time":"4 minuti"},"schema":{"@context":"https:\/\/schema.org","@graph":[{"@type":"WebPage","@id":"https:\/\/www.intoscana.it\/it\/omaggio-a-mimi-la-vita-di-anna-laetitia-pecci-blunt-in-un-archivio\/","url":"https:\/\/www.intoscana.it\/it\/omaggio-a-mimi-la-vita-di-anna-laetitia-pecci-blunt-in-un-archivio\/","name":"La vita di Anna Laetitia Pecci Blunt raccontata in un archivio - intoscana","isPartOf":{"@id":"https:\/\/www.intoscana.it\/it\/#website"},"primaryImageOfPage":{"@id":"https:\/\/www.intoscana.it\/it\/omaggio-a-mimi-la-vita-di-anna-laetitia-pecci-blunt-in-un-archivio\/#primaryimage"},"image":{"@id":"https:\/\/www.intoscana.it\/it\/omaggio-a-mimi-la-vita-di-anna-laetitia-pecci-blunt-in-un-archivio\/#primaryimage"},"thumbnailUrl":"https:\/\/www.intoscana.it\/wp-content\/uploads\/000-Mimi\u0300-Pecci-Blunt-con-la-sua-macchina-fotografica-una-Rolleiflex-in-una-foto-di-Ruggero-Schiff-\u00a9-Archivio-Pecci-Blunt-e1690188905191.jpg","datePublished":"2023-07-21T14:17:52+00:00","dateModified":"2023-07-24T08:55:13+00:00","author":{"@id":"https:\/\/www.intoscana.it\/it\/#\/schema\/person\/9eb9daa846a49fe51af39a73d9d1986b"},"description":"Donna elegante e mecenate eclettica realizz\u00f2 un circolo culturale nella Villa Reale di Marlia dove \u00e8 oggi allestita la mostra a lei dedicata","breadcrumb":{"@id":"https:\/\/www.intoscana.it\/it\/omaggio-a-mimi-la-vita-di-anna-laetitia-pecci-blunt-in-un-archivio\/#breadcrumb"},"inLanguage":"it-IT","potentialAction":[{"@type":"ReadAction","target":["https:\/\/www.intoscana.it\/it\/omaggio-a-mimi-la-vita-di-anna-laetitia-pecci-blunt-in-un-archivio\/"]}]},{"@type":"ImageObject","inLanguage":"it-IT","@id":"https:\/\/www.intoscana.it\/it\/omaggio-a-mimi-la-vita-di-anna-laetitia-pecci-blunt-in-un-archivio\/#primaryimage","url":"https:\/\/www.intoscana.it\/wp-content\/uploads\/000-Mimi\u0300-Pecci-Blunt-con-la-sua-macchina-fotografica-una-Rolleiflex-in-una-foto-di-Ruggero-Schiff-\u00a9-Archivio-Pecci-Blunt-e1690188905191.jpg","contentUrl":"https:\/\/www.intoscana.it\/wp-content\/uploads\/000-Mimi\u0300-Pecci-Blunt-con-la-sua-macchina-fotografica-una-Rolleiflex-in-una-foto-di-Ruggero-Schiff-\u00a9-Archivio-Pecci-Blunt-e1690188905191.jpg","width":1160,"height":629,"caption":"Mimi\u0300 Pecci Blunt con la macchina fotografica Rolleiflex in una foto di Ruggero Schiff- \u00a9 Archivio Pecci Blunt"},{"@type":"BreadcrumbList","@id":"https:\/\/www.intoscana.it\/it\/omaggio-a-mimi-la-vita-di-anna-laetitia-pecci-blunt-in-un-archivio\/#breadcrumb","itemListElement":[{"@type":"ListItem","position":1,"name":"Home","item":"https:\/\/www.intoscana.it\/it\/"},{"@type":"ListItem","position":2,"name":"Omaggio a Mim\u00ec, la vita di Anna Laetitia Pecci Blunt in un archivio"}]},{"@type":"WebSite","@id":"https:\/\/www.intoscana.it\/it\/#website","url":"https:\/\/www.intoscana.it\/it\/","name":"intoscana","description":"","potentialAction":[{"@type":"SearchAction","target":{"@type":"EntryPoint","urlTemplate":"https:\/\/www.intoscana.it\/it\/?s={search_term_string}"},"query-input":{"@type":"PropertyValueSpecification","valueRequired":true,"valueName":"search_term_string"}}],"inLanguage":"it-IT"},{"@type":"Person","@id":"https:\/\/www.intoscana.it\/it\/#\/schema\/person\/9eb9daa846a49fe51af39a73d9d1986b","name":"Raffaella Galamini","sameAs":["https:\/\/x.com\/orio"],"url":"https:\/\/www.intoscana.it\/it\/author\/r-galamini\/"}]}},"_links":{"self":[{"href":"https:\/\/www.intoscana.it\/it\/wp-json\/wp\/v2\/posts\/297066","targetHints":{"allow":["GET"]}}],"collection":[{"href":"https:\/\/www.intoscana.it\/it\/wp-json\/wp\/v2\/posts"}],"about":[{"href":"https:\/\/www.intoscana.it\/it\/wp-json\/wp\/v2\/types\/post"}],"author":[{"embeddable":true,"href":"https:\/\/www.intoscana.it\/it\/wp-json\/wp\/v2\/users\/554"}],"replies":[{"embeddable":true,"href":"https:\/\/www.intoscana.it\/it\/wp-json\/wp\/v2\/comments?post=297066"}],"version-history":[{"count":0,"href":"https:\/\/www.intoscana.it\/it\/wp-json\/wp\/v2\/posts\/297066\/revisions"}],"wp:featuredmedia":[{"embeddable":true,"href":"https:\/\/www.intoscana.it\/it\/wp-json\/wp\/v2\/media\/297070"}],"wp:attachment":[{"href":"https:\/\/www.intoscana.it\/it\/wp-json\/wp\/v2\/media?parent=297066"}],"wp:term":[{"taxonomy":"category","embeddable":true,"href":"https:\/\/www.intoscana.it\/it\/wp-json\/wp\/v2\/categories?post=297066"},{"taxonomy":"post_tag","embeddable":true,"href":"https:\/\/www.intoscana.it\/it\/wp-json\/wp\/v2\/tags?post=297066"}],"curies":[{"name":"wp","href":"https:\/\/api.w.org\/{rel}","templated":true}]}}