{"id":297139,"date":"2023-07-21T17:38:34","date_gmt":"2023-07-21T15:38:34","guid":{"rendered":"https:\/\/www.intoscana.it\/it\/?p=297139"},"modified":"2023-07-21T17:40:15","modified_gmt":"2023-07-21T15:40:15","slug":"liste-di-attesa-prescrizioni-e-gestione-delle-agende-si-cambia","status":"publish","type":"post","link":"https:\/\/www.intoscana.it\/it\/liste-di-attesa-prescrizioni-e-gestione-delle-agende-si-cambia\/","title":{"rendered":"Liste di attesa, prescrizioni e gestione delle agende: si cambia"},"content":{"rendered":"<p>Liste d&#8217;attesa, si cambia. Arrivano <strong>nuove prescrizioni<\/strong> e una gestione delle agende che tiene conto delle effettive necessit\u00e0 dell&#8217;utenza. La novit\u00e0, approdata in giunta regionale su proposta dell\u2019assessore al diritto alla salute <strong>Simone Bezzini<\/strong>, ha ricevuto il via libera. Si tiene cos\u00ec conto dei <strong>nuovi indirizzi<\/strong> sul governo della relazione tra domanda e offerta delle <strong>prestazioni sanitarie<\/strong>.<\/p>\n<p>\u201c<em>Di fronte ad un crescente aumento di richieste di prestazioni<\/em> &#8211; spiega l\u2019assessore al diritto alla salute, <strong>Simone Bezzini<\/strong> \u2013<em> questa delibera, \u00e8 lo strumento con cui intendiamo garantire ai cittadini un adeguato accesso alle loro diagnosi e\u00a0\u00a0alla cura, contenendo la creazione di liste di attesa per chi, di quelle prestazioni, ha un urgente e reale bisogno. Gli indirizzi individuati consentiranno di riorientare il sistema e dare delle risposte alle criticit\u00e0 emerse negli ultimi anni<\/em>\u201d.<\/p>\n<p>Dopo la pandemia, le richieste di <strong>visite specialistiche<\/strong> e prestazioni strumentali sono <strong>aumentate<\/strong> in media del <strong>28 per cento<\/strong>. Pi\u00f9 nel dettaglio sono cresciute del 24,6 per cento le visite di primo accesso e del 31 per cento le prestazioni di diagnostica strumentale: le richieste per risonanze magnetiche sono esplose (aumentate nello stesso periodo del 56 per cento, da 279 mila ad oltre 437 mila in un anno) ed anche per le Tac il dato non \u00e8 molto inferiore, cresciute del 48 per cento (e passate da 251 mila a 372 mila).<\/p>\n<p>\u201c<em>Si tratta di un aumento ben superiore a quello atteso in base all\u2019invecchiamento della popolazione\u00a0 e al numero di persone con patologie croniche ed oncologiche<\/em> &#8211; commenta il presidente della Toscana, <strong>Eugenio Giani<\/strong> -: <em>da qui la necessit\u00e0, maturata in modo unanime, di agire con decisione sul versante del governo della domanda<\/em>\u201d.<\/p>\n<h3><strong>Tac e risonanze magnetiche<\/strong><\/h3>\n<p>Per omogeneizzare le modalit\u00e0 di prescrizione per <strong>risonanze e Tac<\/strong> la giunta ha deciso di recepire le note contenute nel decreto del presidente del consiglio dei ministri del 12 gennaio 2017 riguardo i Lea, ovvero i <strong>livelli essenziali di assistenza<\/strong>. \u201c<em>Si tratta di un primo strumento<\/em> \u2013 commenta l\u2019assessore \u2013 <em>per garantire la conduzione di esami diagnostici, nei tempi opportuni per la corretta presa in carico dei bisogni di salute della persona assistita, evitando di ricorrere alla diagnostica pesante laddove la diagnosi pu\u00f2 essere effettuata con altre metodiche<\/em>\u201d.<\/p>\n<h3><strong>Codici di priorit\u00e0<\/strong><\/h3>\n<p>Nella delibera si richiama anche ad un corretto impiego dei codici di accesso, che si riferiscono alle condizioni di salute del paziente e alla gravit\u00e0 del quadro clinico. Si riportano le definizioni \u201ccliniche\u201d che devono indirizzare la richiesta verso un determinato codice di priorit\u00e0: quattro classi diverse, con tempi diversi.<\/p>\n<p>Negli ultimi anni, anche in seguito alle sospensioni per Covid dell\u2019attivit\u00e0 delle prestazioni non urgenti, si \u00e8 assistito ad un incremento di richieste per visite ed esami con codici di priorit\u00e0 da evadere in tempi brevi.<\/p>\n<h3><strong>Accessi e prime visite ripetute<\/strong><\/h3>\n<p>I dati sulle richieste di prime visite ripetute lasciano ipotizzare che molte delle prestazioni richieste come primo accesso siano da riferire a persone gi\u00e0 conosciute per un determinato problema di salute: un\u2019errata prescrizione, da correggere, che crea disagi a cascata nella gestione delle agende, dove prime visite e visite successive e di controllo devono avere canali diversi, le prime a visibilit\u00e0 pubblica e le seconde riservate agli specialisti che hanno in cura il paziente, per una presa in carico efficace.<\/p>\n<p>Giusto per chiarire, \u00e8 primo accesso anche l\u2019approfondimento con uno specialista di una branca diversa dal primo osservatore o la visita ed esami necessari a seguito del peggioramento di un paziente cronico, ma non lo \u00e8 la visita o prestazione di controllo.<\/p>\n<h3><strong>Il quesito diagnostico<\/strong><\/h3>\n<p>La delibera prevede inoltre una migliore e pi\u00f9 dettagliata codifica dei quesiti diagnostici, utile al fine delle decisioni cliniche: l\u2019obiettivo anche in questo caso \u00e8 il miglioramento della continuit\u00e0 assistenziale e la riduzione delle liste di attesa. Il quesito diagnostico descrive il problema di salute che motiva la richiesta da parte del medico di effettuare la prestazione e deve essere riferito all\u2019insieme di prestazioni che confluiscono in una stessa ricetta. L\u2019obiettivo \u00e8 incentivare e affinare l\u2019utilizzo dell\u2019informazione contribuendo ad un miglioramento dell\u2019assistenza.<\/p>\n<h3><strong>Teleconsulto e telemedicina<\/strong><\/h3>\n<p>Il ricorso al <strong>teleconsulto<\/strong> e alla <strong>telemedicina<\/strong> ha un ruolo di primaria importanza, in quanto offre l\u2019opportunit\u00e0 di sviluppare l\u2019interazione tra professionisti e migliorare la <strong>qualit\u00e0 della diagnosi<\/strong> cos\u00ec da individuare il percorso terapeutico pi\u00f9 efficace. <strong>Teleconsulto e telemedicina<\/strong> consentirebbero di migliorare l\u2019appropriatezza prescrittiva, in quanto il paziente dopo la consulenza potrebbe non necessitare di un\u2019ulteriore prestazione.<\/p>\n","protected":false},"excerpt":{"rendered":"<p>Di fronte ad un crescente aumento di richieste di prestazioni, sottolinea l&#8217;assessore Bezzini, si intende garantire ai cittadini un adeguato accesso a diagnosi e cure<\/p>\n","protected":false},"author":525,"featured_media":270012,"comment_status":"open","ping_status":"open","sticky":false,"template":"","format":"standard","meta":{"_acf_changed":false,"footnotes":""},"categories":[494],"tags":[349,4883],"class_list":["post-297139","post","type-post","status-publish","format-standard","has-post-thumbnail","hentry","category-attualita","tag-sanita","tag-simone-bezzini"],"acf":[],"yoast_head":"<!-- This site is optimized with the Yoast SEO Premium plugin v24.2 (Yoast SEO v25.6) - https:\/\/yoast.com\/wordpress\/plugins\/seo\/ -->\n<title>Liste di attesa, prescrizioni e gestione delle agende: si cambia - intoscana<\/title>\n<meta name=\"description\" content=\"Di fronte all&#039;aumento di richieste di prestazioni, sottolinea l&#039;assessore Bezzini, si vuole garantire un adeguato accesso a diagnosi e cure\" \/>\n<meta name=\"robots\" content=\"index, follow, max-snippet:-1, max-image-preview:large, max-video-preview:-1\" \/>\n<link rel=\"canonical\" href=\"https:\/\/www.intoscana.it\/it\/liste-di-attesa-prescrizioni-e-gestione-delle-agende-si-cambia\/\" \/>\n<meta property=\"og:locale\" content=\"it_IT\" \/>\n<meta property=\"og:type\" content=\"article\" \/>\n<meta property=\"og:title\" content=\"Liste di attesa, prescrizioni e gestione delle agende: si cambia\" \/>\n<meta property=\"og:description\" content=\"Di fronte all&#039;aumento di richieste di prestazioni, sottolinea l&#039;assessore Bezzini, si vuole garantire un adeguato accesso a diagnosi e cure\" \/>\n<meta property=\"og:url\" content=\"https:\/\/www.intoscana.it\/it\/liste-di-attesa-prescrizioni-e-gestione-delle-agende-si-cambia\/\" \/>\n<meta property=\"og:site_name\" content=\"intoscana\" \/>\n<meta property=\"article:publisher\" content=\"https:\/\/www.facebook.com\/intoscana.it\" \/>\n<meta property=\"article:published_time\" content=\"2023-07-21T15:38:34+00:00\" \/>\n<meta property=\"article:modified_time\" content=\"2023-07-21T15:40:15+00:00\" \/>\n<meta property=\"og:image\" content=\"https:\/\/www.intoscana.it\/wp-content\/uploads\/visita-medica-scaled.jpeg\" \/>\n\t<meta property=\"og:image:width\" content=\"2048\" \/>\n\t<meta property=\"og:image:height\" content=\"1365\" \/>\n\t<meta property=\"og:image:type\" content=\"image\/jpeg\" \/>\n<meta name=\"author\" content=\"Redazione\" \/>\n<meta name=\"twitter:card\" content=\"summary_large_image\" \/>\n<meta name=\"twitter:creator\" content=\"@intoscana\" \/>\n<meta name=\"twitter:site\" content=\"@intoscana\" \/>\n<meta name=\"twitter:label1\" content=\"Written by\" \/>\n\t<meta name=\"twitter:data1\" content=\"Redazione\" \/>\n\t<meta name=\"twitter:label2\" content=\"Est. reading time\" \/>\n\t<meta name=\"twitter:data2\" content=\"4 minuti\" \/>\n<script type=\"application\/ld+json\" class=\"yoast-schema-graph\">{\"@context\":\"https:\/\/schema.org\",\"@graph\":[{\"@type\":\"WebPage\",\"@id\":\"https:\/\/www.intoscana.it\/it\/liste-di-attesa-prescrizioni-e-gestione-delle-agende-si-cambia\/\",\"url\":\"https:\/\/www.intoscana.it\/it\/liste-di-attesa-prescrizioni-e-gestione-delle-agende-si-cambia\/\",\"name\":\"Liste di attesa, prescrizioni e gestione delle agende: si cambia - intoscana\",\"isPartOf\":{\"@id\":\"https:\/\/www.intoscana.it\/it\/#website\"},\"primaryImageOfPage\":{\"@id\":\"https:\/\/www.intoscana.it\/it\/liste-di-attesa-prescrizioni-e-gestione-delle-agende-si-cambia\/#primaryimage\"},\"image\":{\"@id\":\"https:\/\/www.intoscana.it\/it\/liste-di-attesa-prescrizioni-e-gestione-delle-agende-si-cambia\/#primaryimage\"},\"thumbnailUrl\":\"https:\/\/www.intoscana.it\/wp-content\/uploads\/visita-medica-scaled.jpeg\",\"datePublished\":\"2023-07-21T15:38:34+00:00\",\"dateModified\":\"2023-07-21T15:40:15+00:00\",\"author\":{\"@id\":\"https:\/\/www.intoscana.it\/it\/#\/schema\/person\/9223810753230f20bd670fdd322661f8\"},\"description\":\"Di fronte all'aumento di richieste di prestazioni, sottolinea l'assessore Bezzini, si vuole garantire un adeguato accesso a diagnosi e cure\",\"breadcrumb\":{\"@id\":\"https:\/\/www.intoscana.it\/it\/liste-di-attesa-prescrizioni-e-gestione-delle-agende-si-cambia\/#breadcrumb\"},\"inLanguage\":\"it-IT\",\"potentialAction\":[{\"@type\":\"ReadAction\",\"target\":[\"https:\/\/www.intoscana.it\/it\/liste-di-attesa-prescrizioni-e-gestione-delle-agende-si-cambia\/\"]}]},{\"@type\":\"ImageObject\",\"inLanguage\":\"it-IT\",\"@id\":\"https:\/\/www.intoscana.it\/it\/liste-di-attesa-prescrizioni-e-gestione-delle-agende-si-cambia\/#primaryimage\",\"url\":\"https:\/\/www.intoscana.it\/wp-content\/uploads\/visita-medica-scaled.jpeg\",\"contentUrl\":\"https:\/\/www.intoscana.it\/wp-content\/uploads\/visita-medica-scaled.jpeg\",\"width\":2048,\"height\":1365},{\"@type\":\"BreadcrumbList\",\"@id\":\"https:\/\/www.intoscana.it\/it\/liste-di-attesa-prescrizioni-e-gestione-delle-agende-si-cambia\/#breadcrumb\",\"itemListElement\":[{\"@type\":\"ListItem\",\"position\":1,\"name\":\"Home\",\"item\":\"https:\/\/www.intoscana.it\/it\/\"},{\"@type\":\"ListItem\",\"position\":2,\"name\":\"Liste di attesa, prescrizioni e gestione delle agende: si cambia\"}]},{\"@type\":\"WebSite\",\"@id\":\"https:\/\/www.intoscana.it\/it\/#website\",\"url\":\"https:\/\/www.intoscana.it\/it\/\",\"name\":\"intoscana\",\"description\":\"\",\"potentialAction\":[{\"@type\":\"SearchAction\",\"target\":{\"@type\":\"EntryPoint\",\"urlTemplate\":\"https:\/\/www.intoscana.it\/it\/?s={search_term_string}\"},\"query-input\":{\"@type\":\"PropertyValueSpecification\",\"valueRequired\":true,\"valueName\":\"search_term_string\"}}],\"inLanguage\":\"it-IT\"},{\"@type\":\"Person\",\"@id\":\"https:\/\/www.intoscana.it\/it\/#\/schema\/person\/9223810753230f20bd670fdd322661f8\",\"name\":\"Redazione\",\"url\":\"https:\/\/www.intoscana.it\/it\/author\/redazione\/\"}]}<\/script>\n<!-- \/ Yoast SEO Premium plugin. -->","yoast_head_json":{"title":"Liste di attesa, prescrizioni e gestione delle agende: si cambia - intoscana","description":"Di fronte all'aumento di richieste di prestazioni, sottolinea l'assessore Bezzini, si vuole garantire un adeguato accesso a diagnosi e cure","robots":{"index":"index","follow":"follow","max-snippet":"max-snippet:-1","max-image-preview":"max-image-preview:large","max-video-preview":"max-video-preview:-1"},"canonical":"https:\/\/www.intoscana.it\/it\/liste-di-attesa-prescrizioni-e-gestione-delle-agende-si-cambia\/","og_locale":"it_IT","og_type":"article","og_title":"Liste di attesa, prescrizioni e gestione delle agende: si cambia","og_description":"Di fronte all'aumento di richieste di prestazioni, sottolinea l'assessore Bezzini, si vuole garantire un adeguato accesso a diagnosi e cure","og_url":"https:\/\/www.intoscana.it\/it\/liste-di-attesa-prescrizioni-e-gestione-delle-agende-si-cambia\/","og_site_name":"intoscana","article_publisher":"https:\/\/www.facebook.com\/intoscana.it","article_published_time":"2023-07-21T15:38:34+00:00","article_modified_time":"2023-07-21T15:40:15+00:00","og_image":[{"width":2048,"height":1365,"url":"https:\/\/www.intoscana.it\/wp-content\/uploads\/visita-medica-scaled.jpeg","type":"image\/jpeg"}],"author":"Redazione","twitter_card":"summary_large_image","twitter_creator":"@intoscana","twitter_site":"@intoscana","twitter_misc":{"Written by":"Redazione","Est. reading time":"4 minuti"},"schema":{"@context":"https:\/\/schema.org","@graph":[{"@type":"WebPage","@id":"https:\/\/www.intoscana.it\/it\/liste-di-attesa-prescrizioni-e-gestione-delle-agende-si-cambia\/","url":"https:\/\/www.intoscana.it\/it\/liste-di-attesa-prescrizioni-e-gestione-delle-agende-si-cambia\/","name":"Liste di attesa, prescrizioni e gestione delle agende: si cambia - intoscana","isPartOf":{"@id":"https:\/\/www.intoscana.it\/it\/#website"},"primaryImageOfPage":{"@id":"https:\/\/www.intoscana.it\/it\/liste-di-attesa-prescrizioni-e-gestione-delle-agende-si-cambia\/#primaryimage"},"image":{"@id":"https:\/\/www.intoscana.it\/it\/liste-di-attesa-prescrizioni-e-gestione-delle-agende-si-cambia\/#primaryimage"},"thumbnailUrl":"https:\/\/www.intoscana.it\/wp-content\/uploads\/visita-medica-scaled.jpeg","datePublished":"2023-07-21T15:38:34+00:00","dateModified":"2023-07-21T15:40:15+00:00","author":{"@id":"https:\/\/www.intoscana.it\/it\/#\/schema\/person\/9223810753230f20bd670fdd322661f8"},"description":"Di fronte all'aumento di richieste di prestazioni, sottolinea l'assessore Bezzini, si vuole garantire un adeguato accesso a diagnosi e cure","breadcrumb":{"@id":"https:\/\/www.intoscana.it\/it\/liste-di-attesa-prescrizioni-e-gestione-delle-agende-si-cambia\/#breadcrumb"},"inLanguage":"it-IT","potentialAction":[{"@type":"ReadAction","target":["https:\/\/www.intoscana.it\/it\/liste-di-attesa-prescrizioni-e-gestione-delle-agende-si-cambia\/"]}]},{"@type":"ImageObject","inLanguage":"it-IT","@id":"https:\/\/www.intoscana.it\/it\/liste-di-attesa-prescrizioni-e-gestione-delle-agende-si-cambia\/#primaryimage","url":"https:\/\/www.intoscana.it\/wp-content\/uploads\/visita-medica-scaled.jpeg","contentUrl":"https:\/\/www.intoscana.it\/wp-content\/uploads\/visita-medica-scaled.jpeg","width":2048,"height":1365},{"@type":"BreadcrumbList","@id":"https:\/\/www.intoscana.it\/it\/liste-di-attesa-prescrizioni-e-gestione-delle-agende-si-cambia\/#breadcrumb","itemListElement":[{"@type":"ListItem","position":1,"name":"Home","item":"https:\/\/www.intoscana.it\/it\/"},{"@type":"ListItem","position":2,"name":"Liste di attesa, prescrizioni e gestione delle agende: si cambia"}]},{"@type":"WebSite","@id":"https:\/\/www.intoscana.it\/it\/#website","url":"https:\/\/www.intoscana.it\/it\/","name":"intoscana","description":"","potentialAction":[{"@type":"SearchAction","target":{"@type":"EntryPoint","urlTemplate":"https:\/\/www.intoscana.it\/it\/?s={search_term_string}"},"query-input":{"@type":"PropertyValueSpecification","valueRequired":true,"valueName":"search_term_string"}}],"inLanguage":"it-IT"},{"@type":"Person","@id":"https:\/\/www.intoscana.it\/it\/#\/schema\/person\/9223810753230f20bd670fdd322661f8","name":"Redazione","url":"https:\/\/www.intoscana.it\/it\/author\/redazione\/"}]}},"_links":{"self":[{"href":"https:\/\/www.intoscana.it\/it\/wp-json\/wp\/v2\/posts\/297139","targetHints":{"allow":["GET"]}}],"collection":[{"href":"https:\/\/www.intoscana.it\/it\/wp-json\/wp\/v2\/posts"}],"about":[{"href":"https:\/\/www.intoscana.it\/it\/wp-json\/wp\/v2\/types\/post"}],"author":[{"embeddable":true,"href":"https:\/\/www.intoscana.it\/it\/wp-json\/wp\/v2\/users\/525"}],"replies":[{"embeddable":true,"href":"https:\/\/www.intoscana.it\/it\/wp-json\/wp\/v2\/comments?post=297139"}],"version-history":[{"count":0,"href":"https:\/\/www.intoscana.it\/it\/wp-json\/wp\/v2\/posts\/297139\/revisions"}],"wp:featuredmedia":[{"embeddable":true,"href":"https:\/\/www.intoscana.it\/it\/wp-json\/wp\/v2\/media\/270012"}],"wp:attachment":[{"href":"https:\/\/www.intoscana.it\/it\/wp-json\/wp\/v2\/media?parent=297139"}],"wp:term":[{"taxonomy":"category","embeddable":true,"href":"https:\/\/www.intoscana.it\/it\/wp-json\/wp\/v2\/categories?post=297139"},{"taxonomy":"post_tag","embeddable":true,"href":"https:\/\/www.intoscana.it\/it\/wp-json\/wp\/v2\/tags?post=297139"}],"curies":[{"name":"wp","href":"https:\/\/api.w.org\/{rel}","templated":true}]}}