{"id":297168,"date":"2023-07-22T09:47:05","date_gmt":"2023-07-22T07:47:05","guid":{"rendered":"https:\/\/www.intoscana.it\/it\/?p=297168"},"modified":"2023-07-31T09:37:01","modified_gmt":"2023-07-31T07:37:01","slug":"padel-vieri-viareggio-beneficienza","status":"publish","type":"post","link":"https:\/\/www.intoscana.it\/it\/padel-vieri-viareggio-beneficienza\/","title":{"rendered":"Viareggio, Bobo Vieri e i campioni dello sport si sfidano a padel per beneficenza"},"content":{"rendered":"<p>Obiettivo: duplicare se non aumentare la raccolta di beneficenza di 45 mila euro del 2022. Questo week end piazza Mazzini a Viareggio si trasformer\u00e0 in un grande campo di padel, lo sport del momento, per la seconda tappa della nuova edizione della <strong>Ebay Bobo Summer Cup 2023.<\/strong><\/p>\n<p>Organizzatore dell&#8217;evento Bobo Vieri, che da due anni ha ideato questa manifestazione itinerante di sport e solidariet\u00e0.<\/p>\n<p>Dopo la prima tappa a Marina di Ragusa, nell&#8217;arena di Viareggio insieme all&#8217;ex bomber si sfideranno con le padelle tra i vetri anche altri volti noti del mondo dello spettacolo e dello sport, tra cui Daniele Adani, Nicola Ventola, Luigi Di Biagio, Cristian Brocchi, Davide Bombardini, Bernardo Corradi, Stefano Bettarini, Christian Panucci, Nicola Amoruso, Mark Juliano, Thomas Locatelli, Alessandro Bude. Oltre a loro anche l&#8217;ex calciatore Bernardo Corradi e la moglie Elena Santarelli presenti alla presentazione dell&#8217;iniziativa insieme al sindaco Giorgio del Ghingaro e vicini e legati per vicende personali alla <strong>Fondazione Bambino Ges\u00f9<\/strong> cui quest&#8217;anno saranno devoluti gli incassi della Ebay Bobo Summer Cup.<\/p>\n<p>La kermesse che durer\u00e0 fino a domenica, e che si \u00e8 aperta ieri, venerd\u00ec 21 luglio con le sfide amatoriali, sostiene infatti il progetto <strong>Ricerca in neuro oncologia in campo pediatrico.<\/strong><\/p>\n<p>Anche quest\u2019anno, \u00e8 in programma una cena charity nel corso della quale saranno messe all\u2019asta cimeli dei grandi campioni dello sport: di nuovo, il ricavato sar\u00e0 interamente devoluto alla Fondazione bambino Ges\u00f9.<\/p>\n<p>Grazie alla collaborazione con la Federico Contini Arte, l\u2019area della cena sar\u00e0 impreziosita dalla presenza di cinque sculture del maestro Park Eun Sun, mentre l\u2019artista Noah Cooper doner\u00e0 una sua opera da battere all\u2019asta nel corso della serata.<\/p>\n<p>&#8220;Ringrazio le societ\u00e0 che hanno messo a disposizione le maglie &#8211; ha detto il Bobo nazionale &#8211; perch\u00e8 ci danno l&#8217;occasione di poter raccogliere fondi per fare beneficenza. Viareggio l&#8217;anno scorso raccolse 45mila euro, siamo quindi fiduciosi anche per questa edizione&#8221;.<\/p>\n","protected":false},"excerpt":{"rendered":"<p>Torna per il secondo anno la Ebay Bobo Summer Cup 2023, la manifestazione di sport e beneficienza organizzata da Bobo Vieri per raccogliere fondi da destinare alla ricerca oncologica pediatrica<\/p>\n","protected":false},"author":525,"featured_media":297169,"comment_status":"open","ping_status":"open","sticky":false,"template":"","format":"standard","meta":{"_acf_changed":false,"footnotes":""},"categories":[494],"tags":[213,134,356,159,275],"class_list":["post-297168","post","type-post","status-publish","format-standard","has-post-thumbnail","hentry","category-attualita","tag-ricerca","tag-salute","tag-solidarieta","tag-sport","tag-viareggio"],"acf":[],"yoast_head":"<!-- This site is optimized with the Yoast SEO Premium plugin v24.2 (Yoast SEO v25.6) - https:\/\/yoast.com\/wordpress\/plugins\/seo\/ -->\n<title>Viareggio, Bobo Vieri e i campioni dello sport si sfidano a padel per beneficienza<\/title>\n<meta name=\"description\" content=\"Torna la Ebay Bobo Summer Cup 2023, torneo vip di padel voluto da Bobo Vieri per raccogliere fondi per la ricerca oncologica pediatrica\" \/>\n<meta name=\"robots\" content=\"index, follow, max-snippet:-1, max-image-preview:large, max-video-preview:-1\" \/>\n<link rel=\"canonical\" href=\"https:\/\/www.intoscana.it\/it\/padel-vieri-viareggio-beneficienza\/\" \/>\n<meta property=\"og:locale\" content=\"it_IT\" \/>\n<meta property=\"og:type\" content=\"article\" \/>\n<meta property=\"og:title\" content=\"Viareggio, Bobo Vieri e i campioni dello sport si sfidano a padel per beneficenza\" \/>\n<meta property=\"og:description\" content=\"Torna la Ebay Bobo Summer Cup 2023, torneo vip di padel voluto da Bobo Vieri per raccogliere fondi per la ricerca oncologica pediatrica\" \/>\n<meta property=\"og:url\" content=\"https:\/\/www.intoscana.it\/it\/padel-vieri-viareggio-beneficienza\/\" \/>\n<meta property=\"og:site_name\" content=\"intoscana\" \/>\n<meta property=\"article:publisher\" content=\"https:\/\/www.facebook.com\/intoscana.it\" \/>\n<meta property=\"article:published_time\" content=\"2023-07-22T07:47:05+00:00\" \/>\n<meta property=\"article:modified_time\" content=\"2023-07-31T07:37:01+00:00\" \/>\n<meta property=\"og:image\" content=\"https:\/\/www.intoscana.it\/wp-content\/uploads\/Foto-arena.jpg\" \/>\n\t<meta property=\"og:image:width\" content=\"1179\" \/>\n\t<meta property=\"og:image:height\" content=\"1064\" \/>\n\t<meta property=\"og:image:type\" content=\"image\/jpeg\" \/>\n<meta name=\"author\" content=\"Redazione\" \/>\n<meta name=\"twitter:card\" content=\"summary_large_image\" \/>\n<meta name=\"twitter:creator\" content=\"@intoscana\" \/>\n<meta name=\"twitter:site\" content=\"@intoscana\" \/>\n<meta name=\"twitter:label1\" content=\"Written by\" \/>\n\t<meta name=\"twitter:data1\" content=\"Redazione\" \/>\n\t<meta name=\"twitter:label2\" content=\"Est. reading time\" \/>\n\t<meta name=\"twitter:data2\" content=\"2 minuti\" \/>\n<script type=\"application\/ld+json\" class=\"yoast-schema-graph\">{\"@context\":\"https:\/\/schema.org\",\"@graph\":[{\"@type\":\"WebPage\",\"@id\":\"https:\/\/www.intoscana.it\/it\/padel-vieri-viareggio-beneficienza\/\",\"url\":\"https:\/\/www.intoscana.it\/it\/padel-vieri-viareggio-beneficienza\/\",\"name\":\"Viareggio, Bobo Vieri e i campioni dello sport si sfidano a padel per beneficienza\",\"isPartOf\":{\"@id\":\"https:\/\/www.intoscana.it\/it\/#website\"},\"primaryImageOfPage\":{\"@id\":\"https:\/\/www.intoscana.it\/it\/padel-vieri-viareggio-beneficienza\/#primaryimage\"},\"image\":{\"@id\":\"https:\/\/www.intoscana.it\/it\/padel-vieri-viareggio-beneficienza\/#primaryimage\"},\"thumbnailUrl\":\"https:\/\/www.intoscana.it\/wp-content\/uploads\/Foto-arena.jpg\",\"datePublished\":\"2023-07-22T07:47:05+00:00\",\"dateModified\":\"2023-07-31T07:37:01+00:00\",\"author\":{\"@id\":\"https:\/\/www.intoscana.it\/it\/#\/schema\/person\/9223810753230f20bd670fdd322661f8\"},\"description\":\"Torna la Ebay Bobo Summer Cup 2023, torneo vip di padel voluto da Bobo Vieri per raccogliere fondi per la ricerca oncologica pediatrica\",\"breadcrumb\":{\"@id\":\"https:\/\/www.intoscana.it\/it\/padel-vieri-viareggio-beneficienza\/#breadcrumb\"},\"inLanguage\":\"it-IT\",\"potentialAction\":[{\"@type\":\"ReadAction\",\"target\":[\"https:\/\/www.intoscana.it\/it\/padel-vieri-viareggio-beneficienza\/\"]}]},{\"@type\":\"ImageObject\",\"inLanguage\":\"it-IT\",\"@id\":\"https:\/\/www.intoscana.it\/it\/padel-vieri-viareggio-beneficienza\/#primaryimage\",\"url\":\"https:\/\/www.intoscana.it\/wp-content\/uploads\/Foto-arena.jpg\",\"contentUrl\":\"https:\/\/www.intoscana.it\/wp-content\/uploads\/Foto-arena.jpg\",\"width\":1179,\"height\":1064,\"caption\":\"L'arena di padel a Viareggio\"},{\"@type\":\"BreadcrumbList\",\"@id\":\"https:\/\/www.intoscana.it\/it\/padel-vieri-viareggio-beneficienza\/#breadcrumb\",\"itemListElement\":[{\"@type\":\"ListItem\",\"position\":1,\"name\":\"Home\",\"item\":\"https:\/\/www.intoscana.it\/it\/\"},{\"@type\":\"ListItem\",\"position\":2,\"name\":\"Viareggio, Bobo Vieri e i campioni dello sport si sfidano a padel per beneficenza\"}]},{\"@type\":\"WebSite\",\"@id\":\"https:\/\/www.intoscana.it\/it\/#website\",\"url\":\"https:\/\/www.intoscana.it\/it\/\",\"name\":\"intoscana\",\"description\":\"\",\"potentialAction\":[{\"@type\":\"SearchAction\",\"target\":{\"@type\":\"EntryPoint\",\"urlTemplate\":\"https:\/\/www.intoscana.it\/it\/?s={search_term_string}\"},\"query-input\":{\"@type\":\"PropertyValueSpecification\",\"valueRequired\":true,\"valueName\":\"search_term_string\"}}],\"inLanguage\":\"it-IT\"},{\"@type\":\"Person\",\"@id\":\"https:\/\/www.intoscana.it\/it\/#\/schema\/person\/9223810753230f20bd670fdd322661f8\",\"name\":\"Redazione\",\"url\":\"https:\/\/www.intoscana.it\/it\/author\/redazione\/\"}]}<\/script>\n<!-- \/ Yoast SEO Premium plugin. -->","yoast_head_json":{"title":"Viareggio, Bobo Vieri e i campioni dello sport si sfidano a padel per beneficienza","description":"Torna la Ebay Bobo Summer Cup 2023, torneo vip di padel voluto da Bobo Vieri per raccogliere fondi per la ricerca oncologica pediatrica","robots":{"index":"index","follow":"follow","max-snippet":"max-snippet:-1","max-image-preview":"max-image-preview:large","max-video-preview":"max-video-preview:-1"},"canonical":"https:\/\/www.intoscana.it\/it\/padel-vieri-viareggio-beneficienza\/","og_locale":"it_IT","og_type":"article","og_title":"Viareggio, Bobo Vieri e i campioni dello sport si sfidano a padel per beneficenza","og_description":"Torna la Ebay Bobo Summer Cup 2023, torneo vip di padel voluto da Bobo Vieri per raccogliere fondi per la ricerca oncologica pediatrica","og_url":"https:\/\/www.intoscana.it\/it\/padel-vieri-viareggio-beneficienza\/","og_site_name":"intoscana","article_publisher":"https:\/\/www.facebook.com\/intoscana.it","article_published_time":"2023-07-22T07:47:05+00:00","article_modified_time":"2023-07-31T07:37:01+00:00","og_image":[{"width":1179,"height":1064,"url":"https:\/\/www.intoscana.it\/wp-content\/uploads\/Foto-arena.jpg","type":"image\/jpeg"}],"author":"Redazione","twitter_card":"summary_large_image","twitter_creator":"@intoscana","twitter_site":"@intoscana","twitter_misc":{"Written by":"Redazione","Est. reading time":"2 minuti"},"schema":{"@context":"https:\/\/schema.org","@graph":[{"@type":"WebPage","@id":"https:\/\/www.intoscana.it\/it\/padel-vieri-viareggio-beneficienza\/","url":"https:\/\/www.intoscana.it\/it\/padel-vieri-viareggio-beneficienza\/","name":"Viareggio, Bobo Vieri e i campioni dello sport si sfidano a padel per beneficienza","isPartOf":{"@id":"https:\/\/www.intoscana.it\/it\/#website"},"primaryImageOfPage":{"@id":"https:\/\/www.intoscana.it\/it\/padel-vieri-viareggio-beneficienza\/#primaryimage"},"image":{"@id":"https:\/\/www.intoscana.it\/it\/padel-vieri-viareggio-beneficienza\/#primaryimage"},"thumbnailUrl":"https:\/\/www.intoscana.it\/wp-content\/uploads\/Foto-arena.jpg","datePublished":"2023-07-22T07:47:05+00:00","dateModified":"2023-07-31T07:37:01+00:00","author":{"@id":"https:\/\/www.intoscana.it\/it\/#\/schema\/person\/9223810753230f20bd670fdd322661f8"},"description":"Torna la Ebay Bobo Summer Cup 2023, torneo vip di padel voluto da Bobo Vieri per raccogliere fondi per la ricerca oncologica pediatrica","breadcrumb":{"@id":"https:\/\/www.intoscana.it\/it\/padel-vieri-viareggio-beneficienza\/#breadcrumb"},"inLanguage":"it-IT","potentialAction":[{"@type":"ReadAction","target":["https:\/\/www.intoscana.it\/it\/padel-vieri-viareggio-beneficienza\/"]}]},{"@type":"ImageObject","inLanguage":"it-IT","@id":"https:\/\/www.intoscana.it\/it\/padel-vieri-viareggio-beneficienza\/#primaryimage","url":"https:\/\/www.intoscana.it\/wp-content\/uploads\/Foto-arena.jpg","contentUrl":"https:\/\/www.intoscana.it\/wp-content\/uploads\/Foto-arena.jpg","width":1179,"height":1064,"caption":"L'arena di padel a Viareggio"},{"@type":"BreadcrumbList","@id":"https:\/\/www.intoscana.it\/it\/padel-vieri-viareggio-beneficienza\/#breadcrumb","itemListElement":[{"@type":"ListItem","position":1,"name":"Home","item":"https:\/\/www.intoscana.it\/it\/"},{"@type":"ListItem","position":2,"name":"Viareggio, Bobo Vieri e i campioni dello sport si sfidano a padel per beneficenza"}]},{"@type":"WebSite","@id":"https:\/\/www.intoscana.it\/it\/#website","url":"https:\/\/www.intoscana.it\/it\/","name":"intoscana","description":"","potentialAction":[{"@type":"SearchAction","target":{"@type":"EntryPoint","urlTemplate":"https:\/\/www.intoscana.it\/it\/?s={search_term_string}"},"query-input":{"@type":"PropertyValueSpecification","valueRequired":true,"valueName":"search_term_string"}}],"inLanguage":"it-IT"},{"@type":"Person","@id":"https:\/\/www.intoscana.it\/it\/#\/schema\/person\/9223810753230f20bd670fdd322661f8","name":"Redazione","url":"https:\/\/www.intoscana.it\/it\/author\/redazione\/"}]}},"_links":{"self":[{"href":"https:\/\/www.intoscana.it\/it\/wp-json\/wp\/v2\/posts\/297168","targetHints":{"allow":["GET"]}}],"collection":[{"href":"https:\/\/www.intoscana.it\/it\/wp-json\/wp\/v2\/posts"}],"about":[{"href":"https:\/\/www.intoscana.it\/it\/wp-json\/wp\/v2\/types\/post"}],"author":[{"embeddable":true,"href":"https:\/\/www.intoscana.it\/it\/wp-json\/wp\/v2\/users\/525"}],"replies":[{"embeddable":true,"href":"https:\/\/www.intoscana.it\/it\/wp-json\/wp\/v2\/comments?post=297168"}],"version-history":[{"count":0,"href":"https:\/\/www.intoscana.it\/it\/wp-json\/wp\/v2\/posts\/297168\/revisions"}],"wp:featuredmedia":[{"embeddable":true,"href":"https:\/\/www.intoscana.it\/it\/wp-json\/wp\/v2\/media\/297169"}],"wp:attachment":[{"href":"https:\/\/www.intoscana.it\/it\/wp-json\/wp\/v2\/media?parent=297168"}],"wp:term":[{"taxonomy":"category","embeddable":true,"href":"https:\/\/www.intoscana.it\/it\/wp-json\/wp\/v2\/categories?post=297168"},{"taxonomy":"post_tag","embeddable":true,"href":"https:\/\/www.intoscana.it\/it\/wp-json\/wp\/v2\/tags?post=297168"}],"curies":[{"name":"wp","href":"https:\/\/api.w.org\/{rel}","templated":true}]}}