{"id":297505,"date":"2023-07-26T10:26:03","date_gmt":"2023-07-26T08:26:03","guid":{"rendered":"https:\/\/www.intoscana.it\/it\/?p=297505"},"modified":"2023-07-26T10:27:06","modified_gmt":"2023-07-26T08:27:06","slug":"mosaico-romano-museo-etrusco-chiusi","status":"publish","type":"post","link":"https:\/\/www.intoscana.it\/it\/mosaico-romano-museo-etrusco-chiusi\/","title":{"rendered":"Al Museo Etrusco di Chiusi esposto per la prima volta il mosaico romano, 50 anni dopo la scoperta"},"content":{"rendered":"<p>Sar\u00e0 esposto per la prima volta al pubblico al <strong>Museo nazionale Etrusco di Chiusi,<\/strong> dopo 50 anni dalla sua scoperta, il<strong> mosaico romano della Violella<\/strong>. Sabato 29 luglio si terr\u00e0 l&#8217;inaugurazione dell&#8217;allestimento all&#8217;interno del percorso museale, mezzo secolo dopo il ritrovamento del mosaico, che avvenne nel 1969 durante i lavori per la costruzione di una casa in via della Violella a Chiusi.<\/p>\n<h3>Il ritrovamento e il restauro del mosaico<\/h3>\n<p>Tutto inizi\u00f2 nel 1967, quando durante i lavori di costruzione di un edificio in via della Violella fu rinvenuto un consistente tratto dell\u2019antico muro di cinta della citt\u00e0, datato al IV &#8211; III secolo a.C. e un edificio di et\u00e0 romana. Qui dentro, tra l&#8217;aprile e il maggio del 1969, venne portato in luce un <strong>mosaico<\/strong> di buona fattura, con scena dionisiaca e decorazioni geometriche, datato al<strong> II secolo d.C.<\/strong><\/p>\n<p>Nell&#8217;ottobre dello stesso anno l<strong>\u2019Opificio delle Pietre Dure<\/strong> fu chiamato a eseguirne lo stacco, viste le cattive condizioni di conservazione. Era previsto che dopo il restauro il mosaico fosse ricollocato nella sua posizione originaria, per creare un percorso di visita al pubblico ma sfortunatamente vennero a mancare i fondi e il progetto fu accantonato.<\/p>\n<figure id=\"post-297514 media-297514\" class=\"align-none\">\n<p><figure style=\"width: 720px\" class=\"wp-caption alignnone\"><img loading=\"lazy\" decoding=\"async\" src=\"https:\/\/www.intoscana.it\/wp-content\/uploads\/Fig.-4-4.jpg\" alt=\"\" width=\"720\" height=\"845\" \/><figcaption class=\"wp-caption-text\">Il restauro del mosaico romano<\/figcaption><\/figure><\/figure>\n<p><mark>Il mosaico romano rest\u00f2 in magazzino fino al 2015, quando venne trasportato all\u2019Opificio delle Pietre Dure per il restauro, che \u00e8 stato eseguito tra il 2016 e il 2018.<\/mark> Dopo decenni di deposito in magazzino quindi, grazie al restauro condotto dall\u2019Opificio, al progetto e all&#8217;impegno della direzione e del personale del museo il mosaico \u00e8 tornato a Chiusi, dove il <strong>restauratore<\/strong> Alessandro Fonti ha curato la predisposizione degli allestimenti e, con la direzione scientifica di Giulia Basilissi, gli ultimi interventi necessari per la sua esposizione.<\/p>\n<h3>Dioniso che cavalca la pantera<\/h3>\n<p>Il mosaico, nella sua interezza, presenta una dimensione ragguardevole di circa <strong>venti metri quadrati<\/strong> e per questo motivo non \u00e8 stato possibile esporlo integralmente, data la mancanza di spazi abbastanza grandi.<br \/>\nL&#8217;ambiente che lo accoglieva era probabilmente <mark>il triclinio, cio\u00e8 la sala da pranzo, della domus romana della Violella, che nel II secolo d.C. fu arricchita con la raffigurazione di Dioniso, il dio del vino.<\/mark><\/p>\n<figure id=\"post-297510 media-297510\" class=\"align-none\">\n<p><figure style=\"width: 469px\" class=\"wp-caption alignnone\"><img loading=\"lazy\" decoding=\"async\" src=\"https:\/\/www.intoscana.it\/wp-content\/uploads\/mosaico-chiusi.jpg\" alt=\"\" width=\"469\" height=\"600\" \/><figcaption class=\"wp-caption-text\">Il mosaico romano della Violella esposto al Museo Etrusco di Chiusi<\/figcaption><\/figure><\/figure>\n<p>Il mosaico \u00e8 composto da due parti: quella che sar\u00e0 esposta \u00e8 un <strong>riquadro centrale<\/strong> circa 2 metri per 3, realizzato con tessere bianche e nere e rari inserti di altri materiali (vetro e terracotta), e poi quella relativa un contorno monocromo a tessere verdi disposte irregolarmente e di dimensione maggiore rispetto a quelle del riquadro.<\/p>\n<p>Quest&#8217;ultimo a sua volta si presenta suddiviso in due: la parte superiore quadrata con ottagono concentrico e motivi geometrici incornicia <mark>la raffigurazione di Dioniso che cavalca la pantera, coronato di foglie di vite e con un cembalo poggiato sulla gamba. <\/mark>Gli spazi lasciati liberi dalla decorazione geometrica sono occupati da quattro <strong>piccole pantere<\/strong> che corrono disposte in senso orario attorno all&#8217;ottagono centrale. Lo spazio inferiore \u00e8 occupato da due pantere affrontate davanti ad un cratere centrale, sul bordo della quale si allunga la pantera di destra.<\/p>\n<p>&nbsp;<\/p>\n","protected":false},"excerpt":{"rendered":"<p>Il mosaico della Violella, dove \u00e8 raffigurato Dioniso, dopo il restauro condotto dall\u2019Opificio delle Pietre Dure \u00e8 stato inserito nel percorso museale<\/p>\n","protected":false},"author":502,"featured_media":297516,"comment_status":"open","ping_status":"open","sticky":false,"template":"","format":"standard","meta":{"_acf_changed":false,"footnotes":""},"categories":[493],"tags":[208,5348,226],"class_list":["post-297505","post","type-post","status-publish","format-standard","has-post-thumbnail","hentry","category-cultura","tag-archeologia","tag-chiusi","tag-musei"],"acf":[],"yoast_head":"<!-- This site is optimized with the Yoast SEO Premium plugin v24.2 (Yoast SEO v25.6) - https:\/\/yoast.com\/wordpress\/plugins\/seo\/ -->\n<title>Al Museo Etrusco di Chiusi esposto per la prima volta il mosaico romano, 50 anni dopo la scoperta - intoscana<\/title>\n<meta name=\"description\" content=\"Sar\u00e0 esposto per la prima volta al pubblico al Museo Etrusco di Chiusi il mosaico romano della Violella, ritrovato 50 anni fa e restaurato.\" \/>\n<meta name=\"robots\" content=\"index, follow, max-snippet:-1, max-image-preview:large, max-video-preview:-1\" \/>\n<link rel=\"canonical\" href=\"https:\/\/www.intoscana.it\/it\/mosaico-romano-museo-etrusco-chiusi\/\" \/>\n<meta property=\"og:locale\" content=\"it_IT\" \/>\n<meta property=\"og:type\" content=\"article\" \/>\n<meta property=\"og:title\" content=\"Al Museo Etrusco di Chiusi esposto per la prima volta il mosaico romano, 50 anni dopo la scoperta\" \/>\n<meta property=\"og:description\" content=\"Sar\u00e0 esposto per la prima volta al pubblico al Museo Etrusco di Chiusi il mosaico romano della Violella, ritrovato 50 anni fa e restaurato.\" \/>\n<meta property=\"og:url\" content=\"https:\/\/www.intoscana.it\/it\/mosaico-romano-museo-etrusco-chiusi\/\" \/>\n<meta property=\"og:site_name\" content=\"intoscana\" \/>\n<meta property=\"article:publisher\" content=\"https:\/\/www.facebook.com\/intoscana.it\" \/>\n<meta property=\"article:published_time\" content=\"2023-07-26T08:26:03+00:00\" \/>\n<meta property=\"article:modified_time\" content=\"2023-07-26T08:27:06+00:00\" \/>\n<meta property=\"og:image\" content=\"https:\/\/www.intoscana.it\/wp-content\/uploads\/Fig.-6-4.jpg\" \/>\n\t<meta property=\"og:image:width\" content=\"1127\" \/>\n\t<meta property=\"og:image:height\" content=\"1146\" \/>\n\t<meta property=\"og:image:type\" content=\"image\/jpeg\" \/>\n<meta name=\"author\" content=\"Ilaria Giannini\" \/>\n<meta name=\"twitter:card\" content=\"summary_large_image\" \/>\n<meta name=\"twitter:creator\" content=\"@i.giannini@fst.it\" \/>\n<meta name=\"twitter:site\" content=\"@intoscana\" \/>\n<meta name=\"twitter:label1\" content=\"Written by\" \/>\n\t<meta name=\"twitter:data1\" content=\"Ilaria Giannini\" \/>\n\t<meta name=\"twitter:label2\" content=\"Est. reading time\" \/>\n\t<meta name=\"twitter:data2\" content=\"3 minuti\" \/>\n<script type=\"application\/ld+json\" class=\"yoast-schema-graph\">{\"@context\":\"https:\/\/schema.org\",\"@graph\":[{\"@type\":\"WebPage\",\"@id\":\"https:\/\/www.intoscana.it\/it\/mosaico-romano-museo-etrusco-chiusi\/\",\"url\":\"https:\/\/www.intoscana.it\/it\/mosaico-romano-museo-etrusco-chiusi\/\",\"name\":\"Al Museo Etrusco di Chiusi esposto per la prima volta il mosaico romano, 50 anni dopo la scoperta - intoscana\",\"isPartOf\":{\"@id\":\"https:\/\/www.intoscana.it\/it\/#website\"},\"primaryImageOfPage\":{\"@id\":\"https:\/\/www.intoscana.it\/it\/mosaico-romano-museo-etrusco-chiusi\/#primaryimage\"},\"image\":{\"@id\":\"https:\/\/www.intoscana.it\/it\/mosaico-romano-museo-etrusco-chiusi\/#primaryimage\"},\"thumbnailUrl\":\"https:\/\/www.intoscana.it\/wp-content\/uploads\/Fig.-6-4.jpg\",\"datePublished\":\"2023-07-26T08:26:03+00:00\",\"dateModified\":\"2023-07-26T08:27:06+00:00\",\"author\":{\"@id\":\"https:\/\/www.intoscana.it\/it\/#\/schema\/person\/de95e1ed2c1c8c30a6922bbba3a90185\"},\"description\":\"Sar\u00e0 esposto per la prima volta al pubblico al Museo Etrusco di Chiusi il mosaico romano della Violella, ritrovato 50 anni fa e restaurato.\",\"breadcrumb\":{\"@id\":\"https:\/\/www.intoscana.it\/it\/mosaico-romano-museo-etrusco-chiusi\/#breadcrumb\"},\"inLanguage\":\"it-IT\",\"potentialAction\":[{\"@type\":\"ReadAction\",\"target\":[\"https:\/\/www.intoscana.it\/it\/mosaico-romano-museo-etrusco-chiusi\/\"]}]},{\"@type\":\"ImageObject\",\"inLanguage\":\"it-IT\",\"@id\":\"https:\/\/www.intoscana.it\/it\/mosaico-romano-museo-etrusco-chiusi\/#primaryimage\",\"url\":\"https:\/\/www.intoscana.it\/wp-content\/uploads\/Fig.-6-4.jpg\",\"contentUrl\":\"https:\/\/www.intoscana.it\/wp-content\/uploads\/Fig.-6-4.jpg\",\"width\":1127,\"height\":1146,\"caption\":\"Il mosaico romano della Violella esposto al Museo Etrusco di Chiusi\"},{\"@type\":\"BreadcrumbList\",\"@id\":\"https:\/\/www.intoscana.it\/it\/mosaico-romano-museo-etrusco-chiusi\/#breadcrumb\",\"itemListElement\":[{\"@type\":\"ListItem\",\"position\":1,\"name\":\"Home\",\"item\":\"https:\/\/www.intoscana.it\/it\/\"},{\"@type\":\"ListItem\",\"position\":2,\"name\":\"Al Museo Etrusco di Chiusi esposto per la prima volta il mosaico romano, 50 anni dopo la scoperta\"}]},{\"@type\":\"WebSite\",\"@id\":\"https:\/\/www.intoscana.it\/it\/#website\",\"url\":\"https:\/\/www.intoscana.it\/it\/\",\"name\":\"intoscana\",\"description\":\"\",\"potentialAction\":[{\"@type\":\"SearchAction\",\"target\":{\"@type\":\"EntryPoint\",\"urlTemplate\":\"https:\/\/www.intoscana.it\/it\/?s={search_term_string}\"},\"query-input\":{\"@type\":\"PropertyValueSpecification\",\"valueRequired\":true,\"valueName\":\"search_term_string\"}}],\"inLanguage\":\"it-IT\"},{\"@type\":\"Person\",\"@id\":\"https:\/\/www.intoscana.it\/it\/#\/schema\/person\/de95e1ed2c1c8c30a6922bbba3a90185\",\"name\":\"Ilaria Giannini\",\"sameAs\":[\"https:\/\/x.com\/i.giannini@fst.it\"],\"url\":\"https:\/\/www.intoscana.it\/it\/author\/ilaria-giannini\/\"}]}<\/script>\n<!-- \/ Yoast SEO Premium plugin. -->","yoast_head_json":{"title":"Al Museo Etrusco di Chiusi esposto per la prima volta il mosaico romano, 50 anni dopo la scoperta - intoscana","description":"Sar\u00e0 esposto per la prima volta al pubblico al Museo Etrusco di Chiusi il mosaico romano della Violella, ritrovato 50 anni fa e restaurato.","robots":{"index":"index","follow":"follow","max-snippet":"max-snippet:-1","max-image-preview":"max-image-preview:large","max-video-preview":"max-video-preview:-1"},"canonical":"https:\/\/www.intoscana.it\/it\/mosaico-romano-museo-etrusco-chiusi\/","og_locale":"it_IT","og_type":"article","og_title":"Al Museo Etrusco di Chiusi esposto per la prima volta il mosaico romano, 50 anni dopo la scoperta","og_description":"Sar\u00e0 esposto per la prima volta al pubblico al Museo Etrusco di Chiusi il mosaico romano della Violella, ritrovato 50 anni fa e restaurato.","og_url":"https:\/\/www.intoscana.it\/it\/mosaico-romano-museo-etrusco-chiusi\/","og_site_name":"intoscana","article_publisher":"https:\/\/www.facebook.com\/intoscana.it","article_published_time":"2023-07-26T08:26:03+00:00","article_modified_time":"2023-07-26T08:27:06+00:00","og_image":[{"width":1127,"height":1146,"url":"https:\/\/www.intoscana.it\/wp-content\/uploads\/Fig.-6-4.jpg","type":"image\/jpeg"}],"author":"Ilaria Giannini","twitter_card":"summary_large_image","twitter_creator":"@i.giannini@fst.it","twitter_site":"@intoscana","twitter_misc":{"Written by":"Ilaria Giannini","Est. reading time":"3 minuti"},"schema":{"@context":"https:\/\/schema.org","@graph":[{"@type":"WebPage","@id":"https:\/\/www.intoscana.it\/it\/mosaico-romano-museo-etrusco-chiusi\/","url":"https:\/\/www.intoscana.it\/it\/mosaico-romano-museo-etrusco-chiusi\/","name":"Al Museo Etrusco di Chiusi esposto per la prima volta il mosaico romano, 50 anni dopo la scoperta - intoscana","isPartOf":{"@id":"https:\/\/www.intoscana.it\/it\/#website"},"primaryImageOfPage":{"@id":"https:\/\/www.intoscana.it\/it\/mosaico-romano-museo-etrusco-chiusi\/#primaryimage"},"image":{"@id":"https:\/\/www.intoscana.it\/it\/mosaico-romano-museo-etrusco-chiusi\/#primaryimage"},"thumbnailUrl":"https:\/\/www.intoscana.it\/wp-content\/uploads\/Fig.-6-4.jpg","datePublished":"2023-07-26T08:26:03+00:00","dateModified":"2023-07-26T08:27:06+00:00","author":{"@id":"https:\/\/www.intoscana.it\/it\/#\/schema\/person\/de95e1ed2c1c8c30a6922bbba3a90185"},"description":"Sar\u00e0 esposto per la prima volta al pubblico al Museo Etrusco di Chiusi il mosaico romano della Violella, ritrovato 50 anni fa e restaurato.","breadcrumb":{"@id":"https:\/\/www.intoscana.it\/it\/mosaico-romano-museo-etrusco-chiusi\/#breadcrumb"},"inLanguage":"it-IT","potentialAction":[{"@type":"ReadAction","target":["https:\/\/www.intoscana.it\/it\/mosaico-romano-museo-etrusco-chiusi\/"]}]},{"@type":"ImageObject","inLanguage":"it-IT","@id":"https:\/\/www.intoscana.it\/it\/mosaico-romano-museo-etrusco-chiusi\/#primaryimage","url":"https:\/\/www.intoscana.it\/wp-content\/uploads\/Fig.-6-4.jpg","contentUrl":"https:\/\/www.intoscana.it\/wp-content\/uploads\/Fig.-6-4.jpg","width":1127,"height":1146,"caption":"Il mosaico romano della Violella esposto al Museo Etrusco di Chiusi"},{"@type":"BreadcrumbList","@id":"https:\/\/www.intoscana.it\/it\/mosaico-romano-museo-etrusco-chiusi\/#breadcrumb","itemListElement":[{"@type":"ListItem","position":1,"name":"Home","item":"https:\/\/www.intoscana.it\/it\/"},{"@type":"ListItem","position":2,"name":"Al Museo Etrusco di Chiusi esposto per la prima volta il mosaico romano, 50 anni dopo la scoperta"}]},{"@type":"WebSite","@id":"https:\/\/www.intoscana.it\/it\/#website","url":"https:\/\/www.intoscana.it\/it\/","name":"intoscana","description":"","potentialAction":[{"@type":"SearchAction","target":{"@type":"EntryPoint","urlTemplate":"https:\/\/www.intoscana.it\/it\/?s={search_term_string}"},"query-input":{"@type":"PropertyValueSpecification","valueRequired":true,"valueName":"search_term_string"}}],"inLanguage":"it-IT"},{"@type":"Person","@id":"https:\/\/www.intoscana.it\/it\/#\/schema\/person\/de95e1ed2c1c8c30a6922bbba3a90185","name":"Ilaria Giannini","sameAs":["https:\/\/x.com\/i.giannini@fst.it"],"url":"https:\/\/www.intoscana.it\/it\/author\/ilaria-giannini\/"}]}},"_links":{"self":[{"href":"https:\/\/www.intoscana.it\/it\/wp-json\/wp\/v2\/posts\/297505","targetHints":{"allow":["GET"]}}],"collection":[{"href":"https:\/\/www.intoscana.it\/it\/wp-json\/wp\/v2\/posts"}],"about":[{"href":"https:\/\/www.intoscana.it\/it\/wp-json\/wp\/v2\/types\/post"}],"author":[{"embeddable":true,"href":"https:\/\/www.intoscana.it\/it\/wp-json\/wp\/v2\/users\/502"}],"replies":[{"embeddable":true,"href":"https:\/\/www.intoscana.it\/it\/wp-json\/wp\/v2\/comments?post=297505"}],"version-history":[{"count":0,"href":"https:\/\/www.intoscana.it\/it\/wp-json\/wp\/v2\/posts\/297505\/revisions"}],"wp:featuredmedia":[{"embeddable":true,"href":"https:\/\/www.intoscana.it\/it\/wp-json\/wp\/v2\/media\/297516"}],"wp:attachment":[{"href":"https:\/\/www.intoscana.it\/it\/wp-json\/wp\/v2\/media?parent=297505"}],"wp:term":[{"taxonomy":"category","embeddable":true,"href":"https:\/\/www.intoscana.it\/it\/wp-json\/wp\/v2\/categories?post=297505"},{"taxonomy":"post_tag","embeddable":true,"href":"https:\/\/www.intoscana.it\/it\/wp-json\/wp\/v2\/tags?post=297505"}],"curies":[{"name":"wp","href":"https:\/\/api.w.org\/{rel}","templated":true}]}}