{"id":297687,"date":"2023-07-27T14:42:26","date_gmt":"2023-07-27T12:42:26","guid":{"rendered":"https:\/\/www.intoscana.it\/it\/?p=297687"},"modified":"2023-07-27T14:44:16","modified_gmt":"2023-07-27T12:44:16","slug":"tartarughe-marine-campagna-monitoraggio","status":"publish","type":"post","link":"https:\/\/www.intoscana.it\/it\/tartarughe-marine-campagna-monitoraggio\/","title":{"rendered":"Tartarughe marine, l&#8217;appello di Regione e Arpat ai cittadini: aiutateci a individuare i nidi"},"content":{"rendered":"<p>Un&#8217;altra estate di nidificazioni di <strong>tartarughe marine<\/strong> in Toscana, <a href=\"https:\/\/www.intoscana.it\/it\/articolo\/dallelba-alla-sterpaia-le-tartarughe-caretta-caretta-tornano-a-nidificare-in-toscana\/\" target=\"_blank\" rel=\"noopener\">avvistati dalla Versilia all&#8217;Elba<\/a>. Per individuarli e salvaguardarli <mark>Regione e Arpat hanno lanciato una campagna di monitoraggio collettivo, chiedendo a tutti i cittadini di contribuire, <\/mark>segnalando la presenza di nidi, uova o tracce della mamma lasciate mentre cercava il luogo pi\u00f9 adatto.<\/p>\n<h3>Una App per segnalare i nidi<\/h3>\n<p>L&#8217;applicazione <strong>&#8220;Arpat &#8211; Ambiente in Toscana&#8221;<\/strong>, disponibile per <a href=\"https:\/\/play.google.com\/store\/apps\/details?id=it.toscana.arpat.app1\" target=\"_blank\" rel=\"noopener\">Android<\/a> e<a href=\"https:\/\/apps.apple.com\/it\/app\/ambiente-in-toscana\/id6450901126\" target=\"_blank\" rel=\"noopener\"> IOS<\/a>, avr\u00e0 tra le funzioni \u2018Collabora\u2019, che consentir\u00e0 a turisti e bagnanti di scattare fotografie e di <strong>georeferenziarle<\/strong> in base alla posizione rilevata dal telefono. In modo il personale tecnico Arpat potr\u00e0 intervenire per le verifiche e, in caso di accertamento nel nido, metterlo in sicurezza. Sar\u00e0 possibile inserire la posizione anche manualmente, nel caso le persone volessero effettuare la segnalazione in differita, ad esempio per mancanza di campo.<\/p>\n<p>\u2018Arpat-Ambiente in Toscana\u2019 contiene anche sintetiche indicazioni per aiutare nel riconoscimento dei nidi, delle tartarughe o delle loro tracce e le indicazioni essenziali sul corretto comportamento da tenere in caso di avvistamenti, per non spaventare gli animali.<\/p>\n<h3>2023 da record: gi\u00e0 11 nidi individuati<\/h3>\n<p><em> \u201cLa tutela di questi splendidi animali \u00e8 interesse di tutti e tutti possiamo collaborare per la salvaguardia dei loro nidi, per contribuire a garantire il futuro di questa splendida specie<\/em> \u2013 ha detto l\u2019assessora regionale all\u2019ambiente <strong>Monia Monni<\/strong> &#8211; <em>la prima nidificazione di Caretta caretta in Toscana risale al 2013, da allora il fenomeno \u00e8 andato intensificandosi e si \u00e8 esteso verso la costa settentrionale, fino alla Versilia e a Marina di Massa. <mark>Nel 2023 in Toscana sono gi\u00e0 stati individuati 11 nidi, il numero pi\u00f9 alto mai registrato per la nostra regione.<\/mark> Grazie alla collaborazione dei cittadini sar\u00e0 possibile un pi\u00f9 capillare presidio del territorio\u201d.<\/em><\/p>\n<p>Il servizio di monitoraggio &#8211; realizzato in collaborazione con l&#8217;Osservatorio toscano biodiversit\u00e0 della Regione Toscana &#8211; offre una prima ma significativa apertura alla \u2018Citizen science\u2019, ovvero alla partecipazione della popolazione alle attivit\u00e0 di raccolta di dati e informazioni.<\/p>\n","protected":false},"excerpt":{"rendered":"<p>Al via il monitoraggio collettivo sulle spiagge della Toscana: tutti potranno contribuire a segnalare avvistamenti di Caretta caretta o uova attraverso una App<\/p>\n","protected":false},"author":525,"featured_media":80211,"comment_status":"open","ping_status":"open","sticky":false,"template":"","format":"standard","meta":{"_acf_changed":false,"footnotes":""},"categories":[19],"tags":[4395,359,151],"class_list":["post-297687","post","type-post","status-publish","format-standard","has-post-thumbnail","hentry","category-ambiente","tag-caretta-caretta","tag-mare","tag-regione-toscana"],"acf":[],"yoast_head":"<!-- This site is optimized with the Yoast SEO Premium plugin v24.2 (Yoast SEO v25.6) - https:\/\/yoast.com\/wordpress\/plugins\/seo\/ -->\n<title>Tartarughe marine, l&#039;appello di Regione e Arpat ai cittadini: aiutateci a individuare i nidi - intoscana<\/title>\n<meta name=\"description\" content=\"Arpat e Regione lanciano una campagna di monitoraggio collettiva per trovare i nidi di tartarughe marine in Toscana, con una App.\" \/>\n<meta name=\"robots\" content=\"index, follow, max-snippet:-1, max-image-preview:large, max-video-preview:-1\" \/>\n<link rel=\"canonical\" href=\"https:\/\/www.intoscana.it\/it\/tartarughe-marine-campagna-monitoraggio\/\" \/>\n<meta property=\"og:locale\" content=\"it_IT\" \/>\n<meta property=\"og:type\" content=\"article\" \/>\n<meta property=\"og:title\" content=\"Tartarughe marine, l&#039;appello di Regione e Arpat ai cittadini: aiutateci a individuare i nidi\" \/>\n<meta property=\"og:description\" content=\"Arpat e Regione lanciano una campagna di monitoraggio collettiva per trovare i nidi di tartarughe marine in Toscana, con una App.\" \/>\n<meta property=\"og:url\" content=\"https:\/\/www.intoscana.it\/it\/tartarughe-marine-campagna-monitoraggio\/\" \/>\n<meta property=\"og:site_name\" content=\"intoscana\" \/>\n<meta property=\"article:publisher\" content=\"https:\/\/www.facebook.com\/intoscana.it\" \/>\n<meta property=\"article:published_time\" content=\"2023-07-27T12:42:26+00:00\" \/>\n<meta property=\"article:modified_time\" content=\"2023-07-27T12:44:16+00:00\" \/>\n<meta property=\"og:image\" content=\"https:\/\/www.intoscana.it\/wp-content\/uploads\/tartarughe-marine-piccole-1.jpg\" \/>\n\t<meta property=\"og:image:width\" content=\"1920\" \/>\n\t<meta property=\"og:image:height\" content=\"1440\" \/>\n\t<meta property=\"og:image:type\" content=\"image\/jpeg\" \/>\n<meta name=\"author\" content=\"Redazione\" \/>\n<meta name=\"twitter:card\" content=\"summary_large_image\" \/>\n<meta name=\"twitter:creator\" content=\"@intoscana\" \/>\n<meta name=\"twitter:site\" content=\"@intoscana\" \/>\n<meta name=\"twitter:label1\" content=\"Written by\" \/>\n\t<meta name=\"twitter:data1\" content=\"Redazione\" \/>\n\t<meta name=\"twitter:label2\" content=\"Est. reading time\" \/>\n\t<meta name=\"twitter:data2\" content=\"2 minuti\" \/>\n<script type=\"application\/ld+json\" class=\"yoast-schema-graph\">{\"@context\":\"https:\/\/schema.org\",\"@graph\":[{\"@type\":\"WebPage\",\"@id\":\"https:\/\/www.intoscana.it\/it\/tartarughe-marine-campagna-monitoraggio\/\",\"url\":\"https:\/\/www.intoscana.it\/it\/tartarughe-marine-campagna-monitoraggio\/\",\"name\":\"Tartarughe marine, l'appello di Regione e Arpat ai cittadini: aiutateci a individuare i nidi - intoscana\",\"isPartOf\":{\"@id\":\"https:\/\/www.intoscana.it\/it\/#website\"},\"primaryImageOfPage\":{\"@id\":\"https:\/\/www.intoscana.it\/it\/tartarughe-marine-campagna-monitoraggio\/#primaryimage\"},\"image\":{\"@id\":\"https:\/\/www.intoscana.it\/it\/tartarughe-marine-campagna-monitoraggio\/#primaryimage\"},\"thumbnailUrl\":\"https:\/\/www.intoscana.it\/wp-content\/uploads\/tartarughe-marine-piccole-1.jpg\",\"datePublished\":\"2023-07-27T12:42:26+00:00\",\"dateModified\":\"2023-07-27T12:44:16+00:00\",\"author\":{\"@id\":\"https:\/\/www.intoscana.it\/it\/#\/schema\/person\/9223810753230f20bd670fdd322661f8\"},\"description\":\"Arpat e Regione lanciano una campagna di monitoraggio collettiva per trovare i nidi di tartarughe marine in Toscana, con una App.\",\"breadcrumb\":{\"@id\":\"https:\/\/www.intoscana.it\/it\/tartarughe-marine-campagna-monitoraggio\/#breadcrumb\"},\"inLanguage\":\"it-IT\",\"potentialAction\":[{\"@type\":\"ReadAction\",\"target\":[\"https:\/\/www.intoscana.it\/it\/tartarughe-marine-campagna-monitoraggio\/\"]}]},{\"@type\":\"ImageObject\",\"inLanguage\":\"it-IT\",\"@id\":\"https:\/\/www.intoscana.it\/it\/tartarughe-marine-campagna-monitoraggio\/#primaryimage\",\"url\":\"https:\/\/www.intoscana.it\/wp-content\/uploads\/tartarughe-marine-piccole-1.jpg\",\"contentUrl\":\"https:\/\/www.intoscana.it\/wp-content\/uploads\/tartarughe-marine-piccole-1.jpg\",\"width\":1920,\"height\":1440,\"caption\":\"Tartarughe marine\"},{\"@type\":\"BreadcrumbList\",\"@id\":\"https:\/\/www.intoscana.it\/it\/tartarughe-marine-campagna-monitoraggio\/#breadcrumb\",\"itemListElement\":[{\"@type\":\"ListItem\",\"position\":1,\"name\":\"Home\",\"item\":\"https:\/\/www.intoscana.it\/it\/\"},{\"@type\":\"ListItem\",\"position\":2,\"name\":\"Tartarughe marine, l&#8217;appello di Regione e Arpat ai cittadini: aiutateci a individuare i nidi\"}]},{\"@type\":\"WebSite\",\"@id\":\"https:\/\/www.intoscana.it\/it\/#website\",\"url\":\"https:\/\/www.intoscana.it\/it\/\",\"name\":\"intoscana\",\"description\":\"\",\"potentialAction\":[{\"@type\":\"SearchAction\",\"target\":{\"@type\":\"EntryPoint\",\"urlTemplate\":\"https:\/\/www.intoscana.it\/it\/?s={search_term_string}\"},\"query-input\":{\"@type\":\"PropertyValueSpecification\",\"valueRequired\":true,\"valueName\":\"search_term_string\"}}],\"inLanguage\":\"it-IT\"},{\"@type\":\"Person\",\"@id\":\"https:\/\/www.intoscana.it\/it\/#\/schema\/person\/9223810753230f20bd670fdd322661f8\",\"name\":\"Redazione\",\"url\":\"https:\/\/www.intoscana.it\/it\/author\/redazione\/\"}]}<\/script>\n<!-- \/ Yoast SEO Premium plugin. -->","yoast_head_json":{"title":"Tartarughe marine, l'appello di Regione e Arpat ai cittadini: aiutateci a individuare i nidi - intoscana","description":"Arpat e Regione lanciano una campagna di monitoraggio collettiva per trovare i nidi di tartarughe marine in Toscana, con una App.","robots":{"index":"index","follow":"follow","max-snippet":"max-snippet:-1","max-image-preview":"max-image-preview:large","max-video-preview":"max-video-preview:-1"},"canonical":"https:\/\/www.intoscana.it\/it\/tartarughe-marine-campagna-monitoraggio\/","og_locale":"it_IT","og_type":"article","og_title":"Tartarughe marine, l'appello di Regione e Arpat ai cittadini: aiutateci a individuare i nidi","og_description":"Arpat e Regione lanciano una campagna di monitoraggio collettiva per trovare i nidi di tartarughe marine in Toscana, con una App.","og_url":"https:\/\/www.intoscana.it\/it\/tartarughe-marine-campagna-monitoraggio\/","og_site_name":"intoscana","article_publisher":"https:\/\/www.facebook.com\/intoscana.it","article_published_time":"2023-07-27T12:42:26+00:00","article_modified_time":"2023-07-27T12:44:16+00:00","og_image":[{"width":1920,"height":1440,"url":"https:\/\/www.intoscana.it\/wp-content\/uploads\/tartarughe-marine-piccole-1.jpg","type":"image\/jpeg"}],"author":"Redazione","twitter_card":"summary_large_image","twitter_creator":"@intoscana","twitter_site":"@intoscana","twitter_misc":{"Written by":"Redazione","Est. reading time":"2 minuti"},"schema":{"@context":"https:\/\/schema.org","@graph":[{"@type":"WebPage","@id":"https:\/\/www.intoscana.it\/it\/tartarughe-marine-campagna-monitoraggio\/","url":"https:\/\/www.intoscana.it\/it\/tartarughe-marine-campagna-monitoraggio\/","name":"Tartarughe marine, l'appello di Regione e Arpat ai cittadini: aiutateci a individuare i nidi - intoscana","isPartOf":{"@id":"https:\/\/www.intoscana.it\/it\/#website"},"primaryImageOfPage":{"@id":"https:\/\/www.intoscana.it\/it\/tartarughe-marine-campagna-monitoraggio\/#primaryimage"},"image":{"@id":"https:\/\/www.intoscana.it\/it\/tartarughe-marine-campagna-monitoraggio\/#primaryimage"},"thumbnailUrl":"https:\/\/www.intoscana.it\/wp-content\/uploads\/tartarughe-marine-piccole-1.jpg","datePublished":"2023-07-27T12:42:26+00:00","dateModified":"2023-07-27T12:44:16+00:00","author":{"@id":"https:\/\/www.intoscana.it\/it\/#\/schema\/person\/9223810753230f20bd670fdd322661f8"},"description":"Arpat e Regione lanciano una campagna di monitoraggio collettiva per trovare i nidi di tartarughe marine in Toscana, con una App.","breadcrumb":{"@id":"https:\/\/www.intoscana.it\/it\/tartarughe-marine-campagna-monitoraggio\/#breadcrumb"},"inLanguage":"it-IT","potentialAction":[{"@type":"ReadAction","target":["https:\/\/www.intoscana.it\/it\/tartarughe-marine-campagna-monitoraggio\/"]}]},{"@type":"ImageObject","inLanguage":"it-IT","@id":"https:\/\/www.intoscana.it\/it\/tartarughe-marine-campagna-monitoraggio\/#primaryimage","url":"https:\/\/www.intoscana.it\/wp-content\/uploads\/tartarughe-marine-piccole-1.jpg","contentUrl":"https:\/\/www.intoscana.it\/wp-content\/uploads\/tartarughe-marine-piccole-1.jpg","width":1920,"height":1440,"caption":"Tartarughe marine"},{"@type":"BreadcrumbList","@id":"https:\/\/www.intoscana.it\/it\/tartarughe-marine-campagna-monitoraggio\/#breadcrumb","itemListElement":[{"@type":"ListItem","position":1,"name":"Home","item":"https:\/\/www.intoscana.it\/it\/"},{"@type":"ListItem","position":2,"name":"Tartarughe marine, l&#8217;appello di Regione e Arpat ai cittadini: aiutateci a individuare i nidi"}]},{"@type":"WebSite","@id":"https:\/\/www.intoscana.it\/it\/#website","url":"https:\/\/www.intoscana.it\/it\/","name":"intoscana","description":"","potentialAction":[{"@type":"SearchAction","target":{"@type":"EntryPoint","urlTemplate":"https:\/\/www.intoscana.it\/it\/?s={search_term_string}"},"query-input":{"@type":"PropertyValueSpecification","valueRequired":true,"valueName":"search_term_string"}}],"inLanguage":"it-IT"},{"@type":"Person","@id":"https:\/\/www.intoscana.it\/it\/#\/schema\/person\/9223810753230f20bd670fdd322661f8","name":"Redazione","url":"https:\/\/www.intoscana.it\/it\/author\/redazione\/"}]}},"_links":{"self":[{"href":"https:\/\/www.intoscana.it\/it\/wp-json\/wp\/v2\/posts\/297687","targetHints":{"allow":["GET"]}}],"collection":[{"href":"https:\/\/www.intoscana.it\/it\/wp-json\/wp\/v2\/posts"}],"about":[{"href":"https:\/\/www.intoscana.it\/it\/wp-json\/wp\/v2\/types\/post"}],"author":[{"embeddable":true,"href":"https:\/\/www.intoscana.it\/it\/wp-json\/wp\/v2\/users\/525"}],"replies":[{"embeddable":true,"href":"https:\/\/www.intoscana.it\/it\/wp-json\/wp\/v2\/comments?post=297687"}],"version-history":[{"count":0,"href":"https:\/\/www.intoscana.it\/it\/wp-json\/wp\/v2\/posts\/297687\/revisions"}],"wp:featuredmedia":[{"embeddable":true,"href":"https:\/\/www.intoscana.it\/it\/wp-json\/wp\/v2\/media\/80211"}],"wp:attachment":[{"href":"https:\/\/www.intoscana.it\/it\/wp-json\/wp\/v2\/media?parent=297687"}],"wp:term":[{"taxonomy":"category","embeddable":true,"href":"https:\/\/www.intoscana.it\/it\/wp-json\/wp\/v2\/categories?post=297687"},{"taxonomy":"post_tag","embeddable":true,"href":"https:\/\/www.intoscana.it\/it\/wp-json\/wp\/v2\/tags?post=297687"}],"curies":[{"name":"wp","href":"https:\/\/api.w.org\/{rel}","templated":true}]}}