{"id":297737,"date":"2023-07-27T17:00:34","date_gmt":"2023-07-27T15:00:34","guid":{"rendered":"https:\/\/www.intoscana.it\/it\/?p=297737"},"modified":"2023-07-28T11:00:15","modified_gmt":"2023-07-28T09:00:15","slug":"effetto-venezia-spettacoli-e-eventi-a-livorno","status":"publish","type":"post","link":"https:\/\/www.intoscana.it\/it\/effetto-venezia-spettacoli-e-eventi-a-livorno\/","title":{"rendered":"&#8220;Effetto Venezia&#8221;, spettacoli e eventi nell&#8217;antico quartiere di Livorno"},"content":{"rendered":"<h3>&#8220;Il cinema \u00e8 la citt\u00e0&#8221; \u00e8 il tema di &#8220;Effetto Venezia&#8221; 2023<\/h3>\n<p><strong>Matteo Garrone, Carolina Crescentini, Giuliana De Sio<\/strong>, <strong>Ninetto Davoli<\/strong>, <strong>Paolo Virz\u00ec<\/strong>, <strong>Francesco Bruni<\/strong> e <strong>Daniele Cipr\u00ec<\/strong>, inisieme alla costumista premio oscar <strong>Gabriella Pescucci<\/strong> e all\u2019hair stylist designer di fama internazionale, <strong>Massimo Gattabrusi, <\/strong>sono gli ospiti d&#8217;onore della XXXVIII edizione di &#8220;Effetto Venezia&#8221;, festa che anima le piazze, i canali e i vicoli del quartiere Venezia di Livorno. Ad organizzare &#8220;Effetto Venezia&#8221; 2023, per il terzo anno consecutivo, la <strong>Fondazione LEM \u2013 Livorno Euro Mediterranea<\/strong>, che dar\u00e0 continuit\u00e0 al carattere multidisciplinare e di piazza di tutto il programma.<strong><br \/>\n<\/strong><\/p>\n<p>Le date di quest&#8217;anno vanno <strong>dal 2 al 6 agosto<\/strong> e il titolo scelto \u00e8 \u201cIl cinema \u00e8 la citt\u00e0\u201d. Sar\u00e0 infatti proprio il cinema il filo conduttore della festa che anima le sere d&#8217;estate della citt\u00e0 labronica. \u201c<strong>Riflessi di cinema<\/strong>\u201d \u00e8 il titolo dello spettacolo site-specific, con 13 schermi che illumineranno, con immagini ispirate alla storia del cinema, le facciate dei seicenteschi palazzi della Venezia livornese, e saranno dislocate secondo un percorso che dalla Fortezza Nuova arriva agli Scali Finocchietti passando da Scali del Refugio.<\/p>\n<p>Cuore della manifestazione, piazza del Luogo Pio, che ospiter\u00e0 il <strong>raduno nazionale delle DeLorean, <\/strong>la ben nota automobile assemblata dal personaggio di \u201cDoc\u201d in Ritorno al futuro, film cult di Robert Zemekis; e ancora, il concerto dei <strong>Sinfonico Honolulu<\/strong> dal titolo <em>Tarantino soundtracks,<\/em> creato appositamente per Effetto Venezia 2023 e dedicato alle colonne sonore del celebre regista americano, infine l\u2019omaggio a Maria Callas, con <em><strong>Callas@100, <\/strong><\/em>in collaborazione con Mascagni festival.<\/p>\n<h3>Tra gli eventi in programma, la musica per il cinema, le proiezioni e i talk<\/h3>\n<p>Altro centro pulsante di &#8220;Effetto Venezia&#8221; 2023, la Fortezza Nuova, dove andr\u00e0 in scena la proposta musicale, con i tre concerti clou: del maestro <strong>Nicola Piovani, <\/strong>del gruppo <strong>Compay Segundo,<\/strong> per il 25\u00b0 anniversario dei \u201cBuena vista social club\u201d e dei <strong>Calibro 35<\/strong> con il nuovo album <em>Nouvelles aventures<\/em>. In Fortezza Vecchia, invece, spazio ad altri eventi, tra cinema e teatro, tra cui la <strong>Maratona Frusciante<\/strong> \u201cA scatola chiusa\u201d, con proiezioni fino all\u2019alba, i <strong>Mayor Von Frinzius<\/strong> con \u201cScaraventati\u201d e una serata a cura del <strong>FI-PI-LI Horror festival<\/strong> dedicata al rapporto cinema e acqua.<\/p>\n<p>In Piazza dei legnami sono previste le proiezioni in strada dedicate al cinema di animazione e tre importanti sonorizzazioni dal vivo: quella de<em><strong> Il Monello<\/strong><\/em> e <em><strong>Luci della citt\u00e0<\/strong> <\/em>di Charlie Chaplin e della<strong> Corrazzata Potemkin<\/strong> di \u0116jzen\u0161tejn, rispettivamente a cura di <strong>Carlo Bosco<\/strong>, <strong>Dimitri Grechi Espinoza<\/strong> e il gruppo <strong>Weekend Martyr<\/strong>. Palazzo Huigens ospiter\u00e0 uno spazio di incontri e divulgazione cinematografica, con gli interventi di <strong>Marco Lenzi<\/strong>, <strong>Daniele Caluri<\/strong>, <strong>Emiliano Dominici<\/strong> e <strong>Claudio Marmugi<\/strong>.<\/p>\n<p>Agli Ex Macelli, recentemente tornati a nuova vita, sar\u00e0 protagonista la ricerca teatrale dedicata al cinema: sul palco saliranno, tra gli altri, la compagnia <strong>Garbuggino Ventriglia,<\/strong> con un lavoro su Tarkoskij e <strong>Il teatro del Grattacielo<\/strong> con una proposta a partire da <em><strong>Una giornata particolare<\/strong><\/em> di Ettore Scola. <strong>Mo-Wan<\/strong> <strong>Teatro<\/strong>, <strong>Emanuele Gamba<\/strong> e <strong>Agave Teatro<\/strong>, saranno protagoisti dello spazio eventi Ex Macelli. Anche <strong>il Teatro Vertigo <\/strong>presenter\u00e0 una programmazione allineata alle altre proposte cinematografiche e teatrali.<\/p>\n<p>Uno spazio importante sar\u00e0 destinato alle mostre con esposizioni all\u2019interno dello spazio contemporaneo del Museo della citt\u00e0 e altre installazioni fotografiche diffuse nel resto del quartiere. Protagoniste le artiste <strong>Valentina Restivo<\/strong>, <strong>Giulia Barini<\/strong>, <strong>Valentina Formisano. <\/strong>Accanto a loro<strong> Daniele Caluri, Serafino Fasulo, Paolo Ciriello e <\/strong>l\u2019esposizione collettiva<strong> Cinematopie <\/strong>a cura di<strong> Jacopo Suggi. <\/strong><\/p>\n<h3>A &#8220;Effetto Venezia&#8221; 2023, spazio al teatro di strada<\/h3>\n<p>Il teatro di strada sar\u00e0 protagonista della festa, con una programmazione curata da <strong>Marco Buldrassi<\/strong>, anche questa a tema cinema. Gli artisti di strada occuperanno l\u2019intero quartiere, mentre, in Piazza del luogo Pio, ci saranno gli spettacoli pi\u00f9 importanti, tra cui, da segnalare, il <em><strong>Moby Dick<\/strong> <\/em>della compagnia Teatro dei Venti, che aprir\u00e0 il festival, che vede pi\u00f9 di 100 figuranti coinvolti. A seguire la compagnia MET-cantieri meticci, porter\u00e0 due spettacoli: <em><strong>The Game<\/strong><\/em>, spettacolo site-specific e <em><strong>Il violino del Titanic<\/strong>.<\/em> Infine, da segnalare, il progetto curato da Chelo Zoppi, <em><strong>Contemporaneo valzer popolare<\/strong><\/em>, ispirato al celeberrimo ballo de <em><strong>Il Gattopardo,<\/strong><\/em> di Luchino Visconti. <strong>CineMen\u00f9<\/strong> \u00e8 l&#8217;iniziativa che va a coinvolgere gli esercizi della ristorazione del quartiere Venezia, che hanno aderito, con speciali men\u00f9, ispirati a celebri film. Previsti anche alcuni <strong>appuntamenti formativi<\/strong> con professionisti del cinema, masterclass aperte al pubblico, tra cui il contributo del collettivo<strong> Licaoni.<\/strong><\/p>\n<p>La caratterizzazione cinematografica di quest&#8217;anno di &#8220;Effetto Venezia&#8221; si realizza anche grazie alla collaborazione con l&#8217;<strong>Area Cinema<\/strong> di <strong>Fondazione Sistema Toscana<\/strong>,\u00a0con cui l&#8217;amministrazione sta immaginando un futuro nuovamente attivo in questo settore e che si concretizzer\u00e0 con progetti da realizzare insieme. Per questa edizione \u00e8 stata attivata anche una relazione con la <strong>Mostra d\u2019arte cinematografica di Venezia<\/strong> attraverso il suo direttore Alberto Barbera. L\u2019immagine di questa edizione di Effetto Venezia \u00e8 stata affidata all\u2019artista livornese di adozione <strong>Margherita Tramutoli<\/strong> (in arte <strong>La Tram<\/strong>) che, partendo da una protagonista femminile, ha elaborato l\u2019idea di una citt\u00e0 che si rispecchia nel cinema. La ragazza con gli occhi sgranati \u00e8 immaginata ammirata a guardare un film, il film della sua citt\u00e0, e questa proiezione le si cuce addosso e il videomapping della Venezia segue il suo profilo.<\/p>\n<p><iframe loading=\"lazy\" title=\"YouTube video player\" src=\"https:\/\/www.youtube.com\/embed\/jTn8dvH6tss\" width=\"860\" height=\"615\" frameborder=\"0\" allowfullscreen=\"allowfullscreen\"><span style=\"display: inline-block; width: 0px; overflow: hidden; line-height: 0;\" data-mce-type=\"bookmark\" class=\"mce_SELRES_start\">\ufeff<\/span><\/iframe><\/p>\n<p>&nbsp;<\/p>\n","protected":false},"excerpt":{"rendered":"<p>La festa si tiene dal 2 al 6 agosto ed \u00e8 dedicata al tema &#8220;Il cinema \u00e8 la citt\u00e0&#8221;. Tra gli ospiti pi\u00f9 attesi, Matteo Garrone, Carolina Crescentini, Giuliana De Sio, Ninetto Davoli, Paolo Virz\u00ec, Francesco Bruni, Daniele Cipr\u00ec e Gabriella Pescucci<\/p>\n","protected":false},"author":492,"featured_media":75397,"comment_status":"open","ping_status":"open","sticky":false,"template":"","format":"standard","meta":{"_acf_changed":false,"footnotes":""},"categories":[493],"tags":[4462],"class_list":["post-297737","post","type-post","status-publish","format-standard","has-post-thumbnail","hentry","category-cultura","tag-effetto-venezia"],"acf":[],"yoast_head":"<!-- This site is optimized with the Yoast SEO Premium plugin v24.2 (Yoast SEO v25.6) - https:\/\/yoast.com\/wordpress\/plugins\/seo\/ -->\n<title>Effetto Venezia spettacoli e eventi a Livorno - Intoscana.it<\/title>\n<meta name=\"description\" content=\"Si tiene dal 2 al 6 agosto a Livorno &quot;Effetto Venezia&quot;, kermesse di teatro, musica e eventi, a tema cinema\" \/>\n<meta name=\"robots\" content=\"index, follow, max-snippet:-1, max-image-preview:large, max-video-preview:-1\" \/>\n<link rel=\"canonical\" href=\"https:\/\/www.intoscana.it\/it\/effetto-venezia-spettacoli-e-eventi-a-livorno\/\" \/>\n<meta property=\"og:locale\" content=\"it_IT\" \/>\n<meta property=\"og:type\" content=\"article\" \/>\n<meta property=\"og:title\" content=\"&quot;Effetto Venezia&quot;, spettacoli e eventi nell&#039;antico quartiere di Livorno\" \/>\n<meta property=\"og:description\" content=\"Si tiene dal 2 al 6 agosto a Livorno &quot;Effetto Venezia&quot;, kermesse di teatro, musica e eventi, a tema cinema\" \/>\n<meta property=\"og:url\" content=\"https:\/\/www.intoscana.it\/it\/effetto-venezia-spettacoli-e-eventi-a-livorno\/\" \/>\n<meta property=\"og:site_name\" content=\"intoscana\" \/>\n<meta property=\"article:publisher\" content=\"https:\/\/www.facebook.com\/intoscana.it\" \/>\n<meta property=\"article:published_time\" content=\"2023-07-27T15:00:34+00:00\" \/>\n<meta property=\"article:modified_time\" content=\"2023-07-28T09:00:15+00:00\" \/>\n<meta property=\"og:image\" content=\"https:\/\/www.intoscana.it\/wp-content\/uploads\/effetto_venezia.jpg\" \/>\n\t<meta property=\"og:image:width\" content=\"768\" \/>\n\t<meta property=\"og:image:height\" content=\"432\" \/>\n\t<meta property=\"og:image:type\" content=\"image\/jpeg\" \/>\n<meta name=\"author\" content=\"Elisabetta Vagaggini\" \/>\n<meta name=\"twitter:card\" content=\"summary_large_image\" \/>\n<meta name=\"twitter:creator\" content=\"@intoscana\" \/>\n<meta name=\"twitter:site\" content=\"@intoscana\" \/>\n<meta name=\"twitter:label1\" content=\"Written by\" \/>\n\t<meta name=\"twitter:data1\" content=\"Elisabetta Vagaggini\" \/>\n\t<meta name=\"twitter:label2\" content=\"Est. reading time\" \/>\n\t<meta name=\"twitter:data2\" content=\"4 minuti\" \/>\n<script type=\"application\/ld+json\" class=\"yoast-schema-graph\">{\"@context\":\"https:\/\/schema.org\",\"@graph\":[{\"@type\":\"WebPage\",\"@id\":\"https:\/\/www.intoscana.it\/it\/effetto-venezia-spettacoli-e-eventi-a-livorno\/\",\"url\":\"https:\/\/www.intoscana.it\/it\/effetto-venezia-spettacoli-e-eventi-a-livorno\/\",\"name\":\"Effetto Venezia spettacoli e eventi a Livorno - Intoscana.it\",\"isPartOf\":{\"@id\":\"https:\/\/www.intoscana.it\/it\/#website\"},\"primaryImageOfPage\":{\"@id\":\"https:\/\/www.intoscana.it\/it\/effetto-venezia-spettacoli-e-eventi-a-livorno\/#primaryimage\"},\"image\":{\"@id\":\"https:\/\/www.intoscana.it\/it\/effetto-venezia-spettacoli-e-eventi-a-livorno\/#primaryimage\"},\"thumbnailUrl\":\"https:\/\/www.intoscana.it\/wp-content\/uploads\/effetto_venezia.jpg\",\"datePublished\":\"2023-07-27T15:00:34+00:00\",\"dateModified\":\"2023-07-28T09:00:15+00:00\",\"author\":{\"@id\":\"https:\/\/www.intoscana.it\/it\/#\/schema\/person\/20956e1a83baf96027b69e776f754e43\"},\"description\":\"Si tiene dal 2 al 6 agosto a Livorno \\\"Effetto Venezia\\\", kermesse di teatro, musica e eventi, a tema cinema\",\"breadcrumb\":{\"@id\":\"https:\/\/www.intoscana.it\/it\/effetto-venezia-spettacoli-e-eventi-a-livorno\/#breadcrumb\"},\"inLanguage\":\"it-IT\",\"potentialAction\":[{\"@type\":\"ReadAction\",\"target\":[\"https:\/\/www.intoscana.it\/it\/effetto-venezia-spettacoli-e-eventi-a-livorno\/\"]}]},{\"@type\":\"ImageObject\",\"inLanguage\":\"it-IT\",\"@id\":\"https:\/\/www.intoscana.it\/it\/effetto-venezia-spettacoli-e-eventi-a-livorno\/#primaryimage\",\"url\":\"https:\/\/www.intoscana.it\/wp-content\/uploads\/effetto_venezia.jpg\",\"contentUrl\":\"https:\/\/www.intoscana.it\/wp-content\/uploads\/effetto_venezia.jpg\",\"width\":768,\"height\":432},{\"@type\":\"BreadcrumbList\",\"@id\":\"https:\/\/www.intoscana.it\/it\/effetto-venezia-spettacoli-e-eventi-a-livorno\/#breadcrumb\",\"itemListElement\":[{\"@type\":\"ListItem\",\"position\":1,\"name\":\"Home\",\"item\":\"https:\/\/www.intoscana.it\/it\/\"},{\"@type\":\"ListItem\",\"position\":2,\"name\":\"&#8220;Effetto Venezia&#8221;, spettacoli e eventi nell&#8217;antico quartiere di Livorno\"}]},{\"@type\":\"WebSite\",\"@id\":\"https:\/\/www.intoscana.it\/it\/#website\",\"url\":\"https:\/\/www.intoscana.it\/it\/\",\"name\":\"intoscana\",\"description\":\"\",\"potentialAction\":[{\"@type\":\"SearchAction\",\"target\":{\"@type\":\"EntryPoint\",\"urlTemplate\":\"https:\/\/www.intoscana.it\/it\/?s={search_term_string}\"},\"query-input\":{\"@type\":\"PropertyValueSpecification\",\"valueRequired\":true,\"valueName\":\"search_term_string\"}}],\"inLanguage\":\"it-IT\"},{\"@type\":\"Person\",\"@id\":\"https:\/\/www.intoscana.it\/it\/#\/schema\/person\/20956e1a83baf96027b69e776f754e43\",\"name\":\"Elisabetta Vagaggini\",\"url\":\"https:\/\/www.intoscana.it\/it\/author\/elisabetta-vagaggini\/\"}]}<\/script>\n<!-- \/ Yoast SEO Premium plugin. -->","yoast_head_json":{"title":"Effetto Venezia spettacoli e eventi a Livorno - Intoscana.it","description":"Si tiene dal 2 al 6 agosto a Livorno \"Effetto Venezia\", kermesse di teatro, musica e eventi, a tema cinema","robots":{"index":"index","follow":"follow","max-snippet":"max-snippet:-1","max-image-preview":"max-image-preview:large","max-video-preview":"max-video-preview:-1"},"canonical":"https:\/\/www.intoscana.it\/it\/effetto-venezia-spettacoli-e-eventi-a-livorno\/","og_locale":"it_IT","og_type":"article","og_title":"\"Effetto Venezia\", spettacoli e eventi nell'antico quartiere di Livorno","og_description":"Si tiene dal 2 al 6 agosto a Livorno \"Effetto Venezia\", kermesse di teatro, musica e eventi, a tema cinema","og_url":"https:\/\/www.intoscana.it\/it\/effetto-venezia-spettacoli-e-eventi-a-livorno\/","og_site_name":"intoscana","article_publisher":"https:\/\/www.facebook.com\/intoscana.it","article_published_time":"2023-07-27T15:00:34+00:00","article_modified_time":"2023-07-28T09:00:15+00:00","og_image":[{"width":768,"height":432,"url":"https:\/\/www.intoscana.it\/wp-content\/uploads\/effetto_venezia.jpg","type":"image\/jpeg"}],"author":"Elisabetta Vagaggini","twitter_card":"summary_large_image","twitter_creator":"@intoscana","twitter_site":"@intoscana","twitter_misc":{"Written by":"Elisabetta Vagaggini","Est. reading time":"4 minuti"},"schema":{"@context":"https:\/\/schema.org","@graph":[{"@type":"WebPage","@id":"https:\/\/www.intoscana.it\/it\/effetto-venezia-spettacoli-e-eventi-a-livorno\/","url":"https:\/\/www.intoscana.it\/it\/effetto-venezia-spettacoli-e-eventi-a-livorno\/","name":"Effetto Venezia spettacoli e eventi a Livorno - Intoscana.it","isPartOf":{"@id":"https:\/\/www.intoscana.it\/it\/#website"},"primaryImageOfPage":{"@id":"https:\/\/www.intoscana.it\/it\/effetto-venezia-spettacoli-e-eventi-a-livorno\/#primaryimage"},"image":{"@id":"https:\/\/www.intoscana.it\/it\/effetto-venezia-spettacoli-e-eventi-a-livorno\/#primaryimage"},"thumbnailUrl":"https:\/\/www.intoscana.it\/wp-content\/uploads\/effetto_venezia.jpg","datePublished":"2023-07-27T15:00:34+00:00","dateModified":"2023-07-28T09:00:15+00:00","author":{"@id":"https:\/\/www.intoscana.it\/it\/#\/schema\/person\/20956e1a83baf96027b69e776f754e43"},"description":"Si tiene dal 2 al 6 agosto a Livorno \"Effetto Venezia\", kermesse di teatro, musica e eventi, a tema cinema","breadcrumb":{"@id":"https:\/\/www.intoscana.it\/it\/effetto-venezia-spettacoli-e-eventi-a-livorno\/#breadcrumb"},"inLanguage":"it-IT","potentialAction":[{"@type":"ReadAction","target":["https:\/\/www.intoscana.it\/it\/effetto-venezia-spettacoli-e-eventi-a-livorno\/"]}]},{"@type":"ImageObject","inLanguage":"it-IT","@id":"https:\/\/www.intoscana.it\/it\/effetto-venezia-spettacoli-e-eventi-a-livorno\/#primaryimage","url":"https:\/\/www.intoscana.it\/wp-content\/uploads\/effetto_venezia.jpg","contentUrl":"https:\/\/www.intoscana.it\/wp-content\/uploads\/effetto_venezia.jpg","width":768,"height":432},{"@type":"BreadcrumbList","@id":"https:\/\/www.intoscana.it\/it\/effetto-venezia-spettacoli-e-eventi-a-livorno\/#breadcrumb","itemListElement":[{"@type":"ListItem","position":1,"name":"Home","item":"https:\/\/www.intoscana.it\/it\/"},{"@type":"ListItem","position":2,"name":"&#8220;Effetto Venezia&#8221;, spettacoli e eventi nell&#8217;antico quartiere di Livorno"}]},{"@type":"WebSite","@id":"https:\/\/www.intoscana.it\/it\/#website","url":"https:\/\/www.intoscana.it\/it\/","name":"intoscana","description":"","potentialAction":[{"@type":"SearchAction","target":{"@type":"EntryPoint","urlTemplate":"https:\/\/www.intoscana.it\/it\/?s={search_term_string}"},"query-input":{"@type":"PropertyValueSpecification","valueRequired":true,"valueName":"search_term_string"}}],"inLanguage":"it-IT"},{"@type":"Person","@id":"https:\/\/www.intoscana.it\/it\/#\/schema\/person\/20956e1a83baf96027b69e776f754e43","name":"Elisabetta Vagaggini","url":"https:\/\/www.intoscana.it\/it\/author\/elisabetta-vagaggini\/"}]}},"_links":{"self":[{"href":"https:\/\/www.intoscana.it\/it\/wp-json\/wp\/v2\/posts\/297737","targetHints":{"allow":["GET"]}}],"collection":[{"href":"https:\/\/www.intoscana.it\/it\/wp-json\/wp\/v2\/posts"}],"about":[{"href":"https:\/\/www.intoscana.it\/it\/wp-json\/wp\/v2\/types\/post"}],"author":[{"embeddable":true,"href":"https:\/\/www.intoscana.it\/it\/wp-json\/wp\/v2\/users\/492"}],"replies":[{"embeddable":true,"href":"https:\/\/www.intoscana.it\/it\/wp-json\/wp\/v2\/comments?post=297737"}],"version-history":[{"count":0,"href":"https:\/\/www.intoscana.it\/it\/wp-json\/wp\/v2\/posts\/297737\/revisions"}],"wp:featuredmedia":[{"embeddable":true,"href":"https:\/\/www.intoscana.it\/it\/wp-json\/wp\/v2\/media\/75397"}],"wp:attachment":[{"href":"https:\/\/www.intoscana.it\/it\/wp-json\/wp\/v2\/media?parent=297737"}],"wp:term":[{"taxonomy":"category","embeddable":true,"href":"https:\/\/www.intoscana.it\/it\/wp-json\/wp\/v2\/categories?post=297737"},{"taxonomy":"post_tag","embeddable":true,"href":"https:\/\/www.intoscana.it\/it\/wp-json\/wp\/v2\/tags?post=297737"}],"curies":[{"name":"wp","href":"https:\/\/api.w.org\/{rel}","templated":true}]}}