{"id":297780,"date":"2023-07-28T12:00:54","date_gmt":"2023-07-28T10:00:54","guid":{"rendered":"https:\/\/www.intoscana.it\/it\/?p=297780"},"modified":"2023-08-07T14:59:06","modified_gmt":"2023-08-07T12:59:06","slug":"casa-pelagos-wwf-orbetello","status":"publish","type":"post","link":"https:\/\/www.intoscana.it\/it\/casa-pelagos-wwf-orbetello\/","title":{"rendered":"A Orbetello nasce Casa Pelagos del Wwf: il primo museo dedicato al Santuario dei cetacei"},"content":{"rendered":"<p>Un tuffo virtuale nel <strong>Santuario dei Cetacei,<\/strong> la pi\u00f9 grande area marina protetta del Mediterraneo, tra balenottere, delfini, squali, foche e tartarughe marine. \u00c8 <mark>Casa Pelagos, un allestimento museale interattivo che dal 4 agosto sar\u00e0 aperto al pubblico nello storico Casale Spagnolo della Giannella, nell\u2019Oasi Wwf e Riserva Naturale di Orbetello,<\/mark> una delle aree pi\u00f9 ricche di biodiversit\u00e0 della costa tirrenica e punto pi\u00f9 ad est dell\u2019intero Santuario dei Cetacei.<\/p>\n<h3>Un punto di riferimento per la tutela dei cetacei<\/h3>\n<p>Sar\u00e0 il punto di riferimento per chi, cittadini e istituzioni, vorr\u00e0 <a href=\"https:\/\/www.intoscana.it\/it\/articolo\/santuario-dei-cetacei-impegnato-anche-il-parco-di-san-rossore\/\" target=\"_blank\" rel=\"noopener\">conoscere sempre meglio il<strong> Santuario Pelagos<\/strong><\/a>, nato per proteggere il braccio di mare che dalla costa toscana (e per la precisione dal fosso Chiarone a <strong>Capalbio<\/strong>) si spinge su fino alle coste sarde e quelle corso-liguri-provenzali, frequentato soprattutto nei mesi estivi da tutte le specie di cetacei che abitano stabilmente in Mediterraneo.<\/p>\n<p>In vista dell\u2019apertura al pubblico si \u00e8 tenuto oggi l\u2019evento di inaugurazione di Casa Pelagos, che \u00e8 stata realizzata grazie al supporto di Fondazione Deutsche Bank Italia ed \u00e8 uno dei progetti della Campagna GenerAzione Mare che quest\u2019anno vede il <strong>Wwf<\/strong> impegnato anche in attivit\u00e0 di ricerca e tutela dei <strong>cetacei<\/strong>, con azioni di citizen science , monitoraggi, e attivit\u00e0 divulgative.<\/p>\n<figure id=\"post-297786 media-297786\" class=\"align-none\">\n<p><figure style=\"width: 1600px\" class=\"wp-caption alignnone\"><img loading=\"lazy\" decoding=\"async\" src=\"https:\/\/www.intoscana.it\/wp-content\/uploads\/V_Proiettore-Gioco.jpg\" alt=\"\" width=\"1600\" height=\"1000\" \/><figcaption class=\"wp-caption-text\">Casa Pelagos<\/figcaption><\/figure><\/figure>\n<p><em>\u201cCome Wwf crediamo da sempre, fermamente, che l\u2019obiettivo di un pianeta in cui l\u2019uomo viva in armonia con la natura non possa essere disgiunto dalla conoscenza, dalla corretta informazione e dall\u2019educazione ambientale rivolta ai pi\u00f9 giovani ma non solo. Siamo orgogliosi di presentare oggi questa realt\u00e0 museale dedicata a Pelagos e ai suoi abitanti, in uno scenario splendido come quello del Casale Giannella, Oasi Wwf di Orbetello. Un grazie di cuore a chi ha reso possibile tutto questo: Deutsche Bank, Regione Toscana, SPACE che ne ha curato gli allestimenti\u201d<\/em> ha detto A<strong>lessandra Prampolini<\/strong>, direttrice generale Wwf Italia.<\/p>\n<h3>L&#8217;allestimento di Casa Pelagos<\/h3>\n<p>Fulcro emozionale del percorso di visita di Casa Pelagos \u00e8 una <mark>multiproiezione a soffitto, interattiva e immersiva, sulle specie marine del Santuario. <\/mark>Scegliendo uno tra i diversi modelli tridimensionali esposti, che riproducono altrettante specie marine, e posizionandolo su un apposito supporto, i visitatori attivano una vista nella volta realizzata con <strong>riprese originali subacquee<\/strong> o di superficie, che racconta la specie rappresentandola nel suo meraviglioso habitat.<br \/>\nIl punto di vista dal basso porta l\u2019osservatore stesso a sentirsi immerso nell\u2019acqua e condividere con <strong>gli abitanti del mare<\/strong> caratteristiche e rischi del loro ambiente di vita.<\/p>\n<p>Un approfondimento sulle politiche di tutela e salvaguardia degli habitat \u00e8 trattato mediante un <strong>tavolo tattile:<\/strong> elementi plastici, cassetti esplorabili, grafiche e infografiche spiegano la storia del Santuario e gli strumenti per il monitoraggio, lo studio e la tutela degli ecosistemi, anche grazie agli innumerevoli progetti di conservazione condotti da Wwf.<\/p>\n","protected":false},"excerpt":{"rendered":"<p>Nel Casale Spagnolo della Giannella \u00e8 aperto al pubblico un percorso museale dedicato alla pi\u00f9 grande area marina protetta del Mediterraneo tra balenottere, delfini e foche<\/p>\n","protected":false},"author":525,"featured_media":297788,"comment_status":"open","ping_status":"open","sticky":false,"template":"","format":"standard","meta":{"_acf_changed":false,"footnotes":""},"categories":[19],"tags":[4814,6639],"class_list":["post-297780","post","type-post","status-publish","format-standard","has-post-thumbnail","hentry","category-ambiente","tag-orbetello","tag-wwf"],"acf":[],"yoast_head":"<!-- This site is optimized with the Yoast SEO Premium plugin v24.2 (Yoast SEO v25.6) - https:\/\/yoast.com\/wordpress\/plugins\/seo\/ -->\n<title>A Orbetello nasce Casa Pelagos del Wwf: il primo museo dedicato al Santuario dei cetacei - intoscana<\/title>\n<meta name=\"description\" content=\"Dal 4 agosto \u00e8 aperto al pubblico a Orbetello Casa Pelagos, un percorso museale immersivo dedicato al Santuario dei Cetacei.\" \/>\n<meta name=\"robots\" content=\"index, follow, max-snippet:-1, max-image-preview:large, max-video-preview:-1\" \/>\n<link rel=\"canonical\" href=\"https:\/\/www.intoscana.it\/it\/casa-pelagos-wwf-orbetello\/\" \/>\n<meta property=\"og:locale\" content=\"it_IT\" \/>\n<meta property=\"og:type\" content=\"article\" \/>\n<meta property=\"og:title\" content=\"A Orbetello nasce Casa Pelagos del Wwf: il primo museo dedicato al Santuario dei cetacei\" \/>\n<meta property=\"og:description\" content=\"Dal 4 agosto \u00e8 aperto al pubblico a Orbetello Casa Pelagos, un percorso museale immersivo dedicato al Santuario dei Cetacei.\" \/>\n<meta property=\"og:url\" content=\"https:\/\/www.intoscana.it\/it\/casa-pelagos-wwf-orbetello\/\" \/>\n<meta property=\"og:site_name\" content=\"intoscana\" \/>\n<meta property=\"article:publisher\" content=\"https:\/\/www.facebook.com\/intoscana.it\" \/>\n<meta property=\"article:published_time\" content=\"2023-07-28T10:00:54+00:00\" \/>\n<meta property=\"article:modified_time\" content=\"2023-08-07T12:59:06+00:00\" \/>\n<meta property=\"og:image\" content=\"https:\/\/www.intoscana.it\/wp-content\/uploads\/24_Capodoglio-\u00a9-Brian-J.-Skerry-National-Geographic-Stock-WWF-scaled.jpg\" \/>\n\t<meta property=\"og:image:width\" content=\"2048\" \/>\n\t<meta property=\"og:image:height\" content=\"1361\" \/>\n\t<meta property=\"og:image:type\" content=\"image\/jpeg\" \/>\n<meta name=\"author\" content=\"Redazione\" \/>\n<meta name=\"twitter:card\" content=\"summary_large_image\" \/>\n<meta name=\"twitter:creator\" content=\"@intoscana\" \/>\n<meta name=\"twitter:site\" content=\"@intoscana\" \/>\n<meta name=\"twitter:label1\" content=\"Written by\" \/>\n\t<meta name=\"twitter:data1\" content=\"Redazione\" \/>\n\t<meta name=\"twitter:label2\" content=\"Est. reading time\" \/>\n\t<meta name=\"twitter:data2\" content=\"2 minuti\" \/>\n<script type=\"application\/ld+json\" class=\"yoast-schema-graph\">{\"@context\":\"https:\/\/schema.org\",\"@graph\":[{\"@type\":\"WebPage\",\"@id\":\"https:\/\/www.intoscana.it\/it\/casa-pelagos-wwf-orbetello\/\",\"url\":\"https:\/\/www.intoscana.it\/it\/casa-pelagos-wwf-orbetello\/\",\"name\":\"A Orbetello nasce Casa Pelagos del Wwf: il primo museo dedicato al Santuario dei cetacei - intoscana\",\"isPartOf\":{\"@id\":\"https:\/\/www.intoscana.it\/it\/#website\"},\"primaryImageOfPage\":{\"@id\":\"https:\/\/www.intoscana.it\/it\/casa-pelagos-wwf-orbetello\/#primaryimage\"},\"image\":{\"@id\":\"https:\/\/www.intoscana.it\/it\/casa-pelagos-wwf-orbetello\/#primaryimage\"},\"thumbnailUrl\":\"https:\/\/www.intoscana.it\/wp-content\/uploads\/24_Capodoglio-\u00a9-Brian-J.-Skerry-National-Geographic-Stock-WWF-scaled.jpg\",\"datePublished\":\"2023-07-28T10:00:54+00:00\",\"dateModified\":\"2023-08-07T12:59:06+00:00\",\"author\":{\"@id\":\"https:\/\/www.intoscana.it\/it\/#\/schema\/person\/9223810753230f20bd670fdd322661f8\"},\"description\":\"Dal 4 agosto \u00e8 aperto al pubblico a Orbetello Casa Pelagos, un percorso museale immersivo dedicato al Santuario dei Cetacei.\",\"breadcrumb\":{\"@id\":\"https:\/\/www.intoscana.it\/it\/casa-pelagos-wwf-orbetello\/#breadcrumb\"},\"inLanguage\":\"it-IT\",\"potentialAction\":[{\"@type\":\"ReadAction\",\"target\":[\"https:\/\/www.intoscana.it\/it\/casa-pelagos-wwf-orbetello\/\"]}]},{\"@type\":\"ImageObject\",\"inLanguage\":\"it-IT\",\"@id\":\"https:\/\/www.intoscana.it\/it\/casa-pelagos-wwf-orbetello\/#primaryimage\",\"url\":\"https:\/\/www.intoscana.it\/wp-content\/uploads\/24_Capodoglio-\u00a9-Brian-J.-Skerry-National-Geographic-Stock-WWF-scaled.jpg\",\"contentUrl\":\"https:\/\/www.intoscana.it\/wp-content\/uploads\/24_Capodoglio-\u00a9-Brian-J.-Skerry-National-Geographic-Stock-WWF-scaled.jpg\",\"width\":2048,\"height\":1361,\"caption\":\"Un capodoglio\"},{\"@type\":\"BreadcrumbList\",\"@id\":\"https:\/\/www.intoscana.it\/it\/casa-pelagos-wwf-orbetello\/#breadcrumb\",\"itemListElement\":[{\"@type\":\"ListItem\",\"position\":1,\"name\":\"Home\",\"item\":\"https:\/\/www.intoscana.it\/it\/\"},{\"@type\":\"ListItem\",\"position\":2,\"name\":\"A Orbetello nasce Casa Pelagos del Wwf: il primo museo dedicato al Santuario dei cetacei\"}]},{\"@type\":\"WebSite\",\"@id\":\"https:\/\/www.intoscana.it\/it\/#website\",\"url\":\"https:\/\/www.intoscana.it\/it\/\",\"name\":\"intoscana\",\"description\":\"\",\"potentialAction\":[{\"@type\":\"SearchAction\",\"target\":{\"@type\":\"EntryPoint\",\"urlTemplate\":\"https:\/\/www.intoscana.it\/it\/?s={search_term_string}\"},\"query-input\":{\"@type\":\"PropertyValueSpecification\",\"valueRequired\":true,\"valueName\":\"search_term_string\"}}],\"inLanguage\":\"it-IT\"},{\"@type\":\"Person\",\"@id\":\"https:\/\/www.intoscana.it\/it\/#\/schema\/person\/9223810753230f20bd670fdd322661f8\",\"name\":\"Redazione\",\"url\":\"https:\/\/www.intoscana.it\/it\/author\/redazione\/\"}]}<\/script>\n<!-- \/ Yoast SEO Premium plugin. -->","yoast_head_json":{"title":"A Orbetello nasce Casa Pelagos del Wwf: il primo museo dedicato al Santuario dei cetacei - intoscana","description":"Dal 4 agosto \u00e8 aperto al pubblico a Orbetello Casa Pelagos, un percorso museale immersivo dedicato al Santuario dei Cetacei.","robots":{"index":"index","follow":"follow","max-snippet":"max-snippet:-1","max-image-preview":"max-image-preview:large","max-video-preview":"max-video-preview:-1"},"canonical":"https:\/\/www.intoscana.it\/it\/casa-pelagos-wwf-orbetello\/","og_locale":"it_IT","og_type":"article","og_title":"A Orbetello nasce Casa Pelagos del Wwf: il primo museo dedicato al Santuario dei cetacei","og_description":"Dal 4 agosto \u00e8 aperto al pubblico a Orbetello Casa Pelagos, un percorso museale immersivo dedicato al Santuario dei Cetacei.","og_url":"https:\/\/www.intoscana.it\/it\/casa-pelagos-wwf-orbetello\/","og_site_name":"intoscana","article_publisher":"https:\/\/www.facebook.com\/intoscana.it","article_published_time":"2023-07-28T10:00:54+00:00","article_modified_time":"2023-08-07T12:59:06+00:00","og_image":[{"width":2048,"height":1361,"url":"https:\/\/www.intoscana.it\/wp-content\/uploads\/24_Capodoglio-\u00a9-Brian-J.-Skerry-National-Geographic-Stock-WWF-scaled.jpg","type":"image\/jpeg"}],"author":"Redazione","twitter_card":"summary_large_image","twitter_creator":"@intoscana","twitter_site":"@intoscana","twitter_misc":{"Written by":"Redazione","Est. reading time":"2 minuti"},"schema":{"@context":"https:\/\/schema.org","@graph":[{"@type":"WebPage","@id":"https:\/\/www.intoscana.it\/it\/casa-pelagos-wwf-orbetello\/","url":"https:\/\/www.intoscana.it\/it\/casa-pelagos-wwf-orbetello\/","name":"A Orbetello nasce Casa Pelagos del Wwf: il primo museo dedicato al Santuario dei cetacei - intoscana","isPartOf":{"@id":"https:\/\/www.intoscana.it\/it\/#website"},"primaryImageOfPage":{"@id":"https:\/\/www.intoscana.it\/it\/casa-pelagos-wwf-orbetello\/#primaryimage"},"image":{"@id":"https:\/\/www.intoscana.it\/it\/casa-pelagos-wwf-orbetello\/#primaryimage"},"thumbnailUrl":"https:\/\/www.intoscana.it\/wp-content\/uploads\/24_Capodoglio-\u00a9-Brian-J.-Skerry-National-Geographic-Stock-WWF-scaled.jpg","datePublished":"2023-07-28T10:00:54+00:00","dateModified":"2023-08-07T12:59:06+00:00","author":{"@id":"https:\/\/www.intoscana.it\/it\/#\/schema\/person\/9223810753230f20bd670fdd322661f8"},"description":"Dal 4 agosto \u00e8 aperto al pubblico a Orbetello Casa Pelagos, un percorso museale immersivo dedicato al Santuario dei Cetacei.","breadcrumb":{"@id":"https:\/\/www.intoscana.it\/it\/casa-pelagos-wwf-orbetello\/#breadcrumb"},"inLanguage":"it-IT","potentialAction":[{"@type":"ReadAction","target":["https:\/\/www.intoscana.it\/it\/casa-pelagos-wwf-orbetello\/"]}]},{"@type":"ImageObject","inLanguage":"it-IT","@id":"https:\/\/www.intoscana.it\/it\/casa-pelagos-wwf-orbetello\/#primaryimage","url":"https:\/\/www.intoscana.it\/wp-content\/uploads\/24_Capodoglio-\u00a9-Brian-J.-Skerry-National-Geographic-Stock-WWF-scaled.jpg","contentUrl":"https:\/\/www.intoscana.it\/wp-content\/uploads\/24_Capodoglio-\u00a9-Brian-J.-Skerry-National-Geographic-Stock-WWF-scaled.jpg","width":2048,"height":1361,"caption":"Un capodoglio"},{"@type":"BreadcrumbList","@id":"https:\/\/www.intoscana.it\/it\/casa-pelagos-wwf-orbetello\/#breadcrumb","itemListElement":[{"@type":"ListItem","position":1,"name":"Home","item":"https:\/\/www.intoscana.it\/it\/"},{"@type":"ListItem","position":2,"name":"A Orbetello nasce Casa Pelagos del Wwf: il primo museo dedicato al Santuario dei cetacei"}]},{"@type":"WebSite","@id":"https:\/\/www.intoscana.it\/it\/#website","url":"https:\/\/www.intoscana.it\/it\/","name":"intoscana","description":"","potentialAction":[{"@type":"SearchAction","target":{"@type":"EntryPoint","urlTemplate":"https:\/\/www.intoscana.it\/it\/?s={search_term_string}"},"query-input":{"@type":"PropertyValueSpecification","valueRequired":true,"valueName":"search_term_string"}}],"inLanguage":"it-IT"},{"@type":"Person","@id":"https:\/\/www.intoscana.it\/it\/#\/schema\/person\/9223810753230f20bd670fdd322661f8","name":"Redazione","url":"https:\/\/www.intoscana.it\/it\/author\/redazione\/"}]}},"_links":{"self":[{"href":"https:\/\/www.intoscana.it\/it\/wp-json\/wp\/v2\/posts\/297780","targetHints":{"allow":["GET"]}}],"collection":[{"href":"https:\/\/www.intoscana.it\/it\/wp-json\/wp\/v2\/posts"}],"about":[{"href":"https:\/\/www.intoscana.it\/it\/wp-json\/wp\/v2\/types\/post"}],"author":[{"embeddable":true,"href":"https:\/\/www.intoscana.it\/it\/wp-json\/wp\/v2\/users\/525"}],"replies":[{"embeddable":true,"href":"https:\/\/www.intoscana.it\/it\/wp-json\/wp\/v2\/comments?post=297780"}],"version-history":[{"count":0,"href":"https:\/\/www.intoscana.it\/it\/wp-json\/wp\/v2\/posts\/297780\/revisions"}],"wp:featuredmedia":[{"embeddable":true,"href":"https:\/\/www.intoscana.it\/it\/wp-json\/wp\/v2\/media\/297788"}],"wp:attachment":[{"href":"https:\/\/www.intoscana.it\/it\/wp-json\/wp\/v2\/media?parent=297780"}],"wp:term":[{"taxonomy":"category","embeddable":true,"href":"https:\/\/www.intoscana.it\/it\/wp-json\/wp\/v2\/categories?post=297780"},{"taxonomy":"post_tag","embeddable":true,"href":"https:\/\/www.intoscana.it\/it\/wp-json\/wp\/v2\/tags?post=297780"}],"curies":[{"name":"wp","href":"https:\/\/api.w.org\/{rel}","templated":true}]}}