{"id":297828,"date":"2023-07-28T15:00:01","date_gmt":"2023-07-28T13:00:01","guid":{"rendered":"https:\/\/www.intoscana.it\/it\/?p=297828"},"modified":"2023-08-01T11:38:35","modified_gmt":"2023-08-01T09:38:35","slug":"intesa-toscana-vietnam","status":"publish","type":"post","link":"https:\/\/www.intoscana.it\/it\/intesa-toscana-vietnam\/","title":{"rendered":"Il presidente del Vietnam a Firenze: firmata un&#8217;intesa con la Regione"},"content":{"rendered":"<p>Un&#8217;intesa per rafforzare i legami di amicizia e le relazioni, anche economiche, tra <strong>Toscana e Vietnam.<\/strong> Questa mattina, in occasione della visita a Firenze del presidente della Repubblica socialista del Vietnam <strong>Vo Van Thoung<\/strong>, la Regione ha firmato un accordo di tre anni con la p<strong>rovincia di Vin Phuc<\/strong>, siglato dalla segretario di partito della provincia, Hoang Thi Thuy Lan.<\/p>\n<p><em>\u00a0<mark>\u201cAncora una volta la nostra regione si conferma tra le pi\u00f9 attrattive ed interessanti all\u2019interno della vetrina italiana<\/mark><\/em> &#8211; commenta il presidente della Toscana <strong>Eugenio Giani<\/strong> &#8211; <em>nel viaggio in Italia l\u2019unica altra tappa, oltre a Roma, \u00e8 stata Firenze. Cercare rapporti sempre pi\u00f9 stretti con i Paesi del Sud \u00e8 strategico e il Vietnam \u00e8 una delle realt\u00e0 pi\u00f9 dinamiche, che marcia a tassi di sviluppo importanti\u201d. <\/em>Una sorta di hub del Sud Est asiatico. <em>\u201cLa Toscana del Rinascimento ma anche della manifattura e del turismo &#8211; <\/em>conclude Giani<em> &#8211; \u00e8 la regione in Italia che ha suscitato maggiori interesse da parte del governo vietnamita e ne siamo orgogliosi\u201d.<\/em><\/p>\n<h3>La presenza del Gruppo Piaggio in Vietnam<\/h3>\n<p>Il <strong>Vietnam<\/strong> \u00e8 grande un decimo pi\u00f9 dell\u2019Italia, oltre 330 mila chilometri quadrati, ma \u00e8 popolato da quasi cento milioni di abitanti contro sessanta; ed accoglie, proprio nella provincia di Vin Puch, uno stabilimento del <strong>Gruppo Piaggio di Pontedera.<\/strong> Una presenza importante, destinata a crescere. Infatti alla firma dell\u2019accordo con la Toscana ha partecipato anche Matteo Colaninno, vice presidente del gruppo, al quale \u2013 dopo la sigla dell\u2019intesa con la Regione &#8211; la segretario di partito Hoang Thi Thuy Lan ha consegnato il certificato per poter effettuare eventuali<strong> future espansioni<\/strong> dello stabilimento produttivo sul territorio. Gi\u00e0 oggi il Gruppo Piaggio rappresenta la principale realt\u00e0 industriale italiana nel Paese asiatico.<\/p>\n<p><em>\u201cSiamo onorati<\/em> &#8211; commenta Matteo Colaninno &#8211; <em>di questo forte coinvolgimento nella giornata che celebra anche in Toscana il cinquantesimo anniversario delle relazioni diplomatiche tra Italia e Vietnam, e di aver incontrato oggi a Firenze il Presidente della Repubblica del Vietnam. Una prova della grande collaborazione e amicizia che il Gruppo Piaggio ha con questo Paese\u201d.<\/em><\/p>\n<h3>L\u2019accordo tra la Toscana e Vin Phuc<\/h3>\n<p>Regione Toscana e Provincia di Vin Phuc promuoveranno scambi ed opportunit\u00e0 di <mark>collaborazione sul fronte dell\u2019attrazione degli investimenti, della promozione del commercio ma anche dell\u2019istruzione e formazione, della sanit\u00e0, della cultura,<\/mark> turismo e sport, della pianificazione urbana, dell\u2019agricoltura ed alta tecnologia e della valorizzazione dell\u2019ambiente.<\/p>\n<p>La collaborazione tra provincia di Vin Phuc e Regione Toscana si sostanzier\u00e0 in visite di<strong> lavoro di delegazioni<\/strong> di alto livello , delegazioni di esperti, imprese e investitori e programmi di scambio culturale o partecipazione a eventi ed anniversari. Sar\u00e0 per questo redatto un piano di lavoro annuale.<\/p>\n<p>Prima della firma dell\u2019intesa, avvenuta alla presenza dei giornalisti, il presidente del Vietnam Vo Van Thoung ha avuto un incontro riservato con il presidente della Toscana Eugenio Giani. Tra i temi di interesse sottolineati da parte del paese del sud est asiatico c\u2019\u00e8 stata la conservazione e promozione dei<strong> siti culturali e patrimonio Unesco<\/strong>, ammirati da quanto la Toscana riesce a fare. Giani ha ricordato, al riguardo, la presenza importante a Firenze dell\u2019Opificio delle pietre dure, l\u2019istituto di restauro pi\u00f9 importante d\u2019Italia.<br \/>\nAlla fine lo scambio cerimoniale di doni: un <strong>Pegaso di alabastro di Volterra<\/strong> da parte della Toscana, una scatola in ceramica con te e caff\u00e8 consegnato invece dalla delegazione vietnamita.<\/p>\n","protected":false},"excerpt":{"rendered":"<p>Un accordo tra la Toscana e la provincia di Vin Phuc per collaborare su pi\u00f9 fronti, dall&#8217;attrazione degli investimenti all&#8217;istruzione e alla cultura<\/p>\n","protected":false},"author":525,"featured_media":297836,"comment_status":"open","ping_status":"open","sticky":false,"template":"","format":"standard","meta":{"_acf_changed":false,"footnotes":""},"categories":[9],"tags":[158,151],"class_list":["post-297828","post","type-post","status-publish","format-standard","has-post-thumbnail","hentry","category-made-in-toscana","tag-eugenio-giani","tag-regione-toscana"],"acf":[],"yoast_head":"<!-- This site is optimized with the Yoast SEO Premium plugin v24.2 (Yoast SEO v25.6) - https:\/\/yoast.com\/wordpress\/plugins\/seo\/ -->\n<title>Il presidente del Vietnam a Firenze: firmata un&#039;intesa con la Regione - intoscana<\/title>\n<meta name=\"description\" content=\"In occasione della visita del presidente del Vietnam Vo Van Thoung a Firenze la Toscana ha firmato un accordo con la provincia di Vin Phuc.\" \/>\n<meta name=\"robots\" content=\"index, follow, max-snippet:-1, max-image-preview:large, max-video-preview:-1\" \/>\n<link rel=\"canonical\" href=\"https:\/\/www.intoscana.it\/it\/intesa-toscana-vietnam\/\" \/>\n<meta property=\"og:locale\" content=\"it_IT\" \/>\n<meta property=\"og:type\" content=\"article\" \/>\n<meta property=\"og:title\" content=\"Il presidente del Vietnam a Firenze: firmata un&#039;intesa con la Regione\" \/>\n<meta property=\"og:description\" content=\"In occasione della visita del presidente del Vietnam Vo Van Thoung a Firenze la Toscana ha firmato un accordo con la provincia di Vin Phuc.\" \/>\n<meta property=\"og:url\" content=\"https:\/\/www.intoscana.it\/it\/intesa-toscana-vietnam\/\" \/>\n<meta property=\"og:site_name\" content=\"intoscana\" \/>\n<meta property=\"article:publisher\" content=\"https:\/\/www.facebook.com\/intoscana.it\" \/>\n<meta property=\"article:published_time\" content=\"2023-07-28T13:00:01+00:00\" \/>\n<meta property=\"article:modified_time\" content=\"2023-08-01T09:38:35+00:00\" \/>\n<meta property=\"og:image\" content=\"https:\/\/www.intoscana.it\/wp-content\/uploads\/PLR_9336.jpg\" \/>\n\t<meta property=\"og:image:width\" content=\"1200\" \/>\n\t<meta property=\"og:image:height\" content=\"800\" \/>\n\t<meta property=\"og:image:type\" content=\"image\/jpeg\" \/>\n<meta name=\"author\" content=\"Redazione\" \/>\n<meta name=\"twitter:card\" content=\"summary_large_image\" \/>\n<meta name=\"twitter:creator\" content=\"@intoscana\" \/>\n<meta name=\"twitter:site\" content=\"@intoscana\" \/>\n<meta name=\"twitter:label1\" content=\"Written by\" \/>\n\t<meta name=\"twitter:data1\" content=\"Redazione\" \/>\n\t<meta name=\"twitter:label2\" content=\"Est. reading time\" \/>\n\t<meta name=\"twitter:data2\" content=\"3 minuti\" \/>\n<script type=\"application\/ld+json\" class=\"yoast-schema-graph\">{\"@context\":\"https:\/\/schema.org\",\"@graph\":[{\"@type\":\"WebPage\",\"@id\":\"https:\/\/www.intoscana.it\/it\/intesa-toscana-vietnam\/\",\"url\":\"https:\/\/www.intoscana.it\/it\/intesa-toscana-vietnam\/\",\"name\":\"Il presidente del Vietnam a Firenze: firmata un'intesa con la Regione - intoscana\",\"isPartOf\":{\"@id\":\"https:\/\/www.intoscana.it\/it\/#website\"},\"primaryImageOfPage\":{\"@id\":\"https:\/\/www.intoscana.it\/it\/intesa-toscana-vietnam\/#primaryimage\"},\"image\":{\"@id\":\"https:\/\/www.intoscana.it\/it\/intesa-toscana-vietnam\/#primaryimage\"},\"thumbnailUrl\":\"https:\/\/www.intoscana.it\/wp-content\/uploads\/PLR_9336.jpg\",\"datePublished\":\"2023-07-28T13:00:01+00:00\",\"dateModified\":\"2023-08-01T09:38:35+00:00\",\"author\":{\"@id\":\"https:\/\/www.intoscana.it\/it\/#\/schema\/person\/9223810753230f20bd670fdd322661f8\"},\"description\":\"In occasione della visita del presidente del Vietnam Vo Van Thoung a Firenze la Toscana ha firmato un accordo con la provincia di Vin Phuc.\",\"breadcrumb\":{\"@id\":\"https:\/\/www.intoscana.it\/it\/intesa-toscana-vietnam\/#breadcrumb\"},\"inLanguage\":\"it-IT\",\"potentialAction\":[{\"@type\":\"ReadAction\",\"target\":[\"https:\/\/www.intoscana.it\/it\/intesa-toscana-vietnam\/\"]}]},{\"@type\":\"ImageObject\",\"inLanguage\":\"it-IT\",\"@id\":\"https:\/\/www.intoscana.it\/it\/intesa-toscana-vietnam\/#primaryimage\",\"url\":\"https:\/\/www.intoscana.it\/wp-content\/uploads\/PLR_9336.jpg\",\"contentUrl\":\"https:\/\/www.intoscana.it\/wp-content\/uploads\/PLR_9336.jpg\",\"width\":1200,\"height\":800,\"caption\":\"Il presidente del Vietnam Vo Van Thoung e il presidente della Toscana Eugenio Giani\"},{\"@type\":\"BreadcrumbList\",\"@id\":\"https:\/\/www.intoscana.it\/it\/intesa-toscana-vietnam\/#breadcrumb\",\"itemListElement\":[{\"@type\":\"ListItem\",\"position\":1,\"name\":\"Home\",\"item\":\"https:\/\/www.intoscana.it\/it\/\"},{\"@type\":\"ListItem\",\"position\":2,\"name\":\"Il presidente del Vietnam a Firenze: firmata un&#8217;intesa con la Regione\"}]},{\"@type\":\"WebSite\",\"@id\":\"https:\/\/www.intoscana.it\/it\/#website\",\"url\":\"https:\/\/www.intoscana.it\/it\/\",\"name\":\"intoscana\",\"description\":\"\",\"potentialAction\":[{\"@type\":\"SearchAction\",\"target\":{\"@type\":\"EntryPoint\",\"urlTemplate\":\"https:\/\/www.intoscana.it\/it\/?s={search_term_string}\"},\"query-input\":{\"@type\":\"PropertyValueSpecification\",\"valueRequired\":true,\"valueName\":\"search_term_string\"}}],\"inLanguage\":\"it-IT\"},{\"@type\":\"Person\",\"@id\":\"https:\/\/www.intoscana.it\/it\/#\/schema\/person\/9223810753230f20bd670fdd322661f8\",\"name\":\"Redazione\",\"url\":\"https:\/\/www.intoscana.it\/it\/author\/redazione\/\"}]}<\/script>\n<!-- \/ Yoast SEO Premium plugin. -->","yoast_head_json":{"title":"Il presidente del Vietnam a Firenze: firmata un'intesa con la Regione - intoscana","description":"In occasione della visita del presidente del Vietnam Vo Van Thoung a Firenze la Toscana ha firmato un accordo con la provincia di Vin Phuc.","robots":{"index":"index","follow":"follow","max-snippet":"max-snippet:-1","max-image-preview":"max-image-preview:large","max-video-preview":"max-video-preview:-1"},"canonical":"https:\/\/www.intoscana.it\/it\/intesa-toscana-vietnam\/","og_locale":"it_IT","og_type":"article","og_title":"Il presidente del Vietnam a Firenze: firmata un'intesa con la Regione","og_description":"In occasione della visita del presidente del Vietnam Vo Van Thoung a Firenze la Toscana ha firmato un accordo con la provincia di Vin Phuc.","og_url":"https:\/\/www.intoscana.it\/it\/intesa-toscana-vietnam\/","og_site_name":"intoscana","article_publisher":"https:\/\/www.facebook.com\/intoscana.it","article_published_time":"2023-07-28T13:00:01+00:00","article_modified_time":"2023-08-01T09:38:35+00:00","og_image":[{"width":1200,"height":800,"url":"https:\/\/www.intoscana.it\/wp-content\/uploads\/PLR_9336.jpg","type":"image\/jpeg"}],"author":"Redazione","twitter_card":"summary_large_image","twitter_creator":"@intoscana","twitter_site":"@intoscana","twitter_misc":{"Written by":"Redazione","Est. reading time":"3 minuti"},"schema":{"@context":"https:\/\/schema.org","@graph":[{"@type":"WebPage","@id":"https:\/\/www.intoscana.it\/it\/intesa-toscana-vietnam\/","url":"https:\/\/www.intoscana.it\/it\/intesa-toscana-vietnam\/","name":"Il presidente del Vietnam a Firenze: firmata un'intesa con la Regione - intoscana","isPartOf":{"@id":"https:\/\/www.intoscana.it\/it\/#website"},"primaryImageOfPage":{"@id":"https:\/\/www.intoscana.it\/it\/intesa-toscana-vietnam\/#primaryimage"},"image":{"@id":"https:\/\/www.intoscana.it\/it\/intesa-toscana-vietnam\/#primaryimage"},"thumbnailUrl":"https:\/\/www.intoscana.it\/wp-content\/uploads\/PLR_9336.jpg","datePublished":"2023-07-28T13:00:01+00:00","dateModified":"2023-08-01T09:38:35+00:00","author":{"@id":"https:\/\/www.intoscana.it\/it\/#\/schema\/person\/9223810753230f20bd670fdd322661f8"},"description":"In occasione della visita del presidente del Vietnam Vo Van Thoung a Firenze la Toscana ha firmato un accordo con la provincia di Vin Phuc.","breadcrumb":{"@id":"https:\/\/www.intoscana.it\/it\/intesa-toscana-vietnam\/#breadcrumb"},"inLanguage":"it-IT","potentialAction":[{"@type":"ReadAction","target":["https:\/\/www.intoscana.it\/it\/intesa-toscana-vietnam\/"]}]},{"@type":"ImageObject","inLanguage":"it-IT","@id":"https:\/\/www.intoscana.it\/it\/intesa-toscana-vietnam\/#primaryimage","url":"https:\/\/www.intoscana.it\/wp-content\/uploads\/PLR_9336.jpg","contentUrl":"https:\/\/www.intoscana.it\/wp-content\/uploads\/PLR_9336.jpg","width":1200,"height":800,"caption":"Il presidente del Vietnam Vo Van Thoung e il presidente della Toscana Eugenio Giani"},{"@type":"BreadcrumbList","@id":"https:\/\/www.intoscana.it\/it\/intesa-toscana-vietnam\/#breadcrumb","itemListElement":[{"@type":"ListItem","position":1,"name":"Home","item":"https:\/\/www.intoscana.it\/it\/"},{"@type":"ListItem","position":2,"name":"Il presidente del Vietnam a Firenze: firmata un&#8217;intesa con la Regione"}]},{"@type":"WebSite","@id":"https:\/\/www.intoscana.it\/it\/#website","url":"https:\/\/www.intoscana.it\/it\/","name":"intoscana","description":"","potentialAction":[{"@type":"SearchAction","target":{"@type":"EntryPoint","urlTemplate":"https:\/\/www.intoscana.it\/it\/?s={search_term_string}"},"query-input":{"@type":"PropertyValueSpecification","valueRequired":true,"valueName":"search_term_string"}}],"inLanguage":"it-IT"},{"@type":"Person","@id":"https:\/\/www.intoscana.it\/it\/#\/schema\/person\/9223810753230f20bd670fdd322661f8","name":"Redazione","url":"https:\/\/www.intoscana.it\/it\/author\/redazione\/"}]}},"_links":{"self":[{"href":"https:\/\/www.intoscana.it\/it\/wp-json\/wp\/v2\/posts\/297828","targetHints":{"allow":["GET"]}}],"collection":[{"href":"https:\/\/www.intoscana.it\/it\/wp-json\/wp\/v2\/posts"}],"about":[{"href":"https:\/\/www.intoscana.it\/it\/wp-json\/wp\/v2\/types\/post"}],"author":[{"embeddable":true,"href":"https:\/\/www.intoscana.it\/it\/wp-json\/wp\/v2\/users\/525"}],"replies":[{"embeddable":true,"href":"https:\/\/www.intoscana.it\/it\/wp-json\/wp\/v2\/comments?post=297828"}],"version-history":[{"count":0,"href":"https:\/\/www.intoscana.it\/it\/wp-json\/wp\/v2\/posts\/297828\/revisions"}],"wp:featuredmedia":[{"embeddable":true,"href":"https:\/\/www.intoscana.it\/it\/wp-json\/wp\/v2\/media\/297836"}],"wp:attachment":[{"href":"https:\/\/www.intoscana.it\/it\/wp-json\/wp\/v2\/media?parent=297828"}],"wp:term":[{"taxonomy":"category","embeddable":true,"href":"https:\/\/www.intoscana.it\/it\/wp-json\/wp\/v2\/categories?post=297828"},{"taxonomy":"post_tag","embeddable":true,"href":"https:\/\/www.intoscana.it\/it\/wp-json\/wp\/v2\/tags?post=297828"}],"curies":[{"name":"wp","href":"https:\/\/api.w.org\/{rel}","templated":true}]}}