{"id":297885,"date":"2023-07-29T15:20:57","date_gmt":"2023-07-29T13:20:57","guid":{"rendered":"https:\/\/www.intoscana.it\/it\/?p=297885"},"modified":"2023-08-01T11:03:11","modified_gmt":"2023-08-01T09:03:11","slug":"formazione-agribusiness-toscana","status":"publish","type":"post","link":"https:\/\/www.intoscana.it\/it\/formazione-agribusiness-toscana\/","title":{"rendered":"Agribusiness, fondi Fse+ per formare figure professionali altamente qualificate"},"content":{"rendered":"<p>L&#8217;obiettivo della <strong>Regione Toscana<\/strong> \u00e8 chiaro: sviluppare profili professionali altamente qualificati per la competitivit\u00e0 della filiera dell\u2019<strong>Agribusiness<\/strong>.\u00a0 Un intento sostenuto da<strong> 1,6 milioni di euro<\/strong> di risorse del <strong>Fondo Sociale Europeo<\/strong> (Fse+ 21\/27), che saranno destinate attraverso l&#8217;<strong><a href=\"https:\/\/www.regione.toscana.it\/pr-fse-2021-2027\/bandi-opportunit\u00e0\" target=\"_blank\" rel=\"noopener\">avviso pubblicato lo scorso 26 luglio,<\/a><\/strong> rivolto a partenariati composti da almeno un organismo formativo accreditato per questo ambito, come capofila, e un\u2019impresa del settore attiva in Toscana.<\/p>\n<p>Il partenariato potr\u00e0 essere, in via facoltativa, integrato da Istituti di istruzione superiore, Universit\u00e0, Centri provinciali per l&#8217;istruzione degli adulti (Cpia) e Fondazioni Its (Istituti tecnologici superiori).<\/p>\n<p><em>\u201cCon questo avviso vogliamo sviluppare un\u2019offerta formativa di qualit\u00e0, finalizzata all\u2019inserimento o al reinserimento lavorativo di persone disoccupate o inattive e utile a supportare le imprese del settore nel percorso di innovazione e sviluppo sostenibile\u201d<\/em>, spiega l\u2019assessora alla formazione e al lavoro <strong>Alessandra Nardini.<\/strong><\/p>\n<p><strong>Nardini<\/strong> ha ricordato che specifica attenzione sar\u00e0 rivolta anche <em>&#8220;alle figure professionali pi\u00f9 richieste dal mercato del lavoro nelle imprese di produzione, trasformazione e commercializzazione della filiera, cos\u00ec come nelle realt\u00e0 locali che si occupano dell\u2019allevamento animale ed in particolare di quello equino\u201d.<\/em><\/p>\n<p>Nell\u2019ambito dell\u2019avviso \u2013 promosso anche attraverso <strong>GiovaniS\u00ec<\/strong>, il progetto regionale per l\u2019autonomia dei giovani \u2013 \u00e8 prevista, infatti, una specifica riserva di<strong> 533mila euro<\/strong> per progetti che finanzino percorsi di formazione nell\u2019ambito dell\u2019allevamento equino. Le domande di partecipazione potranno essere presentate fino alle 13 del\u00a029 settembre 2023, attraverso il <a href=\"https:\/\/web.rete.toscana.it\/fse3\" target=\"_blank\" rel=\"noopener\">Sistema Informativo FSE<\/a> .<\/p>\n<p>La Regione spiega in una nota che, per ciascun progetto, della durata massima di 12 mesi, dovr\u00e0 essere proposto un unico percorso formativo, finalizzato al rilascio di una qualifica professionale di cui al Repertorio Regionale delle Figure Professionali, ad eccezione della Figura professionale del \u201cGiardiniere d&#8217;arte per giardini e parchi storici\u201d, per la quale la Regione ha attivato nei mesi scorsi un avviso specifico. Ogni percorso dovr\u00e0 essere destinato a 15 allievi\/e, che in fase di gestione potranno essere aumentati fino a 20, senza che ci\u00f2 comporti un maggior contributo.<\/p>\n<p>Rilasceranno una qualifica professionale compresa nel<strong> Repertorio Regionale delle Figure Professionali.<\/strong>\u00a0Tra le figure che possono essere presentate, a titolo esemplificativo, si citano quelle che riguardano l&#8217;agroindustria ma anche l&#8217;allevamento degli animali.<\/p>\n","protected":false},"excerpt":{"rendered":"<p>Avviso della Regione Toscana da 1.6 milioni di euro. Nardini: \u201cSviluppare un\u2019offerta formativa di qualit\u00e0, finalizzata all\u2019inserimento o al reinserimento lavorativo di persone disoccupate o inattive e utile a supportare le imprese del settore nel percorso di innovazione e sviluppo sostenibile\u201d<\/p>\n","protected":false},"author":525,"featured_media":235885,"comment_status":"open","ping_status":"open","sticky":false,"template":"","format":"standard","meta":{"_acf_changed":false,"footnotes":""},"categories":[475],"tags":[6640,363,282,361,244],"class_list":["post-297885","post","type-post","status-publish","format-standard","has-post-thumbnail","hentry","category-innovazione","tag-agribusiness","tag-agricoltura","tag-agroalimentare","tag-formazione","tag-giovanisi"],"acf":[],"yoast_head":"<!-- This site is optimized with the Yoast SEO Premium plugin v24.2 (Yoast SEO v25.6) - https:\/\/yoast.com\/wordpress\/plugins\/seo\/ -->\n<title>Agribusiness, fondi Fse+ per formare figure professionali altamente qualificate - intoscana<\/title>\n<meta name=\"description\" content=\"Avviso della Regione Toscana da 1.6 milioni di euro. L&#039;assessora regionale Nardini: \u201cSviluppare un\u2019offerta formativa di qualit\u00e0.\" \/>\n<meta name=\"robots\" content=\"index, follow, max-snippet:-1, max-image-preview:large, max-video-preview:-1\" \/>\n<link rel=\"canonical\" href=\"https:\/\/www.intoscana.it\/it\/formazione-agribusiness-toscana\/\" \/>\n<meta property=\"og:locale\" content=\"it_IT\" \/>\n<meta property=\"og:type\" content=\"article\" \/>\n<meta property=\"og:title\" content=\"Agribusiness, fondi Fse+ per formare figure professionali altamente qualificate\" \/>\n<meta property=\"og:description\" content=\"Avviso della Regione Toscana da 1.6 milioni di euro. L&#039;assessora regionale Nardini: \u201cSviluppare un\u2019offerta formativa di qualit\u00e0.\" \/>\n<meta property=\"og:url\" content=\"https:\/\/www.intoscana.it\/it\/formazione-agribusiness-toscana\/\" \/>\n<meta property=\"og:site_name\" content=\"intoscana\" \/>\n<meta property=\"article:publisher\" content=\"https:\/\/www.facebook.com\/intoscana.it\" \/>\n<meta property=\"article:published_time\" content=\"2023-07-29T13:20:57+00:00\" \/>\n<meta property=\"article:modified_time\" content=\"2023-08-01T09:03:11+00:00\" \/>\n<meta property=\"og:image\" content=\"https:\/\/www.intoscana.it\/wp-content\/uploads\/shutterstock_1982525951-scaled.jpg\" \/>\n\t<meta property=\"og:image:width\" content=\"2048\" \/>\n\t<meta property=\"og:image:height\" content=\"1473\" \/>\n\t<meta property=\"og:image:type\" content=\"image\/jpeg\" \/>\n<meta name=\"author\" content=\"Redazione\" \/>\n<meta name=\"twitter:card\" content=\"summary_large_image\" \/>\n<meta name=\"twitter:creator\" content=\"@intoscana\" \/>\n<meta name=\"twitter:site\" content=\"@intoscana\" \/>\n<meta name=\"twitter:label1\" content=\"Written by\" \/>\n\t<meta name=\"twitter:data1\" content=\"Redazione\" \/>\n\t<meta name=\"twitter:label2\" content=\"Est. reading time\" \/>\n\t<meta name=\"twitter:data2\" content=\"2 minuti\" \/>\n<script type=\"application\/ld+json\" class=\"yoast-schema-graph\">{\"@context\":\"https:\/\/schema.org\",\"@graph\":[{\"@type\":\"WebPage\",\"@id\":\"https:\/\/www.intoscana.it\/it\/formazione-agribusiness-toscana\/\",\"url\":\"https:\/\/www.intoscana.it\/it\/formazione-agribusiness-toscana\/\",\"name\":\"Agribusiness, fondi Fse+ per formare figure professionali altamente qualificate - intoscana\",\"isPartOf\":{\"@id\":\"https:\/\/www.intoscana.it\/it\/#website\"},\"primaryImageOfPage\":{\"@id\":\"https:\/\/www.intoscana.it\/it\/formazione-agribusiness-toscana\/#primaryimage\"},\"image\":{\"@id\":\"https:\/\/www.intoscana.it\/it\/formazione-agribusiness-toscana\/#primaryimage\"},\"thumbnailUrl\":\"https:\/\/www.intoscana.it\/wp-content\/uploads\/shutterstock_1982525951-scaled.jpg\",\"datePublished\":\"2023-07-29T13:20:57+00:00\",\"dateModified\":\"2023-08-01T09:03:11+00:00\",\"author\":{\"@id\":\"https:\/\/www.intoscana.it\/it\/#\/schema\/person\/9223810753230f20bd670fdd322661f8\"},\"description\":\"Avviso della Regione Toscana da 1.6 milioni di euro. L'assessora regionale Nardini: \u201cSviluppare un\u2019offerta formativa di qualit\u00e0.\",\"breadcrumb\":{\"@id\":\"https:\/\/www.intoscana.it\/it\/formazione-agribusiness-toscana\/#breadcrumb\"},\"inLanguage\":\"it-IT\",\"potentialAction\":[{\"@type\":\"ReadAction\",\"target\":[\"https:\/\/www.intoscana.it\/it\/formazione-agribusiness-toscana\/\"]}]},{\"@type\":\"ImageObject\",\"inLanguage\":\"it-IT\",\"@id\":\"https:\/\/www.intoscana.it\/it\/formazione-agribusiness-toscana\/#primaryimage\",\"url\":\"https:\/\/www.intoscana.it\/wp-content\/uploads\/shutterstock_1982525951-scaled.jpg\",\"contentUrl\":\"https:\/\/www.intoscana.it\/wp-content\/uploads\/shutterstock_1982525951-scaled.jpg\",\"width\":2048,\"height\":1473},{\"@type\":\"BreadcrumbList\",\"@id\":\"https:\/\/www.intoscana.it\/it\/formazione-agribusiness-toscana\/#breadcrumb\",\"itemListElement\":[{\"@type\":\"ListItem\",\"position\":1,\"name\":\"Home\",\"item\":\"https:\/\/www.intoscana.it\/it\/\"},{\"@type\":\"ListItem\",\"position\":2,\"name\":\"Agribusiness, fondi Fse+ per formare figure professionali altamente qualificate\"}]},{\"@type\":\"WebSite\",\"@id\":\"https:\/\/www.intoscana.it\/it\/#website\",\"url\":\"https:\/\/www.intoscana.it\/it\/\",\"name\":\"intoscana\",\"description\":\"\",\"potentialAction\":[{\"@type\":\"SearchAction\",\"target\":{\"@type\":\"EntryPoint\",\"urlTemplate\":\"https:\/\/www.intoscana.it\/it\/?s={search_term_string}\"},\"query-input\":{\"@type\":\"PropertyValueSpecification\",\"valueRequired\":true,\"valueName\":\"search_term_string\"}}],\"inLanguage\":\"it-IT\"},{\"@type\":\"Person\",\"@id\":\"https:\/\/www.intoscana.it\/it\/#\/schema\/person\/9223810753230f20bd670fdd322661f8\",\"name\":\"Redazione\",\"url\":\"https:\/\/www.intoscana.it\/it\/author\/redazione\/\"}]}<\/script>\n<!-- \/ Yoast SEO Premium plugin. -->","yoast_head_json":{"title":"Agribusiness, fondi Fse+ per formare figure professionali altamente qualificate - intoscana","description":"Avviso della Regione Toscana da 1.6 milioni di euro. L'assessora regionale Nardini: \u201cSviluppare un\u2019offerta formativa di qualit\u00e0.","robots":{"index":"index","follow":"follow","max-snippet":"max-snippet:-1","max-image-preview":"max-image-preview:large","max-video-preview":"max-video-preview:-1"},"canonical":"https:\/\/www.intoscana.it\/it\/formazione-agribusiness-toscana\/","og_locale":"it_IT","og_type":"article","og_title":"Agribusiness, fondi Fse+ per formare figure professionali altamente qualificate","og_description":"Avviso della Regione Toscana da 1.6 milioni di euro. L'assessora regionale Nardini: \u201cSviluppare un\u2019offerta formativa di qualit\u00e0.","og_url":"https:\/\/www.intoscana.it\/it\/formazione-agribusiness-toscana\/","og_site_name":"intoscana","article_publisher":"https:\/\/www.facebook.com\/intoscana.it","article_published_time":"2023-07-29T13:20:57+00:00","article_modified_time":"2023-08-01T09:03:11+00:00","og_image":[{"width":2048,"height":1473,"url":"https:\/\/www.intoscana.it\/wp-content\/uploads\/shutterstock_1982525951-scaled.jpg","type":"image\/jpeg"}],"author":"Redazione","twitter_card":"summary_large_image","twitter_creator":"@intoscana","twitter_site":"@intoscana","twitter_misc":{"Written by":"Redazione","Est. reading time":"2 minuti"},"schema":{"@context":"https:\/\/schema.org","@graph":[{"@type":"WebPage","@id":"https:\/\/www.intoscana.it\/it\/formazione-agribusiness-toscana\/","url":"https:\/\/www.intoscana.it\/it\/formazione-agribusiness-toscana\/","name":"Agribusiness, fondi Fse+ per formare figure professionali altamente qualificate - intoscana","isPartOf":{"@id":"https:\/\/www.intoscana.it\/it\/#website"},"primaryImageOfPage":{"@id":"https:\/\/www.intoscana.it\/it\/formazione-agribusiness-toscana\/#primaryimage"},"image":{"@id":"https:\/\/www.intoscana.it\/it\/formazione-agribusiness-toscana\/#primaryimage"},"thumbnailUrl":"https:\/\/www.intoscana.it\/wp-content\/uploads\/shutterstock_1982525951-scaled.jpg","datePublished":"2023-07-29T13:20:57+00:00","dateModified":"2023-08-01T09:03:11+00:00","author":{"@id":"https:\/\/www.intoscana.it\/it\/#\/schema\/person\/9223810753230f20bd670fdd322661f8"},"description":"Avviso della Regione Toscana da 1.6 milioni di euro. L'assessora regionale Nardini: \u201cSviluppare un\u2019offerta formativa di qualit\u00e0.","breadcrumb":{"@id":"https:\/\/www.intoscana.it\/it\/formazione-agribusiness-toscana\/#breadcrumb"},"inLanguage":"it-IT","potentialAction":[{"@type":"ReadAction","target":["https:\/\/www.intoscana.it\/it\/formazione-agribusiness-toscana\/"]}]},{"@type":"ImageObject","inLanguage":"it-IT","@id":"https:\/\/www.intoscana.it\/it\/formazione-agribusiness-toscana\/#primaryimage","url":"https:\/\/www.intoscana.it\/wp-content\/uploads\/shutterstock_1982525951-scaled.jpg","contentUrl":"https:\/\/www.intoscana.it\/wp-content\/uploads\/shutterstock_1982525951-scaled.jpg","width":2048,"height":1473},{"@type":"BreadcrumbList","@id":"https:\/\/www.intoscana.it\/it\/formazione-agribusiness-toscana\/#breadcrumb","itemListElement":[{"@type":"ListItem","position":1,"name":"Home","item":"https:\/\/www.intoscana.it\/it\/"},{"@type":"ListItem","position":2,"name":"Agribusiness, fondi Fse+ per formare figure professionali altamente qualificate"}]},{"@type":"WebSite","@id":"https:\/\/www.intoscana.it\/it\/#website","url":"https:\/\/www.intoscana.it\/it\/","name":"intoscana","description":"","potentialAction":[{"@type":"SearchAction","target":{"@type":"EntryPoint","urlTemplate":"https:\/\/www.intoscana.it\/it\/?s={search_term_string}"},"query-input":{"@type":"PropertyValueSpecification","valueRequired":true,"valueName":"search_term_string"}}],"inLanguage":"it-IT"},{"@type":"Person","@id":"https:\/\/www.intoscana.it\/it\/#\/schema\/person\/9223810753230f20bd670fdd322661f8","name":"Redazione","url":"https:\/\/www.intoscana.it\/it\/author\/redazione\/"}]}},"_links":{"self":[{"href":"https:\/\/www.intoscana.it\/it\/wp-json\/wp\/v2\/posts\/297885","targetHints":{"allow":["GET"]}}],"collection":[{"href":"https:\/\/www.intoscana.it\/it\/wp-json\/wp\/v2\/posts"}],"about":[{"href":"https:\/\/www.intoscana.it\/it\/wp-json\/wp\/v2\/types\/post"}],"author":[{"embeddable":true,"href":"https:\/\/www.intoscana.it\/it\/wp-json\/wp\/v2\/users\/525"}],"replies":[{"embeddable":true,"href":"https:\/\/www.intoscana.it\/it\/wp-json\/wp\/v2\/comments?post=297885"}],"version-history":[{"count":0,"href":"https:\/\/www.intoscana.it\/it\/wp-json\/wp\/v2\/posts\/297885\/revisions"}],"wp:featuredmedia":[{"embeddable":true,"href":"https:\/\/www.intoscana.it\/it\/wp-json\/wp\/v2\/media\/235885"}],"wp:attachment":[{"href":"https:\/\/www.intoscana.it\/it\/wp-json\/wp\/v2\/media?parent=297885"}],"wp:term":[{"taxonomy":"category","embeddable":true,"href":"https:\/\/www.intoscana.it\/it\/wp-json\/wp\/v2\/categories?post=297885"},{"taxonomy":"post_tag","embeddable":true,"href":"https:\/\/www.intoscana.it\/it\/wp-json\/wp\/v2\/tags?post=297885"}],"curies":[{"name":"wp","href":"https:\/\/api.w.org\/{rel}","templated":true}]}}