{"id":297889,"date":"2023-07-29T15:14:15","date_gmt":"2023-07-29T13:14:15","guid":{"rendered":"https:\/\/www.intoscana.it\/it\/?p=297889"},"modified":"2023-07-29T16:04:58","modified_gmt":"2023-07-29T14:04:58","slug":"giornalisti-morto-massimo-lucchesi","status":"publish","type":"post","link":"https:\/\/www.intoscana.it\/it\/giornalisti-morto-massimo-lucchesi\/","title":{"rendered":"Giornalisti, addio a Massimo Lucchesi"},"content":{"rendered":"<p>Avrebbe compiuto 71 anni il prossimo 6 agosto, l&#8217;ex caporedattore del Tgr Rai Toscana <strong>Massimo Lucchesi,<\/strong> deceduto a Firenze. A darne notizia, ricordandone le doti &#8220;umane e professionali&#8221;, \u00e8 stato lo stesso Ordine dei Giornalisti, in una nota nella quale <strong>Giampaolo Marchini,<\/strong> presidente dell&#8217;Odg Toscana e <strong>Carlo Bartoli<\/strong>, presidente Odg nazionale si sono stretti <em>&#8220;in un grande abbraccio alla famiglia&#8221;<\/em>.<\/p>\n<p><em>&#8220;Molto ampio il suo spettro di interessi<\/em> &#8211; ricorda l&#8217;Odg -: <em>dall&#8217;enogastronomia alla politica, passando per i temi ecclesiali e religiosi. Prima di approdare alla Rai aveva lavorato per l&#8217;Osservatore Romano. Per quattro mandati, dal 2001 al 2010, ha guidato come presidente l&#8217;Ordine dei giornalisti della Toscana&#8221;. <\/em><\/p>\n<p>Un messaggio di cordoglio \u00e8 stato espresso anche dal presidente della Regione Toscana <strong>Eugenio Giani<\/strong>.\u00a0 <em>\u201cCon Massimo Lucchesi se ne va un signore vero della penna e si chiude un\u2019altra pagina del giornalismo elegante della Toscana\u201d<\/em>, ha detto il governatore, commentando &#8211; addolorato &#8211; la notizia della scomparsa.<\/p>\n<p><em>\u201cGrande umanit\u00e0 e grande professionalit\u00e0<\/em> \u2013 ha continuato Giani \u2013 <em>sempre misurato, ho ancora negli occhi i suoi servizi appassionati su una delle materie che padroneggiava, l\u2019enogastronomia, cos\u00ec come la lucidit\u00e0 dei suoi interventi in cui esprimeva al meglio le proprie doti di commentatore, sulla politica cos\u00ec come sui temi ecclesiali e religiosi&#8221;.\u00a0<\/em><\/p>\n<p><em>&#8220;La Toscana perde una voce libera, competente, rispettosa e cordiale<\/em>, ha detto il presidente del Consiglio Regionale<strong> Antonio Mazzeo<\/strong> .<em> Ho avuto modo di conoscerlo e incontrarlo pi\u00f9 volte apprezzandone le grandi doti umane e professionali. Ci ha accompagnato per anni nel racconto della nostra splendida regione. Mancher\u00e0 quel suo essere sempre garbato&#8221;.<\/em><\/p>\n<p>Anche l&#8217;Associazione stampa Toscana con il presidente <strong>Sandro Bennucci<\/strong> e tutti gli organismi dirigenti si stringono alla moglie, &#8220;<em>la cara collega Tiziana Missigoi&#8221;<\/em>. Ast ricorda che Lucchesi <em>&#8220;era un appassionato della professione e di studi teologici. Ci mancheranno i suoi interventi e le sue lucide intuizioni&#8221;.<\/em><\/p>\n<p>I funerali si terranno l&#8217;1 agosto, alle 16, nella chiesa della Santissima Annunziata a Firenze.<\/p>\n<p>&nbsp;<\/p>\n","protected":false},"excerpt":{"rendered":"<p>Messaggio di cordoglio del presidente Giani: <b>&#8220;<\/b>S<em>e ne va un signore vero della penna e si chiude un\u2019altra pagina del giornalismo elegante della Toscana\u201d<\/em><\/p>\n","protected":false},"author":525,"featured_media":297891,"comment_status":"open","ping_status":"open","sticky":false,"template":"","format":"standard","meta":{"_acf_changed":false,"footnotes":""},"categories":[494],"tags":[6641],"class_list":["post-297889","post","type-post","status-publish","format-standard","has-post-thumbnail","hentry","category-attualita","tag-giornalisti"],"acf":[],"yoast_head":"<!-- This site is optimized with the Yoast SEO Premium plugin v24.2 (Yoast SEO v25.6) - https:\/\/yoast.com\/wordpress\/plugins\/seo\/ -->\n<title>Giornalisti, addio a Massimo Lucchesi - intoscana<\/title>\n<meta name=\"description\" content=\"Deceduto oggi, all&#039;et\u00e0 di 71 anni, l&#039;ex vicecaporedattore del Tgr Toscana. Giani: &quot;Se ne va un signore vero della penna&quot;.\" \/>\n<meta name=\"robots\" content=\"index, follow, max-snippet:-1, max-image-preview:large, max-video-preview:-1\" \/>\n<link rel=\"canonical\" href=\"https:\/\/www.intoscana.it\/it\/giornalisti-morto-massimo-lucchesi\/\" \/>\n<meta property=\"og:locale\" content=\"it_IT\" \/>\n<meta property=\"og:type\" content=\"article\" \/>\n<meta property=\"og:title\" content=\"Giornalisti, addio a Massimo Lucchesi\" \/>\n<meta property=\"og:description\" content=\"Deceduto oggi, all&#039;et\u00e0 di 71 anni, l&#039;ex vicecaporedattore del Tgr Toscana. Giani: &quot;Se ne va un signore vero della penna&quot;.\" \/>\n<meta property=\"og:url\" content=\"https:\/\/www.intoscana.it\/it\/giornalisti-morto-massimo-lucchesi\/\" \/>\n<meta property=\"og:site_name\" content=\"intoscana\" \/>\n<meta property=\"article:publisher\" content=\"https:\/\/www.facebook.com\/intoscana.it\" \/>\n<meta property=\"article:published_time\" content=\"2023-07-29T13:14:15+00:00\" \/>\n<meta property=\"article:modified_time\" content=\"2023-07-29T14:04:58+00:00\" \/>\n<meta property=\"og:image\" content=\"https:\/\/www.intoscana.it\/wp-content\/uploads\/massimo-lucchesi.jpeg\" \/>\n\t<meta property=\"og:image:width\" content=\"1280\" \/>\n\t<meta property=\"og:image:height\" content=\"640\" \/>\n\t<meta property=\"og:image:type\" content=\"image\/jpeg\" \/>\n<meta name=\"author\" content=\"Redazione\" \/>\n<meta name=\"twitter:card\" content=\"summary_large_image\" \/>\n<meta name=\"twitter:creator\" content=\"@intoscana\" \/>\n<meta name=\"twitter:site\" content=\"@intoscana\" \/>\n<meta name=\"twitter:label1\" content=\"Written by\" \/>\n\t<meta name=\"twitter:data1\" content=\"Redazione\" \/>\n\t<meta name=\"twitter:label2\" content=\"Est. reading time\" \/>\n\t<meta name=\"twitter:data2\" content=\"2 minuti\" \/>\n<script type=\"application\/ld+json\" class=\"yoast-schema-graph\">{\"@context\":\"https:\/\/schema.org\",\"@graph\":[{\"@type\":\"WebPage\",\"@id\":\"https:\/\/www.intoscana.it\/it\/giornalisti-morto-massimo-lucchesi\/\",\"url\":\"https:\/\/www.intoscana.it\/it\/giornalisti-morto-massimo-lucchesi\/\",\"name\":\"Giornalisti, addio a Massimo Lucchesi - intoscana\",\"isPartOf\":{\"@id\":\"https:\/\/www.intoscana.it\/it\/#website\"},\"primaryImageOfPage\":{\"@id\":\"https:\/\/www.intoscana.it\/it\/giornalisti-morto-massimo-lucchesi\/#primaryimage\"},\"image\":{\"@id\":\"https:\/\/www.intoscana.it\/it\/giornalisti-morto-massimo-lucchesi\/#primaryimage\"},\"thumbnailUrl\":\"https:\/\/www.intoscana.it\/wp-content\/uploads\/massimo-lucchesi.jpeg\",\"datePublished\":\"2023-07-29T13:14:15+00:00\",\"dateModified\":\"2023-07-29T14:04:58+00:00\",\"author\":{\"@id\":\"https:\/\/www.intoscana.it\/it\/#\/schema\/person\/9223810753230f20bd670fdd322661f8\"},\"description\":\"Deceduto oggi, all'et\u00e0 di 71 anni, l'ex vicecaporedattore del Tgr Toscana. Giani: \\\"Se ne va un signore vero della penna\\\".\",\"breadcrumb\":{\"@id\":\"https:\/\/www.intoscana.it\/it\/giornalisti-morto-massimo-lucchesi\/#breadcrumb\"},\"inLanguage\":\"it-IT\",\"potentialAction\":[{\"@type\":\"ReadAction\",\"target\":[\"https:\/\/www.intoscana.it\/it\/giornalisti-morto-massimo-lucchesi\/\"]}]},{\"@type\":\"ImageObject\",\"inLanguage\":\"it-IT\",\"@id\":\"https:\/\/www.intoscana.it\/it\/giornalisti-morto-massimo-lucchesi\/#primaryimage\",\"url\":\"https:\/\/www.intoscana.it\/wp-content\/uploads\/massimo-lucchesi.jpeg\",\"contentUrl\":\"https:\/\/www.intoscana.it\/wp-content\/uploads\/massimo-lucchesi.jpeg\",\"width\":1280,\"height\":640},{\"@type\":\"BreadcrumbList\",\"@id\":\"https:\/\/www.intoscana.it\/it\/giornalisti-morto-massimo-lucchesi\/#breadcrumb\",\"itemListElement\":[{\"@type\":\"ListItem\",\"position\":1,\"name\":\"Home\",\"item\":\"https:\/\/www.intoscana.it\/it\/\"},{\"@type\":\"ListItem\",\"position\":2,\"name\":\"Giornalisti, addio a Massimo Lucchesi\"}]},{\"@type\":\"WebSite\",\"@id\":\"https:\/\/www.intoscana.it\/it\/#website\",\"url\":\"https:\/\/www.intoscana.it\/it\/\",\"name\":\"intoscana\",\"description\":\"\",\"potentialAction\":[{\"@type\":\"SearchAction\",\"target\":{\"@type\":\"EntryPoint\",\"urlTemplate\":\"https:\/\/www.intoscana.it\/it\/?s={search_term_string}\"},\"query-input\":{\"@type\":\"PropertyValueSpecification\",\"valueRequired\":true,\"valueName\":\"search_term_string\"}}],\"inLanguage\":\"it-IT\"},{\"@type\":\"Person\",\"@id\":\"https:\/\/www.intoscana.it\/it\/#\/schema\/person\/9223810753230f20bd670fdd322661f8\",\"name\":\"Redazione\",\"url\":\"https:\/\/www.intoscana.it\/it\/author\/redazione\/\"}]}<\/script>\n<!-- \/ Yoast SEO Premium plugin. -->","yoast_head_json":{"title":"Giornalisti, addio a Massimo Lucchesi - intoscana","description":"Deceduto oggi, all'et\u00e0 di 71 anni, l'ex vicecaporedattore del Tgr Toscana. Giani: \"Se ne va un signore vero della penna\".","robots":{"index":"index","follow":"follow","max-snippet":"max-snippet:-1","max-image-preview":"max-image-preview:large","max-video-preview":"max-video-preview:-1"},"canonical":"https:\/\/www.intoscana.it\/it\/giornalisti-morto-massimo-lucchesi\/","og_locale":"it_IT","og_type":"article","og_title":"Giornalisti, addio a Massimo Lucchesi","og_description":"Deceduto oggi, all'et\u00e0 di 71 anni, l'ex vicecaporedattore del Tgr Toscana. Giani: \"Se ne va un signore vero della penna\".","og_url":"https:\/\/www.intoscana.it\/it\/giornalisti-morto-massimo-lucchesi\/","og_site_name":"intoscana","article_publisher":"https:\/\/www.facebook.com\/intoscana.it","article_published_time":"2023-07-29T13:14:15+00:00","article_modified_time":"2023-07-29T14:04:58+00:00","og_image":[{"width":1280,"height":640,"url":"https:\/\/www.intoscana.it\/wp-content\/uploads\/massimo-lucchesi.jpeg","type":"image\/jpeg"}],"author":"Redazione","twitter_card":"summary_large_image","twitter_creator":"@intoscana","twitter_site":"@intoscana","twitter_misc":{"Written by":"Redazione","Est. reading time":"2 minuti"},"schema":{"@context":"https:\/\/schema.org","@graph":[{"@type":"WebPage","@id":"https:\/\/www.intoscana.it\/it\/giornalisti-morto-massimo-lucchesi\/","url":"https:\/\/www.intoscana.it\/it\/giornalisti-morto-massimo-lucchesi\/","name":"Giornalisti, addio a Massimo Lucchesi - intoscana","isPartOf":{"@id":"https:\/\/www.intoscana.it\/it\/#website"},"primaryImageOfPage":{"@id":"https:\/\/www.intoscana.it\/it\/giornalisti-morto-massimo-lucchesi\/#primaryimage"},"image":{"@id":"https:\/\/www.intoscana.it\/it\/giornalisti-morto-massimo-lucchesi\/#primaryimage"},"thumbnailUrl":"https:\/\/www.intoscana.it\/wp-content\/uploads\/massimo-lucchesi.jpeg","datePublished":"2023-07-29T13:14:15+00:00","dateModified":"2023-07-29T14:04:58+00:00","author":{"@id":"https:\/\/www.intoscana.it\/it\/#\/schema\/person\/9223810753230f20bd670fdd322661f8"},"description":"Deceduto oggi, all'et\u00e0 di 71 anni, l'ex vicecaporedattore del Tgr Toscana. Giani: \"Se ne va un signore vero della penna\".","breadcrumb":{"@id":"https:\/\/www.intoscana.it\/it\/giornalisti-morto-massimo-lucchesi\/#breadcrumb"},"inLanguage":"it-IT","potentialAction":[{"@type":"ReadAction","target":["https:\/\/www.intoscana.it\/it\/giornalisti-morto-massimo-lucchesi\/"]}]},{"@type":"ImageObject","inLanguage":"it-IT","@id":"https:\/\/www.intoscana.it\/it\/giornalisti-morto-massimo-lucchesi\/#primaryimage","url":"https:\/\/www.intoscana.it\/wp-content\/uploads\/massimo-lucchesi.jpeg","contentUrl":"https:\/\/www.intoscana.it\/wp-content\/uploads\/massimo-lucchesi.jpeg","width":1280,"height":640},{"@type":"BreadcrumbList","@id":"https:\/\/www.intoscana.it\/it\/giornalisti-morto-massimo-lucchesi\/#breadcrumb","itemListElement":[{"@type":"ListItem","position":1,"name":"Home","item":"https:\/\/www.intoscana.it\/it\/"},{"@type":"ListItem","position":2,"name":"Giornalisti, addio a Massimo Lucchesi"}]},{"@type":"WebSite","@id":"https:\/\/www.intoscana.it\/it\/#website","url":"https:\/\/www.intoscana.it\/it\/","name":"intoscana","description":"","potentialAction":[{"@type":"SearchAction","target":{"@type":"EntryPoint","urlTemplate":"https:\/\/www.intoscana.it\/it\/?s={search_term_string}"},"query-input":{"@type":"PropertyValueSpecification","valueRequired":true,"valueName":"search_term_string"}}],"inLanguage":"it-IT"},{"@type":"Person","@id":"https:\/\/www.intoscana.it\/it\/#\/schema\/person\/9223810753230f20bd670fdd322661f8","name":"Redazione","url":"https:\/\/www.intoscana.it\/it\/author\/redazione\/"}]}},"_links":{"self":[{"href":"https:\/\/www.intoscana.it\/it\/wp-json\/wp\/v2\/posts\/297889","targetHints":{"allow":["GET"]}}],"collection":[{"href":"https:\/\/www.intoscana.it\/it\/wp-json\/wp\/v2\/posts"}],"about":[{"href":"https:\/\/www.intoscana.it\/it\/wp-json\/wp\/v2\/types\/post"}],"author":[{"embeddable":true,"href":"https:\/\/www.intoscana.it\/it\/wp-json\/wp\/v2\/users\/525"}],"replies":[{"embeddable":true,"href":"https:\/\/www.intoscana.it\/it\/wp-json\/wp\/v2\/comments?post=297889"}],"version-history":[{"count":0,"href":"https:\/\/www.intoscana.it\/it\/wp-json\/wp\/v2\/posts\/297889\/revisions"}],"wp:featuredmedia":[{"embeddable":true,"href":"https:\/\/www.intoscana.it\/it\/wp-json\/wp\/v2\/media\/297891"}],"wp:attachment":[{"href":"https:\/\/www.intoscana.it\/it\/wp-json\/wp\/v2\/media?parent=297889"}],"wp:term":[{"taxonomy":"category","embeddable":true,"href":"https:\/\/www.intoscana.it\/it\/wp-json\/wp\/v2\/categories?post=297889"},{"taxonomy":"post_tag","embeddable":true,"href":"https:\/\/www.intoscana.it\/it\/wp-json\/wp\/v2\/tags?post=297889"}],"curies":[{"name":"wp","href":"https:\/\/api.w.org\/{rel}","templated":true}]}}