{"id":298078,"date":"2023-07-31T14:25:20","date_gmt":"2023-07-31T12:25:20","guid":{"rendered":"https:\/\/www.intoscana.it\/it\/?p=298078"},"modified":"2023-07-31T14:25:20","modified_gmt":"2023-07-31T12:25:20","slug":"da-ismene-ai-depeche-mode-la-fine-delloccidente-secondo-cauteruccio","status":"publish","type":"post","link":"https:\/\/www.intoscana.it\/it\/da-ismene-ai-depeche-mode-la-fine-delloccidente-secondo-cauteruccio\/","title":{"rendered":"Da Ismene ai Depeche Mode, la fine dell&#8217;Occidente secondo Cauteruccio"},"content":{"rendered":"<p>La decadenza dell&#8217;Occidente secondo <strong>Ismene<\/strong>: gi\u00e0 dal dramma familiare per eccellenza della tragedia classica, <strong>Edipo<\/strong>, parte una lunga riflessione sulla contemporaneit\u00e0. Con un sottofondo sonoro di sintetizzatori e chitarre rock e la musica di <strong>Depeche Mode<\/strong> e Giovanni Lindo Ferretti.<\/p>\n<p>La compagnia <strong>Fulvio e Flavia <span class=\"il\">Cauteruccio<\/span><\/strong> luned\u00ec 31 luglio 2023 alle 21 porta in prima nazionale &#8220;<em>Family affairs<\/em>&#8221; al Pomario del <strong>Castello dell\u2019Acciaiolo<\/strong> di Scandicci (via Pantin, 63) nell\u2019ambito del programma &#8220;<em>Open City Scandicci Estate 2023<\/em>&#8220;. Lo spettacolo viene replicato al <strong>Mad\/ Murate Art District<\/strong> di Firenze nelle date 1, 2 e 3 agosto alle ore 21, nell\u2019ambito dell\u2019Estate Fiorentina 2023 del Comune di Firenze.<\/p>\n<h3>Ismene, sorella muta di Antigone<\/h3>\n<p><strong>Flavia Pezzo<\/strong> \u00e8 Ismene nel monologo &#8220;<em>Family affairs<\/em>&#8220;, scritto a quattro mani con <strong>Fulvio <span class=\"il\">Cauteruccio<\/span><\/strong>. Singolare la scelta del regista di affidare proprio alla giovane che nel testo di <strong>Sofocle<\/strong> appare come <strong>personaggio muto<\/strong> il compito di raccontare il tracollo di un mondo.<\/p>\n<p>\u201c<em>Il testo parte dal mito greco e arriva alle viscere della contemporaneit\u00e0, laddove la paura \u00e8 padrona delle anime, la guerra divora le vite, la civilt\u00e0 decade, l\u2019Occidente implode su s\u00e9 stesso e l\u2019individuo, su cui sembra incombere un ineluttabile destino, resta silente, privato lentamente della sua libert\u00e0, della sua volont\u00e0<\/em> -sottolineano gli attori- <em>Qual \u00e8 il miglior territorio in cui sviscerare questi temi? La famiglia di Edipo e Giocasta descritta da Sofocle, che somiglia ineluttabilmente alle nostre famiglie, per dirla con la protagonista \u2018la mia famiglia sterminata\u2019<\/em>\u201d.<\/p>\n<figure id=\"post-298079 media-298079\" class=\"align-none\"><img decoding=\"async\" src=\"https:\/\/www.intoscana.it\/wp-content\/uploads\/Fulvio-Cauteruccio.jpg\" alt=\"\" \/><\/figure>\n<div class=\"titleimg\">Fulvio Cauteruccio<\/div>\n<h3>La rilettura di Fulvio Cauteruccio<\/h3>\n<p>La regia di <strong>Fulvio <span class=\"il\">Cauteruccio<\/span><\/strong> colloca Ismene in un paesaggio di rovine, metafora della nostra condizione odierna. La figlia di <strong>Edipo e Giocasta<\/strong> viene trasfigurata in un personaggio definito <strong>iconoclasta<\/strong>. A lei \u00e8 affidato il compito di racconta la sua storia familiare per arrivare fino alla decadenza di una intera epoca.<\/p>\n<p>\u201c<em>La sorella dell\u2019eroina Antigone e dimenticata figlia del celebre Edipo, rimasta ai margini della notoriet\u00e0 della famiglia, oscurata dai fratelli, qui denuncia uno ad uno i familiari ed il contesto in cui si \u00e8 determinato il disastro in cui ella stessa si ritrova, rivendicando la personale libert\u00e0 di decidere del proprio destino<\/em> -puntualizza Cauteruccio-. <em>L\u2019incomunicabilit\u00e0 che cresce e finisce per divorare come un cancro, l\u2019illusione del potere, il timore di se stessi, dei propri limiti, delle proprie emozioni, la paura, il rancore, l\u2019amore rinnegato o respinto, il rimpianto, la tentazione della rinuncia, della resa, la scelta di andare avanti mettendosi al primo posto, questi sono gli elementi presenti nella drammaturgia originale su cui si fonda lo spettacolo<\/em>\u201d.<\/p>\n","protected":false},"excerpt":{"rendered":"<p>Alla sorella muta di Antigone il compito di raccontare dal mito greco alle viscere della contemporaneit\u00e0: prima nazionale luned\u00ec 31 luglio a Scandicci<\/p>\n","protected":false},"author":554,"featured_media":298089,"comment_status":"open","ping_status":"open","sticky":false,"template":"","format":"standard","meta":{"_acf_changed":false,"footnotes":""},"categories":[493],"tags":[202,401,236],"class_list":["post-298078","post","type-post","status-publish","format-standard","has-post-thumbnail","hentry","category-cultura","tag-firenze","tag-scandicci","tag-teatro"],"acf":[],"yoast_head":"<!-- This site is optimized with the Yoast SEO Premium plugin v24.2 (Yoast SEO v25.6) - https:\/\/yoast.com\/wordpress\/plugins\/seo\/ -->\n<title>Da Ismene ai Depeche Mode, la fine dell&#039;Occidente per Cauteruccio - intoscana<\/title>\n<meta name=\"description\" content=\"La sorella muta di Antigone passa dal mito greco alle viscere della contemporaneit\u00e0: prima nazionale luned\u00ec 31 luglio a Scandicci\" \/>\n<meta name=\"robots\" content=\"index, follow, max-snippet:-1, max-image-preview:large, max-video-preview:-1\" \/>\n<link rel=\"canonical\" href=\"https:\/\/www.intoscana.it\/it\/da-ismene-ai-depeche-mode-la-fine-delloccidente-secondo-cauteruccio\/\" \/>\n<meta property=\"og:locale\" content=\"it_IT\" \/>\n<meta property=\"og:type\" content=\"article\" \/>\n<meta property=\"og:title\" content=\"Da Ismene ai Depeche Mode, la fine dell&#039;Occidente secondo Cauteruccio\" \/>\n<meta property=\"og:description\" content=\"La sorella muta di Antigone passa dal mito greco alle viscere della contemporaneit\u00e0: prima nazionale luned\u00ec 31 luglio a Scandicci\" \/>\n<meta property=\"og:url\" content=\"https:\/\/www.intoscana.it\/it\/da-ismene-ai-depeche-mode-la-fine-delloccidente-secondo-cauteruccio\/\" \/>\n<meta property=\"og:site_name\" content=\"intoscana\" \/>\n<meta property=\"article:publisher\" content=\"https:\/\/www.facebook.com\/intoscana.it\" \/>\n<meta property=\"article:published_time\" content=\"2023-07-31T12:25:20+00:00\" \/>\n<meta property=\"og:image\" content=\"https:\/\/www.intoscana.it\/wp-content\/uploads\/Flavia-Pezzo-in-22Family-affairs22.jpeg\" \/>\n\t<meta property=\"og:image:width\" content=\"800\" \/>\n\t<meta property=\"og:image:height\" content=\"450\" \/>\n\t<meta property=\"og:image:type\" content=\"image\/jpeg\" \/>\n<meta name=\"author\" content=\"Raffaella Galamini\" \/>\n<meta name=\"twitter:card\" content=\"summary_large_image\" \/>\n<meta name=\"twitter:creator\" content=\"@orio\" \/>\n<meta name=\"twitter:site\" content=\"@intoscana\" \/>\n<meta name=\"twitter:label1\" content=\"Written by\" \/>\n\t<meta name=\"twitter:data1\" content=\"Raffaella Galamini\" \/>\n\t<meta name=\"twitter:label2\" content=\"Est. reading time\" \/>\n\t<meta name=\"twitter:data2\" content=\"2 minuti\" \/>\n<script type=\"application\/ld+json\" class=\"yoast-schema-graph\">{\"@context\":\"https:\/\/schema.org\",\"@graph\":[{\"@type\":\"WebPage\",\"@id\":\"https:\/\/www.intoscana.it\/it\/da-ismene-ai-depeche-mode-la-fine-delloccidente-secondo-cauteruccio\/\",\"url\":\"https:\/\/www.intoscana.it\/it\/da-ismene-ai-depeche-mode-la-fine-delloccidente-secondo-cauteruccio\/\",\"name\":\"Da Ismene ai Depeche Mode, la fine dell'Occidente per Cauteruccio - intoscana\",\"isPartOf\":{\"@id\":\"https:\/\/www.intoscana.it\/it\/#website\"},\"primaryImageOfPage\":{\"@id\":\"https:\/\/www.intoscana.it\/it\/da-ismene-ai-depeche-mode-la-fine-delloccidente-secondo-cauteruccio\/#primaryimage\"},\"image\":{\"@id\":\"https:\/\/www.intoscana.it\/it\/da-ismene-ai-depeche-mode-la-fine-delloccidente-secondo-cauteruccio\/#primaryimage\"},\"thumbnailUrl\":\"https:\/\/www.intoscana.it\/wp-content\/uploads\/Flavia-Pezzo-in-22Family-affairs22.jpeg\",\"datePublished\":\"2023-07-31T12:25:20+00:00\",\"author\":{\"@id\":\"https:\/\/www.intoscana.it\/it\/#\/schema\/person\/9eb9daa846a49fe51af39a73d9d1986b\"},\"description\":\"La sorella muta di Antigone passa dal mito greco alle viscere della contemporaneit\u00e0: prima nazionale luned\u00ec 31 luglio a Scandicci\",\"breadcrumb\":{\"@id\":\"https:\/\/www.intoscana.it\/it\/da-ismene-ai-depeche-mode-la-fine-delloccidente-secondo-cauteruccio\/#breadcrumb\"},\"inLanguage\":\"it-IT\",\"potentialAction\":[{\"@type\":\"ReadAction\",\"target\":[\"https:\/\/www.intoscana.it\/it\/da-ismene-ai-depeche-mode-la-fine-delloccidente-secondo-cauteruccio\/\"]}]},{\"@type\":\"ImageObject\",\"inLanguage\":\"it-IT\",\"@id\":\"https:\/\/www.intoscana.it\/it\/da-ismene-ai-depeche-mode-la-fine-delloccidente-secondo-cauteruccio\/#primaryimage\",\"url\":\"https:\/\/www.intoscana.it\/wp-content\/uploads\/Flavia-Pezzo-in-22Family-affairs22.jpeg\",\"contentUrl\":\"https:\/\/www.intoscana.it\/wp-content\/uploads\/Flavia-Pezzo-in-22Family-affairs22.jpeg\",\"width\":800,\"height\":450},{\"@type\":\"BreadcrumbList\",\"@id\":\"https:\/\/www.intoscana.it\/it\/da-ismene-ai-depeche-mode-la-fine-delloccidente-secondo-cauteruccio\/#breadcrumb\",\"itemListElement\":[{\"@type\":\"ListItem\",\"position\":1,\"name\":\"Home\",\"item\":\"https:\/\/www.intoscana.it\/it\/\"},{\"@type\":\"ListItem\",\"position\":2,\"name\":\"Da Ismene ai Depeche Mode, la fine dell&#8217;Occidente secondo Cauteruccio\"}]},{\"@type\":\"WebSite\",\"@id\":\"https:\/\/www.intoscana.it\/it\/#website\",\"url\":\"https:\/\/www.intoscana.it\/it\/\",\"name\":\"intoscana\",\"description\":\"\",\"potentialAction\":[{\"@type\":\"SearchAction\",\"target\":{\"@type\":\"EntryPoint\",\"urlTemplate\":\"https:\/\/www.intoscana.it\/it\/?s={search_term_string}\"},\"query-input\":{\"@type\":\"PropertyValueSpecification\",\"valueRequired\":true,\"valueName\":\"search_term_string\"}}],\"inLanguage\":\"it-IT\"},{\"@type\":\"Person\",\"@id\":\"https:\/\/www.intoscana.it\/it\/#\/schema\/person\/9eb9daa846a49fe51af39a73d9d1986b\",\"name\":\"Raffaella Galamini\",\"sameAs\":[\"https:\/\/x.com\/orio\"],\"url\":\"https:\/\/www.intoscana.it\/it\/author\/r-galamini\/\"}]}<\/script>\n<!-- \/ Yoast SEO Premium plugin. -->","yoast_head_json":{"title":"Da Ismene ai Depeche Mode, la fine dell'Occidente per Cauteruccio - intoscana","description":"La sorella muta di Antigone passa dal mito greco alle viscere della contemporaneit\u00e0: prima nazionale luned\u00ec 31 luglio a Scandicci","robots":{"index":"index","follow":"follow","max-snippet":"max-snippet:-1","max-image-preview":"max-image-preview:large","max-video-preview":"max-video-preview:-1"},"canonical":"https:\/\/www.intoscana.it\/it\/da-ismene-ai-depeche-mode-la-fine-delloccidente-secondo-cauteruccio\/","og_locale":"it_IT","og_type":"article","og_title":"Da Ismene ai Depeche Mode, la fine dell'Occidente secondo Cauteruccio","og_description":"La sorella muta di Antigone passa dal mito greco alle viscere della contemporaneit\u00e0: prima nazionale luned\u00ec 31 luglio a Scandicci","og_url":"https:\/\/www.intoscana.it\/it\/da-ismene-ai-depeche-mode-la-fine-delloccidente-secondo-cauteruccio\/","og_site_name":"intoscana","article_publisher":"https:\/\/www.facebook.com\/intoscana.it","article_published_time":"2023-07-31T12:25:20+00:00","og_image":[{"width":800,"height":450,"url":"https:\/\/www.intoscana.it\/wp-content\/uploads\/Flavia-Pezzo-in-22Family-affairs22.jpeg","type":"image\/jpeg"}],"author":"Raffaella Galamini","twitter_card":"summary_large_image","twitter_creator":"@orio","twitter_site":"@intoscana","twitter_misc":{"Written by":"Raffaella Galamini","Est. reading time":"2 minuti"},"schema":{"@context":"https:\/\/schema.org","@graph":[{"@type":"WebPage","@id":"https:\/\/www.intoscana.it\/it\/da-ismene-ai-depeche-mode-la-fine-delloccidente-secondo-cauteruccio\/","url":"https:\/\/www.intoscana.it\/it\/da-ismene-ai-depeche-mode-la-fine-delloccidente-secondo-cauteruccio\/","name":"Da Ismene ai Depeche Mode, la fine dell'Occidente per Cauteruccio - intoscana","isPartOf":{"@id":"https:\/\/www.intoscana.it\/it\/#website"},"primaryImageOfPage":{"@id":"https:\/\/www.intoscana.it\/it\/da-ismene-ai-depeche-mode-la-fine-delloccidente-secondo-cauteruccio\/#primaryimage"},"image":{"@id":"https:\/\/www.intoscana.it\/it\/da-ismene-ai-depeche-mode-la-fine-delloccidente-secondo-cauteruccio\/#primaryimage"},"thumbnailUrl":"https:\/\/www.intoscana.it\/wp-content\/uploads\/Flavia-Pezzo-in-22Family-affairs22.jpeg","datePublished":"2023-07-31T12:25:20+00:00","author":{"@id":"https:\/\/www.intoscana.it\/it\/#\/schema\/person\/9eb9daa846a49fe51af39a73d9d1986b"},"description":"La sorella muta di Antigone passa dal mito greco alle viscere della contemporaneit\u00e0: prima nazionale luned\u00ec 31 luglio a Scandicci","breadcrumb":{"@id":"https:\/\/www.intoscana.it\/it\/da-ismene-ai-depeche-mode-la-fine-delloccidente-secondo-cauteruccio\/#breadcrumb"},"inLanguage":"it-IT","potentialAction":[{"@type":"ReadAction","target":["https:\/\/www.intoscana.it\/it\/da-ismene-ai-depeche-mode-la-fine-delloccidente-secondo-cauteruccio\/"]}]},{"@type":"ImageObject","inLanguage":"it-IT","@id":"https:\/\/www.intoscana.it\/it\/da-ismene-ai-depeche-mode-la-fine-delloccidente-secondo-cauteruccio\/#primaryimage","url":"https:\/\/www.intoscana.it\/wp-content\/uploads\/Flavia-Pezzo-in-22Family-affairs22.jpeg","contentUrl":"https:\/\/www.intoscana.it\/wp-content\/uploads\/Flavia-Pezzo-in-22Family-affairs22.jpeg","width":800,"height":450},{"@type":"BreadcrumbList","@id":"https:\/\/www.intoscana.it\/it\/da-ismene-ai-depeche-mode-la-fine-delloccidente-secondo-cauteruccio\/#breadcrumb","itemListElement":[{"@type":"ListItem","position":1,"name":"Home","item":"https:\/\/www.intoscana.it\/it\/"},{"@type":"ListItem","position":2,"name":"Da Ismene ai Depeche Mode, la fine dell&#8217;Occidente secondo Cauteruccio"}]},{"@type":"WebSite","@id":"https:\/\/www.intoscana.it\/it\/#website","url":"https:\/\/www.intoscana.it\/it\/","name":"intoscana","description":"","potentialAction":[{"@type":"SearchAction","target":{"@type":"EntryPoint","urlTemplate":"https:\/\/www.intoscana.it\/it\/?s={search_term_string}"},"query-input":{"@type":"PropertyValueSpecification","valueRequired":true,"valueName":"search_term_string"}}],"inLanguage":"it-IT"},{"@type":"Person","@id":"https:\/\/www.intoscana.it\/it\/#\/schema\/person\/9eb9daa846a49fe51af39a73d9d1986b","name":"Raffaella Galamini","sameAs":["https:\/\/x.com\/orio"],"url":"https:\/\/www.intoscana.it\/it\/author\/r-galamini\/"}]}},"_links":{"self":[{"href":"https:\/\/www.intoscana.it\/it\/wp-json\/wp\/v2\/posts\/298078","targetHints":{"allow":["GET"]}}],"collection":[{"href":"https:\/\/www.intoscana.it\/it\/wp-json\/wp\/v2\/posts"}],"about":[{"href":"https:\/\/www.intoscana.it\/it\/wp-json\/wp\/v2\/types\/post"}],"author":[{"embeddable":true,"href":"https:\/\/www.intoscana.it\/it\/wp-json\/wp\/v2\/users\/554"}],"replies":[{"embeddable":true,"href":"https:\/\/www.intoscana.it\/it\/wp-json\/wp\/v2\/comments?post=298078"}],"version-history":[{"count":0,"href":"https:\/\/www.intoscana.it\/it\/wp-json\/wp\/v2\/posts\/298078\/revisions"}],"wp:featuredmedia":[{"embeddable":true,"href":"https:\/\/www.intoscana.it\/it\/wp-json\/wp\/v2\/media\/298089"}],"wp:attachment":[{"href":"https:\/\/www.intoscana.it\/it\/wp-json\/wp\/v2\/media?parent=298078"}],"wp:term":[{"taxonomy":"category","embeddable":true,"href":"https:\/\/www.intoscana.it\/it\/wp-json\/wp\/v2\/categories?post=298078"},{"taxonomy":"post_tag","embeddable":true,"href":"https:\/\/www.intoscana.it\/it\/wp-json\/wp\/v2\/tags?post=298078"}],"curies":[{"name":"wp","href":"https:\/\/api.w.org\/{rel}","templated":true}]}}