{"id":298310,"date":"2023-08-01T13:47:36","date_gmt":"2023-08-01T11:47:36","guid":{"rendered":"https:\/\/www.intoscana.it\/it\/?p=298310"},"modified":"2023-08-01T13:47:36","modified_gmt":"2023-08-01T11:47:36","slug":"a-settembre-in-piazza-del-mercato-nuovo-a-prato-torna-lantico-gioco-della-palla-grossa","status":"publish","type":"post","link":"https:\/\/www.intoscana.it\/it\/a-settembre-in-piazza-del-mercato-nuovo-a-prato-torna-lantico-gioco-della-palla-grossa\/","title":{"rendered":"A settembre in piazza del Mercato Nuovo a Prato torna l&#8217;antico gioco della &#8220;Palla Grossa&#8221;"},"content":{"rendered":"<p><strong>Dal 6 al 17 settembre<\/strong> in <strong>piazza del Mercato Nuovo a Prato<\/strong> torna l\u2019appuntamento con la <strong>Palla Grossa. <\/strong><\/p>\n<p>Oltre alle <strong>tradizionali sfide<\/strong> all\u2019ultima posta dell\u2019antico gioco della tradizione pratese, saranno dodici giorni nel corso dei quali si alterneranno<strong> concerti gratuiti, spettacoli comici e esibizioni artistiche.<\/strong><\/p>\n<p>Spettacoli che ogni sera saranno accompagnati da <strong>stand enogastronomici, mercatini dell\u2019artigianato e giochi per bambini<\/strong>.<\/p>\n<p><em>\u201cDopo un\u2019edizione molto partecipata come quella dell\u2019anno scorso, che ha sancito il rilancio definitivo di Palla Grossa e Settembre a Prato, per l\u2019edizione 2023 abbiamo deciso di allestire un cartellone ancor pi\u00f9 interessante per i pratesi \u2013<\/em><strong> dice Grossi<\/strong><em> -. Vogliamo portare ancora pi\u00f9 entusiasmo in piazza del Mercato Nuovo, abbiamo rilanciato sugli artisti con concerti sempre pi\u00f9 di qualit\u00e0 e vogliamo trasformare questa kermesse in una rassegna di respiro nazionale\u201d.<\/em><\/p>\n<p><em>\u201cAnche se la nostra speranza resta quella di potere giocare all\u2019interno delle mura cittadine \u2013 <\/em>conclude <strong>Gabriele Villoresi, presidente del comitato Palla Grossa<\/strong> &#8211;<em>, i ragazzi sono pronti, si sono allenati molto quest\u2019anno anche con altre realt\u00e0 fuori regione e siamo contenti di poter anche quest&#8217;anno tornare nell&#8217;arena di piazza del Mercato nuovo\u201d.<\/em><em><br \/>\n<\/em><br \/>\nA concludere la conferenza stampa \u00e8 stato <strong>il sindaco Matteo Biffoni:<\/strong><em> &#8220;C\u2019\u00e8 una cosa a cui credo si possa dare definitivamente una sorta di certificazione: la volont\u00e0 di questa Amministrazione \u00e8 stata quella di rendere la Palla Grossa un evento della citt\u00e0 non reversibile.\u201d<\/em><\/p>\n<figure id=\"post-298312 media-298312\" class=\"align-none\"><\/figure>\n<h3>La gara<\/h3>\n<p><strong>Le semifinali della Palla Grossa<\/strong> sono in programma <strong>sabato 9 e domenica 10 settembre<\/strong> alle 21. I primi quartieri a scendere nell\u2019arena di piazza del Mercato Nuovo saranno gli <strong>Azzurri di Santa Maria e i Gialli di Santo Stefano<\/strong>, nella riedizione della semifinale dell\u2019anno scorso.<\/p>\n<p>Il giorno dopo sar\u00e0 la volta dei <strong>campioni in carica dei Rossi di Santa Trinita<\/strong> che sfideranno i rivali dei <strong>Verdi di San Marco<\/strong>.<\/p>\n<p>Le squadre vincenti delle semifinali si daranno poi appuntamento<strong> sabato 16 settembre sempre alle 21 con la finalissima<\/strong>.<\/p>\n<p>Ogni match sar\u00e0 anticipato da<strong> una sfilata dei gruppi storici,<\/strong> un\u2019iniziativa di rievocazione della tradizione pratese legata alla Palla Grossa e quest&#8217;anno durante le partite si terr\u00e0 in contemporanea una gara tra le tessitrici.<\/p>\n<p><strong>I biglietti sono gi\u00e0 in vendita al prezzo di 15 euro<\/strong>. Possono essere acquistati all\u2019Oasi dei Golosi di piazza del Mercato Nuovo, alla tabaccheria del Parco Prato, al Bar Stadio di via Firenze, oppure on line. Il portale dedicato alla Palla Grossa quest\u2019anno \u00e8 quello di <a href=\"https:\/\/www.ciaotickets.com\/ro\/biglietti\/finalissima-torneo-della-palla-grossa\" target=\"_blank\" rel=\"noopener\" class=\"broken_link\"><strong>CiaoTickets.<\/strong><\/a><\/p>\n<figure id=\"post-298315 media-298315\" class=\"align-none\"><img decoding=\"async\" src=\"https:\/\/www.intoscana.it\/wp-content\/uploads\/WhatsApp-Image-2023-08-01-at-08.16.42.jpeg\" alt=\"\" \/><\/figure>\n<h3>Gli eventi collaterali<\/h3>\n<p>A fianco della<strong> Palla Grossa<\/strong> ci saranno numerose iniziative collaterali che danno vita al Settembre a Prato. <strong>I concerti sono tutti gratuiti, con inizio alle ore 21.30.<\/strong><\/p>\n<p>La serata inaugurale \u00e8 in programma<strong> mercoled\u00ec 6 settembre<\/strong> col ritorno in citt\u00e0 di <strong>Jerry Cal\u00e0.<\/strong><\/p>\n<p>L\u2019<strong>8 settembre,<\/strong> in occasione della festa di Prato, in piazza del Mercato Nuovo ci sar\u00e0 spazio per \u2018<em><strong>Balliamo in Piazza\u2019<\/strong> <\/em>a cura di <strong>Latin Florence,<\/strong> cio\u00e8 le esibizioni delle scuole di ballo di latino-americano di Prato e dell\u2019area metropolitana che si muoveranno sui ritmi caraibici.<\/p>\n<p><strong>Domenica 10 settembre<\/strong> l\u2019entusiasmo e l\u2019energia dell\u2019<strong>Aperitivo in Famiglia<\/strong> si sposteranno dal Cdd a piazza del Mercato Nuovo, per una delle serate pi\u00f9 in voga fra i pratesi.<\/p>\n<p>La settimana successiva,<strong> sabato 16 settembre<\/strong>, giunger\u00e0 uno dei momenti pi\u00f9 attesi, quello del concerto di <strong>Cristina D\u2019Avena e dei Banana Split.<\/strong><\/p>\n<p>La serata conclusiva <strong>domenica 17 settembre,<\/strong> vedr\u00e0 invece lo show degli <strong>Orfani dello Zero6,<\/strong> anche questa una iniziativa tutta made in Prato.<\/p>\n<figure id=\"post-298312 media-298312\" class=\"align-none\"><img decoding=\"async\" src=\"https:\/\/www.intoscana.it\/wp-content\/uploads\/WhatsApp-Image-2023-08-01-at-08.16.41.jpeg\" alt=\"\" \/><\/figure>\n<div class=\"titleimg\">Palla Grossa, Prato<\/div>\n","protected":false},"excerpt":{"rendered":"<p>Dal 6 al 17 settembre oltre alle tradizionali sfide all\u2019ultima posta dell\u2019antico gioco della tradizione pratese, si alterneranno concerti gratuiti, spettacoli comici e esibizioni artistiche. La finale si terr\u00e0 il 16 settembre<\/p>\n","protected":false},"author":525,"featured_media":298311,"comment_status":"open","ping_status":"open","sticky":false,"template":"","format":"standard","meta":{"_acf_changed":false,"footnotes":""},"categories":[494],"tags":[6495,259],"class_list":["post-298310","post","type-post","status-publish","format-standard","has-post-thumbnail","hentry","category-attualita","tag-folklore","tag-prato"],"acf":[],"yoast_head":"<!-- This site is optimized with the Yoast SEO Premium plugin v24.2 (Yoast SEO v25.6) - https:\/\/yoast.com\/wordpress\/plugins\/seo\/ -->\n<title>A settembre in piazza del Mercato Nuovo a Prato torna l&#039;antico gioco della &quot;Palla Grossa&quot; - intoscana<\/title>\n<meta name=\"description\" content=\"Le semifinali della Palla Grossa sono in programma sabato 9 e domenica 10 settembre alle 21 e la finale il 16 settembre\" \/>\n<meta name=\"robots\" content=\"index, follow, max-snippet:-1, max-image-preview:large, max-video-preview:-1\" \/>\n<link rel=\"canonical\" href=\"https:\/\/www.intoscana.it\/it\/a-settembre-in-piazza-del-mercato-nuovo-a-prato-torna-lantico-gioco-della-palla-grossa\/\" \/>\n<meta property=\"og:locale\" content=\"it_IT\" \/>\n<meta property=\"og:type\" content=\"article\" \/>\n<meta property=\"og:title\" content=\"A settembre in piazza del Mercato Nuovo a Prato torna l&#039;antico gioco della &quot;Palla Grossa&quot;\" \/>\n<meta property=\"og:description\" content=\"Le semifinali della Palla Grossa sono in programma sabato 9 e domenica 10 settembre alle 21 e la finale il 16 settembre\" \/>\n<meta property=\"og:url\" content=\"https:\/\/www.intoscana.it\/it\/a-settembre-in-piazza-del-mercato-nuovo-a-prato-torna-lantico-gioco-della-palla-grossa\/\" \/>\n<meta property=\"og:site_name\" content=\"intoscana\" \/>\n<meta property=\"article:publisher\" content=\"https:\/\/www.facebook.com\/intoscana.it\" \/>\n<meta property=\"article:published_time\" content=\"2023-08-01T11:47:36+00:00\" \/>\n<meta property=\"og:image\" content=\"https:\/\/www.intoscana.it\/wp-content\/uploads\/WhatsApp-Image-2023-08-01-at-08.16.40.jpeg\" \/>\n\t<meta property=\"og:image:width\" content=\"768\" \/>\n\t<meta property=\"og:image:height\" content=\"430\" \/>\n\t<meta property=\"og:image:type\" content=\"image\/jpeg\" \/>\n<meta name=\"author\" content=\"Redazione\" \/>\n<meta name=\"twitter:card\" content=\"summary_large_image\" \/>\n<meta name=\"twitter:creator\" content=\"@intoscana\" \/>\n<meta name=\"twitter:site\" content=\"@intoscana\" \/>\n<meta name=\"twitter:label1\" content=\"Written by\" \/>\n\t<meta name=\"twitter:data1\" content=\"Redazione\" \/>\n\t<meta name=\"twitter:label2\" content=\"Est. reading time\" \/>\n\t<meta name=\"twitter:data2\" content=\"3 minuti\" \/>\n<script type=\"application\/ld+json\" class=\"yoast-schema-graph\">{\"@context\":\"https:\/\/schema.org\",\"@graph\":[{\"@type\":\"WebPage\",\"@id\":\"https:\/\/www.intoscana.it\/it\/a-settembre-in-piazza-del-mercato-nuovo-a-prato-torna-lantico-gioco-della-palla-grossa\/\",\"url\":\"https:\/\/www.intoscana.it\/it\/a-settembre-in-piazza-del-mercato-nuovo-a-prato-torna-lantico-gioco-della-palla-grossa\/\",\"name\":\"A settembre in piazza del Mercato Nuovo a Prato torna l'antico gioco della \\\"Palla Grossa\\\" - intoscana\",\"isPartOf\":{\"@id\":\"https:\/\/www.intoscana.it\/it\/#website\"},\"primaryImageOfPage\":{\"@id\":\"https:\/\/www.intoscana.it\/it\/a-settembre-in-piazza-del-mercato-nuovo-a-prato-torna-lantico-gioco-della-palla-grossa\/#primaryimage\"},\"image\":{\"@id\":\"https:\/\/www.intoscana.it\/it\/a-settembre-in-piazza-del-mercato-nuovo-a-prato-torna-lantico-gioco-della-palla-grossa\/#primaryimage\"},\"thumbnailUrl\":\"https:\/\/www.intoscana.it\/wp-content\/uploads\/WhatsApp-Image-2023-08-01-at-08.16.40.jpeg\",\"datePublished\":\"2023-08-01T11:47:36+00:00\",\"author\":{\"@id\":\"https:\/\/www.intoscana.it\/it\/#\/schema\/person\/9223810753230f20bd670fdd322661f8\"},\"description\":\"Le semifinali della Palla Grossa sono in programma sabato 9 e domenica 10 settembre alle 21 e la finale il 16 settembre\",\"breadcrumb\":{\"@id\":\"https:\/\/www.intoscana.it\/it\/a-settembre-in-piazza-del-mercato-nuovo-a-prato-torna-lantico-gioco-della-palla-grossa\/#breadcrumb\"},\"inLanguage\":\"it-IT\",\"potentialAction\":[{\"@type\":\"ReadAction\",\"target\":[\"https:\/\/www.intoscana.it\/it\/a-settembre-in-piazza-del-mercato-nuovo-a-prato-torna-lantico-gioco-della-palla-grossa\/\"]}]},{\"@type\":\"ImageObject\",\"inLanguage\":\"it-IT\",\"@id\":\"https:\/\/www.intoscana.it\/it\/a-settembre-in-piazza-del-mercato-nuovo-a-prato-torna-lantico-gioco-della-palla-grossa\/#primaryimage\",\"url\":\"https:\/\/www.intoscana.it\/wp-content\/uploads\/WhatsApp-Image-2023-08-01-at-08.16.40.jpeg\",\"contentUrl\":\"https:\/\/www.intoscana.it\/wp-content\/uploads\/WhatsApp-Image-2023-08-01-at-08.16.40.jpeg\",\"width\":768,\"height\":430},{\"@type\":\"BreadcrumbList\",\"@id\":\"https:\/\/www.intoscana.it\/it\/a-settembre-in-piazza-del-mercato-nuovo-a-prato-torna-lantico-gioco-della-palla-grossa\/#breadcrumb\",\"itemListElement\":[{\"@type\":\"ListItem\",\"position\":1,\"name\":\"Home\",\"item\":\"https:\/\/www.intoscana.it\/it\/\"},{\"@type\":\"ListItem\",\"position\":2,\"name\":\"A settembre in piazza del Mercato Nuovo a Prato torna l&#8217;antico gioco della &#8220;Palla Grossa&#8221;\"}]},{\"@type\":\"WebSite\",\"@id\":\"https:\/\/www.intoscana.it\/it\/#website\",\"url\":\"https:\/\/www.intoscana.it\/it\/\",\"name\":\"intoscana\",\"description\":\"\",\"potentialAction\":[{\"@type\":\"SearchAction\",\"target\":{\"@type\":\"EntryPoint\",\"urlTemplate\":\"https:\/\/www.intoscana.it\/it\/?s={search_term_string}\"},\"query-input\":{\"@type\":\"PropertyValueSpecification\",\"valueRequired\":true,\"valueName\":\"search_term_string\"}}],\"inLanguage\":\"it-IT\"},{\"@type\":\"Person\",\"@id\":\"https:\/\/www.intoscana.it\/it\/#\/schema\/person\/9223810753230f20bd670fdd322661f8\",\"name\":\"Redazione\",\"url\":\"https:\/\/www.intoscana.it\/it\/author\/redazione\/\"}]}<\/script>\n<!-- \/ Yoast SEO Premium plugin. -->","yoast_head_json":{"title":"A settembre in piazza del Mercato Nuovo a Prato torna l'antico gioco della \"Palla Grossa\" - intoscana","description":"Le semifinali della Palla Grossa sono in programma sabato 9 e domenica 10 settembre alle 21 e la finale il 16 settembre","robots":{"index":"index","follow":"follow","max-snippet":"max-snippet:-1","max-image-preview":"max-image-preview:large","max-video-preview":"max-video-preview:-1"},"canonical":"https:\/\/www.intoscana.it\/it\/a-settembre-in-piazza-del-mercato-nuovo-a-prato-torna-lantico-gioco-della-palla-grossa\/","og_locale":"it_IT","og_type":"article","og_title":"A settembre in piazza del Mercato Nuovo a Prato torna l'antico gioco della \"Palla Grossa\"","og_description":"Le semifinali della Palla Grossa sono in programma sabato 9 e domenica 10 settembre alle 21 e la finale il 16 settembre","og_url":"https:\/\/www.intoscana.it\/it\/a-settembre-in-piazza-del-mercato-nuovo-a-prato-torna-lantico-gioco-della-palla-grossa\/","og_site_name":"intoscana","article_publisher":"https:\/\/www.facebook.com\/intoscana.it","article_published_time":"2023-08-01T11:47:36+00:00","og_image":[{"width":768,"height":430,"url":"https:\/\/www.intoscana.it\/wp-content\/uploads\/WhatsApp-Image-2023-08-01-at-08.16.40.jpeg","type":"image\/jpeg"}],"author":"Redazione","twitter_card":"summary_large_image","twitter_creator":"@intoscana","twitter_site":"@intoscana","twitter_misc":{"Written by":"Redazione","Est. reading time":"3 minuti"},"schema":{"@context":"https:\/\/schema.org","@graph":[{"@type":"WebPage","@id":"https:\/\/www.intoscana.it\/it\/a-settembre-in-piazza-del-mercato-nuovo-a-prato-torna-lantico-gioco-della-palla-grossa\/","url":"https:\/\/www.intoscana.it\/it\/a-settembre-in-piazza-del-mercato-nuovo-a-prato-torna-lantico-gioco-della-palla-grossa\/","name":"A settembre in piazza del Mercato Nuovo a Prato torna l'antico gioco della \"Palla Grossa\" - intoscana","isPartOf":{"@id":"https:\/\/www.intoscana.it\/it\/#website"},"primaryImageOfPage":{"@id":"https:\/\/www.intoscana.it\/it\/a-settembre-in-piazza-del-mercato-nuovo-a-prato-torna-lantico-gioco-della-palla-grossa\/#primaryimage"},"image":{"@id":"https:\/\/www.intoscana.it\/it\/a-settembre-in-piazza-del-mercato-nuovo-a-prato-torna-lantico-gioco-della-palla-grossa\/#primaryimage"},"thumbnailUrl":"https:\/\/www.intoscana.it\/wp-content\/uploads\/WhatsApp-Image-2023-08-01-at-08.16.40.jpeg","datePublished":"2023-08-01T11:47:36+00:00","author":{"@id":"https:\/\/www.intoscana.it\/it\/#\/schema\/person\/9223810753230f20bd670fdd322661f8"},"description":"Le semifinali della Palla Grossa sono in programma sabato 9 e domenica 10 settembre alle 21 e la finale il 16 settembre","breadcrumb":{"@id":"https:\/\/www.intoscana.it\/it\/a-settembre-in-piazza-del-mercato-nuovo-a-prato-torna-lantico-gioco-della-palla-grossa\/#breadcrumb"},"inLanguage":"it-IT","potentialAction":[{"@type":"ReadAction","target":["https:\/\/www.intoscana.it\/it\/a-settembre-in-piazza-del-mercato-nuovo-a-prato-torna-lantico-gioco-della-palla-grossa\/"]}]},{"@type":"ImageObject","inLanguage":"it-IT","@id":"https:\/\/www.intoscana.it\/it\/a-settembre-in-piazza-del-mercato-nuovo-a-prato-torna-lantico-gioco-della-palla-grossa\/#primaryimage","url":"https:\/\/www.intoscana.it\/wp-content\/uploads\/WhatsApp-Image-2023-08-01-at-08.16.40.jpeg","contentUrl":"https:\/\/www.intoscana.it\/wp-content\/uploads\/WhatsApp-Image-2023-08-01-at-08.16.40.jpeg","width":768,"height":430},{"@type":"BreadcrumbList","@id":"https:\/\/www.intoscana.it\/it\/a-settembre-in-piazza-del-mercato-nuovo-a-prato-torna-lantico-gioco-della-palla-grossa\/#breadcrumb","itemListElement":[{"@type":"ListItem","position":1,"name":"Home","item":"https:\/\/www.intoscana.it\/it\/"},{"@type":"ListItem","position":2,"name":"A settembre in piazza del Mercato Nuovo a Prato torna l&#8217;antico gioco della &#8220;Palla Grossa&#8221;"}]},{"@type":"WebSite","@id":"https:\/\/www.intoscana.it\/it\/#website","url":"https:\/\/www.intoscana.it\/it\/","name":"intoscana","description":"","potentialAction":[{"@type":"SearchAction","target":{"@type":"EntryPoint","urlTemplate":"https:\/\/www.intoscana.it\/it\/?s={search_term_string}"},"query-input":{"@type":"PropertyValueSpecification","valueRequired":true,"valueName":"search_term_string"}}],"inLanguage":"it-IT"},{"@type":"Person","@id":"https:\/\/www.intoscana.it\/it\/#\/schema\/person\/9223810753230f20bd670fdd322661f8","name":"Redazione","url":"https:\/\/www.intoscana.it\/it\/author\/redazione\/"}]}},"_links":{"self":[{"href":"https:\/\/www.intoscana.it\/it\/wp-json\/wp\/v2\/posts\/298310","targetHints":{"allow":["GET"]}}],"collection":[{"href":"https:\/\/www.intoscana.it\/it\/wp-json\/wp\/v2\/posts"}],"about":[{"href":"https:\/\/www.intoscana.it\/it\/wp-json\/wp\/v2\/types\/post"}],"author":[{"embeddable":true,"href":"https:\/\/www.intoscana.it\/it\/wp-json\/wp\/v2\/users\/525"}],"replies":[{"embeddable":true,"href":"https:\/\/www.intoscana.it\/it\/wp-json\/wp\/v2\/comments?post=298310"}],"version-history":[{"count":0,"href":"https:\/\/www.intoscana.it\/it\/wp-json\/wp\/v2\/posts\/298310\/revisions"}],"wp:featuredmedia":[{"embeddable":true,"href":"https:\/\/www.intoscana.it\/it\/wp-json\/wp\/v2\/media\/298311"}],"wp:attachment":[{"href":"https:\/\/www.intoscana.it\/it\/wp-json\/wp\/v2\/media?parent=298310"}],"wp:term":[{"taxonomy":"category","embeddable":true,"href":"https:\/\/www.intoscana.it\/it\/wp-json\/wp\/v2\/categories?post=298310"},{"taxonomy":"post_tag","embeddable":true,"href":"https:\/\/www.intoscana.it\/it\/wp-json\/wp\/v2\/tags?post=298310"}],"curies":[{"name":"wp","href":"https:\/\/api.w.org\/{rel}","templated":true}]}}