{"id":298417,"date":"2023-08-02T12:21:13","date_gmt":"2023-08-02T10:21:13","guid":{"rendered":"https:\/\/www.intoscana.it\/it\/?p=298417"},"modified":"2023-08-02T12:28:38","modified_gmt":"2023-08-02T10:28:38","slug":"giovanisi-il-21-ottobre-la-ii-edizione-del-next-generation-fest","status":"publish","type":"post","link":"https:\/\/www.intoscana.it\/it\/giovanisi-il-21-ottobre-la-ii-edizione-del-next-generation-fest\/","title":{"rendered":"Giovanis\u00ec, il 21 ottobre la II edizione del Next Generation Fest"},"content":{"rendered":"<p>Partita la macchina organizzativa della II edizione del <strong>Next Generation Fest<\/strong>. <mark><a href=\"https:\/\/giovanisi.it\/nextgenerationfest\/\">Aperte le iscrizioni per l\u2019evento<\/a> della GenZ in programma sabato 21 ottobre<\/mark>. L&#8217;iniziativa \u00e8 organizzata dalla Presidenza della <strong>Regione Toscana e Giovanis\u00ec<\/strong> e finanziato interamente dalla <strong>Presidenza del Consiglio dei Ministri<\/strong> (Dipartimento per le Politiche Giovanili e il Servizio civile universale).<\/p>\n<p>Il <a href=\"https:\/\/giovanisi.it\/nextgenerationfest\/\">Next Generation Fest<\/a> si terr\u00e0 <strong>nel Teatro del Maggio<\/strong> a Firenze. Lo scorso anno, nella stessa cornice, arrivarono da tutta Italia <strong>oltre 5mila giovani<\/strong>. Dalle 10 alle 23 <strong>oltre 60 ospiti<\/strong> &#8211; <mark>content creator, artisti influencer, imprenditori, giornalisti e istituzioni<\/mark> &#8211; si alterneranno sul main stage.<\/p>\n<p>Daranno vita ad un programma ricco di <strong>speech, interviste, performance<\/strong> musicali e artistiche. Nella conduzione dell&#8217;evento si avvicenderanno <strong>Gabriele Vagnato<\/strong>, comico e creator e <strong>Veronica Maffei<\/strong>, giornalista.<\/p>\n<div class=\"titleimg\">\n<figure id=\"post-256344 media-256344\" class=\"align-none\"><img decoding=\"async\" src=\"https:\/\/www.intoscana.it\/wp-content\/uploads\/CAR_1071-scaled.jpg\" alt=\"\" \/><\/figure>\n<div class=\"titleimg\">L\u2019intervento di Bernard Dika al Next Generation Fest<\/div>\n<\/div>\n<h3>Giani: &#8220;Valorizzare i giovani&#8221;<\/h3>\n<p>\u201c<em>Sar\u00e0 una giornata in cui la Toscana far\u00e0 vedere ancora una volta la sua determinazione per valorizzare i giovani e il loro protagonismo, ovvero le energie pi\u00f9 fresche per il presente e il futuro della regione e dell\u2019intero Paese, e avvicinarli alle istituzioni<\/em>\u201d, osserva il presidente <strong>Eugenio Giani<\/strong>. Il presidente sottolinea anche il valore della scelta della location della manifestazione: \u201c<em>Il Next Generation Fest evidenzier\u00e0 ancora una volta le notevoli potenzialit\u00e0 del Teatro del Maggio, introducendo i giovanissimi alla cultura musicale del Maggio motivandoli a frequentarlo tutto l\u2019anno<\/em>\u201d.<\/p>\n<h3>Gli ospiti di Next Generation Fest<\/h3>\n<p>Numerosi i nomi gi\u00e0 in scaletta. Dal mondo della musica: <strong>Ermal Meta<\/strong>, Olly, Sethu, <strong>Giovanni Caccamo<\/strong>, i <strong>Colla Zio<\/strong> e la dj Silvie Loto. Dalla tv la conduttrice e creator <strong>Aurora Ramazzotti<\/strong>, il giornalista <strong>Fabio Caressa<\/strong> e lo chef e noto conduttore <strong>Alessandro Borghese<\/strong>.<\/p>\n<p>Per le istituzioni parteciperanno il Ministro per lo sport e i giovani <strong>Andrea Abodi<\/strong>, il presidente della Regione <strong>Eugenio Giani<\/strong>, il Capo Dipartimento per le Politiche Giovanili e il Servizio civile universale della Presidenza del Consiglio dei Ministri <strong>Michele Sciscioli<\/strong> e il commissario straordinario dell\u2019Agenzia Italiana per la Giovent\u00f9 <strong>Federica Celestini Campanari<\/strong>.<\/p>\n<p>Nutritissima poi la rappresentanza dall\u2019universo dei social e della rete, come le community <strong>Factanza, Legolize<\/strong>, Cartoni morti, oppure come <strong>Giorgia Bellini<\/strong>, fondatrice del primo servizio online per aiutare chi soffre di disturbi alimentari (Corabea), <strong>Giuseppe Mandrake Ninno, Carlotta Vagnoli<\/strong>, scrittrice e autrice, che attraverso i suoi libri e i suoi canali social sensibilizza sul tema della violenza di genere.<\/p>\n<figure id=\"post-256409 media-256409\" class=\"align-none\"><img decoding=\"async\" src=\"https:\/\/www.intoscana.it\/wp-content\/uploads\/CAR_1382-scaled.jpg\" alt=\"\" \/><\/figure>\n<div class=\"titleimg\">Paolo Bonolis<\/div>\n<h3>L&#8217;Anno europeo delle competenze<\/h3>\n<p><strong>L\u2019edizione 2023 di Ngf<\/strong>, a cui \u00e8 gi\u00e0 possibile iscriversi gratis, si inserisce nella programmazione dell\u2019Anno europeo delle competenze, promosso dalla Commissione Europea. Ha tra gli obiettivi abbinare <strong>le aspirazioni e le competenze<\/strong> delle persone in cerca di occupazione con le opportunit\u00e0 offerte dal mercato del lavoro, grazie al coinvolgimento attivo delle imprese.<\/p>\n<p>Punter\u00e0 a far conoscere l\u2019eccellenza che <strong>gli Istituti Tecnologici Superiori<\/strong> rappresentano sotto il profilo dell\u2019<strong>offerta formativa<\/strong> e dell\u2019inserimento nel <strong>mondo del lavoro<\/strong>: proprio per questo saranno presenti centinaia di giovani che hanno conseguito il diploma presso una delle <strong>9 Fondazioni ITS toscane<\/strong>.<\/p>\n<h3>I 75 anni della Costituzione<\/h3>\n<p>L\u2019evento sar\u00e0 anche l\u2019occasione per celebrare il <strong>75\u00b0 anniversario<\/strong> della <strong>Costituzione italiana<\/strong> e al centro porr\u00e0 temi come <strong>il diritto al lavoro<\/strong>, dell\u2019importanza del <strong>rispetto delle libert\u00e0 e dei diritti<\/strong> inviolabili dell\u2019uomo.<\/p>\n<h3>Gli organizzatori del Next Generation Fest<\/h3>\n<p>#NGF23 &#8211; Ngf 2023 vede la mediapartnership della Rai: \u00e8 organizzato dalla <strong>Presidenza della<\/strong> <strong>Regione Toscana e Giovanis\u00ec<\/strong>, con la collaborazione di <strong>Fondazione Sistema Toscana<\/strong> e il <strong>Teatro del Maggio Fiorentino<\/strong>, e finanziato interamente dalla Presidenza del Consiglio dei Ministri (Dipartimento per le Politiche Giovanili e il Servizio civile universale).<\/p>\n<h3>I partner annunciati all&#8217;evento<\/h3>\n<p>Numerosi i partner che sono annunciati: Agenzia Italiana per la Giovent\u00f9, Consiglio Nazionale Giovani, Banca d\u2019Italia (con il progetto per la cultura finanziaria &#8220;L&#8217;Economia per tutti&#8221;), Arti &#8211; Agenzia Regionale Toscana per l&#8217;impiego, Treedom e Search on Media Group.<\/p>\n<h3>Gli spazi satellite del Ngf2023<\/h3>\n<p>Tra le altre novit\u00e0 della seconda edizione, la presenza di tanti spazi satellite, adiacenti all\u2019auditorium. Oltre a <strong>Ngf Expo<\/strong>, area dedicata a enti regionali, nazionali ed europei, anche l\u2019area Job curata dall\u2019<strong>Agenzia regionale toscana per l\u2019impiego<\/strong> (Arti) per il matching tra giovani e imprese; il <strong>camper di Giovanis\u00ec<\/strong>, per l\u2019infopoint del progetto regionale per l\u2019autonomia dei giovani. Ci sar\u00e0 <strong>l\u2019Ngf Village<\/strong>, dedicato ad incontri con alcuni ospiti.<\/p>\n<p>&nbsp;<\/p>\n","protected":false},"excerpt":{"rendered":"<p>Aperte le iscrizioni per l&#8217;evento della Generazione Z al Teatro del Maggio. Tra gli ospiti Ermal Meta, Alessandro Borghese, Aurora Ramazzotti e il ministro Abodi<\/p>\n","protected":false},"author":525,"featured_media":256369,"comment_status":"open","ping_status":"open","sticky":false,"template":"","format":"standard","meta":{"_acf_changed":false,"footnotes":""},"categories":[494],"tags":[244,6547],"class_list":["post-298417","post","type-post","status-publish","format-standard","has-post-thumbnail","hentry","category-attualita","tag-giovanisi","tag-next-generation-fest"],"acf":[],"yoast_head":"<!-- This site is optimized with the Yoast SEO Premium plugin v24.2 (Yoast SEO v25.6) - https:\/\/yoast.com\/wordpress\/plugins\/seo\/ -->\n<title>Giovanis\u00ec, il 21 ottobre la II edizione del Next Generation Fest - intoscana<\/title>\n<meta name=\"description\" content=\"Aperte le iscrizioni per l&#039;evento della Generazione Z al Teatro del Maggio. Tra gli ospiti Ermal Meta, Alessandro Borghese, Aurora Ramazzotti\" \/>\n<meta name=\"robots\" content=\"index, follow, max-snippet:-1, max-image-preview:large, max-video-preview:-1\" \/>\n<link rel=\"canonical\" href=\"https:\/\/www.intoscana.it\/it\/giovanisi-il-21-ottobre-la-ii-edizione-del-next-generation-fest\/\" \/>\n<meta property=\"og:locale\" content=\"it_IT\" \/>\n<meta property=\"og:type\" content=\"article\" \/>\n<meta property=\"og:title\" content=\"Giovanis\u00ec, il 21 ottobre la II edizione del Next Generation Fest\" \/>\n<meta property=\"og:description\" content=\"Aperte le iscrizioni per l&#039;evento della Generazione Z al Teatro del Maggio. Tra gli ospiti Ermal Meta, Alessandro Borghese, Aurora Ramazzotti\" \/>\n<meta property=\"og:url\" content=\"https:\/\/www.intoscana.it\/it\/giovanisi-il-21-ottobre-la-ii-edizione-del-next-generation-fest\/\" \/>\n<meta property=\"og:site_name\" content=\"intoscana\" \/>\n<meta property=\"article:publisher\" content=\"https:\/\/www.facebook.com\/intoscana.it\" \/>\n<meta property=\"article:published_time\" content=\"2023-08-02T10:21:13+00:00\" \/>\n<meta property=\"article:modified_time\" content=\"2023-08-02T10:28:38+00:00\" \/>\n<meta property=\"og:image\" content=\"https:\/\/www.intoscana.it\/wp-content\/uploads\/Veronica-Maffei-ed-Eugenio-Giani-scaled.jpg\" \/>\n\t<meta property=\"og:image:width\" content=\"2048\" \/>\n\t<meta property=\"og:image:height\" content=\"1152\" \/>\n\t<meta property=\"og:image:type\" content=\"image\/jpeg\" \/>\n<meta name=\"author\" content=\"Redazione\" \/>\n<meta name=\"twitter:card\" content=\"summary_large_image\" \/>\n<meta name=\"twitter:creator\" content=\"@intoscana\" \/>\n<meta name=\"twitter:site\" content=\"@intoscana\" \/>\n<meta name=\"twitter:label1\" content=\"Written by\" \/>\n\t<meta name=\"twitter:data1\" content=\"Redazione\" \/>\n\t<meta name=\"twitter:label2\" content=\"Est. reading time\" \/>\n\t<meta name=\"twitter:data2\" content=\"4 minuti\" \/>\n<script type=\"application\/ld+json\" class=\"yoast-schema-graph\">{\"@context\":\"https:\/\/schema.org\",\"@graph\":[{\"@type\":\"WebPage\",\"@id\":\"https:\/\/www.intoscana.it\/it\/giovanisi-il-21-ottobre-la-ii-edizione-del-next-generation-fest\/\",\"url\":\"https:\/\/www.intoscana.it\/it\/giovanisi-il-21-ottobre-la-ii-edizione-del-next-generation-fest\/\",\"name\":\"Giovanis\u00ec, il 21 ottobre la II edizione del Next Generation Fest - intoscana\",\"isPartOf\":{\"@id\":\"https:\/\/www.intoscana.it\/it\/#website\"},\"primaryImageOfPage\":{\"@id\":\"https:\/\/www.intoscana.it\/it\/giovanisi-il-21-ottobre-la-ii-edizione-del-next-generation-fest\/#primaryimage\"},\"image\":{\"@id\":\"https:\/\/www.intoscana.it\/it\/giovanisi-il-21-ottobre-la-ii-edizione-del-next-generation-fest\/#primaryimage\"},\"thumbnailUrl\":\"https:\/\/www.intoscana.it\/wp-content\/uploads\/Veronica-Maffei-ed-Eugenio-Giani-scaled.jpg\",\"datePublished\":\"2023-08-02T10:21:13+00:00\",\"dateModified\":\"2023-08-02T10:28:38+00:00\",\"author\":{\"@id\":\"https:\/\/www.intoscana.it\/it\/#\/schema\/person\/9223810753230f20bd670fdd322661f8\"},\"description\":\"Aperte le iscrizioni per l'evento della Generazione Z al Teatro del Maggio. Tra gli ospiti Ermal Meta, Alessandro Borghese, Aurora Ramazzotti\",\"breadcrumb\":{\"@id\":\"https:\/\/www.intoscana.it\/it\/giovanisi-il-21-ottobre-la-ii-edizione-del-next-generation-fest\/#breadcrumb\"},\"inLanguage\":\"it-IT\",\"potentialAction\":[{\"@type\":\"ReadAction\",\"target\":[\"https:\/\/www.intoscana.it\/it\/giovanisi-il-21-ottobre-la-ii-edizione-del-next-generation-fest\/\"]}]},{\"@type\":\"ImageObject\",\"inLanguage\":\"it-IT\",\"@id\":\"https:\/\/www.intoscana.it\/it\/giovanisi-il-21-ottobre-la-ii-edizione-del-next-generation-fest\/#primaryimage\",\"url\":\"https:\/\/www.intoscana.it\/wp-content\/uploads\/Veronica-Maffei-ed-Eugenio-Giani-scaled.jpg\",\"contentUrl\":\"https:\/\/www.intoscana.it\/wp-content\/uploads\/Veronica-Maffei-ed-Eugenio-Giani-scaled.jpg\",\"width\":2048,\"height\":1152},{\"@type\":\"BreadcrumbList\",\"@id\":\"https:\/\/www.intoscana.it\/it\/giovanisi-il-21-ottobre-la-ii-edizione-del-next-generation-fest\/#breadcrumb\",\"itemListElement\":[{\"@type\":\"ListItem\",\"position\":1,\"name\":\"Home\",\"item\":\"https:\/\/www.intoscana.it\/it\/\"},{\"@type\":\"ListItem\",\"position\":2,\"name\":\"Giovanis\u00ec, il 21 ottobre la II edizione del Next Generation Fest\"}]},{\"@type\":\"WebSite\",\"@id\":\"https:\/\/www.intoscana.it\/it\/#website\",\"url\":\"https:\/\/www.intoscana.it\/it\/\",\"name\":\"intoscana\",\"description\":\"\",\"potentialAction\":[{\"@type\":\"SearchAction\",\"target\":{\"@type\":\"EntryPoint\",\"urlTemplate\":\"https:\/\/www.intoscana.it\/it\/?s={search_term_string}\"},\"query-input\":{\"@type\":\"PropertyValueSpecification\",\"valueRequired\":true,\"valueName\":\"search_term_string\"}}],\"inLanguage\":\"it-IT\"},{\"@type\":\"Person\",\"@id\":\"https:\/\/www.intoscana.it\/it\/#\/schema\/person\/9223810753230f20bd670fdd322661f8\",\"name\":\"Redazione\",\"url\":\"https:\/\/www.intoscana.it\/it\/author\/redazione\/\"}]}<\/script>\n<!-- \/ Yoast SEO Premium plugin. -->","yoast_head_json":{"title":"Giovanis\u00ec, il 21 ottobre la II edizione del Next Generation Fest - intoscana","description":"Aperte le iscrizioni per l'evento della Generazione Z al Teatro del Maggio. Tra gli ospiti Ermal Meta, Alessandro Borghese, Aurora Ramazzotti","robots":{"index":"index","follow":"follow","max-snippet":"max-snippet:-1","max-image-preview":"max-image-preview:large","max-video-preview":"max-video-preview:-1"},"canonical":"https:\/\/www.intoscana.it\/it\/giovanisi-il-21-ottobre-la-ii-edizione-del-next-generation-fest\/","og_locale":"it_IT","og_type":"article","og_title":"Giovanis\u00ec, il 21 ottobre la II edizione del Next Generation Fest","og_description":"Aperte le iscrizioni per l'evento della Generazione Z al Teatro del Maggio. Tra gli ospiti Ermal Meta, Alessandro Borghese, Aurora Ramazzotti","og_url":"https:\/\/www.intoscana.it\/it\/giovanisi-il-21-ottobre-la-ii-edizione-del-next-generation-fest\/","og_site_name":"intoscana","article_publisher":"https:\/\/www.facebook.com\/intoscana.it","article_published_time":"2023-08-02T10:21:13+00:00","article_modified_time":"2023-08-02T10:28:38+00:00","og_image":[{"width":2048,"height":1152,"url":"https:\/\/www.intoscana.it\/wp-content\/uploads\/Veronica-Maffei-ed-Eugenio-Giani-scaled.jpg","type":"image\/jpeg"}],"author":"Redazione","twitter_card":"summary_large_image","twitter_creator":"@intoscana","twitter_site":"@intoscana","twitter_misc":{"Written by":"Redazione","Est. reading time":"4 minuti"},"schema":{"@context":"https:\/\/schema.org","@graph":[{"@type":"WebPage","@id":"https:\/\/www.intoscana.it\/it\/giovanisi-il-21-ottobre-la-ii-edizione-del-next-generation-fest\/","url":"https:\/\/www.intoscana.it\/it\/giovanisi-il-21-ottobre-la-ii-edizione-del-next-generation-fest\/","name":"Giovanis\u00ec, il 21 ottobre la II edizione del Next Generation Fest - intoscana","isPartOf":{"@id":"https:\/\/www.intoscana.it\/it\/#website"},"primaryImageOfPage":{"@id":"https:\/\/www.intoscana.it\/it\/giovanisi-il-21-ottobre-la-ii-edizione-del-next-generation-fest\/#primaryimage"},"image":{"@id":"https:\/\/www.intoscana.it\/it\/giovanisi-il-21-ottobre-la-ii-edizione-del-next-generation-fest\/#primaryimage"},"thumbnailUrl":"https:\/\/www.intoscana.it\/wp-content\/uploads\/Veronica-Maffei-ed-Eugenio-Giani-scaled.jpg","datePublished":"2023-08-02T10:21:13+00:00","dateModified":"2023-08-02T10:28:38+00:00","author":{"@id":"https:\/\/www.intoscana.it\/it\/#\/schema\/person\/9223810753230f20bd670fdd322661f8"},"description":"Aperte le iscrizioni per l'evento della Generazione Z al Teatro del Maggio. Tra gli ospiti Ermal Meta, Alessandro Borghese, Aurora Ramazzotti","breadcrumb":{"@id":"https:\/\/www.intoscana.it\/it\/giovanisi-il-21-ottobre-la-ii-edizione-del-next-generation-fest\/#breadcrumb"},"inLanguage":"it-IT","potentialAction":[{"@type":"ReadAction","target":["https:\/\/www.intoscana.it\/it\/giovanisi-il-21-ottobre-la-ii-edizione-del-next-generation-fest\/"]}]},{"@type":"ImageObject","inLanguage":"it-IT","@id":"https:\/\/www.intoscana.it\/it\/giovanisi-il-21-ottobre-la-ii-edizione-del-next-generation-fest\/#primaryimage","url":"https:\/\/www.intoscana.it\/wp-content\/uploads\/Veronica-Maffei-ed-Eugenio-Giani-scaled.jpg","contentUrl":"https:\/\/www.intoscana.it\/wp-content\/uploads\/Veronica-Maffei-ed-Eugenio-Giani-scaled.jpg","width":2048,"height":1152},{"@type":"BreadcrumbList","@id":"https:\/\/www.intoscana.it\/it\/giovanisi-il-21-ottobre-la-ii-edizione-del-next-generation-fest\/#breadcrumb","itemListElement":[{"@type":"ListItem","position":1,"name":"Home","item":"https:\/\/www.intoscana.it\/it\/"},{"@type":"ListItem","position":2,"name":"Giovanis\u00ec, il 21 ottobre la II edizione del Next Generation Fest"}]},{"@type":"WebSite","@id":"https:\/\/www.intoscana.it\/it\/#website","url":"https:\/\/www.intoscana.it\/it\/","name":"intoscana","description":"","potentialAction":[{"@type":"SearchAction","target":{"@type":"EntryPoint","urlTemplate":"https:\/\/www.intoscana.it\/it\/?s={search_term_string}"},"query-input":{"@type":"PropertyValueSpecification","valueRequired":true,"valueName":"search_term_string"}}],"inLanguage":"it-IT"},{"@type":"Person","@id":"https:\/\/www.intoscana.it\/it\/#\/schema\/person\/9223810753230f20bd670fdd322661f8","name":"Redazione","url":"https:\/\/www.intoscana.it\/it\/author\/redazione\/"}]}},"_links":{"self":[{"href":"https:\/\/www.intoscana.it\/it\/wp-json\/wp\/v2\/posts\/298417","targetHints":{"allow":["GET"]}}],"collection":[{"href":"https:\/\/www.intoscana.it\/it\/wp-json\/wp\/v2\/posts"}],"about":[{"href":"https:\/\/www.intoscana.it\/it\/wp-json\/wp\/v2\/types\/post"}],"author":[{"embeddable":true,"href":"https:\/\/www.intoscana.it\/it\/wp-json\/wp\/v2\/users\/525"}],"replies":[{"embeddable":true,"href":"https:\/\/www.intoscana.it\/it\/wp-json\/wp\/v2\/comments?post=298417"}],"version-history":[{"count":0,"href":"https:\/\/www.intoscana.it\/it\/wp-json\/wp\/v2\/posts\/298417\/revisions"}],"wp:featuredmedia":[{"embeddable":true,"href":"https:\/\/www.intoscana.it\/it\/wp-json\/wp\/v2\/media\/256369"}],"wp:attachment":[{"href":"https:\/\/www.intoscana.it\/it\/wp-json\/wp\/v2\/media?parent=298417"}],"wp:term":[{"taxonomy":"category","embeddable":true,"href":"https:\/\/www.intoscana.it\/it\/wp-json\/wp\/v2\/categories?post=298417"},{"taxonomy":"post_tag","embeddable":true,"href":"https:\/\/www.intoscana.it\/it\/wp-json\/wp\/v2\/tags?post=298417"}],"curies":[{"name":"wp","href":"https:\/\/api.w.org\/{rel}","templated":true}]}}