{"id":298619,"date":"2023-08-03T14:32:08","date_gmt":"2023-08-03T12:32:08","guid":{"rendered":"https:\/\/www.intoscana.it\/it\/?p=298619"},"modified":"2023-08-03T14:32:08","modified_gmt":"2023-08-03T12:32:08","slug":"lavoro-6-milioni-di-euro-per-linserimento-di-persone-con-disabilita","status":"publish","type":"post","link":"https:\/\/www.intoscana.it\/it\/lavoro-6-milioni-di-euro-per-linserimento-di-persone-con-disabilita\/","title":{"rendered":"Lavoro, 6 milioni di euro per l\u2019inserimento di persone con disabilit\u00e0"},"content":{"rendered":"<p><strong>Lavoro e handicap<\/strong>: dal Fondo regionale per l\u2019occupazione dei disabili arrivano <strong>6 milioni di euro<\/strong> per <a href=\"https:\/\/arti.toscana.it\/l68-99\/2023-fondo-regionale-occupazione-disabili\">sostenere l\u2019occupazione e l\u2019integrazione lavorativa di persone con disabilit\u00e0<\/a>. Saranno erogati attraverso la concessione di contributi a imprese e datori di lavoro privati.<\/p>\n<p>Tutti gli interessati potranno partecipare a uno dei <strong>dieci avvisi pubblicati da Arti<\/strong>, l\u2019Agenzia regionale toscana per l\u2019impiego. Gli avvisi riguardano anche progetti e misure dirette all\u2019<a href=\"https:\/\/arti.toscana.it\/l68-99\/2023-fondo-regionale-occupazione-disabili-natura-psichica\">inserimento di soggetti con disabilit\u00e0 di natura psichica<\/a>.<\/p>\n<p>\u201c<em>In questa fase molto complessa dal punto di vista socio-economico<\/em> \u2013 commenta l\u2019assessora alla formazione professionale e al lavoro <strong>Alessandra Nardini<\/strong> \u2013 <em>il sostegno delle persone con fragilit\u00e0 \u00e8 ancora pi\u00f9 importante. Il nostro obiettivo \u00e8 garantire che il lavoro sia un diritto per tutte e tutti, nessuno escluso. Per questo proseguiamo nel nostro impegno verso le persone con disabilit\u00e0, a cui gi\u00e0 rivolgiamo una particolare attenzione anche in altre misure che come assessorato mettiamo in campo su formazione professionale e politiche attive del lavoro. Ci auguriamo che questi avvisi possano dare una prospettiva occupazionale e un reddito alle persone che vivono maggiori difficolt\u00e0<\/em>\u201d.<\/p>\n<p>Tra le azioni che potranno essere finanziate ci sono contributi per progetti di <strong>inserimento lavorativo<\/strong> e l\u2019attivazione di <strong>tirocini<\/strong>, contributi per <strong>l\u2019adeguamento dei posti di lavoro<\/strong> e l\u2019allestimento di tecnologie di <strong>telelavoro<\/strong>, l\u2019abbattimento <strong>barriere architettoniche<\/strong>, contributi per l\u2019istituzione di un responsabile dell&#8217;inserimento lavorativo e per le spese sostenute da Cooperative di tipo B per la creazione di posti di lavoro.<\/p>\n<p>I termini per la presentazione delle domande si differenziano a seconda degli avvisi, e sono ricompresi <strong>tra il 10 ottobre e il 29 febbraio 2024<\/strong>.<\/p>\n","protected":false},"excerpt":{"rendered":"<p>Da Arti dieci avvisi per assunzioni, attivazione di tirocini, abbattimento delle barriere architettoniche, allestimenti tecnologici<\/p>\n","protected":false},"author":525,"featured_media":298627,"comment_status":"open","ping_status":"open","sticky":false,"template":"","format":"standard","meta":{"_acf_changed":false,"footnotes":""},"categories":[494],"tags":[6226,406,260],"class_list":["post-298619","post","type-post","status-publish","format-standard","has-post-thumbnail","hentry","category-attualita","tag-alessandra-nardini","tag-disabilita","tag-lavoro"],"acf":[],"yoast_head":"<!-- This site is optimized with the Yoast SEO Premium plugin v24.2 (Yoast SEO v25.6) - https:\/\/yoast.com\/wordpress\/plugins\/seo\/ -->\n<title>Lavoro, 6 milioni di euro per l\u2019inserimento di persone con disabilit\u00e0 - intoscana<\/title>\n<meta name=\"description\" content=\"Da Arti dieci avvisi per assunzioni, attivazione di tirocini, abbattimento delle barriere architettoniche, allestimenti tecnologici\" \/>\n<meta name=\"robots\" content=\"index, follow, max-snippet:-1, max-image-preview:large, max-video-preview:-1\" \/>\n<link rel=\"canonical\" href=\"https:\/\/www.intoscana.it\/it\/lavoro-6-milioni-di-euro-per-linserimento-di-persone-con-disabilita\/\" \/>\n<meta property=\"og:locale\" content=\"it_IT\" \/>\n<meta property=\"og:type\" content=\"article\" \/>\n<meta property=\"og:title\" content=\"Lavoro, 6 milioni di euro per l\u2019inserimento di persone con disabilit\u00e0\" \/>\n<meta property=\"og:description\" content=\"Da Arti dieci avvisi per assunzioni, attivazione di tirocini, abbattimento delle barriere architettoniche, allestimenti tecnologici\" \/>\n<meta property=\"og:url\" content=\"https:\/\/www.intoscana.it\/it\/lavoro-6-milioni-di-euro-per-linserimento-di-persone-con-disabilita\/\" \/>\n<meta property=\"og:site_name\" content=\"intoscana\" \/>\n<meta property=\"article:publisher\" content=\"https:\/\/www.facebook.com\/intoscana.it\" \/>\n<meta property=\"article:published_time\" content=\"2023-08-03T12:32:08+00:00\" \/>\n<meta property=\"og:image\" content=\"https:\/\/www.intoscana.it\/wp-content\/uploads\/Lavoro-e-disabilita\u0300.jpeg\" \/>\n\t<meta property=\"og:image:width\" content=\"800\" \/>\n\t<meta property=\"og:image:height\" content=\"534\" \/>\n\t<meta property=\"og:image:type\" content=\"image\/jpeg\" \/>\n<meta name=\"author\" content=\"Redazione\" \/>\n<meta name=\"twitter:card\" content=\"summary_large_image\" \/>\n<meta name=\"twitter:creator\" content=\"@intoscana\" \/>\n<meta name=\"twitter:site\" content=\"@intoscana\" \/>\n<meta name=\"twitter:label1\" content=\"Written by\" \/>\n\t<meta name=\"twitter:data1\" content=\"Redazione\" \/>\n\t<meta name=\"twitter:label2\" content=\"Est. reading time\" \/>\n\t<meta name=\"twitter:data2\" content=\"1 minuto\" \/>\n<script type=\"application\/ld+json\" class=\"yoast-schema-graph\">{\"@context\":\"https:\/\/schema.org\",\"@graph\":[{\"@type\":\"WebPage\",\"@id\":\"https:\/\/www.intoscana.it\/it\/lavoro-6-milioni-di-euro-per-linserimento-di-persone-con-disabilita\/\",\"url\":\"https:\/\/www.intoscana.it\/it\/lavoro-6-milioni-di-euro-per-linserimento-di-persone-con-disabilita\/\",\"name\":\"Lavoro, 6 milioni di euro per l\u2019inserimento di persone con disabilit\u00e0 - intoscana\",\"isPartOf\":{\"@id\":\"https:\/\/www.intoscana.it\/it\/#website\"},\"primaryImageOfPage\":{\"@id\":\"https:\/\/www.intoscana.it\/it\/lavoro-6-milioni-di-euro-per-linserimento-di-persone-con-disabilita\/#primaryimage\"},\"image\":{\"@id\":\"https:\/\/www.intoscana.it\/it\/lavoro-6-milioni-di-euro-per-linserimento-di-persone-con-disabilita\/#primaryimage\"},\"thumbnailUrl\":\"https:\/\/www.intoscana.it\/wp-content\/uploads\/Lavoro-e-disabilita\u0300.jpeg\",\"datePublished\":\"2023-08-03T12:32:08+00:00\",\"author\":{\"@id\":\"https:\/\/www.intoscana.it\/it\/#\/schema\/person\/9223810753230f20bd670fdd322661f8\"},\"description\":\"Da Arti dieci avvisi per assunzioni, attivazione di tirocini, abbattimento delle barriere architettoniche, allestimenti tecnologici\",\"breadcrumb\":{\"@id\":\"https:\/\/www.intoscana.it\/it\/lavoro-6-milioni-di-euro-per-linserimento-di-persone-con-disabilita\/#breadcrumb\"},\"inLanguage\":\"it-IT\",\"potentialAction\":[{\"@type\":\"ReadAction\",\"target\":[\"https:\/\/www.intoscana.it\/it\/lavoro-6-milioni-di-euro-per-linserimento-di-persone-con-disabilita\/\"]}]},{\"@type\":\"ImageObject\",\"inLanguage\":\"it-IT\",\"@id\":\"https:\/\/www.intoscana.it\/it\/lavoro-6-milioni-di-euro-per-linserimento-di-persone-con-disabilita\/#primaryimage\",\"url\":\"https:\/\/www.intoscana.it\/wp-content\/uploads\/Lavoro-e-disabilita\u0300.jpeg\",\"contentUrl\":\"https:\/\/www.intoscana.it\/wp-content\/uploads\/Lavoro-e-disabilita\u0300.jpeg\",\"width\":800,\"height\":534,\"caption\":\"Lavoro e disabilita\u0300\"},{\"@type\":\"BreadcrumbList\",\"@id\":\"https:\/\/www.intoscana.it\/it\/lavoro-6-milioni-di-euro-per-linserimento-di-persone-con-disabilita\/#breadcrumb\",\"itemListElement\":[{\"@type\":\"ListItem\",\"position\":1,\"name\":\"Home\",\"item\":\"https:\/\/www.intoscana.it\/it\/\"},{\"@type\":\"ListItem\",\"position\":2,\"name\":\"Lavoro, 6 milioni di euro per l\u2019inserimento di persone con disabilit\u00e0\"}]},{\"@type\":\"WebSite\",\"@id\":\"https:\/\/www.intoscana.it\/it\/#website\",\"url\":\"https:\/\/www.intoscana.it\/it\/\",\"name\":\"intoscana\",\"description\":\"\",\"potentialAction\":[{\"@type\":\"SearchAction\",\"target\":{\"@type\":\"EntryPoint\",\"urlTemplate\":\"https:\/\/www.intoscana.it\/it\/?s={search_term_string}\"},\"query-input\":{\"@type\":\"PropertyValueSpecification\",\"valueRequired\":true,\"valueName\":\"search_term_string\"}}],\"inLanguage\":\"it-IT\"},{\"@type\":\"Person\",\"@id\":\"https:\/\/www.intoscana.it\/it\/#\/schema\/person\/9223810753230f20bd670fdd322661f8\",\"name\":\"Redazione\",\"url\":\"https:\/\/www.intoscana.it\/it\/author\/redazione\/\"}]}<\/script>\n<!-- \/ Yoast SEO Premium plugin. -->","yoast_head_json":{"title":"Lavoro, 6 milioni di euro per l\u2019inserimento di persone con disabilit\u00e0 - intoscana","description":"Da Arti dieci avvisi per assunzioni, attivazione di tirocini, abbattimento delle barriere architettoniche, allestimenti tecnologici","robots":{"index":"index","follow":"follow","max-snippet":"max-snippet:-1","max-image-preview":"max-image-preview:large","max-video-preview":"max-video-preview:-1"},"canonical":"https:\/\/www.intoscana.it\/it\/lavoro-6-milioni-di-euro-per-linserimento-di-persone-con-disabilita\/","og_locale":"it_IT","og_type":"article","og_title":"Lavoro, 6 milioni di euro per l\u2019inserimento di persone con disabilit\u00e0","og_description":"Da Arti dieci avvisi per assunzioni, attivazione di tirocini, abbattimento delle barriere architettoniche, allestimenti tecnologici","og_url":"https:\/\/www.intoscana.it\/it\/lavoro-6-milioni-di-euro-per-linserimento-di-persone-con-disabilita\/","og_site_name":"intoscana","article_publisher":"https:\/\/www.facebook.com\/intoscana.it","article_published_time":"2023-08-03T12:32:08+00:00","og_image":[{"width":800,"height":534,"url":"https:\/\/www.intoscana.it\/wp-content\/uploads\/Lavoro-e-disabilita\u0300.jpeg","type":"image\/jpeg"}],"author":"Redazione","twitter_card":"summary_large_image","twitter_creator":"@intoscana","twitter_site":"@intoscana","twitter_misc":{"Written by":"Redazione","Est. reading time":"1 minuto"},"schema":{"@context":"https:\/\/schema.org","@graph":[{"@type":"WebPage","@id":"https:\/\/www.intoscana.it\/it\/lavoro-6-milioni-di-euro-per-linserimento-di-persone-con-disabilita\/","url":"https:\/\/www.intoscana.it\/it\/lavoro-6-milioni-di-euro-per-linserimento-di-persone-con-disabilita\/","name":"Lavoro, 6 milioni di euro per l\u2019inserimento di persone con disabilit\u00e0 - intoscana","isPartOf":{"@id":"https:\/\/www.intoscana.it\/it\/#website"},"primaryImageOfPage":{"@id":"https:\/\/www.intoscana.it\/it\/lavoro-6-milioni-di-euro-per-linserimento-di-persone-con-disabilita\/#primaryimage"},"image":{"@id":"https:\/\/www.intoscana.it\/it\/lavoro-6-milioni-di-euro-per-linserimento-di-persone-con-disabilita\/#primaryimage"},"thumbnailUrl":"https:\/\/www.intoscana.it\/wp-content\/uploads\/Lavoro-e-disabilita\u0300.jpeg","datePublished":"2023-08-03T12:32:08+00:00","author":{"@id":"https:\/\/www.intoscana.it\/it\/#\/schema\/person\/9223810753230f20bd670fdd322661f8"},"description":"Da Arti dieci avvisi per assunzioni, attivazione di tirocini, abbattimento delle barriere architettoniche, allestimenti tecnologici","breadcrumb":{"@id":"https:\/\/www.intoscana.it\/it\/lavoro-6-milioni-di-euro-per-linserimento-di-persone-con-disabilita\/#breadcrumb"},"inLanguage":"it-IT","potentialAction":[{"@type":"ReadAction","target":["https:\/\/www.intoscana.it\/it\/lavoro-6-milioni-di-euro-per-linserimento-di-persone-con-disabilita\/"]}]},{"@type":"ImageObject","inLanguage":"it-IT","@id":"https:\/\/www.intoscana.it\/it\/lavoro-6-milioni-di-euro-per-linserimento-di-persone-con-disabilita\/#primaryimage","url":"https:\/\/www.intoscana.it\/wp-content\/uploads\/Lavoro-e-disabilita\u0300.jpeg","contentUrl":"https:\/\/www.intoscana.it\/wp-content\/uploads\/Lavoro-e-disabilita\u0300.jpeg","width":800,"height":534,"caption":"Lavoro e disabilita\u0300"},{"@type":"BreadcrumbList","@id":"https:\/\/www.intoscana.it\/it\/lavoro-6-milioni-di-euro-per-linserimento-di-persone-con-disabilita\/#breadcrumb","itemListElement":[{"@type":"ListItem","position":1,"name":"Home","item":"https:\/\/www.intoscana.it\/it\/"},{"@type":"ListItem","position":2,"name":"Lavoro, 6 milioni di euro per l\u2019inserimento di persone con disabilit\u00e0"}]},{"@type":"WebSite","@id":"https:\/\/www.intoscana.it\/it\/#website","url":"https:\/\/www.intoscana.it\/it\/","name":"intoscana","description":"","potentialAction":[{"@type":"SearchAction","target":{"@type":"EntryPoint","urlTemplate":"https:\/\/www.intoscana.it\/it\/?s={search_term_string}"},"query-input":{"@type":"PropertyValueSpecification","valueRequired":true,"valueName":"search_term_string"}}],"inLanguage":"it-IT"},{"@type":"Person","@id":"https:\/\/www.intoscana.it\/it\/#\/schema\/person\/9223810753230f20bd670fdd322661f8","name":"Redazione","url":"https:\/\/www.intoscana.it\/it\/author\/redazione\/"}]}},"_links":{"self":[{"href":"https:\/\/www.intoscana.it\/it\/wp-json\/wp\/v2\/posts\/298619","targetHints":{"allow":["GET"]}}],"collection":[{"href":"https:\/\/www.intoscana.it\/it\/wp-json\/wp\/v2\/posts"}],"about":[{"href":"https:\/\/www.intoscana.it\/it\/wp-json\/wp\/v2\/types\/post"}],"author":[{"embeddable":true,"href":"https:\/\/www.intoscana.it\/it\/wp-json\/wp\/v2\/users\/525"}],"replies":[{"embeddable":true,"href":"https:\/\/www.intoscana.it\/it\/wp-json\/wp\/v2\/comments?post=298619"}],"version-history":[{"count":0,"href":"https:\/\/www.intoscana.it\/it\/wp-json\/wp\/v2\/posts\/298619\/revisions"}],"wp:featuredmedia":[{"embeddable":true,"href":"https:\/\/www.intoscana.it\/it\/wp-json\/wp\/v2\/media\/298627"}],"wp:attachment":[{"href":"https:\/\/www.intoscana.it\/it\/wp-json\/wp\/v2\/media?parent=298619"}],"wp:term":[{"taxonomy":"category","embeddable":true,"href":"https:\/\/www.intoscana.it\/it\/wp-json\/wp\/v2\/categories?post=298619"},{"taxonomy":"post_tag","embeddable":true,"href":"https:\/\/www.intoscana.it\/it\/wp-json\/wp\/v2\/tags?post=298619"}],"curies":[{"name":"wp","href":"https:\/\/api.w.org\/{rel}","templated":true}]}}