{"id":298623,"date":"2023-08-03T14:24:46","date_gmt":"2023-08-03T12:24:46","guid":{"rendered":"https:\/\/www.intoscana.it\/it\/?p=298623"},"modified":"2023-08-03T14:33:01","modified_gmt":"2023-08-03T12:33:01","slug":"a-palazzo-sansedoni-a-siena-in-mostra-le-opere-di-marco-lodola","status":"publish","type":"post","link":"https:\/\/www.intoscana.it\/it\/a-palazzo-sansedoni-a-siena-in-mostra-le-opere-di-marco-lodola\/","title":{"rendered":"A Palazzo Sansedoni a Siena in mostra le opere di Marco Lodola"},"content":{"rendered":"<p>L&#8217;artista contemporaneo italiano <strong>Marco Lodola<\/strong> esporr\u00e0 le sue opere <strong>dal 7 al 31 agosto a Palazzo Sansedoni a Siena.\u00a0<\/strong><\/p>\n<p>La mostra <em><strong>&#8220;Luci a Palazzo&#8221;<\/strong> <\/em>proporr\u00e0 al pubblico una selezione di <strong>sculture luminose<\/strong> del maestro\u00a0fra i fondatori del movimento del <strong>Nuovo Futurismo<\/strong>, dando vita a suggestivi cromatismi e commistioni con le gi\u00e0 presenti opere della <strong>Collezione della Fondazione Mps.<\/strong><\/p>\n<p>La rassegna verr\u00e0 arricchita anche con una <strong>decina di disegni preparatori<\/strong> realizzati dall&#8217;artista per il\u00a0<strong>Drappellone del palio dell&#8217;Assunta<\/strong> che si correr\u00e0 a Siena il prossimo <strong>16 agosto.<\/strong><\/p>\n<p><strong>Sar\u00e0 possibile visitare l&#8217;esposizione a ingresso libero<\/strong> dal luned\u00ec al venerd\u00ec, dalle ore 10 alle 13 e dalle ore 16 alle 18, aad eccezione del 14 e 15 agosto dalle ore 10 alle 13. La mostra sar\u00e0, invece, chiusa nei giorni 16, 17, 18 agosto e riaprir\u00e0 regolarmente il 21 agosto.<\/p>\n<h3>Marco Lodola ha donato il &#8220;Pegaso&#8221; a Siena<\/h3>\n<p>L&#8217;artista <strong>Marco Lodola<\/strong> ha deciso di donare a Siena l&#8217;opera luminosa &#8216;<em><strong>Pegaso&#8217;<\/strong><\/em> realizzata in occasione della mostra.<\/p>\n<p><strong>Un cavallo alato<\/strong> nel momento in cui da terra si innalza in galoppo, descrivendo la sintesi tra la solidit\u00e0 del corpo e la sua aspirazione celeste in un&#8217;esplosione di colori pop.<\/p>\n<p>La mitologia narra che <strong>Pegaso fu addomesticato con le briglie d&#8217;oro di Atena<\/strong> e vol\u00f2 verso l&#8217;Olimpo, per poi trasformarsi, assecondando la volont\u00e0 di Zeus, nella luminosa costellazione che porta il suo nome.<\/p>\n<p><em>&#8220;Un dono prezioso alla citt\u00e0<\/em> &#8211; ha spiegato<strong> l&#8217;assessore alla cultura del Comune, Pasquale Colella<\/strong> &#8211; <em>non solo perch\u00e9 \u00e8 un&#8217;opera del maestro Lodola che realizzer\u00e0 il drappellone per il Palio del prossimo 16 agosto 2023, ma anche perch\u00e9 in essa \u00e8 racchiusa la vera essenza di Siena: la forza e l&#8217;audacia di un destriero che guarda al cielo, al suo destino e al Fato. Manifesto della citt\u00e0 del Palio. Stiamo lavorando assieme al sindaco Luigi De Mossi per un&#8217;adeguata collocazione di questa opera assieme alla Soprintendenza&#8221;.<\/em><\/p>\n<h3>Il drappellone di Marco Lodola<\/h3>\n<p>Il drappellone di <strong>Marco Lodola<\/strong> sar\u00e0 svelato al pubblico<strong> gioved\u00ec 10 agosto,<\/strong> alle ore 19, nel Cortile del Podest\u00e0 di Palazzo Pubblico dal<strong> sindaco Nicoletta Fabio.<\/strong><\/p>\n<p>&nbsp;<\/p>\n","protected":false},"excerpt":{"rendered":"<p>Dal 7 al 31 agosto ingresso libero per la mostra &#8220;Luci a Palazzo&#8221;, l&#8217;artista \u00e8 l&#8217;autore del Drappellone del palio dell&#8217;Assunta che si correr\u00e0 a Siena il prossimo 16 agosto<\/p>\n","protected":false},"author":525,"featured_media":298624,"comment_status":"open","ping_status":"open","sticky":false,"template":"","format":"standard","meta":{"_acf_changed":false,"footnotes":""},"categories":[493],"tags":[227,222,4432,164],"class_list":["post-298623","post","type-post","status-publish","format-standard","has-post-thumbnail","hentry","category-cultura","tag-arte-contemporanea","tag-mostre","tag-palio-di-siena","tag-siena"],"acf":[],"yoast_head":"<!-- This site is optimized with the Yoast SEO Premium plugin v24.2 (Yoast SEO v25.6) - https:\/\/yoast.com\/wordpress\/plugins\/seo\/ -->\n<title>A Palazzo Sansedoni a Siena in mostra le opere di Marco Lodola - intoscana<\/title>\n<meta name=\"description\" content=\"Dal 7 al 31 agosto ingresso libero per la mostra &quot;Luci a Palazzo&quot;, l&#039;artista che \u00e8 l&#039;autore del Drappellone del palio dell&#039;Assunta\" \/>\n<meta name=\"robots\" content=\"index, follow, max-snippet:-1, max-image-preview:large, max-video-preview:-1\" \/>\n<link rel=\"canonical\" href=\"https:\/\/www.intoscana.it\/it\/a-palazzo-sansedoni-a-siena-in-mostra-le-opere-di-marco-lodola\/\" \/>\n<meta property=\"og:locale\" content=\"it_IT\" \/>\n<meta property=\"og:type\" content=\"article\" \/>\n<meta property=\"og:title\" content=\"A Palazzo Sansedoni a Siena in mostra le opere di Marco Lodola\" \/>\n<meta property=\"og:description\" content=\"Dal 7 al 31 agosto ingresso libero per la mostra &quot;Luci a Palazzo&quot;, l&#039;artista che \u00e8 l&#039;autore del Drappellone del palio dell&#039;Assunta\" \/>\n<meta property=\"og:url\" content=\"https:\/\/www.intoscana.it\/it\/a-palazzo-sansedoni-a-siena-in-mostra-le-opere-di-marco-lodola\/\" \/>\n<meta property=\"og:site_name\" content=\"intoscana\" \/>\n<meta property=\"article:publisher\" content=\"https:\/\/www.facebook.com\/intoscana.it\" \/>\n<meta property=\"article:published_time\" content=\"2023-08-03T12:24:46+00:00\" \/>\n<meta property=\"article:modified_time\" content=\"2023-08-03T12:33:01+00:00\" \/>\n<meta property=\"og:image\" content=\"https:\/\/www.intoscana.it\/wp-content\/uploads\/317889640_580823534048988_2262188851108460449_n-e1677840009442.jpg\" \/>\n\t<meta property=\"og:image:width\" content=\"1500\" \/>\n\t<meta property=\"og:image:height\" content=\"955\" \/>\n\t<meta property=\"og:image:type\" content=\"image\/jpeg\" \/>\n<meta name=\"author\" content=\"Redazione\" \/>\n<meta name=\"twitter:card\" content=\"summary_large_image\" \/>\n<meta name=\"twitter:creator\" content=\"@intoscana\" \/>\n<meta name=\"twitter:site\" content=\"@intoscana\" \/>\n<meta name=\"twitter:label1\" content=\"Written by\" \/>\n\t<meta name=\"twitter:data1\" content=\"Redazione\" \/>\n\t<meta name=\"twitter:label2\" content=\"Est. reading time\" \/>\n\t<meta name=\"twitter:data2\" content=\"2 minuti\" \/>\n<script type=\"application\/ld+json\" class=\"yoast-schema-graph\">{\"@context\":\"https:\/\/schema.org\",\"@graph\":[{\"@type\":\"WebPage\",\"@id\":\"https:\/\/www.intoscana.it\/it\/a-palazzo-sansedoni-a-siena-in-mostra-le-opere-di-marco-lodola\/\",\"url\":\"https:\/\/www.intoscana.it\/it\/a-palazzo-sansedoni-a-siena-in-mostra-le-opere-di-marco-lodola\/\",\"name\":\"A Palazzo Sansedoni a Siena in mostra le opere di Marco Lodola - intoscana\",\"isPartOf\":{\"@id\":\"https:\/\/www.intoscana.it\/it\/#website\"},\"primaryImageOfPage\":{\"@id\":\"https:\/\/www.intoscana.it\/it\/a-palazzo-sansedoni-a-siena-in-mostra-le-opere-di-marco-lodola\/#primaryimage\"},\"image\":{\"@id\":\"https:\/\/www.intoscana.it\/it\/a-palazzo-sansedoni-a-siena-in-mostra-le-opere-di-marco-lodola\/#primaryimage\"},\"thumbnailUrl\":\"https:\/\/www.intoscana.it\/wp-content\/uploads\/317889640_580823534048988_2262188851108460449_n-e1677840009442.jpg\",\"datePublished\":\"2023-08-03T12:24:46+00:00\",\"dateModified\":\"2023-08-03T12:33:01+00:00\",\"author\":{\"@id\":\"https:\/\/www.intoscana.it\/it\/#\/schema\/person\/9223810753230f20bd670fdd322661f8\"},\"description\":\"Dal 7 al 31 agosto ingresso libero per la mostra \\\"Luci a Palazzo\\\", l'artista che \u00e8 l'autore del Drappellone del palio dell'Assunta\",\"breadcrumb\":{\"@id\":\"https:\/\/www.intoscana.it\/it\/a-palazzo-sansedoni-a-siena-in-mostra-le-opere-di-marco-lodola\/#breadcrumb\"},\"inLanguage\":\"it-IT\",\"potentialAction\":[{\"@type\":\"ReadAction\",\"target\":[\"https:\/\/www.intoscana.it\/it\/a-palazzo-sansedoni-a-siena-in-mostra-le-opere-di-marco-lodola\/\"]}]},{\"@type\":\"ImageObject\",\"inLanguage\":\"it-IT\",\"@id\":\"https:\/\/www.intoscana.it\/it\/a-palazzo-sansedoni-a-siena-in-mostra-le-opere-di-marco-lodola\/#primaryimage\",\"url\":\"https:\/\/www.intoscana.it\/wp-content\/uploads\/317889640_580823534048988_2262188851108460449_n-e1677840009442.jpg\",\"contentUrl\":\"https:\/\/www.intoscana.it\/wp-content\/uploads\/317889640_580823534048988_2262188851108460449_n-e1677840009442.jpg\",\"width\":1500,\"height\":955,\"caption\":\"Il Pegaso di Lodola a Siena\"},{\"@type\":\"BreadcrumbList\",\"@id\":\"https:\/\/www.intoscana.it\/it\/a-palazzo-sansedoni-a-siena-in-mostra-le-opere-di-marco-lodola\/#breadcrumb\",\"itemListElement\":[{\"@type\":\"ListItem\",\"position\":1,\"name\":\"Home\",\"item\":\"https:\/\/www.intoscana.it\/it\/\"},{\"@type\":\"ListItem\",\"position\":2,\"name\":\"A Palazzo Sansedoni a Siena in mostra le opere di Marco Lodola\"}]},{\"@type\":\"WebSite\",\"@id\":\"https:\/\/www.intoscana.it\/it\/#website\",\"url\":\"https:\/\/www.intoscana.it\/it\/\",\"name\":\"intoscana\",\"description\":\"\",\"potentialAction\":[{\"@type\":\"SearchAction\",\"target\":{\"@type\":\"EntryPoint\",\"urlTemplate\":\"https:\/\/www.intoscana.it\/it\/?s={search_term_string}\"},\"query-input\":{\"@type\":\"PropertyValueSpecification\",\"valueRequired\":true,\"valueName\":\"search_term_string\"}}],\"inLanguage\":\"it-IT\"},{\"@type\":\"Person\",\"@id\":\"https:\/\/www.intoscana.it\/it\/#\/schema\/person\/9223810753230f20bd670fdd322661f8\",\"name\":\"Redazione\",\"url\":\"https:\/\/www.intoscana.it\/it\/author\/redazione\/\"}]}<\/script>\n<!-- \/ Yoast SEO Premium plugin. -->","yoast_head_json":{"title":"A Palazzo Sansedoni a Siena in mostra le opere di Marco Lodola - intoscana","description":"Dal 7 al 31 agosto ingresso libero per la mostra \"Luci a Palazzo\", l'artista che \u00e8 l'autore del Drappellone del palio dell'Assunta","robots":{"index":"index","follow":"follow","max-snippet":"max-snippet:-1","max-image-preview":"max-image-preview:large","max-video-preview":"max-video-preview:-1"},"canonical":"https:\/\/www.intoscana.it\/it\/a-palazzo-sansedoni-a-siena-in-mostra-le-opere-di-marco-lodola\/","og_locale":"it_IT","og_type":"article","og_title":"A Palazzo Sansedoni a Siena in mostra le opere di Marco Lodola","og_description":"Dal 7 al 31 agosto ingresso libero per la mostra \"Luci a Palazzo\", l'artista che \u00e8 l'autore del Drappellone del palio dell'Assunta","og_url":"https:\/\/www.intoscana.it\/it\/a-palazzo-sansedoni-a-siena-in-mostra-le-opere-di-marco-lodola\/","og_site_name":"intoscana","article_publisher":"https:\/\/www.facebook.com\/intoscana.it","article_published_time":"2023-08-03T12:24:46+00:00","article_modified_time":"2023-08-03T12:33:01+00:00","og_image":[{"width":1500,"height":955,"url":"https:\/\/www.intoscana.it\/wp-content\/uploads\/317889640_580823534048988_2262188851108460449_n-e1677840009442.jpg","type":"image\/jpeg"}],"author":"Redazione","twitter_card":"summary_large_image","twitter_creator":"@intoscana","twitter_site":"@intoscana","twitter_misc":{"Written by":"Redazione","Est. reading time":"2 minuti"},"schema":{"@context":"https:\/\/schema.org","@graph":[{"@type":"WebPage","@id":"https:\/\/www.intoscana.it\/it\/a-palazzo-sansedoni-a-siena-in-mostra-le-opere-di-marco-lodola\/","url":"https:\/\/www.intoscana.it\/it\/a-palazzo-sansedoni-a-siena-in-mostra-le-opere-di-marco-lodola\/","name":"A Palazzo Sansedoni a Siena in mostra le opere di Marco Lodola - intoscana","isPartOf":{"@id":"https:\/\/www.intoscana.it\/it\/#website"},"primaryImageOfPage":{"@id":"https:\/\/www.intoscana.it\/it\/a-palazzo-sansedoni-a-siena-in-mostra-le-opere-di-marco-lodola\/#primaryimage"},"image":{"@id":"https:\/\/www.intoscana.it\/it\/a-palazzo-sansedoni-a-siena-in-mostra-le-opere-di-marco-lodola\/#primaryimage"},"thumbnailUrl":"https:\/\/www.intoscana.it\/wp-content\/uploads\/317889640_580823534048988_2262188851108460449_n-e1677840009442.jpg","datePublished":"2023-08-03T12:24:46+00:00","dateModified":"2023-08-03T12:33:01+00:00","author":{"@id":"https:\/\/www.intoscana.it\/it\/#\/schema\/person\/9223810753230f20bd670fdd322661f8"},"description":"Dal 7 al 31 agosto ingresso libero per la mostra \"Luci a Palazzo\", l'artista che \u00e8 l'autore del Drappellone del palio dell'Assunta","breadcrumb":{"@id":"https:\/\/www.intoscana.it\/it\/a-palazzo-sansedoni-a-siena-in-mostra-le-opere-di-marco-lodola\/#breadcrumb"},"inLanguage":"it-IT","potentialAction":[{"@type":"ReadAction","target":["https:\/\/www.intoscana.it\/it\/a-palazzo-sansedoni-a-siena-in-mostra-le-opere-di-marco-lodola\/"]}]},{"@type":"ImageObject","inLanguage":"it-IT","@id":"https:\/\/www.intoscana.it\/it\/a-palazzo-sansedoni-a-siena-in-mostra-le-opere-di-marco-lodola\/#primaryimage","url":"https:\/\/www.intoscana.it\/wp-content\/uploads\/317889640_580823534048988_2262188851108460449_n-e1677840009442.jpg","contentUrl":"https:\/\/www.intoscana.it\/wp-content\/uploads\/317889640_580823534048988_2262188851108460449_n-e1677840009442.jpg","width":1500,"height":955,"caption":"Il Pegaso di Lodola a Siena"},{"@type":"BreadcrumbList","@id":"https:\/\/www.intoscana.it\/it\/a-palazzo-sansedoni-a-siena-in-mostra-le-opere-di-marco-lodola\/#breadcrumb","itemListElement":[{"@type":"ListItem","position":1,"name":"Home","item":"https:\/\/www.intoscana.it\/it\/"},{"@type":"ListItem","position":2,"name":"A Palazzo Sansedoni a Siena in mostra le opere di Marco Lodola"}]},{"@type":"WebSite","@id":"https:\/\/www.intoscana.it\/it\/#website","url":"https:\/\/www.intoscana.it\/it\/","name":"intoscana","description":"","potentialAction":[{"@type":"SearchAction","target":{"@type":"EntryPoint","urlTemplate":"https:\/\/www.intoscana.it\/it\/?s={search_term_string}"},"query-input":{"@type":"PropertyValueSpecification","valueRequired":true,"valueName":"search_term_string"}}],"inLanguage":"it-IT"},{"@type":"Person","@id":"https:\/\/www.intoscana.it\/it\/#\/schema\/person\/9223810753230f20bd670fdd322661f8","name":"Redazione","url":"https:\/\/www.intoscana.it\/it\/author\/redazione\/"}]}},"_links":{"self":[{"href":"https:\/\/www.intoscana.it\/it\/wp-json\/wp\/v2\/posts\/298623","targetHints":{"allow":["GET"]}}],"collection":[{"href":"https:\/\/www.intoscana.it\/it\/wp-json\/wp\/v2\/posts"}],"about":[{"href":"https:\/\/www.intoscana.it\/it\/wp-json\/wp\/v2\/types\/post"}],"author":[{"embeddable":true,"href":"https:\/\/www.intoscana.it\/it\/wp-json\/wp\/v2\/users\/525"}],"replies":[{"embeddable":true,"href":"https:\/\/www.intoscana.it\/it\/wp-json\/wp\/v2\/comments?post=298623"}],"version-history":[{"count":0,"href":"https:\/\/www.intoscana.it\/it\/wp-json\/wp\/v2\/posts\/298623\/revisions"}],"wp:featuredmedia":[{"embeddable":true,"href":"https:\/\/www.intoscana.it\/it\/wp-json\/wp\/v2\/media\/298624"}],"wp:attachment":[{"href":"https:\/\/www.intoscana.it\/it\/wp-json\/wp\/v2\/media?parent=298623"}],"wp:term":[{"taxonomy":"category","embeddable":true,"href":"https:\/\/www.intoscana.it\/it\/wp-json\/wp\/v2\/categories?post=298623"},{"taxonomy":"post_tag","embeddable":true,"href":"https:\/\/www.intoscana.it\/it\/wp-json\/wp\/v2\/tags?post=298623"}],"curies":[{"name":"wp","href":"https:\/\/api.w.org\/{rel}","templated":true}]}}