{"id":298709,"date":"2023-08-04T10:08:42","date_gmt":"2023-08-04T08:08:42","guid":{"rendered":"https:\/\/www.intoscana.it\/it\/?p=298709"},"modified":"2023-08-04T10:09:20","modified_gmt":"2023-08-04T08:09:20","slug":"lazienda-malatesta-legnami-ritira-i-licenziamenti-la-regione-cerca-un-compratore","status":"publish","type":"post","link":"https:\/\/www.intoscana.it\/it\/lazienda-malatesta-legnami-ritira-i-licenziamenti-la-regione-cerca-un-compratore\/","title":{"rendered":"L&#8217;azienda Malatesta Legnami ritira i licenziamenti, la Regione cerca un compratore"},"content":{"rendered":"<p>\u00c8 stato<strong> firmato l&#8217;accordo a Palazzo Strozzi Sacrati, a Firenze,<\/strong> sede della <strong>Regione Toscana<\/strong>, sulla vertenza della<strong> Malatesta Legnami, <\/strong>la ditta lunigianese di Licciana Nardi <strong>chiusa dallo scorso giugno <\/strong>e specializzata nella produzione di <strong>coperture in legno per capannoni industriali.<\/strong><\/p>\n<p>Obiettivo il <strong>ritiro dei licenziamenti collettivi dei 20 lavoratori<\/strong> e l&#8217;avvio della procedure per l\u2019attivazione degli <strong>ammortizzatori sociali.\u00a0<\/strong><\/p>\n<p>L\u2019intesa \u00e8 stata sottoscritta tra <strong>l\u2019amministratore unico dell\u2019azienda, Valerio Vecchiuzzo,<\/strong> <strong>i rappresentanti dei lavoratori e della Filca-Cisl,<\/strong> presso il tavolo regionale a cui hanno partecipato<strong> l\u2019assessora al lavoro Alessandra Nardini, il consigliere del presidente Giani per le crisi aziendali Valerio Fabiani<\/strong>, assieme ai funzionari di Arti e dell\u2019Unit\u00e0 di crisi regionale, e<strong> il sindaco di Licciana Nardi Renzo Martelloni.<\/strong><\/p>\n<h3><strong>Prosegue l&#8217;attivit\u00e0 di scouting della Regione<\/strong><\/h3>\n<p>Parallelamente alla firma dell\u2019intesa, la Regione sta portando avanti l\u2019<strong>attivit\u00e0 di scouting<\/strong> messa in campo in queste settimane in accordo con il Comune, che ha gi\u00e0 portato alcune manifestazioni di interesse, per<strong> individuare una nuova propriet\u00e0 dell\u2019insediamento<\/strong>.<\/p>\n<p>Cauta soddisfazione per la firma \u00e8 stata espressa da <strong>Nardini e Fabiani.<\/strong> <em>\u201cOggi \u2013<\/em><strong> hanno dichiarato<\/strong><em> &#8211; si apre uno spiraglio per il futuro occupazionale dei lavoratori e per la prosecuzione dell\u2019attivit\u00e0 produttiva di questa storica azienda, e continueremo a vigilare la situazione\u201d. \u201cIntanto \u2013 concludono \u2013 con la firma di oggi ribadiamo che non si ferma il nostro lavoro per trovare un nuovo acquirente in grado di rilanciare il sito e che l\u2019attenzione continua della Regione sulle crisi aziendali \u00e8 un impegno che caratterizza questa amministrazione\u201d.<\/em><\/p>\n<h3>L&#8217;azienda Malatesta Legnami<\/h3>\n<p>Fino al 2022 <strong>Malatesta Legnami \u00e8 stata un\u2019azienda condotta dalla famiglia Malatesta<\/strong>. Attualmente le quote societarie sono possedute per il 60% da <strong>Innovatek S.r.l.<\/strong> e per il 40% dall<strong>\u2019imprenditore Vecchiuzzo,<\/strong> che \u00e8 anche amministratore unico.<\/p>\n<p>Nelle settimane scorse,<strong> la propriet\u00e0 aveva avviato le procedure di licenziamento collettivo<\/strong>, dopo aver annunciato la chiusura temporanea della ditta dal 12 giugno, ufficialmente per effettuare lavori di manutenzione.<\/p>\n","protected":false},"excerpt":{"rendered":"<p>Firmato l&#8217;accordo con i sindacati, prosegue l&#8217;impegno della giunta regionale nell&#8217;attivit\u00e0 di scouting per individuare una nuova propriet\u00e0, che ha gi\u00e0 portato alcune manifestazioni di interesse<\/p>\n","protected":false},"author":525,"featured_media":298711,"comment_status":"open","ping_status":"open","sticky":false,"template":"","format":"standard","meta":{"_acf_changed":false,"footnotes":""},"categories":[494],"tags":[194,260,151],"class_list":["post-298709","post","type-post","status-publish","format-standard","has-post-thumbnail","hentry","category-attualita","tag-aziende","tag-lavoro","tag-regione-toscana"],"acf":[],"yoast_head":"<!-- This site is optimized with the Yoast SEO Premium plugin v24.2 (Yoast SEO v25.6) - https:\/\/yoast.com\/wordpress\/plugins\/seo\/ -->\n<title>L&#039;azienda Malatesta Legnami ritira i licenziamenti, la Regione cerca un compratore - intoscana<\/title>\n<meta name=\"robots\" content=\"index, follow, max-snippet:-1, max-image-preview:large, max-video-preview:-1\" \/>\n<link rel=\"canonical\" href=\"https:\/\/www.intoscana.it\/it\/lazienda-malatesta-legnami-ritira-i-licenziamenti-la-regione-cerca-un-compratore\/\" \/>\n<meta property=\"og:locale\" content=\"it_IT\" \/>\n<meta property=\"og:type\" content=\"article\" \/>\n<meta property=\"og:title\" content=\"L&#039;azienda Malatesta Legnami ritira i licenziamenti, la Regione cerca un compratore\" \/>\n<meta property=\"og:description\" content=\"Firmato l&#039;accordo con i sindacati, prosegue l&#039;impegno della giunta regionale nell&#039;attivit\u00e0 di scouting per individuare una nuova propriet\u00e0, che ha gi\u00e0 portato alcune manifestazioni di interesse\" \/>\n<meta property=\"og:url\" content=\"https:\/\/www.intoscana.it\/it\/lazienda-malatesta-legnami-ritira-i-licenziamenti-la-regione-cerca-un-compratore\/\" \/>\n<meta property=\"og:site_name\" content=\"intoscana\" \/>\n<meta property=\"article:publisher\" content=\"https:\/\/www.facebook.com\/intoscana.it\" \/>\n<meta property=\"article:published_time\" content=\"2023-08-04T08:08:42+00:00\" \/>\n<meta property=\"article:modified_time\" content=\"2023-08-04T08:09:20+00:00\" \/>\n<meta property=\"og:image\" content=\"https:\/\/www.intoscana.it\/wp-content\/uploads\/nardini-fabiani.jpeg\" \/>\n\t<meta property=\"og:image:width\" content=\"608\" \/>\n\t<meta property=\"og:image:height\" content=\"365\" \/>\n\t<meta property=\"og:image:type\" content=\"image\/jpeg\" \/>\n<meta name=\"author\" content=\"Redazione\" \/>\n<meta name=\"twitter:card\" content=\"summary_large_image\" \/>\n<meta name=\"twitter:creator\" content=\"@intoscana\" \/>\n<meta name=\"twitter:site\" content=\"@intoscana\" \/>\n<meta name=\"twitter:label1\" content=\"Written by\" \/>\n\t<meta name=\"twitter:data1\" content=\"Redazione\" \/>\n\t<meta name=\"twitter:label2\" content=\"Est. reading time\" \/>\n\t<meta name=\"twitter:data2\" content=\"2 minuti\" \/>\n<script type=\"application\/ld+json\" class=\"yoast-schema-graph\">{\"@context\":\"https:\/\/schema.org\",\"@graph\":[{\"@type\":\"WebPage\",\"@id\":\"https:\/\/www.intoscana.it\/it\/lazienda-malatesta-legnami-ritira-i-licenziamenti-la-regione-cerca-un-compratore\/\",\"url\":\"https:\/\/www.intoscana.it\/it\/lazienda-malatesta-legnami-ritira-i-licenziamenti-la-regione-cerca-un-compratore\/\",\"name\":\"L'azienda Malatesta Legnami ritira i licenziamenti, la Regione cerca un compratore - intoscana\",\"isPartOf\":{\"@id\":\"https:\/\/www.intoscana.it\/it\/#website\"},\"primaryImageOfPage\":{\"@id\":\"https:\/\/www.intoscana.it\/it\/lazienda-malatesta-legnami-ritira-i-licenziamenti-la-regione-cerca-un-compratore\/#primaryimage\"},\"image\":{\"@id\":\"https:\/\/www.intoscana.it\/it\/lazienda-malatesta-legnami-ritira-i-licenziamenti-la-regione-cerca-un-compratore\/#primaryimage\"},\"thumbnailUrl\":\"https:\/\/www.intoscana.it\/wp-content\/uploads\/nardini-fabiani.jpeg\",\"datePublished\":\"2023-08-04T08:08:42+00:00\",\"dateModified\":\"2023-08-04T08:09:20+00:00\",\"author\":{\"@id\":\"https:\/\/www.intoscana.it\/it\/#\/schema\/person\/9223810753230f20bd670fdd322661f8\"},\"breadcrumb\":{\"@id\":\"https:\/\/www.intoscana.it\/it\/lazienda-malatesta-legnami-ritira-i-licenziamenti-la-regione-cerca-un-compratore\/#breadcrumb\"},\"inLanguage\":\"it-IT\",\"potentialAction\":[{\"@type\":\"ReadAction\",\"target\":[\"https:\/\/www.intoscana.it\/it\/lazienda-malatesta-legnami-ritira-i-licenziamenti-la-regione-cerca-un-compratore\/\"]}]},{\"@type\":\"ImageObject\",\"inLanguage\":\"it-IT\",\"@id\":\"https:\/\/www.intoscana.it\/it\/lazienda-malatesta-legnami-ritira-i-licenziamenti-la-regione-cerca-un-compratore\/#primaryimage\",\"url\":\"https:\/\/www.intoscana.it\/wp-content\/uploads\/nardini-fabiani.jpeg\",\"contentUrl\":\"https:\/\/www.intoscana.it\/wp-content\/uploads\/nardini-fabiani.jpeg\",\"width\":608,\"height\":365},{\"@type\":\"BreadcrumbList\",\"@id\":\"https:\/\/www.intoscana.it\/it\/lazienda-malatesta-legnami-ritira-i-licenziamenti-la-regione-cerca-un-compratore\/#breadcrumb\",\"itemListElement\":[{\"@type\":\"ListItem\",\"position\":1,\"name\":\"Home\",\"item\":\"https:\/\/www.intoscana.it\/it\/\"},{\"@type\":\"ListItem\",\"position\":2,\"name\":\"L&#8217;azienda Malatesta Legnami ritira i licenziamenti, la Regione cerca un compratore\"}]},{\"@type\":\"WebSite\",\"@id\":\"https:\/\/www.intoscana.it\/it\/#website\",\"url\":\"https:\/\/www.intoscana.it\/it\/\",\"name\":\"intoscana\",\"description\":\"\",\"potentialAction\":[{\"@type\":\"SearchAction\",\"target\":{\"@type\":\"EntryPoint\",\"urlTemplate\":\"https:\/\/www.intoscana.it\/it\/?s={search_term_string}\"},\"query-input\":{\"@type\":\"PropertyValueSpecification\",\"valueRequired\":true,\"valueName\":\"search_term_string\"}}],\"inLanguage\":\"it-IT\"},{\"@type\":\"Person\",\"@id\":\"https:\/\/www.intoscana.it\/it\/#\/schema\/person\/9223810753230f20bd670fdd322661f8\",\"name\":\"Redazione\",\"url\":\"https:\/\/www.intoscana.it\/it\/author\/redazione\/\"}]}<\/script>\n<!-- \/ Yoast SEO Premium plugin. -->","yoast_head_json":{"title":"L'azienda Malatesta Legnami ritira i licenziamenti, la Regione cerca un compratore - intoscana","robots":{"index":"index","follow":"follow","max-snippet":"max-snippet:-1","max-image-preview":"max-image-preview:large","max-video-preview":"max-video-preview:-1"},"canonical":"https:\/\/www.intoscana.it\/it\/lazienda-malatesta-legnami-ritira-i-licenziamenti-la-regione-cerca-un-compratore\/","og_locale":"it_IT","og_type":"article","og_title":"L'azienda Malatesta Legnami ritira i licenziamenti, la Regione cerca un compratore","og_description":"Firmato l'accordo con i sindacati, prosegue l'impegno della giunta regionale nell'attivit\u00e0 di scouting per individuare una nuova propriet\u00e0, che ha gi\u00e0 portato alcune manifestazioni di interesse","og_url":"https:\/\/www.intoscana.it\/it\/lazienda-malatesta-legnami-ritira-i-licenziamenti-la-regione-cerca-un-compratore\/","og_site_name":"intoscana","article_publisher":"https:\/\/www.facebook.com\/intoscana.it","article_published_time":"2023-08-04T08:08:42+00:00","article_modified_time":"2023-08-04T08:09:20+00:00","og_image":[{"width":608,"height":365,"url":"https:\/\/www.intoscana.it\/wp-content\/uploads\/nardini-fabiani.jpeg","type":"image\/jpeg"}],"author":"Redazione","twitter_card":"summary_large_image","twitter_creator":"@intoscana","twitter_site":"@intoscana","twitter_misc":{"Written by":"Redazione","Est. reading time":"2 minuti"},"schema":{"@context":"https:\/\/schema.org","@graph":[{"@type":"WebPage","@id":"https:\/\/www.intoscana.it\/it\/lazienda-malatesta-legnami-ritira-i-licenziamenti-la-regione-cerca-un-compratore\/","url":"https:\/\/www.intoscana.it\/it\/lazienda-malatesta-legnami-ritira-i-licenziamenti-la-regione-cerca-un-compratore\/","name":"L'azienda Malatesta Legnami ritira i licenziamenti, la Regione cerca un compratore - intoscana","isPartOf":{"@id":"https:\/\/www.intoscana.it\/it\/#website"},"primaryImageOfPage":{"@id":"https:\/\/www.intoscana.it\/it\/lazienda-malatesta-legnami-ritira-i-licenziamenti-la-regione-cerca-un-compratore\/#primaryimage"},"image":{"@id":"https:\/\/www.intoscana.it\/it\/lazienda-malatesta-legnami-ritira-i-licenziamenti-la-regione-cerca-un-compratore\/#primaryimage"},"thumbnailUrl":"https:\/\/www.intoscana.it\/wp-content\/uploads\/nardini-fabiani.jpeg","datePublished":"2023-08-04T08:08:42+00:00","dateModified":"2023-08-04T08:09:20+00:00","author":{"@id":"https:\/\/www.intoscana.it\/it\/#\/schema\/person\/9223810753230f20bd670fdd322661f8"},"breadcrumb":{"@id":"https:\/\/www.intoscana.it\/it\/lazienda-malatesta-legnami-ritira-i-licenziamenti-la-regione-cerca-un-compratore\/#breadcrumb"},"inLanguage":"it-IT","potentialAction":[{"@type":"ReadAction","target":["https:\/\/www.intoscana.it\/it\/lazienda-malatesta-legnami-ritira-i-licenziamenti-la-regione-cerca-un-compratore\/"]}]},{"@type":"ImageObject","inLanguage":"it-IT","@id":"https:\/\/www.intoscana.it\/it\/lazienda-malatesta-legnami-ritira-i-licenziamenti-la-regione-cerca-un-compratore\/#primaryimage","url":"https:\/\/www.intoscana.it\/wp-content\/uploads\/nardini-fabiani.jpeg","contentUrl":"https:\/\/www.intoscana.it\/wp-content\/uploads\/nardini-fabiani.jpeg","width":608,"height":365},{"@type":"BreadcrumbList","@id":"https:\/\/www.intoscana.it\/it\/lazienda-malatesta-legnami-ritira-i-licenziamenti-la-regione-cerca-un-compratore\/#breadcrumb","itemListElement":[{"@type":"ListItem","position":1,"name":"Home","item":"https:\/\/www.intoscana.it\/it\/"},{"@type":"ListItem","position":2,"name":"L&#8217;azienda Malatesta Legnami ritira i licenziamenti, la Regione cerca un compratore"}]},{"@type":"WebSite","@id":"https:\/\/www.intoscana.it\/it\/#website","url":"https:\/\/www.intoscana.it\/it\/","name":"intoscana","description":"","potentialAction":[{"@type":"SearchAction","target":{"@type":"EntryPoint","urlTemplate":"https:\/\/www.intoscana.it\/it\/?s={search_term_string}"},"query-input":{"@type":"PropertyValueSpecification","valueRequired":true,"valueName":"search_term_string"}}],"inLanguage":"it-IT"},{"@type":"Person","@id":"https:\/\/www.intoscana.it\/it\/#\/schema\/person\/9223810753230f20bd670fdd322661f8","name":"Redazione","url":"https:\/\/www.intoscana.it\/it\/author\/redazione\/"}]}},"_links":{"self":[{"href":"https:\/\/www.intoscana.it\/it\/wp-json\/wp\/v2\/posts\/298709","targetHints":{"allow":["GET"]}}],"collection":[{"href":"https:\/\/www.intoscana.it\/it\/wp-json\/wp\/v2\/posts"}],"about":[{"href":"https:\/\/www.intoscana.it\/it\/wp-json\/wp\/v2\/types\/post"}],"author":[{"embeddable":true,"href":"https:\/\/www.intoscana.it\/it\/wp-json\/wp\/v2\/users\/525"}],"replies":[{"embeddable":true,"href":"https:\/\/www.intoscana.it\/it\/wp-json\/wp\/v2\/comments?post=298709"}],"version-history":[{"count":0,"href":"https:\/\/www.intoscana.it\/it\/wp-json\/wp\/v2\/posts\/298709\/revisions"}],"wp:featuredmedia":[{"embeddable":true,"href":"https:\/\/www.intoscana.it\/it\/wp-json\/wp\/v2\/media\/298711"}],"wp:attachment":[{"href":"https:\/\/www.intoscana.it\/it\/wp-json\/wp\/v2\/media?parent=298709"}],"wp:term":[{"taxonomy":"category","embeddable":true,"href":"https:\/\/www.intoscana.it\/it\/wp-json\/wp\/v2\/categories?post=298709"},{"taxonomy":"post_tag","embeddable":true,"href":"https:\/\/www.intoscana.it\/it\/wp-json\/wp\/v2\/tags?post=298709"}],"curies":[{"name":"wp","href":"https:\/\/api.w.org\/{rel}","templated":true}]}}