{"id":298729,"date":"2023-08-04T10:25:34","date_gmt":"2023-08-04T08:25:34","guid":{"rendered":"https:\/\/www.intoscana.it\/it\/?p=298729"},"modified":"2023-08-04T10:27:39","modified_gmt":"2023-08-04T08:27:39","slug":"non-puoi-andare-a-siena-al-santa-maria-della-scala-la-visita-si-fa-con-un-avatar","status":"publish","type":"post","link":"https:\/\/www.intoscana.it\/it\/non-puoi-andare-a-siena-al-santa-maria-della-scala-la-visita-si-fa-con-un-avatar\/","title":{"rendered":"Non puoi andare a Siena? Al Santa Maria della Scala la visita si fa con un Avatar"},"content":{"rendered":"<p>Visitare <strong>uno dei pi\u00f9 importanti musei della Toscana<\/strong> senza muoversi da casa, da oggi \u00e8 possibile grazie a <strong>un servizio che utilizza le nuove tecnologie.\u00a0<\/strong><\/p>\n<p>Il<a href=\"https:\/\/www.santamariadellascala.com\" target=\"_blank\" rel=\"noopener\"><strong> complesso museale Santa Maria della Scala<\/strong> <\/a>di Siena guarda al futuro coniugando<strong> arte e tecnologia con l\u2019inclusivit\u00e0<\/strong> grazie a <strong>BrainControl Avatar,<\/strong> un servizio di accesso agli spazi espositivi unico al mondo,<strong> dedicato e specificamente pensato per persone con difficolt\u00e0 motorie,<\/strong> che potranno ammirare da remoto le <strong>importanti collezioni del museo<\/strong> attraverso <strong>un alter ego robotico teleguidato.<\/strong><\/p>\n<p><strong>L\u2019Avatar<\/strong> integra differenti modalit\u00e0 di interazione, dal <strong>simulatore di mouse ai puntatori oculari,<\/strong> fino alla modalit\u00e0 BCI (Brain-Computer Interface), che interpreta e classifica le onde cerebrali generate dal movimento immaginato.<\/p>\n<h3>Come funziona<\/h3>\n<p>Collegandosi da remoto il sistema, sviluppato dall\u2019<strong>azienda senese Liquidweb<\/strong>, consente al visitatore di <strong>muoversi all&#8217;interno del museo, regolare audio, video e altezza del campo visivo<\/strong> autonomamente e di <strong>ammirare le opere in maniera ravvicinata<\/strong>, leggere le didascalie e interagire.<\/p>\n<h3>Come prenotarsi<\/h3>\n<p>I turni di visita hanno<strong> la durata di circa un\u2019ora<\/strong> e si svolgeranno per il mese di agosto marted\u00ec 8, gioved\u00ec 17, marted\u00ec 22, gioved\u00ec 24, marted\u00ec 29 e gioved\u00ec 31 alle ore 15.<\/p>\n<p>Le visite, prenotabili sul sito del museo <a href=\"https:\/\/www.santamariadellascala.com\" target=\"_blank\" rel=\"noopener\"><strong>www.santamariadellascala.com<\/strong><\/a> riguarderanno il <strong>Pellegrinaio del Santa Maria della Scala<\/strong>, ad eccezione di quelle di gioved\u00ec 24 e 31 che riguarderanno la <a href=\"https:\/\/www.intoscana.it\/it\/articolo\/piccolomini-spannocchi-siena\/\" target=\"_blank\" rel=\"noopener\"><strong>collezione Piccolomini Spannocchi.<\/strong><\/a><\/p>\n<p><strong>Il servizio, solo su prenotazione, \u00e8 del tutto gratuito.<\/strong><\/p>\n<p>&nbsp;<\/p>\n","protected":false},"excerpt":{"rendered":"<p>A partire da marted\u00ec 8 agosto per tutto il mese sar\u00e0 possibile fare una visita teleguidata al museo, un servizio che grazie alle nuove tecnologie coniuga arte e inclusivit\u00e0<\/p>\n","protected":false},"author":525,"featured_media":298736,"comment_status":"open","ping_status":"open","sticky":false,"template":"","format":"standard","meta":{"_acf_changed":false,"footnotes":""},"categories":[475],"tags":[226,5262,164],"class_list":["post-298729","post","type-post","status-publish","format-standard","has-post-thumbnail","hentry","category-innovazione","tag-musei","tag-nuove-tecnologie","tag-siena"],"acf":[],"yoast_head":"<!-- This site is optimized with the Yoast SEO Premium plugin v24.2 (Yoast SEO v25.6) - https:\/\/yoast.com\/wordpress\/plugins\/seo\/ -->\n<title>Non puoi andare a Siena? Al Santa Maria della Scala la visita si fa con un Avatar - intoscana<\/title>\n<meta name=\"description\" content=\"A partire da marted\u00ec 8 agosto per tutto il mese sar\u00e0 possibile fare una visita teleguidata, un servizio che coniuga arte e inclusivit\u00e0\" \/>\n<meta name=\"robots\" content=\"index, follow, max-snippet:-1, max-image-preview:large, max-video-preview:-1\" \/>\n<link rel=\"canonical\" href=\"https:\/\/www.intoscana.it\/it\/non-puoi-andare-a-siena-al-santa-maria-della-scala-la-visita-si-fa-con-un-avatar\/\" \/>\n<meta property=\"og:locale\" content=\"it_IT\" \/>\n<meta property=\"og:type\" content=\"article\" \/>\n<meta property=\"og:title\" content=\"Non puoi andare a Siena? Al Santa Maria della Scala la visita si fa con un Avatar\" \/>\n<meta property=\"og:description\" content=\"A partire da marted\u00ec 8 agosto per tutto il mese sar\u00e0 possibile fare una visita teleguidata, un servizio che coniuga arte e inclusivit\u00e0\" \/>\n<meta property=\"og:url\" content=\"https:\/\/www.intoscana.it\/it\/non-puoi-andare-a-siena-al-santa-maria-della-scala-la-visita-si-fa-con-un-avatar\/\" \/>\n<meta property=\"og:site_name\" content=\"intoscana\" \/>\n<meta property=\"article:publisher\" content=\"https:\/\/www.facebook.com\/intoscana.it\" \/>\n<meta property=\"article:published_time\" content=\"2023-08-04T08:25:34+00:00\" \/>\n<meta property=\"article:modified_time\" content=\"2023-08-04T08:27:39+00:00\" \/>\n<meta property=\"og:image\" content=\"https:\/\/www.intoscana.it\/wp-content\/uploads\/avatar_santa_maria_della_scala_-2.jpeg\" \/>\n\t<meta property=\"og:image:width\" content=\"1080\" \/>\n\t<meta property=\"og:image:height\" content=\"751\" \/>\n\t<meta property=\"og:image:type\" content=\"image\/jpeg\" \/>\n<meta name=\"author\" content=\"Redazione\" \/>\n<meta name=\"twitter:card\" content=\"summary_large_image\" \/>\n<meta name=\"twitter:creator\" content=\"@intoscana\" \/>\n<meta name=\"twitter:site\" content=\"@intoscana\" \/>\n<meta name=\"twitter:label1\" content=\"Written by\" \/>\n\t<meta name=\"twitter:data1\" content=\"Redazione\" \/>\n\t<meta name=\"twitter:label2\" content=\"Est. reading time\" \/>\n\t<meta name=\"twitter:data2\" content=\"1 minuto\" \/>\n<script type=\"application\/ld+json\" class=\"yoast-schema-graph\">{\"@context\":\"https:\/\/schema.org\",\"@graph\":[{\"@type\":\"WebPage\",\"@id\":\"https:\/\/www.intoscana.it\/it\/non-puoi-andare-a-siena-al-santa-maria-della-scala-la-visita-si-fa-con-un-avatar\/\",\"url\":\"https:\/\/www.intoscana.it\/it\/non-puoi-andare-a-siena-al-santa-maria-della-scala-la-visita-si-fa-con-un-avatar\/\",\"name\":\"Non puoi andare a Siena? Al Santa Maria della Scala la visita si fa con un Avatar - intoscana\",\"isPartOf\":{\"@id\":\"https:\/\/www.intoscana.it\/it\/#website\"},\"primaryImageOfPage\":{\"@id\":\"https:\/\/www.intoscana.it\/it\/non-puoi-andare-a-siena-al-santa-maria-della-scala-la-visita-si-fa-con-un-avatar\/#primaryimage\"},\"image\":{\"@id\":\"https:\/\/www.intoscana.it\/it\/non-puoi-andare-a-siena-al-santa-maria-della-scala-la-visita-si-fa-con-un-avatar\/#primaryimage\"},\"thumbnailUrl\":\"https:\/\/www.intoscana.it\/wp-content\/uploads\/avatar_santa_maria_della_scala_-2.jpeg\",\"datePublished\":\"2023-08-04T08:25:34+00:00\",\"dateModified\":\"2023-08-04T08:27:39+00:00\",\"author\":{\"@id\":\"https:\/\/www.intoscana.it\/it\/#\/schema\/person\/9223810753230f20bd670fdd322661f8\"},\"description\":\"A partire da marted\u00ec 8 agosto per tutto il mese sar\u00e0 possibile fare una visita teleguidata, un servizio che coniuga arte e inclusivit\u00e0\",\"breadcrumb\":{\"@id\":\"https:\/\/www.intoscana.it\/it\/non-puoi-andare-a-siena-al-santa-maria-della-scala-la-visita-si-fa-con-un-avatar\/#breadcrumb\"},\"inLanguage\":\"it-IT\",\"potentialAction\":[{\"@type\":\"ReadAction\",\"target\":[\"https:\/\/www.intoscana.it\/it\/non-puoi-andare-a-siena-al-santa-maria-della-scala-la-visita-si-fa-con-un-avatar\/\"]}]},{\"@type\":\"ImageObject\",\"inLanguage\":\"it-IT\",\"@id\":\"https:\/\/www.intoscana.it\/it\/non-puoi-andare-a-siena-al-santa-maria-della-scala-la-visita-si-fa-con-un-avatar\/#primaryimage\",\"url\":\"https:\/\/www.intoscana.it\/wp-content\/uploads\/avatar_santa_maria_della_scala_-2.jpeg\",\"contentUrl\":\"https:\/\/www.intoscana.it\/wp-content\/uploads\/avatar_santa_maria_della_scala_-2.jpeg\",\"width\":1080,\"height\":751,\"caption\":\"Visita con un avatar al Santa Maria della Scala a Siena\"},{\"@type\":\"BreadcrumbList\",\"@id\":\"https:\/\/www.intoscana.it\/it\/non-puoi-andare-a-siena-al-santa-maria-della-scala-la-visita-si-fa-con-un-avatar\/#breadcrumb\",\"itemListElement\":[{\"@type\":\"ListItem\",\"position\":1,\"name\":\"Home\",\"item\":\"https:\/\/www.intoscana.it\/it\/\"},{\"@type\":\"ListItem\",\"position\":2,\"name\":\"Non puoi andare a Siena? Al Santa Maria della Scala la visita si fa con un Avatar\"}]},{\"@type\":\"WebSite\",\"@id\":\"https:\/\/www.intoscana.it\/it\/#website\",\"url\":\"https:\/\/www.intoscana.it\/it\/\",\"name\":\"intoscana\",\"description\":\"\",\"potentialAction\":[{\"@type\":\"SearchAction\",\"target\":{\"@type\":\"EntryPoint\",\"urlTemplate\":\"https:\/\/www.intoscana.it\/it\/?s={search_term_string}\"},\"query-input\":{\"@type\":\"PropertyValueSpecification\",\"valueRequired\":true,\"valueName\":\"search_term_string\"}}],\"inLanguage\":\"it-IT\"},{\"@type\":\"Person\",\"@id\":\"https:\/\/www.intoscana.it\/it\/#\/schema\/person\/9223810753230f20bd670fdd322661f8\",\"name\":\"Redazione\",\"url\":\"https:\/\/www.intoscana.it\/it\/author\/redazione\/\"}]}<\/script>\n<!-- \/ Yoast SEO Premium plugin. -->","yoast_head_json":{"title":"Non puoi andare a Siena? Al Santa Maria della Scala la visita si fa con un Avatar - intoscana","description":"A partire da marted\u00ec 8 agosto per tutto il mese sar\u00e0 possibile fare una visita teleguidata, un servizio che coniuga arte e inclusivit\u00e0","robots":{"index":"index","follow":"follow","max-snippet":"max-snippet:-1","max-image-preview":"max-image-preview:large","max-video-preview":"max-video-preview:-1"},"canonical":"https:\/\/www.intoscana.it\/it\/non-puoi-andare-a-siena-al-santa-maria-della-scala-la-visita-si-fa-con-un-avatar\/","og_locale":"it_IT","og_type":"article","og_title":"Non puoi andare a Siena? Al Santa Maria della Scala la visita si fa con un Avatar","og_description":"A partire da marted\u00ec 8 agosto per tutto il mese sar\u00e0 possibile fare una visita teleguidata, un servizio che coniuga arte e inclusivit\u00e0","og_url":"https:\/\/www.intoscana.it\/it\/non-puoi-andare-a-siena-al-santa-maria-della-scala-la-visita-si-fa-con-un-avatar\/","og_site_name":"intoscana","article_publisher":"https:\/\/www.facebook.com\/intoscana.it","article_published_time":"2023-08-04T08:25:34+00:00","article_modified_time":"2023-08-04T08:27:39+00:00","og_image":[{"width":1080,"height":751,"url":"https:\/\/www.intoscana.it\/wp-content\/uploads\/avatar_santa_maria_della_scala_-2.jpeg","type":"image\/jpeg"}],"author":"Redazione","twitter_card":"summary_large_image","twitter_creator":"@intoscana","twitter_site":"@intoscana","twitter_misc":{"Written by":"Redazione","Est. reading time":"1 minuto"},"schema":{"@context":"https:\/\/schema.org","@graph":[{"@type":"WebPage","@id":"https:\/\/www.intoscana.it\/it\/non-puoi-andare-a-siena-al-santa-maria-della-scala-la-visita-si-fa-con-un-avatar\/","url":"https:\/\/www.intoscana.it\/it\/non-puoi-andare-a-siena-al-santa-maria-della-scala-la-visita-si-fa-con-un-avatar\/","name":"Non puoi andare a Siena? Al Santa Maria della Scala la visita si fa con un Avatar - intoscana","isPartOf":{"@id":"https:\/\/www.intoscana.it\/it\/#website"},"primaryImageOfPage":{"@id":"https:\/\/www.intoscana.it\/it\/non-puoi-andare-a-siena-al-santa-maria-della-scala-la-visita-si-fa-con-un-avatar\/#primaryimage"},"image":{"@id":"https:\/\/www.intoscana.it\/it\/non-puoi-andare-a-siena-al-santa-maria-della-scala-la-visita-si-fa-con-un-avatar\/#primaryimage"},"thumbnailUrl":"https:\/\/www.intoscana.it\/wp-content\/uploads\/avatar_santa_maria_della_scala_-2.jpeg","datePublished":"2023-08-04T08:25:34+00:00","dateModified":"2023-08-04T08:27:39+00:00","author":{"@id":"https:\/\/www.intoscana.it\/it\/#\/schema\/person\/9223810753230f20bd670fdd322661f8"},"description":"A partire da marted\u00ec 8 agosto per tutto il mese sar\u00e0 possibile fare una visita teleguidata, un servizio che coniuga arte e inclusivit\u00e0","breadcrumb":{"@id":"https:\/\/www.intoscana.it\/it\/non-puoi-andare-a-siena-al-santa-maria-della-scala-la-visita-si-fa-con-un-avatar\/#breadcrumb"},"inLanguage":"it-IT","potentialAction":[{"@type":"ReadAction","target":["https:\/\/www.intoscana.it\/it\/non-puoi-andare-a-siena-al-santa-maria-della-scala-la-visita-si-fa-con-un-avatar\/"]}]},{"@type":"ImageObject","inLanguage":"it-IT","@id":"https:\/\/www.intoscana.it\/it\/non-puoi-andare-a-siena-al-santa-maria-della-scala-la-visita-si-fa-con-un-avatar\/#primaryimage","url":"https:\/\/www.intoscana.it\/wp-content\/uploads\/avatar_santa_maria_della_scala_-2.jpeg","contentUrl":"https:\/\/www.intoscana.it\/wp-content\/uploads\/avatar_santa_maria_della_scala_-2.jpeg","width":1080,"height":751,"caption":"Visita con un avatar al Santa Maria della Scala a Siena"},{"@type":"BreadcrumbList","@id":"https:\/\/www.intoscana.it\/it\/non-puoi-andare-a-siena-al-santa-maria-della-scala-la-visita-si-fa-con-un-avatar\/#breadcrumb","itemListElement":[{"@type":"ListItem","position":1,"name":"Home","item":"https:\/\/www.intoscana.it\/it\/"},{"@type":"ListItem","position":2,"name":"Non puoi andare a Siena? Al Santa Maria della Scala la visita si fa con un Avatar"}]},{"@type":"WebSite","@id":"https:\/\/www.intoscana.it\/it\/#website","url":"https:\/\/www.intoscana.it\/it\/","name":"intoscana","description":"","potentialAction":[{"@type":"SearchAction","target":{"@type":"EntryPoint","urlTemplate":"https:\/\/www.intoscana.it\/it\/?s={search_term_string}"},"query-input":{"@type":"PropertyValueSpecification","valueRequired":true,"valueName":"search_term_string"}}],"inLanguage":"it-IT"},{"@type":"Person","@id":"https:\/\/www.intoscana.it\/it\/#\/schema\/person\/9223810753230f20bd670fdd322661f8","name":"Redazione","url":"https:\/\/www.intoscana.it\/it\/author\/redazione\/"}]}},"_links":{"self":[{"href":"https:\/\/www.intoscana.it\/it\/wp-json\/wp\/v2\/posts\/298729","targetHints":{"allow":["GET"]}}],"collection":[{"href":"https:\/\/www.intoscana.it\/it\/wp-json\/wp\/v2\/posts"}],"about":[{"href":"https:\/\/www.intoscana.it\/it\/wp-json\/wp\/v2\/types\/post"}],"author":[{"embeddable":true,"href":"https:\/\/www.intoscana.it\/it\/wp-json\/wp\/v2\/users\/525"}],"replies":[{"embeddable":true,"href":"https:\/\/www.intoscana.it\/it\/wp-json\/wp\/v2\/comments?post=298729"}],"version-history":[{"count":0,"href":"https:\/\/www.intoscana.it\/it\/wp-json\/wp\/v2\/posts\/298729\/revisions"}],"wp:featuredmedia":[{"embeddable":true,"href":"https:\/\/www.intoscana.it\/it\/wp-json\/wp\/v2\/media\/298736"}],"wp:attachment":[{"href":"https:\/\/www.intoscana.it\/it\/wp-json\/wp\/v2\/media?parent=298729"}],"wp:term":[{"taxonomy":"category","embeddable":true,"href":"https:\/\/www.intoscana.it\/it\/wp-json\/wp\/v2\/categories?post=298729"},{"taxonomy":"post_tag","embeddable":true,"href":"https:\/\/www.intoscana.it\/it\/wp-json\/wp\/v2\/tags?post=298729"}],"curies":[{"name":"wp","href":"https:\/\/api.w.org\/{rel}","templated":true}]}}