{"id":298748,"date":"2023-08-04T15:16:39","date_gmt":"2023-08-04T13:16:39","guid":{"rendered":"https:\/\/www.intoscana.it\/it\/?p=298748"},"modified":"2023-08-04T15:18:26","modified_gmt":"2023-08-04T13:18:26","slug":"arte-le-donne-degli-uffizi-le-storie-oltre-il-ritratto","status":"publish","type":"post","link":"https:\/\/www.intoscana.it\/it\/arte-le-donne-degli-uffizi-le-storie-oltre-il-ritratto\/","title":{"rendered":"Arte, le &#8220;donne&#8221; degli Uffizi: le storie oltre il ritratto"},"content":{"rendered":"<p>Ai nostri giorni sarebbero state influencer da milioni di followers e avremmo spiato le loro vite dagli schermi degli smartphone. Ma di <strong>Eleonora di Toledo, Simonetta Vespucci<\/strong> e le tante donne ritratte nelle sale della Galleria degli Uffizi, spesso a dispetto della fama, sappiamo ben poco.<\/p>\n<p>La loro storia si nasconde <strong>tra cornici e pennellate<\/strong>. Esistenze spesso note solo agli addetti ai lavori, proprio per essere vissute in una societ\u00e0 pur sempre dell&#8217;immagine ma decisamente non molto social. Ecco quindi <strong>vita, segreti e curiosit\u00e0<\/strong> di cinque ritratti al femminile. Cinque donne straordinarie per bellezza, virt\u00f9 e talento.<\/p>\n<figure id=\"post-290418 media-290418\" class=\"align-none\"><img decoding=\"async\" src=\"https:\/\/www.intoscana.it\/wp-content\/uploads\/Rittratto_Bronzino_Eleonora_di_Toledo_col_figlio_Giovanni-e1686145351803.jpg\" alt=\"\" \/><\/figure>\n<div class=\"titleimg\">Eleonora di Toledo con il figlio Giovanni ritratta dal Bronzino<\/div>\n<h3>1. Eleonora di Toledo<\/h3>\n<p>Altro che Chiara Ferragni. <strong>Eleonora di Toledo<\/strong>, sposa amatissima di Cosimo I de&#8217; Medici, fu un esempio di <strong>bellezza e di eleganza<\/strong>. Almeno cos\u00ec racconta il celebre ritratto assieme al secondogenito Giovanni realizzato dal <strong>Bronzino<\/strong>. Pelle candida, gioielli spettacolari e abito maestoso per questa figura femminile che si staglia contro un magnetico sfondo blu. La presenza del secondogenito sembra voler sottolineare il <strong>ruolo strategico<\/strong> di Eleonora nell&#8217;assicurare la successione di casa Medici. Non solo una buona moglie e una madre cristiana. Dal quadro emerge il ruolo politico di Eleonora: <strong>donna di Stato<\/strong>, abile amministratrice, <strong>braccio destro del Duca<\/strong>. Il taglio stesso del quadro, nel suo ritrarla fino alle ginocchia (qui Bronzino guarda a Raffaello e al carismatico ritratto di Leone X, lo sottolinea. Fu Eleonora nel 1549 a comprare <strong>Palazzo Pitti<\/strong> e ancora lei a commissionare la realizzazione del <strong>giardino di Boboli<\/strong>. Contrasse la malaria durante in viaggio in Maremma e colpita da forti febbri mor\u00ec nel giro di pochi giorni.<\/p>\n<figure id=\"post-143598 media-143598\" class=\"align-none\"><img decoding=\"async\" src=\"https:\/\/www.intoscana.it\/wp-content\/uploads\/Venus_botticelli_detail-2.jpg\" alt=\"\" \/><\/figure>\n<div class=\"titleimg\">Venere di Botticelli, ritenuto in passato il ritratto di Simonetta Vespucci<\/div>\n<h3>2. Simonetta Vespucci<\/h3>\n<p>Simonetta Vespucci approd\u00f2 a Firenze dopo le nozze: si distinse tra le gentildonne d&#8217;Italia per bellezza. Fu cos\u00ec che conquist\u00f2 l&#8217;amore di Giuliano de&#8217; Medici, fratello minore di Lorenzo il Magnifico. Al suo fascino non seppe resistere il pittore Sandro Botticelli: da sempre Simonetta \u00e8 ritenuta la sua musa ispiratrice. Al punto che nel corso dei secoli molti hanno identificato il volto dell&#8217;amata nella dea Venere nella Nascita di Venere di Sandro Botticelli e di volta in volta pure in Flora o in una delle Tre Grazie nell&#8217;allegoria della Primavera. Ad oggi non ci sono ritratti certi della bella nobildonna. La giovane Simonetta fu davvero regina di cuori nella sua breve esistenza in riva all&#8217;Arno. A lei furono dedicati sonetti e poemi e quand\u00f2 mor\u00ec la sua salma in abiti bianchi fu trasportata in una bara scoperta fino alla Cappella dei Vespucci nella Chiesa di Ognissanti.<\/p>\n<div class=\"titleimg\">\n<figure id=\"post-70981 media-70981\" class=\"align-none\"><img decoding=\"async\" src=\"https:\/\/www.intoscana.it\/wp-content\/uploads\/f263c334706ec68ed9ee21dbb5a86736.jpg\" alt=\"\" \/><\/figure>\n<div class=\"titleimg\">Anna Maria Luisa de\u2019 Medici, Elettrice Palatina<\/div>\n<\/div>\n<h3>3. Anna Maria Luisa de&#8217; Medici<\/h3>\n<p>A Firenze la ricordano come l&#8217;Elettrice Palatina, ma Anna Maria Luisa de\u2019 Medici \u00e8 stata soprattutto l\u2019ultima rappresentante della casata fiorentina e colei che con &#8220;il patto di famiglia&#8221; salv\u00f2 il patrimonio storico-artistico di Firenze donandolo allo Stato. Unica figlia del Granduca Cosimo III e della principessa Margherita Luisa d&#8217;Orl\u00e9ans, spos\u00f2 nel 1690 Giovanni Carlo Guglielmo I, Principe Elettore del Palatinato. Torn\u00f2 a Firenze alla morte del marito, e senza figli, nel 1716. Con la morte del padre Cosimo III il trono toscano pass\u00f2 alla casata francoaustriaca degli Asburgo-Lorena. Rimasta unica erede del patrimonio dei Medici trov\u00f2 l&#8217;accordo con i Lorena per salvare la gran parte delle opere d\u2019arte appartenenti alla casata. Il suo ritratto \u00e8 esposto a Palazzo Pitti, nell&#8217;ambito delle Gallerie degli Uffizi.<\/p>\n<div class=\"titleimg\">\n<figure id=\"post-298794 media-298794\" class=\"align-none\"><img decoding=\"async\" src=\"https:\/\/www.intoscana.it\/wp-content\/uploads\/Cosimo-II-de-Medici-con-la-moglie-Maria-Maddalena-dAustria-e-il-figlio-Ferdinando-II-Justus-Suttermans-\u00a9-Gallerie-degli-Uffizi-e1691154785651.jpg\" alt=\"\" \/><\/figure>\n<div class=\"titleimg\">Cosimo II de\u2019 Medici con la moglie Maria Maddalena d\u2019Austria e il figlio Ferdinando II Justus Suttermans \u2013 \u00a9 Gallerie degli Uffizi<\/div>\n<\/div>\n<h3>4. Maria Maddalena d&#8217;Austria<\/h3>\n<p>Fu moglie di Cosimo II de&#8217; Medici e Granduchessa di Toscana. Nel ritratto di Justus Suttermans appare al fianco del marito Cosimo II de\u2019 Medici e vicino al figlio Ferdinando II. La buona tavola e la caccia furono le due grandi passioni della sua vita. Nota per alcuni atteggiamenti altezzosi, anche in virt\u00f9 delle sue origini, si distinse per le infinite opere di carit\u00e0 con il conseguente aumento di enti religiosi. Forte fu la sua influenza nelle questioni di politica estera e nelle alleanze matrimoniali. Mossa da una grande fede realizz\u00f2 a palazzo Pitti, la &#8220;cappella delle reliquie&#8221; con tutti gli oggetti di devozione appartenenti alla famiglia. Il conformismo religioso e i rapporti con la Curia non le impedirono di godere di una certa familiarit\u00e0 con Galileo Galilei, nonostante lo scienziato fosse visto con sospetto dalla Santa Sede.<\/p>\n<figure id=\"post-298793 media-298793\" class=\"align-none\"><img decoding=\"async\" src=\"https:\/\/www.intoscana.it\/wp-content\/uploads\/Autoritratto-di-Elisabeth-Louise-Vige\u0301e-Le-Brun-\u00a9-Gallerie-degli-Uffizi-e1691154823413.jpeg\" alt=\"\" \/><\/figure>\n<div class=\"titleimg\">Autoritratto di Elisabeth Louise Vige\u0301e Le Brun \u2013 \u00a9 Gallerie degli Uffizi<\/div>\n<h3>5. Elisabeth Louise Vig\u00e9e Le Brun<\/h3>\n<p>Figlia d&#8217;arte \u00e8 il caso di dire, il padre era il pittore Louis Vig\u00e9e, aveva sposato il pi\u00f9 grande mercante d\u2019arte dell\u2019epoca, Jean Baptiste Pierre Le Brun quando all\u2019apice della carriera Elisabeth Louise Vig\u00e9e Le Brun fu costretta a scappare nel 1789 da Parigi in rivolta. Di passaggio a Firenze rimase affascinata dalla collezione di autoritratti del principe Leopoldo de\u2019 Medici e decise di realizzare il suo. Elisabeth Louise Vig\u00e9e Le Brun scelse di ritrarsi <em>\u201ccon la tavolozza in mano, dinanzi a una tela su cui sto disegnando la regina col gesso bianco\u201d.<\/em> Gi\u00e0 se si osserva con attenzione si pu\u00f2 apprezzare l&#8217;omaggio alla regina, Maria Antonietta. Il Granduca di Toscana Ferdinando III lo giudic\u00f2 un capolavoro l&#8217;autoritratto che ora si trova esposto agli Uffizi.<\/p>\n","protected":false},"excerpt":{"rendered":"<p>Da Eleonora di Toledo e Simonetta Vespucci all&#8217;Elettrice Palatina passando per Maria Maddalena d&#8217;Austria e un autoritratto &#8220;a sorpresa&#8221;<\/p>\n","protected":false},"author":554,"featured_media":270698,"comment_status":"open","ping_status":"open","sticky":false,"template":"","format":"standard","meta":{"_acf_changed":false,"footnotes":""},"categories":[493],"tags":[4236,411,207],"class_list":["post-298748","post","type-post","status-publish","format-standard","has-post-thumbnail","hentry","category-cultura","tag-arte-a-firenze","tag-donne","tag-uffizi"],"acf":[],"yoast_head":"<!-- This site is optimized with the Yoast SEO Premium plugin v24.2 (Yoast SEO v25.6) - https:\/\/yoast.com\/wordpress\/plugins\/seo\/ -->\n<title>Arte, le &quot;donne&quot; degli Uffizi: le storie oltre il ritratto - intoscana<\/title>\n<meta name=\"description\" content=\"Da Eleonora di Toledo e Simonetta Vespucci all&#039;Elettrice Palatina passando per Maria Maddalena d&#039;Austria e un autoritratto &quot;a sorpresa&quot;\" \/>\n<meta name=\"robots\" content=\"index, follow, max-snippet:-1, max-image-preview:large, max-video-preview:-1\" \/>\n<link rel=\"canonical\" href=\"https:\/\/www.intoscana.it\/it\/arte-le-donne-degli-uffizi-le-storie-oltre-il-ritratto\/\" \/>\n<meta property=\"og:locale\" content=\"it_IT\" \/>\n<meta property=\"og:type\" content=\"article\" \/>\n<meta property=\"og:title\" content=\"Arte, le &quot;donne&quot; degli Uffizi: le storie oltre il ritratto\" \/>\n<meta property=\"og:description\" content=\"Da Eleonora di Toledo e Simonetta Vespucci all&#039;Elettrice Palatina passando per Maria Maddalena d&#039;Austria e un autoritratto &quot;a sorpresa&quot;\" \/>\n<meta property=\"og:url\" content=\"https:\/\/www.intoscana.it\/it\/arte-le-donne-degli-uffizi-le-storie-oltre-il-ritratto\/\" \/>\n<meta property=\"og:site_name\" content=\"intoscana\" \/>\n<meta property=\"article:publisher\" content=\"https:\/\/www.facebook.com\/intoscana.it\" \/>\n<meta property=\"article:published_time\" content=\"2023-08-04T13:16:39+00:00\" \/>\n<meta property=\"article:modified_time\" content=\"2023-08-04T13:18:26+00:00\" \/>\n<meta property=\"og:image\" content=\"https:\/\/www.intoscana.it\/wp-content\/uploads\/325260987_461612556158270_1119660212830620229_n.jpg\" \/>\n\t<meta property=\"og:image:width\" content=\"820\" \/>\n\t<meta property=\"og:image:height\" content=\"360\" \/>\n\t<meta property=\"og:image:type\" content=\"image\/jpeg\" \/>\n<meta name=\"author\" content=\"Raffaella Galamini\" \/>\n<meta name=\"twitter:card\" content=\"summary_large_image\" \/>\n<meta name=\"twitter:creator\" content=\"@orio\" \/>\n<meta name=\"twitter:site\" content=\"@intoscana\" \/>\n<meta name=\"twitter:label1\" content=\"Written by\" \/>\n\t<meta name=\"twitter:data1\" content=\"Raffaella Galamini\" \/>\n\t<meta name=\"twitter:label2\" content=\"Est. reading time\" \/>\n\t<meta name=\"twitter:data2\" content=\"4 minuti\" \/>\n<script type=\"application\/ld+json\" class=\"yoast-schema-graph\">{\"@context\":\"https:\/\/schema.org\",\"@graph\":[{\"@type\":\"WebPage\",\"@id\":\"https:\/\/www.intoscana.it\/it\/arte-le-donne-degli-uffizi-le-storie-oltre-il-ritratto\/\",\"url\":\"https:\/\/www.intoscana.it\/it\/arte-le-donne-degli-uffizi-le-storie-oltre-il-ritratto\/\",\"name\":\"Arte, le \\\"donne\\\" degli Uffizi: le storie oltre il ritratto - intoscana\",\"isPartOf\":{\"@id\":\"https:\/\/www.intoscana.it\/it\/#website\"},\"primaryImageOfPage\":{\"@id\":\"https:\/\/www.intoscana.it\/it\/arte-le-donne-degli-uffizi-le-storie-oltre-il-ritratto\/#primaryimage\"},\"image\":{\"@id\":\"https:\/\/www.intoscana.it\/it\/arte-le-donne-degli-uffizi-le-storie-oltre-il-ritratto\/#primaryimage\"},\"thumbnailUrl\":\"https:\/\/www.intoscana.it\/wp-content\/uploads\/325260987_461612556158270_1119660212830620229_n.jpg\",\"datePublished\":\"2023-08-04T13:16:39+00:00\",\"dateModified\":\"2023-08-04T13:18:26+00:00\",\"author\":{\"@id\":\"https:\/\/www.intoscana.it\/it\/#\/schema\/person\/9eb9daa846a49fe51af39a73d9d1986b\"},\"description\":\"Da Eleonora di Toledo e Simonetta Vespucci all'Elettrice Palatina passando per Maria Maddalena d'Austria e un autoritratto \\\"a sorpresa\\\"\",\"breadcrumb\":{\"@id\":\"https:\/\/www.intoscana.it\/it\/arte-le-donne-degli-uffizi-le-storie-oltre-il-ritratto\/#breadcrumb\"},\"inLanguage\":\"it-IT\",\"potentialAction\":[{\"@type\":\"ReadAction\",\"target\":[\"https:\/\/www.intoscana.it\/it\/arte-le-donne-degli-uffizi-le-storie-oltre-il-ritratto\/\"]}]},{\"@type\":\"ImageObject\",\"inLanguage\":\"it-IT\",\"@id\":\"https:\/\/www.intoscana.it\/it\/arte-le-donne-degli-uffizi-le-storie-oltre-il-ritratto\/#primaryimage\",\"url\":\"https:\/\/www.intoscana.it\/wp-content\/uploads\/325260987_461612556158270_1119660212830620229_n.jpg\",\"contentUrl\":\"https:\/\/www.intoscana.it\/wp-content\/uploads\/325260987_461612556158270_1119660212830620229_n.jpg\",\"width\":820,\"height\":360},{\"@type\":\"BreadcrumbList\",\"@id\":\"https:\/\/www.intoscana.it\/it\/arte-le-donne-degli-uffizi-le-storie-oltre-il-ritratto\/#breadcrumb\",\"itemListElement\":[{\"@type\":\"ListItem\",\"position\":1,\"name\":\"Home\",\"item\":\"https:\/\/www.intoscana.it\/it\/\"},{\"@type\":\"ListItem\",\"position\":2,\"name\":\"Arte, le &#8220;donne&#8221; degli Uffizi: le storie oltre il ritratto\"}]},{\"@type\":\"WebSite\",\"@id\":\"https:\/\/www.intoscana.it\/it\/#website\",\"url\":\"https:\/\/www.intoscana.it\/it\/\",\"name\":\"intoscana\",\"description\":\"\",\"potentialAction\":[{\"@type\":\"SearchAction\",\"target\":{\"@type\":\"EntryPoint\",\"urlTemplate\":\"https:\/\/www.intoscana.it\/it\/?s={search_term_string}\"},\"query-input\":{\"@type\":\"PropertyValueSpecification\",\"valueRequired\":true,\"valueName\":\"search_term_string\"}}],\"inLanguage\":\"it-IT\"},{\"@type\":\"Person\",\"@id\":\"https:\/\/www.intoscana.it\/it\/#\/schema\/person\/9eb9daa846a49fe51af39a73d9d1986b\",\"name\":\"Raffaella Galamini\",\"sameAs\":[\"https:\/\/x.com\/orio\"],\"url\":\"https:\/\/www.intoscana.it\/it\/author\/r-galamini\/\"}]}<\/script>\n<!-- \/ Yoast SEO Premium plugin. -->","yoast_head_json":{"title":"Arte, le \"donne\" degli Uffizi: le storie oltre il ritratto - intoscana","description":"Da Eleonora di Toledo e Simonetta Vespucci all'Elettrice Palatina passando per Maria Maddalena d'Austria e un autoritratto \"a sorpresa\"","robots":{"index":"index","follow":"follow","max-snippet":"max-snippet:-1","max-image-preview":"max-image-preview:large","max-video-preview":"max-video-preview:-1"},"canonical":"https:\/\/www.intoscana.it\/it\/arte-le-donne-degli-uffizi-le-storie-oltre-il-ritratto\/","og_locale":"it_IT","og_type":"article","og_title":"Arte, le \"donne\" degli Uffizi: le storie oltre il ritratto","og_description":"Da Eleonora di Toledo e Simonetta Vespucci all'Elettrice Palatina passando per Maria Maddalena d'Austria e un autoritratto \"a sorpresa\"","og_url":"https:\/\/www.intoscana.it\/it\/arte-le-donne-degli-uffizi-le-storie-oltre-il-ritratto\/","og_site_name":"intoscana","article_publisher":"https:\/\/www.facebook.com\/intoscana.it","article_published_time":"2023-08-04T13:16:39+00:00","article_modified_time":"2023-08-04T13:18:26+00:00","og_image":[{"width":820,"height":360,"url":"https:\/\/www.intoscana.it\/wp-content\/uploads\/325260987_461612556158270_1119660212830620229_n.jpg","type":"image\/jpeg"}],"author":"Raffaella Galamini","twitter_card":"summary_large_image","twitter_creator":"@orio","twitter_site":"@intoscana","twitter_misc":{"Written by":"Raffaella Galamini","Est. reading time":"4 minuti"},"schema":{"@context":"https:\/\/schema.org","@graph":[{"@type":"WebPage","@id":"https:\/\/www.intoscana.it\/it\/arte-le-donne-degli-uffizi-le-storie-oltre-il-ritratto\/","url":"https:\/\/www.intoscana.it\/it\/arte-le-donne-degli-uffizi-le-storie-oltre-il-ritratto\/","name":"Arte, le \"donne\" degli Uffizi: le storie oltre il ritratto - intoscana","isPartOf":{"@id":"https:\/\/www.intoscana.it\/it\/#website"},"primaryImageOfPage":{"@id":"https:\/\/www.intoscana.it\/it\/arte-le-donne-degli-uffizi-le-storie-oltre-il-ritratto\/#primaryimage"},"image":{"@id":"https:\/\/www.intoscana.it\/it\/arte-le-donne-degli-uffizi-le-storie-oltre-il-ritratto\/#primaryimage"},"thumbnailUrl":"https:\/\/www.intoscana.it\/wp-content\/uploads\/325260987_461612556158270_1119660212830620229_n.jpg","datePublished":"2023-08-04T13:16:39+00:00","dateModified":"2023-08-04T13:18:26+00:00","author":{"@id":"https:\/\/www.intoscana.it\/it\/#\/schema\/person\/9eb9daa846a49fe51af39a73d9d1986b"},"description":"Da Eleonora di Toledo e Simonetta Vespucci all'Elettrice Palatina passando per Maria Maddalena d'Austria e un autoritratto \"a sorpresa\"","breadcrumb":{"@id":"https:\/\/www.intoscana.it\/it\/arte-le-donne-degli-uffizi-le-storie-oltre-il-ritratto\/#breadcrumb"},"inLanguage":"it-IT","potentialAction":[{"@type":"ReadAction","target":["https:\/\/www.intoscana.it\/it\/arte-le-donne-degli-uffizi-le-storie-oltre-il-ritratto\/"]}]},{"@type":"ImageObject","inLanguage":"it-IT","@id":"https:\/\/www.intoscana.it\/it\/arte-le-donne-degli-uffizi-le-storie-oltre-il-ritratto\/#primaryimage","url":"https:\/\/www.intoscana.it\/wp-content\/uploads\/325260987_461612556158270_1119660212830620229_n.jpg","contentUrl":"https:\/\/www.intoscana.it\/wp-content\/uploads\/325260987_461612556158270_1119660212830620229_n.jpg","width":820,"height":360},{"@type":"BreadcrumbList","@id":"https:\/\/www.intoscana.it\/it\/arte-le-donne-degli-uffizi-le-storie-oltre-il-ritratto\/#breadcrumb","itemListElement":[{"@type":"ListItem","position":1,"name":"Home","item":"https:\/\/www.intoscana.it\/it\/"},{"@type":"ListItem","position":2,"name":"Arte, le &#8220;donne&#8221; degli Uffizi: le storie oltre il ritratto"}]},{"@type":"WebSite","@id":"https:\/\/www.intoscana.it\/it\/#website","url":"https:\/\/www.intoscana.it\/it\/","name":"intoscana","description":"","potentialAction":[{"@type":"SearchAction","target":{"@type":"EntryPoint","urlTemplate":"https:\/\/www.intoscana.it\/it\/?s={search_term_string}"},"query-input":{"@type":"PropertyValueSpecification","valueRequired":true,"valueName":"search_term_string"}}],"inLanguage":"it-IT"},{"@type":"Person","@id":"https:\/\/www.intoscana.it\/it\/#\/schema\/person\/9eb9daa846a49fe51af39a73d9d1986b","name":"Raffaella Galamini","sameAs":["https:\/\/x.com\/orio"],"url":"https:\/\/www.intoscana.it\/it\/author\/r-galamini\/"}]}},"_links":{"self":[{"href":"https:\/\/www.intoscana.it\/it\/wp-json\/wp\/v2\/posts\/298748","targetHints":{"allow":["GET"]}}],"collection":[{"href":"https:\/\/www.intoscana.it\/it\/wp-json\/wp\/v2\/posts"}],"about":[{"href":"https:\/\/www.intoscana.it\/it\/wp-json\/wp\/v2\/types\/post"}],"author":[{"embeddable":true,"href":"https:\/\/www.intoscana.it\/it\/wp-json\/wp\/v2\/users\/554"}],"replies":[{"embeddable":true,"href":"https:\/\/www.intoscana.it\/it\/wp-json\/wp\/v2\/comments?post=298748"}],"version-history":[{"count":0,"href":"https:\/\/www.intoscana.it\/it\/wp-json\/wp\/v2\/posts\/298748\/revisions"}],"wp:featuredmedia":[{"embeddable":true,"href":"https:\/\/www.intoscana.it\/it\/wp-json\/wp\/v2\/media\/270698"}],"wp:attachment":[{"href":"https:\/\/www.intoscana.it\/it\/wp-json\/wp\/v2\/media?parent=298748"}],"wp:term":[{"taxonomy":"category","embeddable":true,"href":"https:\/\/www.intoscana.it\/it\/wp-json\/wp\/v2\/categories?post=298748"},{"taxonomy":"post_tag","embeddable":true,"href":"https:\/\/www.intoscana.it\/it\/wp-json\/wp\/v2\/tags?post=298748"}],"curies":[{"name":"wp","href":"https:\/\/api.w.org\/{rel}","templated":true}]}}