{"id":298797,"date":"2023-08-04T15:00:43","date_gmt":"2023-08-04T13:00:43","guid":{"rendered":"https:\/\/www.intoscana.it\/it\/?p=298797"},"modified":"2023-08-04T16:09:49","modified_gmt":"2023-08-04T14:09:49","slug":"empoli-aperta-al-traffico-la-bretella-di-serravalle","status":"publish","type":"post","link":"https:\/\/www.intoscana.it\/it\/empoli-aperta-al-traffico-la-bretella-di-serravalle\/","title":{"rendered":"Empoli, aperta al traffico la bretella di Serravalle"},"content":{"rendered":"<p>Taglio del nastro, con un mese di anticipo, rispetto alla scadenza dei lavori per la strada di collegamento fra Statale 67 e zona di Serravalle nel Comune di Empoli. Una zona importante per la citt\u00e0 dove si trova lo stadio &#8216;Carlo Castellani&#8217; e che ospita in realt\u00e0 molti servizi, a partire dalla piscina per poi proseguire con scuole e sedi di associazioni fino ad arrivare al mercato settimanale, senza trascurare il parco pubblico pi\u00f9 ampio della citt\u00e0, sede di eventi e iniziative oltre che punto di riferimento per chi vuole fare sport o trascorrere del tempo libero all&#8217;aria aperta. L&#8217;opera \u00e8 stata realizzata grazie ad un investimento da oltre 2 milioni di euro interamente finanziato con risorse comunali.<\/p>\n<div>\n<figure id=\"post-298798 media-298798\" class=\"align-none\"><img decoding=\"async\" src=\"https:\/\/www.intoscana.it\/wp-content\/uploads\/bretellatagliodelnastro.jpg\" alt=\"\" \/><\/figure>\n<p>&#8220;Oggi \u00e8 un giorno importante per Empoli e per gli empolesi &#8211; sottolinea\u00a0la sindaca di Empoli,<strong> Brenda Barnini<\/strong> &#8211; grazie alla viabilit\u00e0 che inauguriamo oggi, possiamo affrontare con maggiore tranquillit\u00e0 e ottimismo la questione dello sviluppo e della <strong>riqualificazione dello stadio &#8216;Castellani&#8217;<\/strong> che spero possa partire entro la fine di questo mandato amministrativo: lo meritano l&#8217;Empoli ed Empoli&#8221;. Un breve riepilogo di quanto fatto o supportato nel caso di iniziativa privata in questi anni per far comprendere come &#8220;l<strong>e infrastrutture materiali e immateriali<\/strong> siano fondamentali per sostenere l&#8217;insediamento di realt\u00e0 produttive nuove e far rimanere quelle gi\u00e0 presenti &#8211; prosegue la sindaca Barnini &#8211; Dietro alla realizzazione di questa strada c&#8217;\u00e8 una visione di citt\u00e0 e di territorio. E quello che stiamo facendo\u00a0oggi rappresenta anche un piccolo tassello di idea di sviluppo della Toscana, va oltre i confini empolesi. E ringrazio anche il presidente del Consiglio regionale, Antonio Mazzeo, di essere qui&#8221;. Infine l&#8217;annuncio: <em>&#8220;Proporr\u00f2 alla commissione toponomastica del Comune di intitolare questa nuova strada a <strong>Mario Assirelli<\/strong>, il sindaco di Empoli senza bisogno di ulteriori aggettivi, che ci ha lasciato nel 2008 &#8211; ha annunciato la sindaca &#8211; Questa strada, penso, gli sarebbe molto piaciuta, per la traiettoria nuova che disegna per la citt\u00e0 e per il suo legame profondo con un&#8217;idea di Empoli citt\u00e0 del lavoro e dei lavoratori&#8221;.<\/em><\/p>\n<\/div>\n<h3>L&#8217;opera<\/h3>\n<p><em><em>La strada di collegamento fra la Statale 67 e la zona di Serravalle ha un ruolo strategico per il sistema viario cittadino: permette di fatto di dare ossigeno alla viabilit\u00e0 congestionata della parte est di Empoli, migliorando quindi la <strong>qualit\u00e0 della vita<\/strong> dei cittadini e delle cittadine, di ogni et\u00e0, che frequentano il quartiere di Serravalle. Il cantiere per la realizzazione dell&#8217;opera, per un <strong>investimento da oltre 2 milioni di euro i<\/strong>nteramente da risorse comunali, ha preso il via nell&#8217;agosto 2022. Alla fase di cantierizzazione, \u00e8 seguita\u00a0la bonifica bellica dell&#8217;area, propedeutica all&#8217;avvio dei lavori per la realizzazione del rilevato stradale, della pavimentazione e della viabilit\u00e0 complementare. Il tracciato stradale si snoda da via di Serravalle, attraversando la zona di Pontorme, fino a congiungersi alla Statale 67 in corrispondenza della nuova rotatoria all\u2019intersezione con via della Piccola. La strada, lunga poco pi\u00f9 di 900 metri, tutta in rilevato e a due corsie, una per senso di marcia, interseca via di San Martino a Pontorme, via di Cortenuova, dove \u00e8 stata realizzata una nuova rotatoria, e via Pontorme. Lungo tutto il nuovo tracciato, sono stati realizzati da un lato una pista ciclabile a doppio senso di circolazione e dall\u2019altro un marciapiede. L&#8217;obiettivo \u00e8 anche quello di andare a creare un collegamento con la scuola primaria di Pontorme, in corso di realizzazione dietro il plesso scolastico &#8216;Vanghetti&#8217;.<\/em><\/em><\/p>\n<p>L&#8217;inaugurazione della strada di collegamento fra la Statale 67 e la zona di Serravalle si inserisce in un contesto di interventi che, nel corso degli ultimi anni, ha di fatto modificato e reso pi\u00f9 funzionale il sistema viario della zona est della citt\u00e0 grazie alla realizzazione delle quattro rotatorie presenti lungo il tracciato della Statale 67, una all&#8217;altezza di via Bisarnella, una all&#8217;altezza di via Cherubini, una all&#8217;altezza di via Dallapiccola e una in corrispondenza del nuovo, e grazie alla realizzazione della bretella di collegamento fra\u00a0il Polo\u00a0tecnologico di Empoli e lo svincolo Empoli Est\u00a0sulla FI-PI-LI, inaugurata nel novembre 2018<\/p>\n<figure id=\"post-298799 media-298799\" class=\"align-none\"><img decoding=\"async\" src=\"https:\/\/www.intoscana.it\/wp-content\/uploads\/bretellapanoramica.jpg\" alt=\"\" \/><\/figure>\n<div class=\"titleimg\"><\/div>\n<p>&#8220;<em>La mia presenza all&#8217;inaugurazione di questa strada non \u00e8 legata a un finanziamento regionale per la realizzazione di quest&#8217;opera, \u00e8\u00a0dovuta al <strong>meritato riconoscimento<\/strong> che voglio dare a questa amministrazione comunale che in questi anni ha saputo ascoltare la propria cittadinanza e rispondere ai bisogni dei suoi residenti<\/em> &#8211; evidenzia\u00a0il presidente del Consiglio regionale,<strong> Antonio Mazzeo<\/strong>\u00a0&#8211; <em>In questi anni gli amministratori locali di Empoli, a partire dalla sindaca Brenda Barnini, hanno saputo progettare e costruire opere che sono andate a migliorare le condizioni di vita delle persone. \u00c8 questo che deve essere l&#8217;obiettivo di tutti gli amministratori pubblici, a qualsiasi livello.\u00a0Un grazie va agli uffici comunali che in questi anni sono riusciti a gestire decine di opere pubbliche e stanno ancora continuando senza sosta.\u00a0Dietro a questa strada c&#8217;\u00e8 <strong>un&#8217;idea di sviluppo e di crescita<\/strong> che deve seguire tutta la Toscana pensando all&#8217;ambiente, al lavoro e al miglioramento della qualit\u00e0 della vita di tutti i residenti nella nostra regione<\/em>&#8220;.<\/p>\n","protected":false},"excerpt":{"rendered":"<p>Mazzeo: &#8220;Dietro a questa strada c&#8217;\u00e8 un&#8217;idea di sviluppo e di crescita che deve seguire tutta la Toscana pensando all&#8217;ambiente, al lavoro e al miglioramento della qualit\u00e0 della vita di tutti i residenti nella nostra regione&#8221;.<\/p>\n","protected":false},"author":525,"featured_media":298800,"comment_status":"open","ping_status":"open","sticky":false,"template":"","format":"standard","meta":{"_acf_changed":false,"footnotes":""},"categories":[494],"tags":[4760,4904,1577,248],"class_list":["post-298797","post","type-post","status-publish","format-standard","has-post-thumbnail","hentry","category-attualita","tag-antonio-mazzeo","tag-empoli","tag-muoversi-in-toscana","tag-viabilita"],"acf":[],"yoast_head":"<!-- This site is optimized with the Yoast SEO Premium plugin v24.2 (Yoast SEO v25.6) - https:\/\/yoast.com\/wordpress\/plugins\/seo\/ -->\n<title>Empoli, aperta al traffico la bretella di Serravalle - intoscana<\/title>\n<meta name=\"robots\" content=\"index, follow, max-snippet:-1, max-image-preview:large, max-video-preview:-1\" \/>\n<link rel=\"canonical\" href=\"https:\/\/www.intoscana.it\/it\/empoli-aperta-al-traffico-la-bretella-di-serravalle\/\" \/>\n<meta property=\"og:locale\" content=\"it_IT\" \/>\n<meta property=\"og:type\" content=\"article\" \/>\n<meta property=\"og:title\" content=\"Empoli, aperta al traffico la bretella di Serravalle\" \/>\n<meta property=\"og:description\" content=\"Mazzeo: &quot;Dietro a questa strada c&#039;\u00e8 un&#039;idea di sviluppo e di crescita che deve seguire tutta la Toscana pensando all&#039;ambiente, al lavoro e al miglioramento della qualit\u00e0 della vita di tutti i residenti nella nostra regione&quot;.\" \/>\n<meta property=\"og:url\" content=\"https:\/\/www.intoscana.it\/it\/empoli-aperta-al-traffico-la-bretella-di-serravalle\/\" \/>\n<meta property=\"og:site_name\" content=\"intoscana\" \/>\n<meta property=\"article:publisher\" content=\"https:\/\/www.facebook.com\/intoscana.it\" \/>\n<meta property=\"article:published_time\" content=\"2023-08-04T13:00:43+00:00\" \/>\n<meta property=\"article:modified_time\" content=\"2023-08-04T14:09:49+00:00\" \/>\n<meta property=\"og:image\" content=\"https:\/\/www.intoscana.it\/wp-content\/uploads\/bretellapanoramica1.jpg\" \/>\n\t<meta property=\"og:image:width\" content=\"1024\" \/>\n\t<meta property=\"og:image:height\" content=\"768\" \/>\n\t<meta property=\"og:image:type\" content=\"image\/jpeg\" \/>\n<meta name=\"author\" content=\"Redazione\" \/>\n<meta name=\"twitter:card\" content=\"summary_large_image\" \/>\n<meta name=\"twitter:creator\" content=\"@intoscana\" \/>\n<meta name=\"twitter:site\" content=\"@intoscana\" \/>\n<meta name=\"twitter:label1\" content=\"Written by\" \/>\n\t<meta name=\"twitter:data1\" content=\"Redazione\" \/>\n\t<meta name=\"twitter:label2\" content=\"Est. reading time\" \/>\n\t<meta name=\"twitter:data2\" content=\"4 minuti\" \/>\n<script type=\"application\/ld+json\" class=\"yoast-schema-graph\">{\"@context\":\"https:\/\/schema.org\",\"@graph\":[{\"@type\":\"WebPage\",\"@id\":\"https:\/\/www.intoscana.it\/it\/empoli-aperta-al-traffico-la-bretella-di-serravalle\/\",\"url\":\"https:\/\/www.intoscana.it\/it\/empoli-aperta-al-traffico-la-bretella-di-serravalle\/\",\"name\":\"Empoli, aperta al traffico la bretella di Serravalle - intoscana\",\"isPartOf\":{\"@id\":\"https:\/\/www.intoscana.it\/it\/#website\"},\"primaryImageOfPage\":{\"@id\":\"https:\/\/www.intoscana.it\/it\/empoli-aperta-al-traffico-la-bretella-di-serravalle\/#primaryimage\"},\"image\":{\"@id\":\"https:\/\/www.intoscana.it\/it\/empoli-aperta-al-traffico-la-bretella-di-serravalle\/#primaryimage\"},\"thumbnailUrl\":\"https:\/\/www.intoscana.it\/wp-content\/uploads\/bretellapanoramica1.jpg\",\"datePublished\":\"2023-08-04T13:00:43+00:00\",\"dateModified\":\"2023-08-04T14:09:49+00:00\",\"author\":{\"@id\":\"https:\/\/www.intoscana.it\/it\/#\/schema\/person\/9223810753230f20bd670fdd322661f8\"},\"breadcrumb\":{\"@id\":\"https:\/\/www.intoscana.it\/it\/empoli-aperta-al-traffico-la-bretella-di-serravalle\/#breadcrumb\"},\"inLanguage\":\"it-IT\",\"potentialAction\":[{\"@type\":\"ReadAction\",\"target\":[\"https:\/\/www.intoscana.it\/it\/empoli-aperta-al-traffico-la-bretella-di-serravalle\/\"]}]},{\"@type\":\"ImageObject\",\"inLanguage\":\"it-IT\",\"@id\":\"https:\/\/www.intoscana.it\/it\/empoli-aperta-al-traffico-la-bretella-di-serravalle\/#primaryimage\",\"url\":\"https:\/\/www.intoscana.it\/wp-content\/uploads\/bretellapanoramica1.jpg\",\"contentUrl\":\"https:\/\/www.intoscana.it\/wp-content\/uploads\/bretellapanoramica1.jpg\",\"width\":1024,\"height\":768},{\"@type\":\"BreadcrumbList\",\"@id\":\"https:\/\/www.intoscana.it\/it\/empoli-aperta-al-traffico-la-bretella-di-serravalle\/#breadcrumb\",\"itemListElement\":[{\"@type\":\"ListItem\",\"position\":1,\"name\":\"Home\",\"item\":\"https:\/\/www.intoscana.it\/it\/\"},{\"@type\":\"ListItem\",\"position\":2,\"name\":\"Empoli, aperta al traffico la bretella di Serravalle\"}]},{\"@type\":\"WebSite\",\"@id\":\"https:\/\/www.intoscana.it\/it\/#website\",\"url\":\"https:\/\/www.intoscana.it\/it\/\",\"name\":\"intoscana\",\"description\":\"\",\"potentialAction\":[{\"@type\":\"SearchAction\",\"target\":{\"@type\":\"EntryPoint\",\"urlTemplate\":\"https:\/\/www.intoscana.it\/it\/?s={search_term_string}\"},\"query-input\":{\"@type\":\"PropertyValueSpecification\",\"valueRequired\":true,\"valueName\":\"search_term_string\"}}],\"inLanguage\":\"it-IT\"},{\"@type\":\"Person\",\"@id\":\"https:\/\/www.intoscana.it\/it\/#\/schema\/person\/9223810753230f20bd670fdd322661f8\",\"name\":\"Redazione\",\"url\":\"https:\/\/www.intoscana.it\/it\/author\/redazione\/\"}]}<\/script>\n<!-- \/ Yoast SEO Premium plugin. -->","yoast_head_json":{"title":"Empoli, aperta al traffico la bretella di Serravalle - intoscana","robots":{"index":"index","follow":"follow","max-snippet":"max-snippet:-1","max-image-preview":"max-image-preview:large","max-video-preview":"max-video-preview:-1"},"canonical":"https:\/\/www.intoscana.it\/it\/empoli-aperta-al-traffico-la-bretella-di-serravalle\/","og_locale":"it_IT","og_type":"article","og_title":"Empoli, aperta al traffico la bretella di Serravalle","og_description":"Mazzeo: \"Dietro a questa strada c'\u00e8 un'idea di sviluppo e di crescita che deve seguire tutta la Toscana pensando all'ambiente, al lavoro e al miglioramento della qualit\u00e0 della vita di tutti i residenti nella nostra regione\".","og_url":"https:\/\/www.intoscana.it\/it\/empoli-aperta-al-traffico-la-bretella-di-serravalle\/","og_site_name":"intoscana","article_publisher":"https:\/\/www.facebook.com\/intoscana.it","article_published_time":"2023-08-04T13:00:43+00:00","article_modified_time":"2023-08-04T14:09:49+00:00","og_image":[{"width":1024,"height":768,"url":"https:\/\/www.intoscana.it\/wp-content\/uploads\/bretellapanoramica1.jpg","type":"image\/jpeg"}],"author":"Redazione","twitter_card":"summary_large_image","twitter_creator":"@intoscana","twitter_site":"@intoscana","twitter_misc":{"Written by":"Redazione","Est. reading time":"4 minuti"},"schema":{"@context":"https:\/\/schema.org","@graph":[{"@type":"WebPage","@id":"https:\/\/www.intoscana.it\/it\/empoli-aperta-al-traffico-la-bretella-di-serravalle\/","url":"https:\/\/www.intoscana.it\/it\/empoli-aperta-al-traffico-la-bretella-di-serravalle\/","name":"Empoli, aperta al traffico la bretella di Serravalle - intoscana","isPartOf":{"@id":"https:\/\/www.intoscana.it\/it\/#website"},"primaryImageOfPage":{"@id":"https:\/\/www.intoscana.it\/it\/empoli-aperta-al-traffico-la-bretella-di-serravalle\/#primaryimage"},"image":{"@id":"https:\/\/www.intoscana.it\/it\/empoli-aperta-al-traffico-la-bretella-di-serravalle\/#primaryimage"},"thumbnailUrl":"https:\/\/www.intoscana.it\/wp-content\/uploads\/bretellapanoramica1.jpg","datePublished":"2023-08-04T13:00:43+00:00","dateModified":"2023-08-04T14:09:49+00:00","author":{"@id":"https:\/\/www.intoscana.it\/it\/#\/schema\/person\/9223810753230f20bd670fdd322661f8"},"breadcrumb":{"@id":"https:\/\/www.intoscana.it\/it\/empoli-aperta-al-traffico-la-bretella-di-serravalle\/#breadcrumb"},"inLanguage":"it-IT","potentialAction":[{"@type":"ReadAction","target":["https:\/\/www.intoscana.it\/it\/empoli-aperta-al-traffico-la-bretella-di-serravalle\/"]}]},{"@type":"ImageObject","inLanguage":"it-IT","@id":"https:\/\/www.intoscana.it\/it\/empoli-aperta-al-traffico-la-bretella-di-serravalle\/#primaryimage","url":"https:\/\/www.intoscana.it\/wp-content\/uploads\/bretellapanoramica1.jpg","contentUrl":"https:\/\/www.intoscana.it\/wp-content\/uploads\/bretellapanoramica1.jpg","width":1024,"height":768},{"@type":"BreadcrumbList","@id":"https:\/\/www.intoscana.it\/it\/empoli-aperta-al-traffico-la-bretella-di-serravalle\/#breadcrumb","itemListElement":[{"@type":"ListItem","position":1,"name":"Home","item":"https:\/\/www.intoscana.it\/it\/"},{"@type":"ListItem","position":2,"name":"Empoli, aperta al traffico la bretella di Serravalle"}]},{"@type":"WebSite","@id":"https:\/\/www.intoscana.it\/it\/#website","url":"https:\/\/www.intoscana.it\/it\/","name":"intoscana","description":"","potentialAction":[{"@type":"SearchAction","target":{"@type":"EntryPoint","urlTemplate":"https:\/\/www.intoscana.it\/it\/?s={search_term_string}"},"query-input":{"@type":"PropertyValueSpecification","valueRequired":true,"valueName":"search_term_string"}}],"inLanguage":"it-IT"},{"@type":"Person","@id":"https:\/\/www.intoscana.it\/it\/#\/schema\/person\/9223810753230f20bd670fdd322661f8","name":"Redazione","url":"https:\/\/www.intoscana.it\/it\/author\/redazione\/"}]}},"_links":{"self":[{"href":"https:\/\/www.intoscana.it\/it\/wp-json\/wp\/v2\/posts\/298797","targetHints":{"allow":["GET"]}}],"collection":[{"href":"https:\/\/www.intoscana.it\/it\/wp-json\/wp\/v2\/posts"}],"about":[{"href":"https:\/\/www.intoscana.it\/it\/wp-json\/wp\/v2\/types\/post"}],"author":[{"embeddable":true,"href":"https:\/\/www.intoscana.it\/it\/wp-json\/wp\/v2\/users\/525"}],"replies":[{"embeddable":true,"href":"https:\/\/www.intoscana.it\/it\/wp-json\/wp\/v2\/comments?post=298797"}],"version-history":[{"count":0,"href":"https:\/\/www.intoscana.it\/it\/wp-json\/wp\/v2\/posts\/298797\/revisions"}],"wp:featuredmedia":[{"embeddable":true,"href":"https:\/\/www.intoscana.it\/it\/wp-json\/wp\/v2\/media\/298800"}],"wp:attachment":[{"href":"https:\/\/www.intoscana.it\/it\/wp-json\/wp\/v2\/media?parent=298797"}],"wp:term":[{"taxonomy":"category","embeddable":true,"href":"https:\/\/www.intoscana.it\/it\/wp-json\/wp\/v2\/categories?post=298797"},{"taxonomy":"post_tag","embeddable":true,"href":"https:\/\/www.intoscana.it\/it\/wp-json\/wp\/v2\/tags?post=298797"}],"curies":[{"name":"wp","href":"https:\/\/api.w.org\/{rel}","templated":true}]}}